{"id":179489,"date":"2021-06-21T23:31:57","date_gmt":"2021-06-22T02:31:57","guid":{"rendered":"https:\/\/aconteceunovale.com.br\/portal\/?p=179489"},"modified":"2021-06-22T10:06:40","modified_gmt":"2021-06-22T13:06:40","slug":"galo-e-chapecoense-empatam-no-mineirao","status":"publish","type":"post","link":"https:\/\/aconteceunovale.com.br\/portal\/?p=179489","title":{"rendered":"Galo e Chapecoense empatam no Mineir\u00e3o"},"content":{"rendered":"\n<p class=\"wp-block-paragraph\">Em partida realizada na noite desta segunda-feira (21\/6\/2021) no Mineir\u00e3o, em Belo Horizonte, o Atl\u00e9tico-MG e a Chapecoense empataram por 1 a 1 em jogo v\u00e1lido pela 5\u00aa rodada do Campeonato Brasileiro. Com esse resultado o Galo alcan\u00e7ou os 10 pontos, ocupando a 5\u00aa posi\u00e7\u00e3o. Para a Chapecoense o ponto valeu a sa\u00edda da zona do rebaixamento, alcan\u00e7ando a 16\u00aa coloca\u00e7\u00e3o com tr\u00eas pontos.<\/p>\n\n\n\n<figure class=\"wp-block-gallery columns-1 is-cropped wp-block-gallery-1 is-layout-flex wp-block-gallery-is-layout-flex\"><ul class=\"blocks-gallery-grid\"><li class=\"blocks-gallery-item\"><figure><img loading=\"lazy\" decoding=\"async\" width=\"675\" height=\"450\" src=\"https:\/\/aconteceunovale.com.br\/portal\/wp-content\/uploads\/2021\/06\/galo_chape.jpg\" alt=\"\" data-id=\"179490\" data-full-url=\"https:\/\/aconteceunovale.com.br\/portal\/wp-content\/uploads\/2021\/06\/galo_chape.jpg\" data-link=\"https:\/\/aconteceunovale.com.br\/portal\/?attachment_id=179490\" class=\"wp-image-179490\" srcset=\"https:\/\/aconteceunovale.com.br\/portal\/wp-content\/uploads\/2021\/06\/galo_chape.jpg 675w, https:\/\/aconteceunovale.com.br\/portal\/wp-content\/uploads\/2021\/06\/galo_chape-300x200.jpg 300w, https:\/\/aconteceunovale.com.br\/portal\/wp-content\/uploads\/2021\/06\/galo_chape-630x420.jpg 630w\" sizes=\"auto, (max-width: 675px) 100vw, 675px\" \/><figcaption class=\"blocks-gallery-item__caption\"><em>Tch\u00ea Tch\u00ea marcou o gol do Galo &#8211; Foto: Pedro Souza \/ Clube Atl\u00e9tico Mineiro<\/em><\/figcaption><\/figure><\/li><\/ul><\/figure>\n\n\n\n<p class=\"wp-block-paragraph\">O Atl\u00e9tico-MG chegou \u00e0 partida com 13 desfalques. Talvez por isto, a equipe mineira quase levou um gol logo no primeiro minuto de jogo. O meia Fernandinho recebeu passe e ficou de cara para o goleiro Everson. Mas, na hora de finalizar, ele acabou se enrolando ao se livrar do jogador do Galo.<\/p>\n\n\n\n<p class=\"wp-block-paragraph\">Aos cinco, ap\u00f3s boa jogada do Guilherme Arana pela esquerda, o goleiro Jo\u00e3o Paulo espalmou, a bola bateu na zaga e quase foi para dentro do gol catarinense. Aos 19, o meia Hyoran tabelou com Hulk, recebeu em profundidade e finalizou de dentro da \u00e1rea. A bola passou muito perto do gol de Jo\u00e3o Paulo.<\/p>\n\n\n\n<p class=\"wp-block-paragraph\">Aos 22, a Chapecoense chegou mais uma vez com muito perigo, quando Fernandinho tocou para Anselmo Ramon. O atacante bateu de primeira, mas perdeu. Dois minutos depois finalmente o Galo abriu o marcado. Hyoran tocou para Tch\u00ea Tch\u00ea, que, de muito longe, bateu forte no canto esquerdo para abrir o placar.<\/p>\n\n\n\n<p class=\"wp-block-paragraph\">Aos 30 minutos a Chapecoense criou uma boa oportunidade, quando Ravanelli finalizou e a bola bateu em Anselmo Ramon, que mandou para a rede. Por\u00e9m, o juiz assinalou impedimento. Aos 37, o atacante Hulk se antecipou \u00e0 zaga na cobran\u00e7a de escanteio e cabeceou no travess\u00e3o.<\/p>\n\n\n\n<p class=\"wp-block-paragraph\">No in\u00edcio do segundo tempo, Hulk quase marcou novamente, quando bateu forte de primeira e Jo\u00e3o Paulo fez uma bela defesa. Aos 23, Fernandinho acertou a trave esquerda do goleiro Everson, a bola correu por cima da linha e quase entrou. Mas, aos 32 minutos, o Verd\u00e3o do Oeste conseguiu deixar tudo igual, gra\u00e7as a cobran\u00e7a de p\u00eanalti de Ravanelli.<\/p>\n\n\n\n<p class=\"wp-block-paragraph\">O pr\u00f3ximo compromisso do Galo pelo Brasileiro \u00e9 na quinta-feira (24), quando enfrenta o Cear\u00e1 no Castel\u00e3o. No mesmo dia, a Chapecoense recebe o Internacional em Santa Catarina.<\/p>\n\n\n\n<p class=\"wp-block-paragraph\">&#8212;&#8212;&#8212;&#8212;&#8212;&#8212;<br><em>Quer receber as not\u00edcias do <strong>Aconteceu no Vale<\/strong> em primeira m\u00e3o? Siga-nos no Facebook <a rel=\"noreferrer noopener\" href=\"http:\/\/facebook.com\/aconteceunovale\" target=\"_blank\">@aconteceunovale<\/a>, Twitter <a rel=\"noreferrer noopener\" href=\"https:\/\/twitter.com\/noticiadosvales\" target=\"_blank\">@noticiadosvales<\/a> e Instagram <a rel=\"noreferrer noopener\" href=\"https:\/\/www.instagram.com\/aconteceunovale\" target=\"_blank\">@aconteceunovale<\/a>.<\/em><\/p>\n","protected":false},"excerpt":{"rendered":"<p>Em partida realizada na noite desta segunda-feira (21\/6\/2021) no Mineir\u00e3o, em Belo Horizonte, o Atl\u00e9tico-MG e a Chapecoense empataram por 1 a 1 em jogo v\u00e1lido pela 5\u00aa rodada do Campeonato Brasileiro. Com esse resultado o Galo alcan\u00e7ou os 10 pontos, ocupando a 5\u00aa posi\u00e7\u00e3o. Para a Chapecoense o ponto valeu a sa\u00edda da zona [&hellip;]<\/p>\n","protected":false},"author":4,"featured_media":179490,"comment_status":"open","ping_status":"closed","sticky":false,"template":"","format":"standard","meta":{"amp_status":"","footnotes":""},"categories":[6,59,123],"tags":[12311,2741,40575,194,1017,13044,246257,13043,246254,11469,128169,9083,13241,1018,12312,247002,14356,16500,247003,247004,247005,25960,94648,247006],"class_list":["post-179489","post","type-post","status-publish","format-standard","has-post-thumbnail","hentry","category-br","category-esportes","category-gerais","tag-atletico","tag-atletico-mineiro","tag-atletico-mg","tag-belo-horizonte","tag-bh","tag-brasileirao","tag-brasileirao-2021","tag-campeonato-brasileiro","tag-campeonato-brasileiro-2021","tag-ceara","tag-chape","tag-chapeco","tag-chapecoense","tag-destaque","tag-galo","tag-galo-e-chapecoense-empatam-no-mineirao","tag-internacional","tag-mineirao","tag-quinta-rodada-do-campeonato-brasileiro","tag-quinta-rodada-do-campeonato-brasileiro-2021","tag-seria-a-2021","tag-serie-a","tag-serie-a-do-campeonato-brasileiro","tag-tche-tche-marca-o-primeiro-gol-com-a-camisa-do-galo"],"yoast_head":"<!-- This site is optimized with the Yoast SEO plugin v28.3 - https:\/\/yoast.com\/product\/yoast-seo-wordpress\/ -->\n<title>Galo e Chapecoense empatam no Mineir\u00e3o - Aconteceu no Vale<\/title>\n<meta name=\"robots\" content=\"index, follow, max-snippet:-1, max-image-preview:large, max-video-preview:-1\" \/>\n<link rel=\"canonical\" href=\"https:\/\/aconteceunovale.com.br\/portal\/?p=179489\" \/>\n<meta property=\"og:locale\" content=\"pt_BR\" \/>\n<meta property=\"og:type\" content=\"article\" \/>\n<meta property=\"og:title\" content=\"Galo e Chapecoense empatam no Mineir\u00e3o - Aconteceu no Vale\" \/>\n<meta property=\"og:description\" content=\"Em partida realizada na noite desta segunda-feira (21\/6\/2021) no Mineir\u00e3o, em Belo Horizonte, o Atl\u00e9tico-MG e a Chapecoense empataram por 1 a 1 em jogo v\u00e1lido pela 5\u00aa rodada do Campeonato Brasileiro. Com esse resultado o Galo alcan\u00e7ou os 10 pontos, ocupando a 5\u00aa posi\u00e7\u00e3o. Para a Chapecoense o ponto valeu a sa\u00edda da zona [&hellip;]\" \/>\n<meta property=\"og:url\" content=\"https:\/\/aconteceunovale.com.br\/portal\/?p=179489\" \/>\n<meta property=\"og:site_name\" content=\"Aconteceu no Vale\" \/>\n<meta property=\"article:publisher\" content=\"https:\/\/www.facebook.com\/aconteceunovale\/\" \/>\n<meta property=\"article:published_time\" content=\"2021-06-22T02:31:57+00:00\" \/>\n<meta property=\"article:modified_time\" content=\"2021-06-22T13:06:40+00:00\" \/>\n<meta property=\"og:image\" content=\"https:\/\/aconteceunovale.com.br\/portal\/wp-content\/uploads\/2021\/06\/galo_chape.jpg\" \/>\n\t<meta property=\"og:image:width\" content=\"675\" \/>\n\t<meta property=\"og:image:height\" content=\"450\" \/>\n\t<meta property=\"og:image:type\" content=\"image\/jpeg\" \/>\n<meta name=\"author\" content=\"Reda\u00e7\u00e3o Aconteceu no Vale\" \/>\n<meta name=\"twitter:card\" content=\"summary_large_image\" \/>\n<meta name=\"twitter:creator\" content=\"@noticiadosvales\" \/>\n<meta name=\"twitter:site\" content=\"@noticiadosvales\" \/>\n<meta name=\"twitter:label1\" content=\"Escrito por\" \/>\n\t<meta name=\"twitter:data1\" content=\"Reda\u00e7\u00e3o Aconteceu no Vale\" \/>\n\t<meta name=\"twitter:label2\" content=\"Est. tempo de leitura\" \/>\n\t<meta name=\"twitter:data2\" content=\"2 minutos\" \/>\n<script type=\"application\/ld+json\" class=\"yoast-schema-graph\">{\"@context\":\"https:\\\/\\\/schema.org\",\"@graph\":[{\"@type\":\"Article\",\"@id\":\"https:\\\/\\\/aconteceunovale.com.br\\\/portal\\\/?p=179489#article\",\"isPartOf\":{\"@id\":\"https:\\\/\\\/aconteceunovale.com.br\\\/portal\\\/?p=179489\"},\"author\":{\"name\":\"Reda\u00e7\u00e3o Aconteceu no Vale\",\"@id\":\"https:\\\/\\\/aconteceunovale.com.br\\\/portal\\\/#\\\/schema\\\/person\\\/7d2f26d1483f8a63de73da1ee0754d35\"},\"headline\":\"Galo e Chapecoense empatam no Mineir\u00e3o\",\"datePublished\":\"2021-06-22T02:31:57+00:00\",\"dateModified\":\"2021-06-22T13:06:40+00:00\",\"mainEntityOfPage\":{\"@id\":\"https:\\\/\\\/aconteceunovale.com.br\\\/portal\\\/?p=179489\"},\"wordCount\":408,\"commentCount\":0,\"image\":{\"@id\":\"https:\\\/\\\/aconteceunovale.com.br\\\/portal\\\/?p=179489#primaryimage\"},\"thumbnailUrl\":\"https:\\\/\\\/aconteceunovale.com.br\\\/portal\\\/wp-content\\\/uploads\\\/2021\\\/06\\\/galo_chape.jpg\",\"keywords\":[\"Atl\u00e9tico\",\"Atl\u00e9tico Mineiro\",\"Atl\u00e9tico-MG\",\"Belo Horizonte\",\"bh\",\"brasileir\u00e3o\",\"Brasileir\u00e3o 2021\",\"campeonato brasileiro\",\"Campeonato Brasileiro 2021\",\"Cear\u00e1\",\"Chape\",\"Chapec\u00f3\",\"chapecoense\",\"destaque\",\"galo\",\"Galo e Chapecoense empatam no Mineir\u00e3o\",\"Internacional\",\"Mineir\u00e3o\",\"Quinta rodada do Campeonato Brasileiro\",\"Quinta rodada do Campeonato Brasileiro 2021\",\"S\u00e9ria A 2021\",\"S\u00e9rie A\",\"S\u00e9rie A do Campeonato Brasileiro\",\"Tch\u00ea Tch\u00ea marca o primeiro gol com a camisa do Galo\"],\"articleSection\":[\"Brasil\",\"Esportes\",\"Minas Gerais\"],\"inLanguage\":\"pt-BR\",\"potentialAction\":[{\"@type\":\"CommentAction\",\"name\":\"Comment\",\"target\":[\"https:\\\/\\\/aconteceunovale.com.br\\\/portal\\\/?p=179489#respond\"]}]},{\"@type\":\"WebPage\",\"@id\":\"https:\\\/\\\/aconteceunovale.com.br\\\/portal\\\/?p=179489\",\"url\":\"https:\\\/\\\/aconteceunovale.com.br\\\/portal\\\/?p=179489\",\"name\":\"Galo e Chapecoense empatam no Mineir\u00e3o - Aconteceu no Vale\",\"isPartOf\":{\"@id\":\"https:\\\/\\\/aconteceunovale.com.br\\\/portal\\\/#website\"},\"primaryImageOfPage\":{\"@id\":\"https:\\\/\\\/aconteceunovale.com.br\\\/portal\\\/?p=179489#primaryimage\"},\"image\":{\"@id\":\"https:\\\/\\\/aconteceunovale.com.br\\\/portal\\\/?p=179489#primaryimage\"},\"thumbnailUrl\":\"https:\\\/\\\/aconteceunovale.com.br\\\/portal\\\/wp-content\\\/uploads\\\/2021\\\/06\\\/galo_chape.jpg\",\"datePublished\":\"2021-06-22T02:31:57+00:00\",\"dateModified\":\"2021-06-22T13:06:40+00:00\",\"author\":{\"@id\":\"https:\\\/\\\/aconteceunovale.com.br\\\/portal\\\/#\\\/schema\\\/person\\\/7d2f26d1483f8a63de73da1ee0754d35\"},\"breadcrumb\":{\"@id\":\"https:\\\/\\\/aconteceunovale.com.br\\\/portal\\\/?p=179489#breadcrumb\"},\"inLanguage\":\"pt-BR\",\"potentialAction\":[{\"@type\":\"ReadAction\",\"target\":[\"https:\\\/\\\/aconteceunovale.com.br\\\/portal\\\/?p=179489\"]}]},{\"@type\":\"ImageObject\",\"inLanguage\":\"pt-BR\",\"@id\":\"https:\\\/\\\/aconteceunovale.com.br\\\/portal\\\/?p=179489#primaryimage\",\"url\":\"https:\\\/\\\/aconteceunovale.com.br\\\/portal\\\/wp-content\\\/uploads\\\/2021\\\/06\\\/galo_chape.jpg\",\"contentUrl\":\"https:\\\/\\\/aconteceunovale.com.br\\\/portal\\\/wp-content\\\/uploads\\\/2021\\\/06\\\/galo_chape.jpg\",\"width\":675,\"height\":450},{\"@type\":\"BreadcrumbList\",\"@id\":\"https:\\\/\\\/aconteceunovale.com.br\\\/portal\\\/?p=179489#breadcrumb\",\"itemListElement\":[{\"@type\":\"ListItem\",\"position\":1,\"name\":\"In\u00edcio\",\"item\":\"https:\\\/\\\/aconteceunovale.com.br\\\/portal\\\/\"},{\"@type\":\"ListItem\",\"position\":2,\"name\":\"Galo e Chapecoense empatam no Mineir\u00e3o\"}]},{\"@type\":\"WebSite\",\"@id\":\"https:\\\/\\\/aconteceunovale.com.br\\\/portal\\\/#website\",\"url\":\"https:\\\/\\\/aconteceunovale.com.br\\\/portal\\\/\",\"name\":\"Aconteceu no Vale\",\"description\":\"Portal de Not\u00edcias\",\"potentialAction\":[{\"@type\":\"SearchAction\",\"target\":{\"@type\":\"EntryPoint\",\"urlTemplate\":\"https:\\\/\\\/aconteceunovale.com.br\\\/portal\\\/?s={search_term_string}\"},\"query-input\":{\"@type\":\"PropertyValueSpecification\",\"valueRequired\":true,\"valueName\":\"search_term_string\"}}],\"inLanguage\":\"pt-BR\"},{\"@type\":\"Person\",\"@id\":\"https:\\\/\\\/aconteceunovale.com.br\\\/portal\\\/#\\\/schema\\\/person\\\/7d2f26d1483f8a63de73da1ee0754d35\",\"name\":\"Reda\u00e7\u00e3o Aconteceu no Vale\",\"description\":\"Equipe de reportagem do Aconteceu no Vale, portal de not\u00edcias do Vale do Jequitinhonha, em Minas Gerais. Cobrimos as 51 cidades do Vale desde 2013. Sugest\u00f5es de pauta e pedidos de corre\u00e7\u00e3o: contato@aconteceunovale.com.br\",\"url\":\"https:\\\/\\\/aconteceunovale.com.br\\\/portal\\\/?author=4\"}]}<\/script>\n<!-- \/ Yoast SEO plugin. -->","yoast_head_json":{"title":"Galo e Chapecoense empatam no Mineir\u00e3o - Aconteceu no Vale","robots":{"index":"index","follow":"follow","max-snippet":"max-snippet:-1","max-image-preview":"max-image-preview:large","max-video-preview":"max-video-preview:-1"},"canonical":"https:\/\/aconteceunovale.com.br\/portal\/?p=179489","og_locale":"pt_BR","og_type":"article","og_title":"Galo e Chapecoense empatam no Mineir\u00e3o - Aconteceu no Vale","og_description":"Em partida realizada na noite desta segunda-feira (21\/6\/2021) no Mineir\u00e3o, em Belo Horizonte, o Atl\u00e9tico-MG e a Chapecoense empataram por 1 a 1 em jogo v\u00e1lido pela 5\u00aa rodada do Campeonato Brasileiro. Com esse resultado o Galo alcan\u00e7ou os 10 pontos, ocupando a 5\u00aa posi\u00e7\u00e3o. Para a Chapecoense o ponto valeu a sa\u00edda da zona [&hellip;]","og_url":"https:\/\/aconteceunovale.com.br\/portal\/?p=179489","og_site_name":"Aconteceu no Vale","article_publisher":"https:\/\/www.facebook.com\/aconteceunovale\/","article_published_time":"2021-06-22T02:31:57+00:00","article_modified_time":"2021-06-22T13:06:40+00:00","og_image":[{"width":675,"height":450,"url":"https:\/\/aconteceunovale.com.br\/portal\/wp-content\/uploads\/2021\/06\/galo_chape.jpg","type":"image\/jpeg"}],"author":"Reda\u00e7\u00e3o Aconteceu no Vale","twitter_card":"summary_large_image","twitter_creator":"@noticiadosvales","twitter_site":"@noticiadosvales","twitter_misc":{"Escrito por":"Reda\u00e7\u00e3o Aconteceu no Vale","Est. tempo de leitura":"2 minutos"},"schema":{"@context":"https:\/\/schema.org","@graph":[{"@type":"Article","@id":"https:\/\/aconteceunovale.com.br\/portal\/?p=179489#article","isPartOf":{"@id":"https:\/\/aconteceunovale.com.br\/portal\/?p=179489"},"author":{"name":"Reda\u00e7\u00e3o Aconteceu no Vale","@id":"https:\/\/aconteceunovale.com.br\/portal\/#\/schema\/person\/7d2f26d1483f8a63de73da1ee0754d35"},"headline":"Galo e Chapecoense empatam no Mineir\u00e3o","datePublished":"2021-06-22T02:31:57+00:00","dateModified":"2021-06-22T13:06:40+00:00","mainEntityOfPage":{"@id":"https:\/\/aconteceunovale.com.br\/portal\/?p=179489"},"wordCount":408,"commentCount":0,"image":{"@id":"https:\/\/aconteceunovale.com.br\/portal\/?p=179489#primaryimage"},"thumbnailUrl":"https:\/\/aconteceunovale.com.br\/portal\/wp-content\/uploads\/2021\/06\/galo_chape.jpg","keywords":["Atl\u00e9tico","Atl\u00e9tico Mineiro","Atl\u00e9tico-MG","Belo Horizonte","bh","brasileir\u00e3o","Brasileir\u00e3o 2021","campeonato brasileiro","Campeonato Brasileiro 2021","Cear\u00e1","Chape","Chapec\u00f3","chapecoense","destaque","galo","Galo e Chapecoense empatam no Mineir\u00e3o","Internacional","Mineir\u00e3o","Quinta rodada do Campeonato Brasileiro","Quinta rodada do Campeonato Brasileiro 2021","S\u00e9ria A 2021","S\u00e9rie A","S\u00e9rie A do Campeonato Brasileiro","Tch\u00ea Tch\u00ea marca o primeiro gol com a camisa do Galo"],"articleSection":["Brasil","Esportes","Minas Gerais"],"inLanguage":"pt-BR","potentialAction":[{"@type":"CommentAction","name":"Comment","target":["https:\/\/aconteceunovale.com.br\/portal\/?p=179489#respond"]}]},{"@type":"WebPage","@id":"https:\/\/aconteceunovale.com.br\/portal\/?p=179489","url":"https:\/\/aconteceunovale.com.br\/portal\/?p=179489","name":"Galo e Chapecoense empatam no Mineir\u00e3o - Aconteceu no Vale","isPartOf":{"@id":"https:\/\/aconteceunovale.com.br\/portal\/#website"},"primaryImageOfPage":{"@id":"https:\/\/aconteceunovale.com.br\/portal\/?p=179489#primaryimage"},"image":{"@id":"https:\/\/aconteceunovale.com.br\/portal\/?p=179489#primaryimage"},"thumbnailUrl":"https:\/\/aconteceunovale.com.br\/portal\/wp-content\/uploads\/2021\/06\/galo_chape.jpg","datePublished":"2021-06-22T02:31:57+00:00","dateModified":"2021-06-22T13:06:40+00:00","author":{"@id":"https:\/\/aconteceunovale.com.br\/portal\/#\/schema\/person\/7d2f26d1483f8a63de73da1ee0754d35"},"breadcrumb":{"@id":"https:\/\/aconteceunovale.com.br\/portal\/?p=179489#breadcrumb"},"inLanguage":"pt-BR","potentialAction":[{"@type":"ReadAction","target":["https:\/\/aconteceunovale.com.br\/portal\/?p=179489"]}]},{"@type":"ImageObject","inLanguage":"pt-BR","@id":"https:\/\/aconteceunovale.com.br\/portal\/?p=179489#primaryimage","url":"https:\/\/aconteceunovale.com.br\/portal\/wp-content\/uploads\/2021\/06\/galo_chape.jpg","contentUrl":"https:\/\/aconteceunovale.com.br\/portal\/wp-content\/uploads\/2021\/06\/galo_chape.jpg","width":675,"height":450},{"@type":"BreadcrumbList","@id":"https:\/\/aconteceunovale.com.br\/portal\/?p=179489#breadcrumb","itemListElement":[{"@type":"ListItem","position":1,"name":"In\u00edcio","item":"https:\/\/aconteceunovale.com.br\/portal\/"},{"@type":"ListItem","position":2,"name":"Galo e Chapecoense empatam no Mineir\u00e3o"}]},{"@type":"WebSite","@id":"https:\/\/aconteceunovale.com.br\/portal\/#website","url":"https:\/\/aconteceunovale.com.br\/portal\/","name":"Aconteceu no Vale","description":"Portal de Not\u00edcias","potentialAction":[{"@type":"SearchAction","target":{"@type":"EntryPoint","urlTemplate":"https:\/\/aconteceunovale.com.br\/portal\/?s={search_term_string}"},"query-input":{"@type":"PropertyValueSpecification","valueRequired":true,"valueName":"search_term_string"}}],"inLanguage":"pt-BR"},{"@type":"Person","@id":"https:\/\/aconteceunovale.com.br\/portal\/#\/schema\/person\/7d2f26d1483f8a63de73da1ee0754d35","name":"Reda\u00e7\u00e3o Aconteceu no Vale","description":"Equipe de reportagem do Aconteceu no Vale, portal de not\u00edcias do Vale do Jequitinhonha, em Minas Gerais. Cobrimos as 51 cidades do Vale desde 2013. Sugest\u00f5es de pauta e pedidos de corre\u00e7\u00e3o: contato@aconteceunovale.com.br","url":"https:\/\/aconteceunovale.com.br\/portal\/?author=4"}]}},"_links":{"self":[{"href":"https:\/\/aconteceunovale.com.br\/portal\/index.php?rest_route=\/wp\/v2\/posts\/179489","targetHints":{"allow":["GET"]}}],"collection":[{"href":"https:\/\/aconteceunovale.com.br\/portal\/index.php?rest_route=\/wp\/v2\/posts"}],"about":[{"href":"https:\/\/aconteceunovale.com.br\/portal\/index.php?rest_route=\/wp\/v2\/types\/post"}],"author":[{"embeddable":true,"href":"https:\/\/aconteceunovale.com.br\/portal\/index.php?rest_route=\/wp\/v2\/users\/4"}],"replies":[{"embeddable":true,"href":"https:\/\/aconteceunovale.com.br\/portal\/index.php?rest_route=%2Fwp%2Fv2%2Fcomments&post=179489"}],"version-history":[{"count":1,"href":"https:\/\/aconteceunovale.com.br\/portal\/index.php?rest_route=\/wp\/v2\/posts\/179489\/revisions"}],"predecessor-version":[{"id":179491,"href":"https:\/\/aconteceunovale.com.br\/portal\/index.php?rest_route=\/wp\/v2\/posts\/179489\/revisions\/179491"}],"wp:featuredmedia":[{"embeddable":true,"href":"https:\/\/aconteceunovale.com.br\/portal\/index.php?rest_route=\/wp\/v2\/media\/179490"}],"wp:attachment":[{"href":"https:\/\/aconteceunovale.com.br\/portal\/index.php?rest_route=%2Fwp%2Fv2%2Fmedia&parent=179489"}],"wp:term":[{"taxonomy":"category","embeddable":true,"href":"https:\/\/aconteceunovale.com.br\/portal\/index.php?rest_route=%2Fwp%2Fv2%2Fcategories&post=179489"},{"taxonomy":"post_tag","embeddable":true,"href":"https:\/\/aconteceunovale.com.br\/portal\/index.php?rest_route=%2Fwp%2Fv2%2Ftags&post=179489"}],"curies":[{"name":"wp","href":"https:\/\/api.w.org\/{rel}","templated":true}]}}