{"id":179472,"date":"2021-06-21T19:05:00","date_gmt":"2021-06-21T22:05:00","guid":{"rendered":"https:\/\/aconteceunovale.com.br\/portal\/?p=179472"},"modified":"2026-09-02T12:13:13","modified_gmt":"2026-09-02T15:13:13","slug":"tribunal-de-justica-destina-recursos-para-11-leitos-de-uti-em-aracuai","status":"publish","type":"post","link":"https:\/\/aconteceunovale.com.br\/portal\/?p=179472","title":{"rendered":"Tribunal de Justi\u00e7a destina recursos para 11 leitos de UTI em Ara\u00e7ua\u00ed"},"content":{"rendered":"\n<p class=\"wp-block-paragraph\">O Tribunal de Justi\u00e7a de Minas Gerais (TJMG) destinou R$ 1,3 milh\u00e3o, proveniente&nbsp;da aplica\u00e7\u00e3o de penas de presta\u00e7\u00e3o pecuni\u00e1ria, para serem investidos em 11 leitos de unidade de tratamento intensivo (UTI) em Ara\u00e7ua\u00ed. A previs\u00e3o \u00e9 que os leitos sejam instalados no Hospital S\u00e3o Vicente de Paulo em dezembro deste ano.<\/p>\n\n\n\n<p class=\"wp-block-paragraph\">O presidente do TJMG, desembargador Gilson Soares Lemes; o superintendente de Sa\u00fade do TJMG, desembargador Bruno Terra Dias; o supervisor do Grupo de Monitoramento e Fiscaliza\u00e7\u00e3o do Sistema Carcer\u00e1rio (GMF), desembargador J\u00falio Cezar Guttierrez; e o juiz coordenador do GMF, Evaldo Elias Penna Gavazza, deliberaram sobre a destina\u00e7\u00e3o da verba.<\/p>\n\n\n\n<p class=\"wp-block-paragraph\">O presidente do TJMG falou da import\u00e2ncia de prover o principal hospital da Comarca de Ara\u00e7ua\u00ed com os 11 leitos de UTI. <em>\u201c\u00c9 uma forma de o Judici\u00e1rio de Minas contribuir para a melhoria da qualidade de vida dos jurisdicionados. Os poderes precisam se unir para garantir qualidade de vida e justi\u00e7a para todos\u201d,<\/em> afirmou.<\/p>\n\n\n\n<p class=\"wp-block-paragraph\">O juiz da Comarca de Ara\u00e7ua\u00ed, Jorge Arbex Bueno, disse que essa iniciativa \u00e9 muito importante para a comarca. <em>\u201cIsso demonstra a sensibilidade da dire\u00e7\u00e3o do Judici\u00e1rio de Minas, que n\u00e3o est\u00e1 alheia \u00e0s necessidades sociais e busca cumprir os mandamentos constitucionais\u201d<\/em>, afirmou.<\/p>\n\n\n\n<p class=\"wp-block-paragraph\">J\u00e1 o juiz Evaldo Gavazza disse que, <em>\u201cdesde o in\u00edcio da pandemia de covid-19, o Tribunal recomendou aos magistrados, servidores e colaboradores adotar medidas de preven\u00e7\u00e3o e combate \u00e0 doen\u00e7a. Al\u00e9m disso, ficou decidido tamb\u00e9m que recursos de presta\u00e7\u00e3o pecuni\u00e1ria seriam liberados para a melhoria do sistema de sa\u00fade p\u00fablica\u201d.<\/em><\/p>\n\n\n\n<p class=\"wp-block-paragraph\">O diretor do Hospital S\u00e3o Vicente de Paulo, Wagner Santos Neiva, agradeceu os magistrados do TJMG e todos que tamb\u00e9m se engajaram nessa empreitada para deixar um legado para Ara\u00e7ua\u00ed. <em>\u201cNosso hospital \u00e9 refer\u00eancia na regi\u00e3o, atende a uma popula\u00e7\u00e3o de aproximadamente 100 mil pessoas. Por isso \u00e9 muito importante a instala\u00e7\u00e3o de leitos de UTI\u201d<\/em>, afirmou.<\/p>\n\n\n\n<h2 class=\"wp-block-heading\"><strong>Leitos de UTI no Vale do Jequitinhonha<\/strong><\/h2>\n\n\n\n<p class=\"wp-block-paragraph\">&#8211; Diamantina: 35 leitos (30 na Santa Casa de Caridade e 5 pedi\u00e1tricos no Hospital Nossa Senhora da Sa\u00fade)<\/p>\n\n\n\n<p class=\"wp-block-paragraph\">&#8211; Capelinha: 10 leitos (Hospital S\u00e3o Vicente de Paulo)<\/p>\n\n\n\n<p class=\"wp-block-paragraph\">&#8211; Turmalina: 10 leitos (Hospital S\u00e3o Vicente de Paulo)<\/p>\n\n\n\n<p class=\"wp-block-paragraph\">&#8211; Ara\u00e7ua\u00ed: 10 leitos (Hospital S\u00e3o Vicente de Paulo)<\/p>\n\n\n\n<p class=\"wp-block-paragraph\">&#8211; Almenara: 10 leitos (Hospital Deraldo Guimar\u00e3es)<\/p>\n\n\n\n<p class=\"wp-block-paragraph\">&#8211; Itaobim: 10 leitos (Hospital Vale do Jequitinhonha)<\/p>\n\n\n\n<p class=\"wp-block-paragraph\">&#8212;&#8212;&#8212;&#8212;&#8212;&#8212;<br><em>Quer receber as not\u00edcias do <strong>Aconteceu no Vale<\/strong> em primeira m\u00e3o? Siga-nos no Facebook <a rel=\"noreferrer noopener\" href=\"http:\/\/facebook.com\/aconteceunovale\" target=\"_blank\">@aconteceunovale<\/a>, Twitter <a rel=\"noreferrer noopener\" href=\"https:\/\/twitter.com\/noticiadosvales\" target=\"_blank\">@noticiadosvales<\/a> e Instagram <a rel=\"noreferrer noopener\" href=\"https:\/\/www.instagram.com\/aconteceunovale\" target=\"_blank\">@aconteceunovale<\/a>.<\/em><\/p>\n","protected":false},"excerpt":{"rendered":"<p>O Tribunal de Justi\u00e7a de Minas Gerais (TJMG) destinou R$ 1,3 milh\u00e3o, proveniente&nbsp;da aplica\u00e7\u00e3o de penas de presta\u00e7\u00e3o pecuni\u00e1ria, para serem investidos em 11 leitos de unidade de tratamento intensivo (UTI) em Ara\u00e7ua\u00ed. A previs\u00e3o \u00e9 que os leitos sejam instalados no Hospital S\u00e3o Vicente de Paulo em dezembro deste ano. O presidente do TJMG, [&hellip;]<\/p>\n","protected":false},"author":4,"featured_media":179473,"comment_status":"open","ping_status":"closed","sticky":false,"template":"","format":"standard","meta":{"amp_status":"","footnotes":""},"categories":[272530,40242,120],"tags":[142,246905,132,1018,198,246909,246907,241904,49630,42528,42862,21871,21872,68856,391,246908,55028,246906,232551,246911,246904,68886,270,92646,246903,178,246910],"class_list":["post-179472","post","type-post","status-publish","format-standard","has-post-thumbnail","hentry","category-aracuai","category-saude-2","category-jequi","tag-almenara","tag-bruno-terra-dias","tag-capelinha","tag-destaque","tag-diamantina","tag-diretor-do-hospital-sao-vicente-de-paulo","tag-evaldo-elias-penna-gavazza","tag-gilson-soares-lemes","tag-hospital-de-aracuai","tag-hospital-deraldo-guimaraes","tag-hospital-nossa-senhora-da-saude","tag-hospital-sao-vicente-de-paulo","tag-hospital-sao-vicente-de-paulo-de-aracuai","tag-hospital-vale-do-jequitinhonha","tag-itaobim","tag-jorge-arbex-bueno","tag-juiz-da-comarca-de-aracuai","tag-julio-cezar-guttierrez","tag-leitos-de-uti-em-aracuai","tag-leitos-de-uti-no-vale-do-jequitinhonha","tag-recursos-para-leitos-de-uti-em-aracuai","tag-santa-casa-de-caridade","tag-tjmg","tag-tribunal-de-justica-de-minas-gerais","tag-tribunal-de-justica-destina-recursos-para-11-leitos-de-uti-em-aracuai","tag-turmalina","tag-wagner-santos-neiva"],"yoast_head":"<!-- This site is optimized with the Yoast SEO plugin v28.3 - https:\/\/yoast.com\/product\/yoast-seo-wordpress\/ -->\n<title>Tribunal de Justi\u00e7a destina recursos para 11 leitos de UTI em Ara\u00e7ua\u00ed - Aconteceu no Vale<\/title>\n<meta name=\"robots\" content=\"index, follow, max-snippet:-1, max-image-preview:large, max-video-preview:-1\" \/>\n<link rel=\"canonical\" href=\"https:\/\/aconteceunovale.com.br\/portal\/?p=179472\" \/>\n<meta property=\"og:locale\" content=\"pt_BR\" \/>\n<meta property=\"og:type\" content=\"article\" \/>\n<meta property=\"og:title\" content=\"Tribunal de Justi\u00e7a destina recursos para 11 leitos de UTI em Ara\u00e7ua\u00ed - Aconteceu no Vale\" \/>\n<meta property=\"og:description\" content=\"O Tribunal de Justi\u00e7a de Minas Gerais (TJMG) destinou R$ 1,3 milh\u00e3o, proveniente&nbsp;da aplica\u00e7\u00e3o de penas de presta\u00e7\u00e3o pecuni\u00e1ria, para serem investidos em 11 leitos de unidade de tratamento intensivo (UTI) em Ara\u00e7ua\u00ed. A previs\u00e3o \u00e9 que os leitos sejam instalados no Hospital S\u00e3o Vicente de Paulo em dezembro deste ano. O presidente do TJMG, [&hellip;]\" \/>\n<meta property=\"og:url\" content=\"https:\/\/aconteceunovale.com.br\/portal\/?p=179472\" \/>\n<meta property=\"og:site_name\" content=\"Aconteceu no Vale\" \/>\n<meta property=\"article:publisher\" content=\"https:\/\/www.facebook.com\/aconteceunovale\/\" \/>\n<meta property=\"article:published_time\" content=\"2021-06-21T22:05:00+00:00\" \/>\n<meta property=\"article:modified_time\" content=\"2026-09-02T15:13:13+00:00\" \/>\n<meta property=\"og:image\" content=\"https:\/\/aconteceunovale.com.br\/portal\/wp-content\/uploads\/2021\/06\/aracuai.jpg\" \/>\n\t<meta property=\"og:image:width\" content=\"675\" \/>\n\t<meta property=\"og:image:height\" content=\"450\" \/>\n\t<meta property=\"og:image:type\" content=\"image\/jpeg\" \/>\n<meta name=\"author\" content=\"Reda\u00e7\u00e3o Aconteceu no Vale\" \/>\n<meta name=\"twitter:card\" content=\"summary_large_image\" \/>\n<meta name=\"twitter:creator\" content=\"@noticiadosvales\" \/>\n<meta name=\"twitter:site\" content=\"@noticiadosvales\" \/>\n<meta name=\"twitter:label1\" content=\"Escrito por\" \/>\n\t<meta name=\"twitter:data1\" content=\"Reda\u00e7\u00e3o Aconteceu no Vale\" \/>\n\t<meta name=\"twitter:label2\" content=\"Est. tempo de leitura\" \/>\n\t<meta name=\"twitter:data2\" content=\"2 minutos\" \/>\n<script type=\"application\/ld+json\" class=\"yoast-schema-graph\">{\"@context\":\"https:\\\/\\\/schema.org\",\"@graph\":[{\"@type\":\"Article\",\"@id\":\"https:\\\/\\\/aconteceunovale.com.br\\\/portal\\\/?p=179472#article\",\"isPartOf\":{\"@id\":\"https:\\\/\\\/aconteceunovale.com.br\\\/portal\\\/?p=179472\"},\"author\":{\"name\":\"Reda\u00e7\u00e3o Aconteceu no Vale\",\"@id\":\"https:\\\/\\\/aconteceunovale.com.br\\\/portal\\\/#\\\/schema\\\/person\\\/7d2f26d1483f8a63de73da1ee0754d35\"},\"headline\":\"Tribunal de Justi\u00e7a destina recursos para 11 leitos de UTI em Ara\u00e7ua\u00ed\",\"datePublished\":\"2021-06-21T22:05:00+00:00\",\"dateModified\":\"2026-09-02T15:13:13+00:00\",\"mainEntityOfPage\":{\"@id\":\"https:\\\/\\\/aconteceunovale.com.br\\\/portal\\\/?p=179472\"},\"wordCount\":438,\"commentCount\":0,\"image\":{\"@id\":\"https:\\\/\\\/aconteceunovale.com.br\\\/portal\\\/?p=179472#primaryimage\"},\"thumbnailUrl\":\"https:\\\/\\\/aconteceunovale.com.br\\\/portal\\\/wp-content\\\/uploads\\\/2021\\\/06\\\/aracuai.jpg\",\"keywords\":[\"Almenara\",\"Bruno Terra Dias\",\"Capelinha\",\"destaque\",\"Diamantina\",\"Diretor do Hospital S\u00e3o Vicente de Paulo\",\"Evaldo Elias Penna Gavazza\",\"Gilson Soares Lemes\",\"hospital de Ara\u00e7ua\u00ed\",\"Hospital Deraldo Guimar\u00e3es\",\"Hospital Nossa Senhora da Sa\u00fade\",\"hospital S\u00e3o Vicente de Paulo\",\"hospital S\u00e3o Vicente de Paulo de Ara\u00e7ua\u00ed\",\"Hospital Vale do Jequitinhonha\",\"Itaobim\",\"Jorge Arbex Bueno\",\"juiz da Comarca de Ara\u00e7ua\u00ed\",\"J\u00falio Cezar Guttierrez\",\"Leitos de UTI em Ara\u00e7ua\u00ed\",\"Leitos de UTI no Vale do Jequitinhonha\",\"Recursos para leitos de UTI em Ara\u00e7ua\u00ed\",\"Santa Casa de Caridade\",\"TJMG\",\"Tribunal de Justi\u00e7a de Minas Gerais\",\"Tribunal de Justi\u00e7a destina recursos para 11 leitos de UTI em Ara\u00e7ua\u00ed\",\"Turmalina\",\"Wagner Santos Neiva\"],\"articleSection\":[\"Ara\u00e7ua\u00ed\",\"Sa\u00fade\",\"Vale do Jequitinhonha\"],\"inLanguage\":\"pt-BR\",\"potentialAction\":[{\"@type\":\"CommentAction\",\"name\":\"Comment\",\"target\":[\"https:\\\/\\\/aconteceunovale.com.br\\\/portal\\\/?p=179472#respond\"]}]},{\"@type\":\"WebPage\",\"@id\":\"https:\\\/\\\/aconteceunovale.com.br\\\/portal\\\/?p=179472\",\"url\":\"https:\\\/\\\/aconteceunovale.com.br\\\/portal\\\/?p=179472\",\"name\":\"Tribunal de Justi\u00e7a destina recursos para 11 leitos de UTI em Ara\u00e7ua\u00ed - Aconteceu no Vale\",\"isPartOf\":{\"@id\":\"https:\\\/\\\/aconteceunovale.com.br\\\/portal\\\/#website\"},\"primaryImageOfPage\":{\"@id\":\"https:\\\/\\\/aconteceunovale.com.br\\\/portal\\\/?p=179472#primaryimage\"},\"image\":{\"@id\":\"https:\\\/\\\/aconteceunovale.com.br\\\/portal\\\/?p=179472#primaryimage\"},\"thumbnailUrl\":\"https:\\\/\\\/aconteceunovale.com.br\\\/portal\\\/wp-content\\\/uploads\\\/2021\\\/06\\\/aracuai.jpg\",\"datePublished\":\"2021-06-21T22:05:00+00:00\",\"dateModified\":\"2026-09-02T15:13:13+00:00\",\"author\":{\"@id\":\"https:\\\/\\\/aconteceunovale.com.br\\\/portal\\\/#\\\/schema\\\/person\\\/7d2f26d1483f8a63de73da1ee0754d35\"},\"breadcrumb\":{\"@id\":\"https:\\\/\\\/aconteceunovale.com.br\\\/portal\\\/?p=179472#breadcrumb\"},\"inLanguage\":\"pt-BR\",\"potentialAction\":[{\"@type\":\"ReadAction\",\"target\":[\"https:\\\/\\\/aconteceunovale.com.br\\\/portal\\\/?p=179472\"]}]},{\"@type\":\"ImageObject\",\"inLanguage\":\"pt-BR\",\"@id\":\"https:\\\/\\\/aconteceunovale.com.br\\\/portal\\\/?p=179472#primaryimage\",\"url\":\"https:\\\/\\\/aconteceunovale.com.br\\\/portal\\\/wp-content\\\/uploads\\\/2021\\\/06\\\/aracuai.jpg\",\"contentUrl\":\"https:\\\/\\\/aconteceunovale.com.br\\\/portal\\\/wp-content\\\/uploads\\\/2021\\\/06\\\/aracuai.jpg\",\"width\":675,\"height\":450},{\"@type\":\"BreadcrumbList\",\"@id\":\"https:\\\/\\\/aconteceunovale.com.br\\\/portal\\\/?p=179472#breadcrumb\",\"itemListElement\":[{\"@type\":\"ListItem\",\"position\":1,\"name\":\"In\u00edcio\",\"item\":\"https:\\\/\\\/aconteceunovale.com.br\\\/portal\\\/\"},{\"@type\":\"ListItem\",\"position\":2,\"name\":\"Tribunal de Justi\u00e7a destina recursos para 11 leitos de UTI em Ara\u00e7ua\u00ed\"}]},{\"@type\":\"WebSite\",\"@id\":\"https:\\\/\\\/aconteceunovale.com.br\\\/portal\\\/#website\",\"url\":\"https:\\\/\\\/aconteceunovale.com.br\\\/portal\\\/\",\"name\":\"Aconteceu no Vale\",\"description\":\"Portal de Not\u00edcias\",\"potentialAction\":[{\"@type\":\"SearchAction\",\"target\":{\"@type\":\"EntryPoint\",\"urlTemplate\":\"https:\\\/\\\/aconteceunovale.com.br\\\/portal\\\/?s={search_term_string}\"},\"query-input\":{\"@type\":\"PropertyValueSpecification\",\"valueRequired\":true,\"valueName\":\"search_term_string\"}}],\"inLanguage\":\"pt-BR\"},{\"@type\":\"Person\",\"@id\":\"https:\\\/\\\/aconteceunovale.com.br\\\/portal\\\/#\\\/schema\\\/person\\\/7d2f26d1483f8a63de73da1ee0754d35\",\"name\":\"Reda\u00e7\u00e3o Aconteceu no Vale\",\"description\":\"Equipe de reportagem do Aconteceu no Vale, portal de not\u00edcias do Vale do Jequitinhonha, em Minas Gerais. Cobrimos as 51 cidades do Vale desde 2013. Sugest\u00f5es de pauta e pedidos de corre\u00e7\u00e3o: contato@aconteceunovale.com.br\",\"url\":\"https:\\\/\\\/aconteceunovale.com.br\\\/portal\\\/?author=4\"}]}<\/script>\n<!-- \/ Yoast SEO plugin. -->","yoast_head_json":{"title":"Tribunal de Justi\u00e7a destina recursos para 11 leitos de UTI em Ara\u00e7ua\u00ed - Aconteceu no Vale","robots":{"index":"index","follow":"follow","max-snippet":"max-snippet:-1","max-image-preview":"max-image-preview:large","max-video-preview":"max-video-preview:-1"},"canonical":"https:\/\/aconteceunovale.com.br\/portal\/?p=179472","og_locale":"pt_BR","og_type":"article","og_title":"Tribunal de Justi\u00e7a destina recursos para 11 leitos de UTI em Ara\u00e7ua\u00ed - Aconteceu no Vale","og_description":"O Tribunal de Justi\u00e7a de Minas Gerais (TJMG) destinou R$ 1,3 milh\u00e3o, proveniente&nbsp;da aplica\u00e7\u00e3o de penas de presta\u00e7\u00e3o pecuni\u00e1ria, para serem investidos em 11 leitos de unidade de tratamento intensivo (UTI) em Ara\u00e7ua\u00ed. A previs\u00e3o \u00e9 que os leitos sejam instalados no Hospital S\u00e3o Vicente de Paulo em dezembro deste ano. O presidente do TJMG, [&hellip;]","og_url":"https:\/\/aconteceunovale.com.br\/portal\/?p=179472","og_site_name":"Aconteceu no Vale","article_publisher":"https:\/\/www.facebook.com\/aconteceunovale\/","article_published_time":"2021-06-21T22:05:00+00:00","article_modified_time":"2026-09-02T15:13:13+00:00","og_image":[{"width":675,"height":450,"url":"https:\/\/aconteceunovale.com.br\/portal\/wp-content\/uploads\/2021\/06\/aracuai.jpg","type":"image\/jpeg"}],"author":"Reda\u00e7\u00e3o Aconteceu no Vale","twitter_card":"summary_large_image","twitter_creator":"@noticiadosvales","twitter_site":"@noticiadosvales","twitter_misc":{"Escrito por":"Reda\u00e7\u00e3o Aconteceu no Vale","Est. tempo de leitura":"2 minutos"},"schema":{"@context":"https:\/\/schema.org","@graph":[{"@type":"Article","@id":"https:\/\/aconteceunovale.com.br\/portal\/?p=179472#article","isPartOf":{"@id":"https:\/\/aconteceunovale.com.br\/portal\/?p=179472"},"author":{"name":"Reda\u00e7\u00e3o Aconteceu no Vale","@id":"https:\/\/aconteceunovale.com.br\/portal\/#\/schema\/person\/7d2f26d1483f8a63de73da1ee0754d35"},"headline":"Tribunal de Justi\u00e7a destina recursos para 11 leitos de UTI em Ara\u00e7ua\u00ed","datePublished":"2021-06-21T22:05:00+00:00","dateModified":"2026-09-02T15:13:13+00:00","mainEntityOfPage":{"@id":"https:\/\/aconteceunovale.com.br\/portal\/?p=179472"},"wordCount":438,"commentCount":0,"image":{"@id":"https:\/\/aconteceunovale.com.br\/portal\/?p=179472#primaryimage"},"thumbnailUrl":"https:\/\/aconteceunovale.com.br\/portal\/wp-content\/uploads\/2021\/06\/aracuai.jpg","keywords":["Almenara","Bruno Terra Dias","Capelinha","destaque","Diamantina","Diretor do Hospital S\u00e3o Vicente de Paulo","Evaldo Elias Penna Gavazza","Gilson Soares Lemes","hospital de Ara\u00e7ua\u00ed","Hospital Deraldo Guimar\u00e3es","Hospital Nossa Senhora da Sa\u00fade","hospital S\u00e3o Vicente de Paulo","hospital S\u00e3o Vicente de Paulo de Ara\u00e7ua\u00ed","Hospital Vale do Jequitinhonha","Itaobim","Jorge Arbex Bueno","juiz da Comarca de Ara\u00e7ua\u00ed","J\u00falio Cezar Guttierrez","Leitos de UTI em Ara\u00e7ua\u00ed","Leitos de UTI no Vale do Jequitinhonha","Recursos para leitos de UTI em Ara\u00e7ua\u00ed","Santa Casa de Caridade","TJMG","Tribunal de Justi\u00e7a de Minas Gerais","Tribunal de Justi\u00e7a destina recursos para 11 leitos de UTI em Ara\u00e7ua\u00ed","Turmalina","Wagner Santos Neiva"],"articleSection":["Ara\u00e7ua\u00ed","Sa\u00fade","Vale do Jequitinhonha"],"inLanguage":"pt-BR","potentialAction":[{"@type":"CommentAction","name":"Comment","target":["https:\/\/aconteceunovale.com.br\/portal\/?p=179472#respond"]}]},{"@type":"WebPage","@id":"https:\/\/aconteceunovale.com.br\/portal\/?p=179472","url":"https:\/\/aconteceunovale.com.br\/portal\/?p=179472","name":"Tribunal de Justi\u00e7a destina recursos para 11 leitos de UTI em Ara\u00e7ua\u00ed - Aconteceu no Vale","isPartOf":{"@id":"https:\/\/aconteceunovale.com.br\/portal\/#website"},"primaryImageOfPage":{"@id":"https:\/\/aconteceunovale.com.br\/portal\/?p=179472#primaryimage"},"image":{"@id":"https:\/\/aconteceunovale.com.br\/portal\/?p=179472#primaryimage"},"thumbnailUrl":"https:\/\/aconteceunovale.com.br\/portal\/wp-content\/uploads\/2021\/06\/aracuai.jpg","datePublished":"2021-06-21T22:05:00+00:00","dateModified":"2026-09-02T15:13:13+00:00","author":{"@id":"https:\/\/aconteceunovale.com.br\/portal\/#\/schema\/person\/7d2f26d1483f8a63de73da1ee0754d35"},"breadcrumb":{"@id":"https:\/\/aconteceunovale.com.br\/portal\/?p=179472#breadcrumb"},"inLanguage":"pt-BR","potentialAction":[{"@type":"ReadAction","target":["https:\/\/aconteceunovale.com.br\/portal\/?p=179472"]}]},{"@type":"ImageObject","inLanguage":"pt-BR","@id":"https:\/\/aconteceunovale.com.br\/portal\/?p=179472#primaryimage","url":"https:\/\/aconteceunovale.com.br\/portal\/wp-content\/uploads\/2021\/06\/aracuai.jpg","contentUrl":"https:\/\/aconteceunovale.com.br\/portal\/wp-content\/uploads\/2021\/06\/aracuai.jpg","width":675,"height":450},{"@type":"BreadcrumbList","@id":"https:\/\/aconteceunovale.com.br\/portal\/?p=179472#breadcrumb","itemListElement":[{"@type":"ListItem","position":1,"name":"In\u00edcio","item":"https:\/\/aconteceunovale.com.br\/portal\/"},{"@type":"ListItem","position":2,"name":"Tribunal de Justi\u00e7a destina recursos para 11 leitos de UTI em Ara\u00e7ua\u00ed"}]},{"@type":"WebSite","@id":"https:\/\/aconteceunovale.com.br\/portal\/#website","url":"https:\/\/aconteceunovale.com.br\/portal\/","name":"Aconteceu no Vale","description":"Portal de Not\u00edcias","potentialAction":[{"@type":"SearchAction","target":{"@type":"EntryPoint","urlTemplate":"https:\/\/aconteceunovale.com.br\/portal\/?s={search_term_string}"},"query-input":{"@type":"PropertyValueSpecification","valueRequired":true,"valueName":"search_term_string"}}],"inLanguage":"pt-BR"},{"@type":"Person","@id":"https:\/\/aconteceunovale.com.br\/portal\/#\/schema\/person\/7d2f26d1483f8a63de73da1ee0754d35","name":"Reda\u00e7\u00e3o Aconteceu no Vale","description":"Equipe de reportagem do Aconteceu no Vale, portal de not\u00edcias do Vale do Jequitinhonha, em Minas Gerais. Cobrimos as 51 cidades do Vale desde 2013. Sugest\u00f5es de pauta e pedidos de corre\u00e7\u00e3o: contato@aconteceunovale.com.br","url":"https:\/\/aconteceunovale.com.br\/portal\/?author=4"}]}},"_links":{"self":[{"href":"https:\/\/aconteceunovale.com.br\/portal\/index.php?rest_route=\/wp\/v2\/posts\/179472","targetHints":{"allow":["GET"]}}],"collection":[{"href":"https:\/\/aconteceunovale.com.br\/portal\/index.php?rest_route=\/wp\/v2\/posts"}],"about":[{"href":"https:\/\/aconteceunovale.com.br\/portal\/index.php?rest_route=\/wp\/v2\/types\/post"}],"author":[{"embeddable":true,"href":"https:\/\/aconteceunovale.com.br\/portal\/index.php?rest_route=\/wp\/v2\/users\/4"}],"replies":[{"embeddable":true,"href":"https:\/\/aconteceunovale.com.br\/portal\/index.php?rest_route=%2Fwp%2Fv2%2Fcomments&post=179472"}],"version-history":[{"count":2,"href":"https:\/\/aconteceunovale.com.br\/portal\/index.php?rest_route=\/wp\/v2\/posts\/179472\/revisions"}],"predecessor-version":[{"id":179476,"href":"https:\/\/aconteceunovale.com.br\/portal\/index.php?rest_route=\/wp\/v2\/posts\/179472\/revisions\/179476"}],"wp:featuredmedia":[{"embeddable":true,"href":"https:\/\/aconteceunovale.com.br\/portal\/index.php?rest_route=\/wp\/v2\/media\/179473"}],"wp:attachment":[{"href":"https:\/\/aconteceunovale.com.br\/portal\/index.php?rest_route=%2Fwp%2Fv2%2Fmedia&parent=179472"}],"wp:term":[{"taxonomy":"category","embeddable":true,"href":"https:\/\/aconteceunovale.com.br\/portal\/index.php?rest_route=%2Fwp%2Fv2%2Fcategories&post=179472"},{"taxonomy":"post_tag","embeddable":true,"href":"https:\/\/aconteceunovale.com.br\/portal\/index.php?rest_route=%2Fwp%2Fv2%2Ftags&post=179472"}],"curies":[{"name":"wp","href":"https:\/\/api.w.org\/{rel}","templated":true}]}}