{"id":179467,"date":"2021-06-21T13:18:33","date_gmt":"2021-06-21T16:18:33","guid":{"rendered":"https:\/\/aconteceunovale.com.br\/portal\/?p=179467"},"modified":"2021-06-21T13:21:10","modified_gmt":"2021-06-21T16:21:10","slug":"saiba-quais-sao-os-tipos-de-adocao-permitidos-no-brasil","status":"publish","type":"post","link":"https:\/\/aconteceunovale.com.br\/portal\/?p=179467","title":{"rendered":"Saiba quais s\u00e3o os tipos de ado\u00e7\u00e3o permitidos no Brasil"},"content":{"rendered":"\n<p class=\"wp-block-paragraph\">H\u00e1 atualmente 4.962 crian\u00e7as e adolescentes no pa\u00eds dispon\u00edveis para ado\u00e7\u00e3o, informou&nbsp;o Sistema Nacional de Ado\u00e7\u00e3o e Acolhimento (SNA).&nbsp;Dados do Conselho Nacional de Justi\u00e7a mostram que das ado\u00e7\u00f5es&nbsp;efetivas feitas nos \u00faltimos&nbsp;seis anos, 47% foram de crian\u00e7as que tinham at\u00e9 tr\u00eas&nbsp;anos na data da senten\u00e7a, 28% de crian\u00e7as de&nbsp;quatro&nbsp;a&nbsp;sete&nbsp;anos completos, 17% de&nbsp;oito&nbsp;a 11 anos completos e 8% foram de adolescentes, ou seja, maiores de 12 anos completos. Em 2019, 3.062 crian\u00e7as foram adotadas por meio do SNA.&nbsp;Em 2020, no entanto, como um dos efeitos da pandemia,&nbsp;somente&nbsp;2.505&nbsp;conquistaram nova fam\u00edlia.<\/p>\n\n\n\n<p class=\"wp-block-paragraph\">H\u00e1 v\u00e1rias maneiras de se adotar uma crian\u00e7a ou um adolescente. O processo&nbsp;\u00e9 regido&nbsp;pela Lei Nacional da Ado\u00e7\u00e3o (<a href=\"http:\/\/www.planalto.gov.br\/ccivil_03\/_ato2007-2010\/2009\/lei\/l12010.htm\" target=\"_blank\" rel=\"noreferrer noopener\"><strong>Lei n\u00ba&nbsp;12.010, de&nbsp;3 de agosto&nbsp;de 2009<\/strong><\/a>) e pelo&nbsp;Estatuto da Crian\u00e7a e do Adolescente&nbsp;(<a href=\"http:\/\/www.planalto.gov.br\/ccivil_03\/leis\/l8069.htm\" target=\"_blank\" rel=\"noreferrer noopener\"><strong>Lei&nbsp;8.069, de&nbsp;13 de julho&nbsp;de 1990<\/strong><\/a>).&nbsp;Conhe\u00e7a os principais&nbsp;tipos&nbsp;de ado\u00e7\u00e3o:<\/p>\n\n\n\n<p class=\"wp-block-paragraph\"><strong>1. Unilateral<\/strong><\/p>\n\n\n\n<p class=\"wp-block-paragraph\">Ocorre quando o filho de outra rela\u00e7\u00e3o do c\u00f4njuge ou companheiro \u00e9 adotado, quando n\u00e3o consta o nome de um dos genitores na certid\u00e3o, ou este tenha perdido o poder familiar. H\u00e1 ainda casos em que o genitor morre e o c\u00f4njuge\/companheiro adota o filho dessa pessoa, formando assim um novo v\u00ednculo familiar e jur\u00eddico.<\/p>\n\n\n\n<p class=\"wp-block-paragraph\"><strong>2. Legal<\/strong><\/p>\n\n\n\n<p class=\"wp-block-paragraph\">Essa \u00e9&nbsp;forma&nbsp;mais conhecida de ado\u00e7\u00e3o, onde a pessoa\/casal que deseja adotar deve se dirigir \u00e0 Vara de Inf\u00e2ncia e Juventude da comarca em que reside para se habilitar ao processo de ado\u00e7\u00e3o.<\/p>\n\n\n\n<p class=\"wp-block-paragraph\"><strong>3. Homoparental<\/strong><\/p>\n\n\n\n<p class=\"wp-block-paragraph\">\u00c9 a realizada por um casal ou uma s\u00f3 pessoa homossexual.&nbsp;O Supremo Tribunal Federal reconhece a uni\u00e3o&nbsp;homoafetiva&nbsp;como um n\u00facleo familiar como qualquer outro e, al\u00e9m disso, o Estatuto da Crian\u00e7a e do Adolescente autoriza a&nbsp;ado\u00e7\u00e3o&nbsp;por uma \u00fanica pessoa, sem fazer qualquer restri\u00e7\u00e3o quanto \u00e0 sua orienta\u00e7\u00e3o sexual.<\/p>\n\n\n\n<p class=\"wp-block-paragraph\"><strong>4. Por&nbsp;testamento&nbsp;e ado\u00e7\u00e3o p\u00f3stuma<\/strong><\/p>\n\n\n\n<p class=\"wp-block-paragraph\">A ado\u00e7\u00e3o&nbsp;p\u00f3s-morte&nbsp;\u00e9 permitida desde que, em vida, o indiv\u00edduo tenha manifestado essa vontade, iniciando o processo de ado\u00e7\u00e3o.&nbsp;J\u00e1 a ado\u00e7\u00e3o puramente por testamento n\u00e3o \u00e9 permitida,&nbsp;apesar disso&nbsp;a declara\u00e7\u00e3o de vontade de reconhecimento de algu\u00e9m como seu filho&nbsp;\u00e9 considerada&nbsp;para posteriores medidas judiciais.<\/p>\n\n\n\n<p class=\"wp-block-paragraph\"><strong>5. Bilateral\/conjunta<\/strong><\/p>\n\n\n\n<p class=\"wp-block-paragraph\">Regulamentada pelo Artigo n\u00ba&nbsp;42, Par\u00e1grafo&nbsp;2\u00ba&nbsp;do&nbsp;Estatuto da Crian\u00e7a e do Adolescente, nessa modalidade&nbsp;\u00e9&nbsp;obrigat\u00f3rio&nbsp;que os adotantes sejam casados ou mantenham uni\u00e3o est\u00e1vel, com a necessidade de comprovar a estabilidade da fam\u00edlia.<\/p>\n\n\n\n<p class=\"wp-block-paragraph\">No caso de&nbsp;divorciados,&nbsp;de pessoas&nbsp;judicialmente separadas,&nbsp;a legisla\u00e7\u00e3o prev\u00ea&nbsp;que&nbsp;os ex-companheiros podem&nbsp;adotar em conjunto, desde que que,&nbsp;nesse caso,&nbsp;o est\u00e1gio de conviv\u00eancia tenha&nbsp;come\u00e7ado&nbsp;durante o per\u00edodo de relacionamento do casal, e que seja demonstrada a exist\u00eancia de v\u00ednculos de afinidade e afetividade com o n\u00e3o detentor da guarda.<\/p>\n\n\n\n<p class=\"wp-block-paragraph\"><strong>6.&nbsp;De maiores<\/strong><\/p>\n\n\n\n<p class=\"wp-block-paragraph\">Segundo o&nbsp;Estatuto da Crian\u00e7a e do Adolescente, \u00e9 poss\u00edvel a ado\u00e7\u00e3o de maior de 18 anos, desde que j\u00e1 esteja sob guarda ou tutela dos adotantes (Artigo 40).&nbsp;A diferen\u00e7a de idade entre adotandos e adotados deve ser de, no m\u00ednimo, 16 anos.<\/p>\n\n\n\n<p class=\"wp-block-paragraph\"><strong>7. Internacional<\/strong><\/p>\n\n\n\n<p class=\"wp-block-paragraph\">\u00c9&nbsp;aquela em que os adotantes s\u00e3o residentes e domiciliados fora do Brasil.&nbsp;Esse tipo de ado\u00e7\u00e3o&nbsp;est\u00e1 sujeito a procedimentos&nbsp;pr\u00f3prios e regula\u00e7\u00e3o espec\u00edfica.&nbsp;Essa&nbsp;modalidade \u00e9 medida excepcional, ou seja, s\u00f3 ser\u00e1 feita quando restarem esgotadas todas as possibilidades de ado\u00e7\u00e3o&nbsp;nacional.<\/p>\n\n\n\n<p class=\"wp-block-paragraph\"><strong>Ado\u00e7\u00e3o&nbsp;\u00e0 brasileira<\/strong><\/p>\n\n\n\n<p class=\"wp-block-paragraph\">Al\u00e9m desses tipos de ado\u00e7\u00e3o, um tipo muito frequente no Brasil \u00e9\u00a0ilegal\u00a0e\u00a0conhecida como\u00a0&#8220;ado\u00e7\u00e3o \u00e0 brasileira&#8221;,\u00a0numa refer\u00eancia\u00a0ao famoso &#8220;jeitinho brasileiro&#8221;. Nesse tipo de ado\u00e7\u00e3o um rec\u00e9m-nascido\u00a0\u00e9 entregue\u00a0para que outras pessoas o registrem como filho.\u00a0A pr\u00e1tica \u00e9\u00a0tipificada como\u00a0crime, com penas\u00a0previstas\u00a0nos artigos\u00a0242\u00a0e\u00a0297\u00a0do\u00a0C\u00f3digo Penal.<\/p>\n\n\n\n<p class=\"wp-block-paragraph\">&#8212;&#8212;&#8212;&#8212;&#8212;&#8212;<br><em>Quer receber as not\u00edcias do <strong>Aconteceu no Vale<\/strong> em primeira m\u00e3o? Siga-nos no Facebook <a rel=\"noreferrer noopener\" href=\"http:\/\/facebook.com\/aconteceunovale\" target=\"_blank\">@aconteceunovale<\/a>, Twitter <a rel=\"noreferrer noopener\" href=\"https:\/\/twitter.com\/noticiadosvales\" target=\"_blank\">@noticiadosvales<\/a> e Instagram <a rel=\"noreferrer noopener\" href=\"https:\/\/www.instagram.com\/aconteceunovale\" target=\"_blank\">@aconteceunovale<\/a>.<\/em><\/p>\n","protected":false},"excerpt":{"rendered":"<p>H\u00e1 atualmente 4.962 crian\u00e7as e adolescentes no pa\u00eds dispon\u00edveis para ado\u00e7\u00e3o, informou&nbsp;o Sistema Nacional de Ado\u00e7\u00e3o e Acolhimento (SNA).&nbsp;Dados do Conselho Nacional de Justi\u00e7a mostram que das ado\u00e7\u00f5es&nbsp;efetivas feitas nos \u00faltimos&nbsp;seis anos, 47% foram de crian\u00e7as que tinham at\u00e9 tr\u00eas&nbsp;anos na data da senten\u00e7a, 28% de crian\u00e7as de&nbsp;quatro&nbsp;a&nbsp;sete&nbsp;anos completos, 17% de&nbsp;oito&nbsp;a 11 anos completos e [&hellip;]<\/p>\n","protected":false},"author":4,"featured_media":179468,"comment_status":"open","ping_status":"closed","sticky":false,"template":"","format":"standard","meta":{"amp_status":"","footnotes":""},"categories":[6],"tags":[246902,246897,246898,246899,774,246900,246894,246901,246893,150371,246895,246896,246892,122421,34890,246891,246887,229524,246888,246890,246889],"class_list":["post-179467","post","type-post","status-publish","format-standard","has-post-thumbnail","hentry","category-br","tag-adocao-a-brasileira","tag-adocao-bilateral","tag-adocao-conjunta","tag-adocao-de-adolescentes","tag-adocao-de-criancas","tag-adocao-de-maiores-de-idade","tag-adocao-homoparental","tag-adocao-internacional","tag-adocao-legal","tag-adocao-no-brasil","tag-adocao-por-testamento","tag-adocao-postuma","tag-adocao-unilateral","tag-conselho-nacional-de-justica","tag-estatuto-da-crianca-e-do-adolescente","tag-lei-nacional-da-adocao","tag-saiba-quais-sao-os-tipos-de-adocao-permitidos-no-brasil","tag-sistema-nacional-de-adocao-e-acolhimento","tag-tipos-de-adocao","tag-tipos-de-adocao-autorizados-no-brasil","tag-tipos-de-adocao-permitidos-no-brasil"],"yoast_head":"<!-- This site is optimized with the Yoast SEO plugin v28.3 - https:\/\/yoast.com\/product\/yoast-seo-wordpress\/ -->\n<title>Saiba quais s\u00e3o os tipos de ado\u00e7\u00e3o permitidos no Brasil - Aconteceu no Vale<\/title>\n<meta name=\"robots\" content=\"index, follow, max-snippet:-1, max-image-preview:large, max-video-preview:-1\" \/>\n<link rel=\"canonical\" href=\"https:\/\/aconteceunovale.com.br\/portal\/?p=179467\" \/>\n<meta property=\"og:locale\" content=\"pt_BR\" \/>\n<meta property=\"og:type\" content=\"article\" \/>\n<meta property=\"og:title\" content=\"Saiba quais s\u00e3o os tipos de ado\u00e7\u00e3o permitidos no Brasil - Aconteceu no Vale\" \/>\n<meta property=\"og:description\" content=\"H\u00e1 atualmente 4.962 crian\u00e7as e adolescentes no pa\u00eds dispon\u00edveis para ado\u00e7\u00e3o, informou&nbsp;o Sistema Nacional de Ado\u00e7\u00e3o e Acolhimento (SNA).&nbsp;Dados do Conselho Nacional de Justi\u00e7a mostram que das ado\u00e7\u00f5es&nbsp;efetivas feitas nos \u00faltimos&nbsp;seis anos, 47% foram de crian\u00e7as que tinham at\u00e9 tr\u00eas&nbsp;anos na data da senten\u00e7a, 28% de crian\u00e7as de&nbsp;quatro&nbsp;a&nbsp;sete&nbsp;anos completos, 17% de&nbsp;oito&nbsp;a 11 anos completos e [&hellip;]\" \/>\n<meta property=\"og:url\" content=\"https:\/\/aconteceunovale.com.br\/portal\/?p=179467\" \/>\n<meta property=\"og:site_name\" content=\"Aconteceu no Vale\" \/>\n<meta property=\"article:publisher\" content=\"https:\/\/www.facebook.com\/aconteceunovale\/\" \/>\n<meta property=\"article:published_time\" content=\"2021-06-21T16:18:33+00:00\" \/>\n<meta property=\"article:modified_time\" content=\"2021-06-21T16:21:10+00:00\" \/>\n<meta property=\"og:image\" content=\"https:\/\/aconteceunovale.com.br\/portal\/wp-content\/uploads\/2021\/06\/adocao.jpg\" \/>\n\t<meta property=\"og:image:width\" content=\"678\" \/>\n\t<meta property=\"og:image:height\" content=\"382\" \/>\n\t<meta property=\"og:image:type\" content=\"image\/jpeg\" \/>\n<meta name=\"author\" content=\"Reda\u00e7\u00e3o Aconteceu no Vale\" \/>\n<meta name=\"twitter:card\" content=\"summary_large_image\" \/>\n<meta name=\"twitter:creator\" content=\"@noticiadosvales\" \/>\n<meta name=\"twitter:site\" content=\"@noticiadosvales\" \/>\n<meta name=\"twitter:label1\" content=\"Escrito por\" \/>\n\t<meta name=\"twitter:data1\" content=\"Reda\u00e7\u00e3o Aconteceu no Vale\" \/>\n\t<meta name=\"twitter:label2\" content=\"Est. tempo de leitura\" \/>\n\t<meta name=\"twitter:data2\" content=\"4 minutos\" \/>\n<script type=\"application\/ld+json\" class=\"yoast-schema-graph\">{\"@context\":\"https:\\\/\\\/schema.org\",\"@graph\":[{\"@type\":\"Article\",\"@id\":\"https:\\\/\\\/aconteceunovale.com.br\\\/portal\\\/?p=179467#article\",\"isPartOf\":{\"@id\":\"https:\\\/\\\/aconteceunovale.com.br\\\/portal\\\/?p=179467\"},\"author\":{\"name\":\"Reda\u00e7\u00e3o Aconteceu no Vale\",\"@id\":\"https:\\\/\\\/aconteceunovale.com.br\\\/portal\\\/#\\\/schema\\\/person\\\/7d2f26d1483f8a63de73da1ee0754d35\"},\"headline\":\"Saiba quais s\u00e3o os tipos de ado\u00e7\u00e3o permitidos no Brasil\",\"datePublished\":\"2021-06-21T16:18:33+00:00\",\"dateModified\":\"2021-06-21T16:21:10+00:00\",\"mainEntityOfPage\":{\"@id\":\"https:\\\/\\\/aconteceunovale.com.br\\\/portal\\\/?p=179467\"},\"wordCount\":742,\"commentCount\":0,\"image\":{\"@id\":\"https:\\\/\\\/aconteceunovale.com.br\\\/portal\\\/?p=179467#primaryimage\"},\"thumbnailUrl\":\"https:\\\/\\\/aconteceunovale.com.br\\\/portal\\\/wp-content\\\/uploads\\\/2021\\\/06\\\/adocao.jpg\",\"keywords\":[\"Ado\u00e7\u00e3o \u00e0 brasileira\",\"Ado\u00e7\u00e3o bilateral\",\"Ado\u00e7\u00e3o conjunta\",\"Ado\u00e7\u00e3o de adolescentes\",\"ado\u00e7\u00e3o de crian\u00e7as\",\"Ado\u00e7\u00e3o de maiores de idade\",\"Ado\u00e7\u00e3o homoparental\",\"Ado\u00e7\u00e3o internacional\",\"Ado\u00e7\u00e3o legal\",\"Ado\u00e7\u00e3o no Brasil\",\"Ado\u00e7\u00e3o por testamento\",\"Ado\u00e7\u00e3o p\u00f3stuma\",\"Ado\u00e7\u00e3o unilateral\",\"Conselho Nacional de Justi\u00e7a\",\"Estatuto da Crian\u00e7a e do Adolescente\",\"Lei Nacional da Ado\u00e7\u00e3o\",\"Saiba quais s\u00e3o os tipos de ado\u00e7\u00e3o permitidos no Brasil\",\"Sistema Nacional de Ado\u00e7\u00e3o e Acolhimento\",\"Tipos de ado\u00e7\u00e3o\",\"Tipos de ado\u00e7\u00e3o autorizados no Brasil\",\"Tipos de ado\u00e7\u00e3o permitidos no Brasil\"],\"articleSection\":[\"Brasil\"],\"inLanguage\":\"pt-BR\",\"potentialAction\":[{\"@type\":\"CommentAction\",\"name\":\"Comment\",\"target\":[\"https:\\\/\\\/aconteceunovale.com.br\\\/portal\\\/?p=179467#respond\"]}]},{\"@type\":\"WebPage\",\"@id\":\"https:\\\/\\\/aconteceunovale.com.br\\\/portal\\\/?p=179467\",\"url\":\"https:\\\/\\\/aconteceunovale.com.br\\\/portal\\\/?p=179467\",\"name\":\"Saiba quais s\u00e3o os tipos de ado\u00e7\u00e3o permitidos no Brasil - Aconteceu no Vale\",\"isPartOf\":{\"@id\":\"https:\\\/\\\/aconteceunovale.com.br\\\/portal\\\/#website\"},\"primaryImageOfPage\":{\"@id\":\"https:\\\/\\\/aconteceunovale.com.br\\\/portal\\\/?p=179467#primaryimage\"},\"image\":{\"@id\":\"https:\\\/\\\/aconteceunovale.com.br\\\/portal\\\/?p=179467#primaryimage\"},\"thumbnailUrl\":\"https:\\\/\\\/aconteceunovale.com.br\\\/portal\\\/wp-content\\\/uploads\\\/2021\\\/06\\\/adocao.jpg\",\"datePublished\":\"2021-06-21T16:18:33+00:00\",\"dateModified\":\"2021-06-21T16:21:10+00:00\",\"author\":{\"@id\":\"https:\\\/\\\/aconteceunovale.com.br\\\/portal\\\/#\\\/schema\\\/person\\\/7d2f26d1483f8a63de73da1ee0754d35\"},\"breadcrumb\":{\"@id\":\"https:\\\/\\\/aconteceunovale.com.br\\\/portal\\\/?p=179467#breadcrumb\"},\"inLanguage\":\"pt-BR\",\"potentialAction\":[{\"@type\":\"ReadAction\",\"target\":[\"https:\\\/\\\/aconteceunovale.com.br\\\/portal\\\/?p=179467\"]}]},{\"@type\":\"ImageObject\",\"inLanguage\":\"pt-BR\",\"@id\":\"https:\\\/\\\/aconteceunovale.com.br\\\/portal\\\/?p=179467#primaryimage\",\"url\":\"https:\\\/\\\/aconteceunovale.com.br\\\/portal\\\/wp-content\\\/uploads\\\/2021\\\/06\\\/adocao.jpg\",\"contentUrl\":\"https:\\\/\\\/aconteceunovale.com.br\\\/portal\\\/wp-content\\\/uploads\\\/2021\\\/06\\\/adocao.jpg\",\"width\":678,\"height\":382},{\"@type\":\"BreadcrumbList\",\"@id\":\"https:\\\/\\\/aconteceunovale.com.br\\\/portal\\\/?p=179467#breadcrumb\",\"itemListElement\":[{\"@type\":\"ListItem\",\"position\":1,\"name\":\"In\u00edcio\",\"item\":\"https:\\\/\\\/aconteceunovale.com.br\\\/portal\\\/\"},{\"@type\":\"ListItem\",\"position\":2,\"name\":\"Saiba quais s\u00e3o os tipos de ado\u00e7\u00e3o permitidos no Brasil\"}]},{\"@type\":\"WebSite\",\"@id\":\"https:\\\/\\\/aconteceunovale.com.br\\\/portal\\\/#website\",\"url\":\"https:\\\/\\\/aconteceunovale.com.br\\\/portal\\\/\",\"name\":\"Aconteceu no Vale\",\"description\":\"Portal de Not\u00edcias\",\"potentialAction\":[{\"@type\":\"SearchAction\",\"target\":{\"@type\":\"EntryPoint\",\"urlTemplate\":\"https:\\\/\\\/aconteceunovale.com.br\\\/portal\\\/?s={search_term_string}\"},\"query-input\":{\"@type\":\"PropertyValueSpecification\",\"valueRequired\":true,\"valueName\":\"search_term_string\"}}],\"inLanguage\":\"pt-BR\"},{\"@type\":\"Person\",\"@id\":\"https:\\\/\\\/aconteceunovale.com.br\\\/portal\\\/#\\\/schema\\\/person\\\/7d2f26d1483f8a63de73da1ee0754d35\",\"name\":\"Reda\u00e7\u00e3o Aconteceu no Vale\",\"description\":\"Equipe de reportagem do Aconteceu no Vale, portal de not\u00edcias do Vale do Jequitinhonha, em Minas Gerais. Cobrimos as 51 cidades do Vale desde 2013. Sugest\u00f5es de pauta e pedidos de corre\u00e7\u00e3o: contato@aconteceunovale.com.br\",\"url\":\"https:\\\/\\\/aconteceunovale.com.br\\\/portal\\\/?author=4\"}]}<\/script>\n<!-- \/ Yoast SEO plugin. -->","yoast_head_json":{"title":"Saiba quais s\u00e3o os tipos de ado\u00e7\u00e3o permitidos no Brasil - Aconteceu no Vale","robots":{"index":"index","follow":"follow","max-snippet":"max-snippet:-1","max-image-preview":"max-image-preview:large","max-video-preview":"max-video-preview:-1"},"canonical":"https:\/\/aconteceunovale.com.br\/portal\/?p=179467","og_locale":"pt_BR","og_type":"article","og_title":"Saiba quais s\u00e3o os tipos de ado\u00e7\u00e3o permitidos no Brasil - Aconteceu no Vale","og_description":"H\u00e1 atualmente 4.962 crian\u00e7as e adolescentes no pa\u00eds dispon\u00edveis para ado\u00e7\u00e3o, informou&nbsp;o Sistema Nacional de Ado\u00e7\u00e3o e Acolhimento (SNA).&nbsp;Dados do Conselho Nacional de Justi\u00e7a mostram que das ado\u00e7\u00f5es&nbsp;efetivas feitas nos \u00faltimos&nbsp;seis anos, 47% foram de crian\u00e7as que tinham at\u00e9 tr\u00eas&nbsp;anos na data da senten\u00e7a, 28% de crian\u00e7as de&nbsp;quatro&nbsp;a&nbsp;sete&nbsp;anos completos, 17% de&nbsp;oito&nbsp;a 11 anos completos e [&hellip;]","og_url":"https:\/\/aconteceunovale.com.br\/portal\/?p=179467","og_site_name":"Aconteceu no Vale","article_publisher":"https:\/\/www.facebook.com\/aconteceunovale\/","article_published_time":"2021-06-21T16:18:33+00:00","article_modified_time":"2021-06-21T16:21:10+00:00","og_image":[{"width":678,"height":382,"url":"https:\/\/aconteceunovale.com.br\/portal\/wp-content\/uploads\/2021\/06\/adocao.jpg","type":"image\/jpeg"}],"author":"Reda\u00e7\u00e3o Aconteceu no Vale","twitter_card":"summary_large_image","twitter_creator":"@noticiadosvales","twitter_site":"@noticiadosvales","twitter_misc":{"Escrito por":"Reda\u00e7\u00e3o Aconteceu no Vale","Est. tempo de leitura":"4 minutos"},"schema":{"@context":"https:\/\/schema.org","@graph":[{"@type":"Article","@id":"https:\/\/aconteceunovale.com.br\/portal\/?p=179467#article","isPartOf":{"@id":"https:\/\/aconteceunovale.com.br\/portal\/?p=179467"},"author":{"name":"Reda\u00e7\u00e3o Aconteceu no Vale","@id":"https:\/\/aconteceunovale.com.br\/portal\/#\/schema\/person\/7d2f26d1483f8a63de73da1ee0754d35"},"headline":"Saiba quais s\u00e3o os tipos de ado\u00e7\u00e3o permitidos no Brasil","datePublished":"2021-06-21T16:18:33+00:00","dateModified":"2021-06-21T16:21:10+00:00","mainEntityOfPage":{"@id":"https:\/\/aconteceunovale.com.br\/portal\/?p=179467"},"wordCount":742,"commentCount":0,"image":{"@id":"https:\/\/aconteceunovale.com.br\/portal\/?p=179467#primaryimage"},"thumbnailUrl":"https:\/\/aconteceunovale.com.br\/portal\/wp-content\/uploads\/2021\/06\/adocao.jpg","keywords":["Ado\u00e7\u00e3o \u00e0 brasileira","Ado\u00e7\u00e3o bilateral","Ado\u00e7\u00e3o conjunta","Ado\u00e7\u00e3o de adolescentes","ado\u00e7\u00e3o de crian\u00e7as","Ado\u00e7\u00e3o de maiores de idade","Ado\u00e7\u00e3o homoparental","Ado\u00e7\u00e3o internacional","Ado\u00e7\u00e3o legal","Ado\u00e7\u00e3o no Brasil","Ado\u00e7\u00e3o por testamento","Ado\u00e7\u00e3o p\u00f3stuma","Ado\u00e7\u00e3o unilateral","Conselho Nacional de Justi\u00e7a","Estatuto da Crian\u00e7a e do Adolescente","Lei Nacional da Ado\u00e7\u00e3o","Saiba quais s\u00e3o os tipos de ado\u00e7\u00e3o permitidos no Brasil","Sistema Nacional de Ado\u00e7\u00e3o e Acolhimento","Tipos de ado\u00e7\u00e3o","Tipos de ado\u00e7\u00e3o autorizados no Brasil","Tipos de ado\u00e7\u00e3o permitidos no Brasil"],"articleSection":["Brasil"],"inLanguage":"pt-BR","potentialAction":[{"@type":"CommentAction","name":"Comment","target":["https:\/\/aconteceunovale.com.br\/portal\/?p=179467#respond"]}]},{"@type":"WebPage","@id":"https:\/\/aconteceunovale.com.br\/portal\/?p=179467","url":"https:\/\/aconteceunovale.com.br\/portal\/?p=179467","name":"Saiba quais s\u00e3o os tipos de ado\u00e7\u00e3o permitidos no Brasil - Aconteceu no Vale","isPartOf":{"@id":"https:\/\/aconteceunovale.com.br\/portal\/#website"},"primaryImageOfPage":{"@id":"https:\/\/aconteceunovale.com.br\/portal\/?p=179467#primaryimage"},"image":{"@id":"https:\/\/aconteceunovale.com.br\/portal\/?p=179467#primaryimage"},"thumbnailUrl":"https:\/\/aconteceunovale.com.br\/portal\/wp-content\/uploads\/2021\/06\/adocao.jpg","datePublished":"2021-06-21T16:18:33+00:00","dateModified":"2021-06-21T16:21:10+00:00","author":{"@id":"https:\/\/aconteceunovale.com.br\/portal\/#\/schema\/person\/7d2f26d1483f8a63de73da1ee0754d35"},"breadcrumb":{"@id":"https:\/\/aconteceunovale.com.br\/portal\/?p=179467#breadcrumb"},"inLanguage":"pt-BR","potentialAction":[{"@type":"ReadAction","target":["https:\/\/aconteceunovale.com.br\/portal\/?p=179467"]}]},{"@type":"ImageObject","inLanguage":"pt-BR","@id":"https:\/\/aconteceunovale.com.br\/portal\/?p=179467#primaryimage","url":"https:\/\/aconteceunovale.com.br\/portal\/wp-content\/uploads\/2021\/06\/adocao.jpg","contentUrl":"https:\/\/aconteceunovale.com.br\/portal\/wp-content\/uploads\/2021\/06\/adocao.jpg","width":678,"height":382},{"@type":"BreadcrumbList","@id":"https:\/\/aconteceunovale.com.br\/portal\/?p=179467#breadcrumb","itemListElement":[{"@type":"ListItem","position":1,"name":"In\u00edcio","item":"https:\/\/aconteceunovale.com.br\/portal\/"},{"@type":"ListItem","position":2,"name":"Saiba quais s\u00e3o os tipos de ado\u00e7\u00e3o permitidos no Brasil"}]},{"@type":"WebSite","@id":"https:\/\/aconteceunovale.com.br\/portal\/#website","url":"https:\/\/aconteceunovale.com.br\/portal\/","name":"Aconteceu no Vale","description":"Portal de Not\u00edcias","potentialAction":[{"@type":"SearchAction","target":{"@type":"EntryPoint","urlTemplate":"https:\/\/aconteceunovale.com.br\/portal\/?s={search_term_string}"},"query-input":{"@type":"PropertyValueSpecification","valueRequired":true,"valueName":"search_term_string"}}],"inLanguage":"pt-BR"},{"@type":"Person","@id":"https:\/\/aconteceunovale.com.br\/portal\/#\/schema\/person\/7d2f26d1483f8a63de73da1ee0754d35","name":"Reda\u00e7\u00e3o Aconteceu no Vale","description":"Equipe de reportagem do Aconteceu no Vale, portal de not\u00edcias do Vale do Jequitinhonha, em Minas Gerais. Cobrimos as 51 cidades do Vale desde 2013. Sugest\u00f5es de pauta e pedidos de corre\u00e7\u00e3o: contato@aconteceunovale.com.br","url":"https:\/\/aconteceunovale.com.br\/portal\/?author=4"}]}},"_links":{"self":[{"href":"https:\/\/aconteceunovale.com.br\/portal\/index.php?rest_route=\/wp\/v2\/posts\/179467","targetHints":{"allow":["GET"]}}],"collection":[{"href":"https:\/\/aconteceunovale.com.br\/portal\/index.php?rest_route=\/wp\/v2\/posts"}],"about":[{"href":"https:\/\/aconteceunovale.com.br\/portal\/index.php?rest_route=\/wp\/v2\/types\/post"}],"author":[{"embeddable":true,"href":"https:\/\/aconteceunovale.com.br\/portal\/index.php?rest_route=\/wp\/v2\/users\/4"}],"replies":[{"embeddable":true,"href":"https:\/\/aconteceunovale.com.br\/portal\/index.php?rest_route=%2Fwp%2Fv2%2Fcomments&post=179467"}],"version-history":[{"count":1,"href":"https:\/\/aconteceunovale.com.br\/portal\/index.php?rest_route=\/wp\/v2\/posts\/179467\/revisions"}],"predecessor-version":[{"id":179469,"href":"https:\/\/aconteceunovale.com.br\/portal\/index.php?rest_route=\/wp\/v2\/posts\/179467\/revisions\/179469"}],"wp:featuredmedia":[{"embeddable":true,"href":"https:\/\/aconteceunovale.com.br\/portal\/index.php?rest_route=\/wp\/v2\/media\/179468"}],"wp:attachment":[{"href":"https:\/\/aconteceunovale.com.br\/portal\/index.php?rest_route=%2Fwp%2Fv2%2Fmedia&parent=179467"}],"wp:term":[{"taxonomy":"category","embeddable":true,"href":"https:\/\/aconteceunovale.com.br\/portal\/index.php?rest_route=%2Fwp%2Fv2%2Fcategories&post=179467"},{"taxonomy":"post_tag","embeddable":true,"href":"https:\/\/aconteceunovale.com.br\/portal\/index.php?rest_route=%2Fwp%2Fv2%2Ftags&post=179467"}],"curies":[{"name":"wp","href":"https:\/\/api.w.org\/{rel}","templated":true}]}}