{"id":179457,"date":"2021-06-20T20:26:57","date_gmt":"2021-06-20T23:26:57","guid":{"rendered":"https:\/\/aconteceunovale.com.br\/portal\/?p=179457"},"modified":"2021-06-20T20:28:25","modified_gmt":"2021-06-20T23:28:25","slug":"anvisa-autoriza-estudo-sobre-dose-de-reforco-da-pfizer","status":"publish","type":"post","link":"https:\/\/aconteceunovale.com.br\/portal\/?p=179457","title":{"rendered":"Anvisa autoriza estudo sobre dose de refor\u00e7o da Pfizer"},"content":{"rendered":"\n<p class=\"wp-block-paragraph\">A Ag\u00eancia Nacional de Vigil\u00e2ncia Sanit\u00e1ria (Anvisa) autorizou na sexta-feira&nbsp;(18\/6\/2021) o estudo cl\u00ednico para testar uma poss\u00edvel dose de refor\u00e7o da vacina Comirnaty, da Pfizer.&nbsp;<\/p>\n\n\n\n<p class=\"wp-block-paragraph\">Ser\u00e1 um estudo cl\u00ednico para que o laborat\u00f3rio possa avaliar a seguran\u00e7a, a capacidade de dar uma resposta imune e a efic\u00e1cia de v\u00e1rias estrat\u00e9gias de refor\u00e7o da vacina em diferentes popula\u00e7\u00f5es de participantes, como por exemplo, grupos et\u00e1rios, que receberam previamente 2 doses da vacina no estudo inicial.<\/p>\n\n\n\n<p class=\"wp-block-paragraph\">O estudo pretende recrutar 443 participantes no centro cl\u00ednico do Hospital Santo Ant\u00f4nio da Associa\u00e7\u00e3o Obras Sociais Irm\u00e3 Dulce, em Salvador (BA), e 442 participantes no CEPIC \u2013 Centro Paulista de Investiga\u00e7\u00e3o Cl\u00ednica e Servi\u00e7os M\u00e9dicos, em S\u00e3o Paulo (SP).<\/p>\n\n\n\n<p class=\"wp-block-paragraph\">Ser\u00e3o inclu\u00eddos participantes a partir dos 16 anos de idade que tomaram as duas doses da vacina da Pfizer (BNT162b2)\u00a0h\u00e1 pelo menos 6 meses, no estudo inicial do imunizante.<\/p>\n\n\n\n<p class=\"wp-block-paragraph\">&#8212;&#8212;&#8212;&#8212;&#8212;&#8212;<br><em>Quer receber as not\u00edcias do <strong>Aconteceu no Vale<\/strong> em primeira m\u00e3o? Siga-nos no Facebook <a rel=\"noreferrer noopener\" href=\"http:\/\/facebook.com\/aconteceunovale\" target=\"_blank\">@aconteceunovale<\/a>, Twitter <a rel=\"noreferrer noopener\" href=\"https:\/\/twitter.com\/noticiadosvales\" target=\"_blank\">@noticiadosvales<\/a> e Instagram <a rel=\"noreferrer noopener\" href=\"https:\/\/www.instagram.com\/aconteceunovale\" target=\"_blank\">@aconteceunovale<\/a>.<\/em><\/p>\n","protected":false},"excerpt":{"rendered":"<p>A Ag\u00eancia Nacional de Vigil\u00e2ncia Sanit\u00e1ria (Anvisa) autorizou na sexta-feira&nbsp;(18\/6\/2021) o estudo cl\u00ednico para testar uma poss\u00edvel dose de refor\u00e7o da vacina Comirnaty, da Pfizer.&nbsp; Ser\u00e1 um estudo cl\u00ednico para que o laborat\u00f3rio possa avaliar a seguran\u00e7a, a capacidade de dar uma resposta imune e a efic\u00e1cia de v\u00e1rias estrat\u00e9gias de refor\u00e7o da vacina em [&hellip;]<\/p>\n","protected":false},"author":4,"featured_media":179193,"comment_status":"open","ping_status":"closed","sticky":false,"template":"","format":"standard","meta":{"amp_status":"","footnotes":""},"categories":[6,28848,40242],"tags":[25793,2278,231973,232342,246862,246863,236554,246859,246858,246860,246857,246861,39755,6531,2382,230828],"class_list":["post-179457","post","type-post","status-publish","format-standard","has-post-thumbnail","hentry","category-br","category-mundo","category-saude-2","tag-agencia-nacional-de-vigilancia-sanitaria","tag-anvisa","tag-biontech","tag-bnt162b2","tag-centro-paulista-de-investigacao-clinica-e-servicos-medicos","tag-cepic","tag-comirnaty","tag-dose-de-reforco-da-comirnaty","tag-dose-de-reforco-da-pfizer","tag-estudo-sobre-dose-de-reforco-da-comirnaty","tag-estudo-sobre-dose-de-reforco-da-pfizer","tag-hospital-santo-antonio-da-associacao-obras-sociais-irma-dulce","tag-pfizer","tag-salvador","tag-sao-paulo","tag-vacina-da-pfizer"],"yoast_head":"<!-- This site is optimized with the Yoast SEO plugin v28.3 - https:\/\/yoast.com\/product\/yoast-seo-wordpress\/ -->\n<title>Anvisa autoriza estudo sobre dose de refor\u00e7o da Pfizer - Aconteceu no Vale<\/title>\n<meta name=\"robots\" content=\"index, follow, max-snippet:-1, max-image-preview:large, max-video-preview:-1\" \/>\n<link rel=\"canonical\" href=\"https:\/\/aconteceunovale.com.br\/portal\/?p=179457\" \/>\n<meta property=\"og:locale\" content=\"pt_BR\" \/>\n<meta property=\"og:type\" content=\"article\" \/>\n<meta property=\"og:title\" content=\"Anvisa autoriza estudo sobre dose de refor\u00e7o da Pfizer - Aconteceu no Vale\" \/>\n<meta property=\"og:description\" content=\"A Ag\u00eancia Nacional de Vigil\u00e2ncia Sanit\u00e1ria (Anvisa) autorizou na sexta-feira&nbsp;(18\/6\/2021) o estudo cl\u00ednico para testar uma poss\u00edvel dose de refor\u00e7o da vacina Comirnaty, da Pfizer.&nbsp; Ser\u00e1 um estudo cl\u00ednico para que o laborat\u00f3rio possa avaliar a seguran\u00e7a, a capacidade de dar uma resposta imune e a efic\u00e1cia de v\u00e1rias estrat\u00e9gias de refor\u00e7o da vacina em [&hellip;]\" \/>\n<meta property=\"og:url\" content=\"https:\/\/aconteceunovale.com.br\/portal\/?p=179457\" \/>\n<meta property=\"og:site_name\" content=\"Aconteceu no Vale\" \/>\n<meta property=\"article:publisher\" content=\"https:\/\/www.facebook.com\/aconteceunovale\/\" \/>\n<meta property=\"article:published_time\" content=\"2021-06-20T23:26:57+00:00\" \/>\n<meta property=\"article:modified_time\" content=\"2021-06-20T23:28:25+00:00\" \/>\n<meta property=\"og:image\" content=\"https:\/\/aconteceunovale.com.br\/portal\/wp-content\/uploads\/2021\/06\/vacina_pfizer_caixa.jpeg\" \/>\n\t<meta property=\"og:image:width\" content=\"678\" \/>\n\t<meta property=\"og:image:height\" content=\"313\" \/>\n\t<meta property=\"og:image:type\" content=\"image\/jpeg\" \/>\n<meta name=\"author\" content=\"Reda\u00e7\u00e3o Aconteceu no Vale\" \/>\n<meta name=\"twitter:card\" content=\"summary_large_image\" \/>\n<meta name=\"twitter:creator\" content=\"@noticiadosvales\" \/>\n<meta name=\"twitter:site\" content=\"@noticiadosvales\" \/>\n<meta name=\"twitter:label1\" content=\"Escrito por\" \/>\n\t<meta name=\"twitter:data1\" content=\"Reda\u00e7\u00e3o Aconteceu no Vale\" \/>\n\t<meta name=\"twitter:label2\" content=\"Est. tempo de leitura\" \/>\n\t<meta name=\"twitter:data2\" content=\"1 minuto\" \/>\n<script type=\"application\/ld+json\" class=\"yoast-schema-graph\">{\"@context\":\"https:\\\/\\\/schema.org\",\"@graph\":[{\"@type\":\"Article\",\"@id\":\"https:\\\/\\\/aconteceunovale.com.br\\\/portal\\\/?p=179457#article\",\"isPartOf\":{\"@id\":\"https:\\\/\\\/aconteceunovale.com.br\\\/portal\\\/?p=179457\"},\"author\":{\"name\":\"Reda\u00e7\u00e3o Aconteceu no Vale\",\"@id\":\"https:\\\/\\\/aconteceunovale.com.br\\\/portal\\\/#\\\/schema\\\/person\\\/7d2f26d1483f8a63de73da1ee0754d35\"},\"headline\":\"Anvisa autoriza estudo sobre dose de refor\u00e7o da Pfizer\",\"datePublished\":\"2021-06-20T23:26:57+00:00\",\"dateModified\":\"2021-06-20T23:28:25+00:00\",\"mainEntityOfPage\":{\"@id\":\"https:\\\/\\\/aconteceunovale.com.br\\\/portal\\\/?p=179457\"},\"wordCount\":199,\"commentCount\":0,\"image\":{\"@id\":\"https:\\\/\\\/aconteceunovale.com.br\\\/portal\\\/?p=179457#primaryimage\"},\"thumbnailUrl\":\"https:\\\/\\\/aconteceunovale.com.br\\\/portal\\\/wp-content\\\/uploads\\\/2021\\\/06\\\/vacina_pfizer_caixa.jpeg\",\"keywords\":[\"Ag\u00eancia Nacional de Vigil\u00e2ncia Sanit\u00e1ria\",\"Anvisa\",\"Biontech\",\"BNT162b2\",\"Centro Paulista de Investiga\u00e7\u00e3o Cl\u00ednica e Servi\u00e7os M\u00e9dicos\",\"CEPIC\",\"Comirnaty\",\"Dose de refor\u00e7o da Comirnaty\",\"Dose de refor\u00e7o da Pfizer\",\"Estudo sobre dose de refor\u00e7o da Comirnaty\",\"Estudo sobre dose de refor\u00e7o da Pfizer\",\"Hospital Santo Ant\u00f4nio da Associa\u00e7\u00e3o Obras Sociais Irm\u00e3 Dulce\",\"Pfizer\",\"Salvador\",\"S\u00e3o Paulo\",\"Vacina da Pfizer\"],\"articleSection\":[\"Brasil\",\"Mundo\",\"Sa\u00fade\"],\"inLanguage\":\"pt-BR\",\"potentialAction\":[{\"@type\":\"CommentAction\",\"name\":\"Comment\",\"target\":[\"https:\\\/\\\/aconteceunovale.com.br\\\/portal\\\/?p=179457#respond\"]}]},{\"@type\":\"WebPage\",\"@id\":\"https:\\\/\\\/aconteceunovale.com.br\\\/portal\\\/?p=179457\",\"url\":\"https:\\\/\\\/aconteceunovale.com.br\\\/portal\\\/?p=179457\",\"name\":\"Anvisa autoriza estudo sobre dose de refor\u00e7o da Pfizer - Aconteceu no Vale\",\"isPartOf\":{\"@id\":\"https:\\\/\\\/aconteceunovale.com.br\\\/portal\\\/#website\"},\"primaryImageOfPage\":{\"@id\":\"https:\\\/\\\/aconteceunovale.com.br\\\/portal\\\/?p=179457#primaryimage\"},\"image\":{\"@id\":\"https:\\\/\\\/aconteceunovale.com.br\\\/portal\\\/?p=179457#primaryimage\"},\"thumbnailUrl\":\"https:\\\/\\\/aconteceunovale.com.br\\\/portal\\\/wp-content\\\/uploads\\\/2021\\\/06\\\/vacina_pfizer_caixa.jpeg\",\"datePublished\":\"2021-06-20T23:26:57+00:00\",\"dateModified\":\"2021-06-20T23:28:25+00:00\",\"author\":{\"@id\":\"https:\\\/\\\/aconteceunovale.com.br\\\/portal\\\/#\\\/schema\\\/person\\\/7d2f26d1483f8a63de73da1ee0754d35\"},\"breadcrumb\":{\"@id\":\"https:\\\/\\\/aconteceunovale.com.br\\\/portal\\\/?p=179457#breadcrumb\"},\"inLanguage\":\"pt-BR\",\"potentialAction\":[{\"@type\":\"ReadAction\",\"target\":[\"https:\\\/\\\/aconteceunovale.com.br\\\/portal\\\/?p=179457\"]}]},{\"@type\":\"ImageObject\",\"inLanguage\":\"pt-BR\",\"@id\":\"https:\\\/\\\/aconteceunovale.com.br\\\/portal\\\/?p=179457#primaryimage\",\"url\":\"https:\\\/\\\/aconteceunovale.com.br\\\/portal\\\/wp-content\\\/uploads\\\/2021\\\/06\\\/vacina_pfizer_caixa.jpeg\",\"contentUrl\":\"https:\\\/\\\/aconteceunovale.com.br\\\/portal\\\/wp-content\\\/uploads\\\/2021\\\/06\\\/vacina_pfizer_caixa.jpeg\",\"width\":678,\"height\":313},{\"@type\":\"BreadcrumbList\",\"@id\":\"https:\\\/\\\/aconteceunovale.com.br\\\/portal\\\/?p=179457#breadcrumb\",\"itemListElement\":[{\"@type\":\"ListItem\",\"position\":1,\"name\":\"In\u00edcio\",\"item\":\"https:\\\/\\\/aconteceunovale.com.br\\\/portal\\\/\"},{\"@type\":\"ListItem\",\"position\":2,\"name\":\"Anvisa autoriza estudo sobre dose de refor\u00e7o da Pfizer\"}]},{\"@type\":\"WebSite\",\"@id\":\"https:\\\/\\\/aconteceunovale.com.br\\\/portal\\\/#website\",\"url\":\"https:\\\/\\\/aconteceunovale.com.br\\\/portal\\\/\",\"name\":\"Aconteceu no Vale\",\"description\":\"Portal de Not\u00edcias\",\"potentialAction\":[{\"@type\":\"SearchAction\",\"target\":{\"@type\":\"EntryPoint\",\"urlTemplate\":\"https:\\\/\\\/aconteceunovale.com.br\\\/portal\\\/?s={search_term_string}\"},\"query-input\":{\"@type\":\"PropertyValueSpecification\",\"valueRequired\":true,\"valueName\":\"search_term_string\"}}],\"inLanguage\":\"pt-BR\"},{\"@type\":\"Person\",\"@id\":\"https:\\\/\\\/aconteceunovale.com.br\\\/portal\\\/#\\\/schema\\\/person\\\/7d2f26d1483f8a63de73da1ee0754d35\",\"name\":\"Reda\u00e7\u00e3o Aconteceu no Vale\",\"description\":\"Equipe de reportagem do Aconteceu no Vale, portal de not\u00edcias do Vale do Jequitinhonha, em Minas Gerais. Cobrimos as 51 cidades do Vale desde 2013. Sugest\u00f5es de pauta e pedidos de corre\u00e7\u00e3o: contato@aconteceunovale.com.br\",\"url\":\"https:\\\/\\\/aconteceunovale.com.br\\\/portal\\\/?author=4\"}]}<\/script>\n<!-- \/ Yoast SEO plugin. -->","yoast_head_json":{"title":"Anvisa autoriza estudo sobre dose de refor\u00e7o da Pfizer - Aconteceu no Vale","robots":{"index":"index","follow":"follow","max-snippet":"max-snippet:-1","max-image-preview":"max-image-preview:large","max-video-preview":"max-video-preview:-1"},"canonical":"https:\/\/aconteceunovale.com.br\/portal\/?p=179457","og_locale":"pt_BR","og_type":"article","og_title":"Anvisa autoriza estudo sobre dose de refor\u00e7o da Pfizer - Aconteceu no Vale","og_description":"A Ag\u00eancia Nacional de Vigil\u00e2ncia Sanit\u00e1ria (Anvisa) autorizou na sexta-feira&nbsp;(18\/6\/2021) o estudo cl\u00ednico para testar uma poss\u00edvel dose de refor\u00e7o da vacina Comirnaty, da Pfizer.&nbsp; Ser\u00e1 um estudo cl\u00ednico para que o laborat\u00f3rio possa avaliar a seguran\u00e7a, a capacidade de dar uma resposta imune e a efic\u00e1cia de v\u00e1rias estrat\u00e9gias de refor\u00e7o da vacina em [&hellip;]","og_url":"https:\/\/aconteceunovale.com.br\/portal\/?p=179457","og_site_name":"Aconteceu no Vale","article_publisher":"https:\/\/www.facebook.com\/aconteceunovale\/","article_published_time":"2021-06-20T23:26:57+00:00","article_modified_time":"2021-06-20T23:28:25+00:00","og_image":[{"width":678,"height":313,"url":"https:\/\/aconteceunovale.com.br\/portal\/wp-content\/uploads\/2021\/06\/vacina_pfizer_caixa.jpeg","type":"image\/jpeg"}],"author":"Reda\u00e7\u00e3o Aconteceu no Vale","twitter_card":"summary_large_image","twitter_creator":"@noticiadosvales","twitter_site":"@noticiadosvales","twitter_misc":{"Escrito por":"Reda\u00e7\u00e3o Aconteceu no Vale","Est. tempo de leitura":"1 minuto"},"schema":{"@context":"https:\/\/schema.org","@graph":[{"@type":"Article","@id":"https:\/\/aconteceunovale.com.br\/portal\/?p=179457#article","isPartOf":{"@id":"https:\/\/aconteceunovale.com.br\/portal\/?p=179457"},"author":{"name":"Reda\u00e7\u00e3o Aconteceu no Vale","@id":"https:\/\/aconteceunovale.com.br\/portal\/#\/schema\/person\/7d2f26d1483f8a63de73da1ee0754d35"},"headline":"Anvisa autoriza estudo sobre dose de refor\u00e7o da Pfizer","datePublished":"2021-06-20T23:26:57+00:00","dateModified":"2021-06-20T23:28:25+00:00","mainEntityOfPage":{"@id":"https:\/\/aconteceunovale.com.br\/portal\/?p=179457"},"wordCount":199,"commentCount":0,"image":{"@id":"https:\/\/aconteceunovale.com.br\/portal\/?p=179457#primaryimage"},"thumbnailUrl":"https:\/\/aconteceunovale.com.br\/portal\/wp-content\/uploads\/2021\/06\/vacina_pfizer_caixa.jpeg","keywords":["Ag\u00eancia Nacional de Vigil\u00e2ncia Sanit\u00e1ria","Anvisa","Biontech","BNT162b2","Centro Paulista de Investiga\u00e7\u00e3o Cl\u00ednica e Servi\u00e7os M\u00e9dicos","CEPIC","Comirnaty","Dose de refor\u00e7o da Comirnaty","Dose de refor\u00e7o da Pfizer","Estudo sobre dose de refor\u00e7o da Comirnaty","Estudo sobre dose de refor\u00e7o da Pfizer","Hospital Santo Ant\u00f4nio da Associa\u00e7\u00e3o Obras Sociais Irm\u00e3 Dulce","Pfizer","Salvador","S\u00e3o Paulo","Vacina da Pfizer"],"articleSection":["Brasil","Mundo","Sa\u00fade"],"inLanguage":"pt-BR","potentialAction":[{"@type":"CommentAction","name":"Comment","target":["https:\/\/aconteceunovale.com.br\/portal\/?p=179457#respond"]}]},{"@type":"WebPage","@id":"https:\/\/aconteceunovale.com.br\/portal\/?p=179457","url":"https:\/\/aconteceunovale.com.br\/portal\/?p=179457","name":"Anvisa autoriza estudo sobre dose de refor\u00e7o da Pfizer - Aconteceu no Vale","isPartOf":{"@id":"https:\/\/aconteceunovale.com.br\/portal\/#website"},"primaryImageOfPage":{"@id":"https:\/\/aconteceunovale.com.br\/portal\/?p=179457#primaryimage"},"image":{"@id":"https:\/\/aconteceunovale.com.br\/portal\/?p=179457#primaryimage"},"thumbnailUrl":"https:\/\/aconteceunovale.com.br\/portal\/wp-content\/uploads\/2021\/06\/vacina_pfizer_caixa.jpeg","datePublished":"2021-06-20T23:26:57+00:00","dateModified":"2021-06-20T23:28:25+00:00","author":{"@id":"https:\/\/aconteceunovale.com.br\/portal\/#\/schema\/person\/7d2f26d1483f8a63de73da1ee0754d35"},"breadcrumb":{"@id":"https:\/\/aconteceunovale.com.br\/portal\/?p=179457#breadcrumb"},"inLanguage":"pt-BR","potentialAction":[{"@type":"ReadAction","target":["https:\/\/aconteceunovale.com.br\/portal\/?p=179457"]}]},{"@type":"ImageObject","inLanguage":"pt-BR","@id":"https:\/\/aconteceunovale.com.br\/portal\/?p=179457#primaryimage","url":"https:\/\/aconteceunovale.com.br\/portal\/wp-content\/uploads\/2021\/06\/vacina_pfizer_caixa.jpeg","contentUrl":"https:\/\/aconteceunovale.com.br\/portal\/wp-content\/uploads\/2021\/06\/vacina_pfizer_caixa.jpeg","width":678,"height":313},{"@type":"BreadcrumbList","@id":"https:\/\/aconteceunovale.com.br\/portal\/?p=179457#breadcrumb","itemListElement":[{"@type":"ListItem","position":1,"name":"In\u00edcio","item":"https:\/\/aconteceunovale.com.br\/portal\/"},{"@type":"ListItem","position":2,"name":"Anvisa autoriza estudo sobre dose de refor\u00e7o da Pfizer"}]},{"@type":"WebSite","@id":"https:\/\/aconteceunovale.com.br\/portal\/#website","url":"https:\/\/aconteceunovale.com.br\/portal\/","name":"Aconteceu no Vale","description":"Portal de Not\u00edcias","potentialAction":[{"@type":"SearchAction","target":{"@type":"EntryPoint","urlTemplate":"https:\/\/aconteceunovale.com.br\/portal\/?s={search_term_string}"},"query-input":{"@type":"PropertyValueSpecification","valueRequired":true,"valueName":"search_term_string"}}],"inLanguage":"pt-BR"},{"@type":"Person","@id":"https:\/\/aconteceunovale.com.br\/portal\/#\/schema\/person\/7d2f26d1483f8a63de73da1ee0754d35","name":"Reda\u00e7\u00e3o Aconteceu no Vale","description":"Equipe de reportagem do Aconteceu no Vale, portal de not\u00edcias do Vale do Jequitinhonha, em Minas Gerais. Cobrimos as 51 cidades do Vale desde 2013. Sugest\u00f5es de pauta e pedidos de corre\u00e7\u00e3o: contato@aconteceunovale.com.br","url":"https:\/\/aconteceunovale.com.br\/portal\/?author=4"}]}},"_links":{"self":[{"href":"https:\/\/aconteceunovale.com.br\/portal\/index.php?rest_route=\/wp\/v2\/posts\/179457","targetHints":{"allow":["GET"]}}],"collection":[{"href":"https:\/\/aconteceunovale.com.br\/portal\/index.php?rest_route=\/wp\/v2\/posts"}],"about":[{"href":"https:\/\/aconteceunovale.com.br\/portal\/index.php?rest_route=\/wp\/v2\/types\/post"}],"author":[{"embeddable":true,"href":"https:\/\/aconteceunovale.com.br\/portal\/index.php?rest_route=\/wp\/v2\/users\/4"}],"replies":[{"embeddable":true,"href":"https:\/\/aconteceunovale.com.br\/portal\/index.php?rest_route=%2Fwp%2Fv2%2Fcomments&post=179457"}],"version-history":[{"count":1,"href":"https:\/\/aconteceunovale.com.br\/portal\/index.php?rest_route=\/wp\/v2\/posts\/179457\/revisions"}],"predecessor-version":[{"id":179458,"href":"https:\/\/aconteceunovale.com.br\/portal\/index.php?rest_route=\/wp\/v2\/posts\/179457\/revisions\/179458"}],"wp:featuredmedia":[{"embeddable":true,"href":"https:\/\/aconteceunovale.com.br\/portal\/index.php?rest_route=\/wp\/v2\/media\/179193"}],"wp:attachment":[{"href":"https:\/\/aconteceunovale.com.br\/portal\/index.php?rest_route=%2Fwp%2Fv2%2Fmedia&parent=179457"}],"wp:term":[{"taxonomy":"category","embeddable":true,"href":"https:\/\/aconteceunovale.com.br\/portal\/index.php?rest_route=%2Fwp%2Fv2%2Fcategories&post=179457"},{"taxonomy":"post_tag","embeddable":true,"href":"https:\/\/aconteceunovale.com.br\/portal\/index.php?rest_route=%2Fwp%2Fv2%2Ftags&post=179457"}],"curies":[{"name":"wp","href":"https:\/\/api.w.org\/{rel}","templated":true}]}}