{"id":179455,"date":"2021-06-20T20:18:14","date_gmt":"2021-06-20T23:18:14","guid":{"rendered":"https:\/\/aconteceunovale.com.br\/portal\/?p=179455"},"modified":"2021-06-20T20:20:04","modified_gmt":"2021-06-20T23:20:04","slug":"urologista-brasileiro-participa-de-pesquisa-de-tratamento-de-cancer-de-prostata","status":"publish","type":"post","link":"https:\/\/aconteceunovale.com.br\/portal\/?p=179455","title":{"rendered":"Urologista brasileiro participa de pesquisa de tratamento de c\u00e2ncer de pr\u00f3stata"},"content":{"rendered":"\n<p class=\"wp-block-paragraph\">A Terapia\u202fFotodin\u00e2mica com\u202fAlvo\u202fVascular (VTP, na sigla em ingl\u00eas)\u202ftem dado esperan\u00e7a a pacientes com c\u00e2ncer de pr\u00f3stata em baixo risco. Al\u00e9m de barrar a oxigena\u00e7\u00e3o da \u00e1rea tratada, o tratamento estimula\u202fo\u202fsistema\u202fimunol\u00f3gico\u202fcontra o c\u00e2ncer e mant\u00e9m baixa toxicidade localizada, em contraponto aos demais tratamentos focais, que possuem toxicidade\u202flocal\u202fmaior e n\u00e3o preservam o \u00f3rg\u00e3o.<\/p>\n\n\n\n<p class=\"wp-block-paragraph\">O estudo do Memorial Sloan-Kettering\u202fCancer\u202fCenter (MSKCC), de Nova York, que come\u00e7ou h\u00e1 13 anos, atualmente est\u00e1 na fase 2b. A terapia utiliza a subst\u00e2ncia chamada de\u202fPadeliporfina\u202f(WTS11, na sigla em ingl\u00eas) como\u202fagente fotossensibilizante para eliminar o tumor com uma ou no m\u00e1ximo duas sess\u00f5es.<\/p>\n\n\n\n<p class=\"wp-block-paragraph\">O urologista brasileiro e pesquisador visitante do MSKCC Lucas Nogueira, que participa do estudo, disse que a subst\u00e2ncia, derivada da clorofila, \u00e9 injetada na corrente sangu\u00ednea do paciente com a exposi\u00e7\u00e3o de laser infravermelho na \u00e1rea a ser tratada provocando um infarto local. A regi\u00e3o deixa de receber oxigena\u00e7\u00e3o e em horas j\u00e1 come\u00e7a a ocorrer destrui\u00e7\u00e3o do tecido iluminado. O tratamento \u00e9 feito apenas no quadrante onde est\u00e1 o tumor, preservando o restante da pr\u00f3stata.<\/p>\n\n\n\n<h2 class=\"wp-block-heading\">Resultados<\/h2>\n\n\n\n<p class=\"wp-block-paragraph\">O m\u00e9dico disse que os resultados s\u00e3o bastante promissores, j\u00e1 que as op\u00e7\u00f5es existentes atualmente para o tratamento do c\u00e2ncer de pr\u00f3stata ainda t\u00eam riscos de incontin\u00eancia urin\u00e1ria e de impot\u00eancia, o que n\u00e3o ocorreu com a VTP. \u201cIsso pra gente, no contexto, \u00e9 uma coisa muito boa, porque consegue tratar o c\u00e2ncer desses pacientes com uma terapia minimamente invasiva, com alta no mesmo dia, se for o caso, e recupera\u00e7\u00e3o muito r\u00e1pida e com n\u00edvel de efeito colateral muito baixo\u201d, disse o urologista Lucas Nogueira em entrevista \u00e0 Ag\u00eancia Brasil.&nbsp;<\/p>\n\n\n\n<p class=\"wp-block-paragraph\">Ap\u00f3s a alta, o paciente n\u00e3o deve se expor ao sol por tr\u00eas dias e deve se hidratar para elimina\u00e7\u00e3o da droga pela urina.<\/p>\n\n\n\n<p class=\"wp-block-paragraph\">Ap\u00f3s 12 meses, 83% dos tratados n\u00e3o tinham c\u00e2ncer de grau 4 ou 5 de Gleason, que s\u00e3o padr\u00f5es mais agressivos da doen\u00e7a, incluindo 92% dos pacientes que realizaram duas sess\u00f5es do tratamento. Entre os 50 homens tratados, 46 foram avaliados at\u00e9 os 12 meses. Dos quatro que n\u00e3o conclu\u00edram o estudo, um teve falha do tratamento, dois recusaram a bi\u00f3psia de 12 meses e um morreu de covid-19.&nbsp;<\/p>\n\n\n\n<p class=\"wp-block-paragraph\">O estudo submeteu os pacientes aos question\u00e1rios de padr\u00e3o internacional para avalia\u00e7\u00e3o da contin\u00eancia (IPSS, na sigla em ingl\u00eas) e da pot\u00eancia sexual (IIEF-15, na sigla em ingl\u00eas). Efeitos adversos foram registrados em 12% dos pacientes, na sua grande maioria leves, sendo que todos foram resolvidos em tr\u00eas semanas.<\/p>\n\n\n\n<p class=\"wp-block-paragraph\">Lucas Nogueira disse que a terapia j\u00e1 \u00e9 aprovada na Europa, em Israel e no M\u00e9xico para o c\u00e2ncer de pr\u00f3stata de baixo risco desde 2016. Agora, est\u00e1 em busca de aprova\u00e7\u00e3o para o tratamento em pacientes de risco intermedi\u00e1rio.<\/p>\n\n\n\n<h2 class=\"wp-block-heading\">Fase 3<\/h2>\n\n\n\n<p class=\"wp-block-paragraph\">A equipe do\u202fMemorial Sloan-Kettering\u202fCancer\u202fCenter\u202fest\u00e1 finalizando a reda\u00e7\u00e3o do estudo para ser publicado nos pr\u00f3ximos meses e os m\u00e9dicos j\u00e1 est\u00e3o elaborando os protocolos para o in\u00edcio da fase 3. O m\u00e9dico informou que os estudos dependem de patrocinadores e a fase 2b tem apoio da farmac\u00eautica Steba.&nbsp;<\/p>\n\n\n\n<p class=\"wp-block-paragraph\">Lucas Nogueira espera que a continuidade da pesquisa com a fase 3 seja realizada em um per\u00edodo de quatro anos com 300 pacientes. \u201c\u00c9 um estudo mais longo que precisaria de quatro anos para ter resultados\u201d, observou.<\/p>\n\n\n\n<p class=\"wp-block-paragraph\">O urologista torce para que a terapia seja aprovada tamb\u00e9m no Brasil. \u201cEu gostaria muito, se tiver a fase 3, de levar para o Brasil. Acho que seria muito bom para o brasileiro\u201d, disse.<\/p>\n\n\n\n<h2 class=\"wp-block-heading\">Casos avan\u00e7ados<\/h2>\n\n\n\n<p class=\"wp-block-paragraph\">O urologista revelou que os pesquisadores j\u00e1 est\u00e3o planejando testar a terapia em casos mais avan\u00e7ados no futuro. \u201cJ\u00e1 estamos desenhando para pacientes de alto risco\u201d, disse, acrescentando que os estudos devem avan\u00e7ar tamb\u00e9m para o tratamento do c\u00e2ncer urotelial do trato superior, de bexiga, es\u00f4fago, p\u00e2ncreas e pulm\u00e3o. \u201cExiste uma perspectiva muito boa com resultados preliminares no pulm\u00e3o. Pode ser o pr\u00f3ximo, mas \u00e9 bem preliminar ainda\u201d, completou.<\/p>\n\n\n\n<h2 class=\"wp-block-heading\">Casos<\/h2>\n\n\n\n<p class=\"wp-block-paragraph\">De acordo com o Instituto Nacional do C\u00e2ncer (Inca), no Brasil o c\u00e2ncer de pr\u00f3stata \u00e9 o segundo mais comum entre os homens, ficando atr\u00e1s apenas do c\u00e2ncer de pele n\u00e3o-melanoma. A estimativa do instituto para novos casos \u00e9 de 65.840 em 2020. Em 2019 foram 15.983, conforme o Atlas de Mortalidade por C\u00e2ncer. A taxa de incid\u00eancia \u00e9 maior nos pa\u00edses desenvolvidos em compara\u00e7\u00e3o aos pa\u00edses em desenvolvimento.<\/p>\n\n\n\n<p class=\"wp-block-paragraph\">&#8212;&#8212;&#8212;&#8212;&#8212;&#8212;<br><em>Quer receber as not\u00edcias do <strong>Aconteceu no Vale<\/strong> em primeira m\u00e3o? Siga-nos no Facebook <a rel=\"noreferrer noopener\" href=\"http:\/\/facebook.com\/aconteceunovale\" target=\"_blank\">@aconteceunovale<\/a>, Twitter <a rel=\"noreferrer noopener\" href=\"https:\/\/twitter.com\/noticiadosvales\" target=\"_blank\">@noticiadosvales<\/a> e Instagram <a rel=\"noreferrer noopener\" href=\"https:\/\/www.instagram.com\/aconteceunovale\" target=\"_blank\">@aconteceunovale<\/a>.<\/em><\/p>\n","protected":false},"excerpt":{"rendered":"<p>A Terapia\u202fFotodin\u00e2mica com\u202fAlvo\u202fVascular (VTP, na sigla em ingl\u00eas)\u202ftem dado esperan\u00e7a a pacientes com c\u00e2ncer de pr\u00f3stata em baixo risco. Al\u00e9m de barrar a oxigena\u00e7\u00e3o da \u00e1rea tratada, o tratamento estimula\u202fo\u202fsistema\u202fimunol\u00f3gico\u202fcontra o c\u00e2ncer e mant\u00e9m baixa toxicidade localizada, em contraponto aos demais tratamentos focais, que possuem toxicidade\u202flocal\u202fmaior e n\u00e3o preservam o \u00f3rg\u00e3o. O estudo do Memorial [&hellip;]<\/p>\n","protected":false},"author":4,"featured_media":102939,"comment_status":"open","ping_status":"closed","sticky":false,"template":"","format":"standard","meta":{"amp_status":"","footnotes":""},"categories":[6,28848,40242],"tags":[246852,21110,123636,19298,38271,246854,246850,246851,15695,246856,246847,246848,246846,246855,246849,246853],"class_list":["post-179455","post","type-post","status-publish","format-standard","has-post-thumbnail","hentry","category-br","category-mundo","category-saude-2","tag-padeliporfina","tag-cancer-de-prostata","tag-cancer-de-prostata-no-brasil","tag-inca","tag-instituto-nacional-do-cancer","tag-lucas-nogueira","tag-memorial-sloan-ketteringcancercenter","tag-mskcc","tag-nova-york","tag-pesquisador-lucas-nogueira","tag-prostata","tag-terapiafotodinamica-comalvovascular","tag-tratamento-de-cancer-de-prostata","tag-urologista-lucas-nogueira","tag-vtp","tag-wts11"],"yoast_head":"<!-- This site is optimized with the Yoast SEO plugin v28.3 - https:\/\/yoast.com\/product\/yoast-seo-wordpress\/ -->\n<title>Urologista brasileiro participa de pesquisa de tratamento de c\u00e2ncer de pr\u00f3stata - Aconteceu no Vale<\/title>\n<meta name=\"robots\" content=\"index, follow, max-snippet:-1, max-image-preview:large, max-video-preview:-1\" \/>\n<link rel=\"canonical\" href=\"https:\/\/aconteceunovale.com.br\/portal\/?p=179455\" \/>\n<meta property=\"og:locale\" content=\"pt_BR\" \/>\n<meta property=\"og:type\" content=\"article\" \/>\n<meta property=\"og:title\" content=\"Urologista brasileiro participa de pesquisa de tratamento de c\u00e2ncer de pr\u00f3stata - Aconteceu no Vale\" \/>\n<meta property=\"og:description\" content=\"A Terapia\u202fFotodin\u00e2mica com\u202fAlvo\u202fVascular (VTP, na sigla em ingl\u00eas)\u202ftem dado esperan\u00e7a a pacientes com c\u00e2ncer de pr\u00f3stata em baixo risco. Al\u00e9m de barrar a oxigena\u00e7\u00e3o da \u00e1rea tratada, o tratamento estimula\u202fo\u202fsistema\u202fimunol\u00f3gico\u202fcontra o c\u00e2ncer e mant\u00e9m baixa toxicidade localizada, em contraponto aos demais tratamentos focais, que possuem toxicidade\u202flocal\u202fmaior e n\u00e3o preservam o \u00f3rg\u00e3o. O estudo do Memorial [&hellip;]\" \/>\n<meta property=\"og:url\" content=\"https:\/\/aconteceunovale.com.br\/portal\/?p=179455\" \/>\n<meta property=\"og:site_name\" content=\"Aconteceu no Vale\" \/>\n<meta property=\"article:publisher\" content=\"https:\/\/www.facebook.com\/aconteceunovale\/\" \/>\n<meta property=\"article:published_time\" content=\"2021-06-20T23:18:14+00:00\" \/>\n<meta property=\"article:modified_time\" content=\"2021-06-20T23:20:04+00:00\" \/>\n<meta property=\"og:image\" content=\"https:\/\/aconteceunovale.com.br\/portal\/wp-content\/uploads\/2016\/11\/cancer_prostata.jpg\" \/>\n\t<meta property=\"og:image:width\" content=\"678\" \/>\n\t<meta property=\"og:image:height\" content=\"384\" \/>\n\t<meta property=\"og:image:type\" content=\"image\/jpeg\" \/>\n<meta name=\"author\" content=\"Reda\u00e7\u00e3o Aconteceu no Vale\" \/>\n<meta name=\"twitter:card\" content=\"summary_large_image\" \/>\n<meta name=\"twitter:creator\" content=\"@noticiadosvales\" \/>\n<meta name=\"twitter:site\" content=\"@noticiadosvales\" \/>\n<meta name=\"twitter:label1\" content=\"Escrito por\" \/>\n\t<meta name=\"twitter:data1\" content=\"Reda\u00e7\u00e3o Aconteceu no Vale\" \/>\n\t<meta name=\"twitter:label2\" content=\"Est. tempo de leitura\" \/>\n\t<meta name=\"twitter:data2\" content=\"4 minutos\" \/>\n<script type=\"application\/ld+json\" class=\"yoast-schema-graph\">{\"@context\":\"https:\\\/\\\/schema.org\",\"@graph\":[{\"@type\":\"Article\",\"@id\":\"https:\\\/\\\/aconteceunovale.com.br\\\/portal\\\/?p=179455#article\",\"isPartOf\":{\"@id\":\"https:\\\/\\\/aconteceunovale.com.br\\\/portal\\\/?p=179455\"},\"author\":{\"name\":\"Reda\u00e7\u00e3o Aconteceu no Vale\",\"@id\":\"https:\\\/\\\/aconteceunovale.com.br\\\/portal\\\/#\\\/schema\\\/person\\\/7d2f26d1483f8a63de73da1ee0754d35\"},\"headline\":\"Urologista brasileiro participa de pesquisa de tratamento de c\u00e2ncer de pr\u00f3stata\",\"datePublished\":\"2021-06-20T23:18:14+00:00\",\"dateModified\":\"2021-06-20T23:20:04+00:00\",\"mainEntityOfPage\":{\"@id\":\"https:\\\/\\\/aconteceunovale.com.br\\\/portal\\\/?p=179455\"},\"wordCount\":830,\"commentCount\":0,\"image\":{\"@id\":\"https:\\\/\\\/aconteceunovale.com.br\\\/portal\\\/?p=179455#primaryimage\"},\"thumbnailUrl\":\"https:\\\/\\\/aconteceunovale.com.br\\\/portal\\\/wp-content\\\/uploads\\\/2016\\\/11\\\/cancer_prostata.jpg\",\"keywords\":[\"\u202fPadeliporfina\",\"c\u00e2ncer de pr\u00f3stata\",\"C\u00e2ncer de pr\u00f3stata no Brasil\",\"Inca\",\"Instituto Nacional do C\u00e2ncer\",\"Lucas Nogueira\",\"Memorial Sloan-Kettering\u202fCancer\u202fCenter\",\"MSKCC\",\"Nova York\",\"Pesquisador Lucas Nogueira\",\"Pr\u00f3stata\",\"Terapia\u202fFotodin\u00e2mica com\u202fAlvo\u202fVascular\",\"Tratamento de c\u00e2ncer de pr\u00f3stata\",\"Urologista Lucas Nogueira\",\"VTP\",\"WTS11\"],\"articleSection\":[\"Brasil\",\"Mundo\",\"Sa\u00fade\"],\"inLanguage\":\"pt-BR\",\"potentialAction\":[{\"@type\":\"CommentAction\",\"name\":\"Comment\",\"target\":[\"https:\\\/\\\/aconteceunovale.com.br\\\/portal\\\/?p=179455#respond\"]}]},{\"@type\":\"WebPage\",\"@id\":\"https:\\\/\\\/aconteceunovale.com.br\\\/portal\\\/?p=179455\",\"url\":\"https:\\\/\\\/aconteceunovale.com.br\\\/portal\\\/?p=179455\",\"name\":\"Urologista brasileiro participa de pesquisa de tratamento de c\u00e2ncer de pr\u00f3stata - Aconteceu no Vale\",\"isPartOf\":{\"@id\":\"https:\\\/\\\/aconteceunovale.com.br\\\/portal\\\/#website\"},\"primaryImageOfPage\":{\"@id\":\"https:\\\/\\\/aconteceunovale.com.br\\\/portal\\\/?p=179455#primaryimage\"},\"image\":{\"@id\":\"https:\\\/\\\/aconteceunovale.com.br\\\/portal\\\/?p=179455#primaryimage\"},\"thumbnailUrl\":\"https:\\\/\\\/aconteceunovale.com.br\\\/portal\\\/wp-content\\\/uploads\\\/2016\\\/11\\\/cancer_prostata.jpg\",\"datePublished\":\"2021-06-20T23:18:14+00:00\",\"dateModified\":\"2021-06-20T23:20:04+00:00\",\"author\":{\"@id\":\"https:\\\/\\\/aconteceunovale.com.br\\\/portal\\\/#\\\/schema\\\/person\\\/7d2f26d1483f8a63de73da1ee0754d35\"},\"breadcrumb\":{\"@id\":\"https:\\\/\\\/aconteceunovale.com.br\\\/portal\\\/?p=179455#breadcrumb\"},\"inLanguage\":\"pt-BR\",\"potentialAction\":[{\"@type\":\"ReadAction\",\"target\":[\"https:\\\/\\\/aconteceunovale.com.br\\\/portal\\\/?p=179455\"]}]},{\"@type\":\"ImageObject\",\"inLanguage\":\"pt-BR\",\"@id\":\"https:\\\/\\\/aconteceunovale.com.br\\\/portal\\\/?p=179455#primaryimage\",\"url\":\"https:\\\/\\\/aconteceunovale.com.br\\\/portal\\\/wp-content\\\/uploads\\\/2016\\\/11\\\/cancer_prostata.jpg\",\"contentUrl\":\"https:\\\/\\\/aconteceunovale.com.br\\\/portal\\\/wp-content\\\/uploads\\\/2016\\\/11\\\/cancer_prostata.jpg\",\"width\":678,\"height\":384},{\"@type\":\"BreadcrumbList\",\"@id\":\"https:\\\/\\\/aconteceunovale.com.br\\\/portal\\\/?p=179455#breadcrumb\",\"itemListElement\":[{\"@type\":\"ListItem\",\"position\":1,\"name\":\"In\u00edcio\",\"item\":\"https:\\\/\\\/aconteceunovale.com.br\\\/portal\\\/\"},{\"@type\":\"ListItem\",\"position\":2,\"name\":\"Urologista brasileiro participa de pesquisa de tratamento de c\u00e2ncer de pr\u00f3stata\"}]},{\"@type\":\"WebSite\",\"@id\":\"https:\\\/\\\/aconteceunovale.com.br\\\/portal\\\/#website\",\"url\":\"https:\\\/\\\/aconteceunovale.com.br\\\/portal\\\/\",\"name\":\"Aconteceu no Vale\",\"description\":\"Portal de Not\u00edcias\",\"potentialAction\":[{\"@type\":\"SearchAction\",\"target\":{\"@type\":\"EntryPoint\",\"urlTemplate\":\"https:\\\/\\\/aconteceunovale.com.br\\\/portal\\\/?s={search_term_string}\"},\"query-input\":{\"@type\":\"PropertyValueSpecification\",\"valueRequired\":true,\"valueName\":\"search_term_string\"}}],\"inLanguage\":\"pt-BR\"},{\"@type\":\"Person\",\"@id\":\"https:\\\/\\\/aconteceunovale.com.br\\\/portal\\\/#\\\/schema\\\/person\\\/7d2f26d1483f8a63de73da1ee0754d35\",\"name\":\"Reda\u00e7\u00e3o Aconteceu no Vale\",\"description\":\"Equipe de reportagem do Aconteceu no Vale, portal de not\u00edcias do Vale do Jequitinhonha, em Minas Gerais. Cobrimos as 51 cidades do Vale desde 2013. Sugest\u00f5es de pauta e pedidos de corre\u00e7\u00e3o: contato@aconteceunovale.com.br\",\"url\":\"https:\\\/\\\/aconteceunovale.com.br\\\/portal\\\/?author=4\"}]}<\/script>\n<!-- \/ Yoast SEO plugin. -->","yoast_head_json":{"title":"Urologista brasileiro participa de pesquisa de tratamento de c\u00e2ncer de pr\u00f3stata - Aconteceu no Vale","robots":{"index":"index","follow":"follow","max-snippet":"max-snippet:-1","max-image-preview":"max-image-preview:large","max-video-preview":"max-video-preview:-1"},"canonical":"https:\/\/aconteceunovale.com.br\/portal\/?p=179455","og_locale":"pt_BR","og_type":"article","og_title":"Urologista brasileiro participa de pesquisa de tratamento de c\u00e2ncer de pr\u00f3stata - Aconteceu no Vale","og_description":"A Terapia\u202fFotodin\u00e2mica com\u202fAlvo\u202fVascular (VTP, na sigla em ingl\u00eas)\u202ftem dado esperan\u00e7a a pacientes com c\u00e2ncer de pr\u00f3stata em baixo risco. Al\u00e9m de barrar a oxigena\u00e7\u00e3o da \u00e1rea tratada, o tratamento estimula\u202fo\u202fsistema\u202fimunol\u00f3gico\u202fcontra o c\u00e2ncer e mant\u00e9m baixa toxicidade localizada, em contraponto aos demais tratamentos focais, que possuem toxicidade\u202flocal\u202fmaior e n\u00e3o preservam o \u00f3rg\u00e3o. O estudo do Memorial [&hellip;]","og_url":"https:\/\/aconteceunovale.com.br\/portal\/?p=179455","og_site_name":"Aconteceu no Vale","article_publisher":"https:\/\/www.facebook.com\/aconteceunovale\/","article_published_time":"2021-06-20T23:18:14+00:00","article_modified_time":"2021-06-20T23:20:04+00:00","og_image":[{"width":678,"height":384,"url":"https:\/\/aconteceunovale.com.br\/portal\/wp-content\/uploads\/2016\/11\/cancer_prostata.jpg","type":"image\/jpeg"}],"author":"Reda\u00e7\u00e3o Aconteceu no Vale","twitter_card":"summary_large_image","twitter_creator":"@noticiadosvales","twitter_site":"@noticiadosvales","twitter_misc":{"Escrito por":"Reda\u00e7\u00e3o Aconteceu no Vale","Est. tempo de leitura":"4 minutos"},"schema":{"@context":"https:\/\/schema.org","@graph":[{"@type":"Article","@id":"https:\/\/aconteceunovale.com.br\/portal\/?p=179455#article","isPartOf":{"@id":"https:\/\/aconteceunovale.com.br\/portal\/?p=179455"},"author":{"name":"Reda\u00e7\u00e3o Aconteceu no Vale","@id":"https:\/\/aconteceunovale.com.br\/portal\/#\/schema\/person\/7d2f26d1483f8a63de73da1ee0754d35"},"headline":"Urologista brasileiro participa de pesquisa de tratamento de c\u00e2ncer de pr\u00f3stata","datePublished":"2021-06-20T23:18:14+00:00","dateModified":"2021-06-20T23:20:04+00:00","mainEntityOfPage":{"@id":"https:\/\/aconteceunovale.com.br\/portal\/?p=179455"},"wordCount":830,"commentCount":0,"image":{"@id":"https:\/\/aconteceunovale.com.br\/portal\/?p=179455#primaryimage"},"thumbnailUrl":"https:\/\/aconteceunovale.com.br\/portal\/wp-content\/uploads\/2016\/11\/cancer_prostata.jpg","keywords":["\u202fPadeliporfina","c\u00e2ncer de pr\u00f3stata","C\u00e2ncer de pr\u00f3stata no Brasil","Inca","Instituto Nacional do C\u00e2ncer","Lucas Nogueira","Memorial Sloan-Kettering\u202fCancer\u202fCenter","MSKCC","Nova York","Pesquisador Lucas Nogueira","Pr\u00f3stata","Terapia\u202fFotodin\u00e2mica com\u202fAlvo\u202fVascular","Tratamento de c\u00e2ncer de pr\u00f3stata","Urologista Lucas Nogueira","VTP","WTS11"],"articleSection":["Brasil","Mundo","Sa\u00fade"],"inLanguage":"pt-BR","potentialAction":[{"@type":"CommentAction","name":"Comment","target":["https:\/\/aconteceunovale.com.br\/portal\/?p=179455#respond"]}]},{"@type":"WebPage","@id":"https:\/\/aconteceunovale.com.br\/portal\/?p=179455","url":"https:\/\/aconteceunovale.com.br\/portal\/?p=179455","name":"Urologista brasileiro participa de pesquisa de tratamento de c\u00e2ncer de pr\u00f3stata - Aconteceu no Vale","isPartOf":{"@id":"https:\/\/aconteceunovale.com.br\/portal\/#website"},"primaryImageOfPage":{"@id":"https:\/\/aconteceunovale.com.br\/portal\/?p=179455#primaryimage"},"image":{"@id":"https:\/\/aconteceunovale.com.br\/portal\/?p=179455#primaryimage"},"thumbnailUrl":"https:\/\/aconteceunovale.com.br\/portal\/wp-content\/uploads\/2016\/11\/cancer_prostata.jpg","datePublished":"2021-06-20T23:18:14+00:00","dateModified":"2021-06-20T23:20:04+00:00","author":{"@id":"https:\/\/aconteceunovale.com.br\/portal\/#\/schema\/person\/7d2f26d1483f8a63de73da1ee0754d35"},"breadcrumb":{"@id":"https:\/\/aconteceunovale.com.br\/portal\/?p=179455#breadcrumb"},"inLanguage":"pt-BR","potentialAction":[{"@type":"ReadAction","target":["https:\/\/aconteceunovale.com.br\/portal\/?p=179455"]}]},{"@type":"ImageObject","inLanguage":"pt-BR","@id":"https:\/\/aconteceunovale.com.br\/portal\/?p=179455#primaryimage","url":"https:\/\/aconteceunovale.com.br\/portal\/wp-content\/uploads\/2016\/11\/cancer_prostata.jpg","contentUrl":"https:\/\/aconteceunovale.com.br\/portal\/wp-content\/uploads\/2016\/11\/cancer_prostata.jpg","width":678,"height":384},{"@type":"BreadcrumbList","@id":"https:\/\/aconteceunovale.com.br\/portal\/?p=179455#breadcrumb","itemListElement":[{"@type":"ListItem","position":1,"name":"In\u00edcio","item":"https:\/\/aconteceunovale.com.br\/portal\/"},{"@type":"ListItem","position":2,"name":"Urologista brasileiro participa de pesquisa de tratamento de c\u00e2ncer de pr\u00f3stata"}]},{"@type":"WebSite","@id":"https:\/\/aconteceunovale.com.br\/portal\/#website","url":"https:\/\/aconteceunovale.com.br\/portal\/","name":"Aconteceu no Vale","description":"Portal de Not\u00edcias","potentialAction":[{"@type":"SearchAction","target":{"@type":"EntryPoint","urlTemplate":"https:\/\/aconteceunovale.com.br\/portal\/?s={search_term_string}"},"query-input":{"@type":"PropertyValueSpecification","valueRequired":true,"valueName":"search_term_string"}}],"inLanguage":"pt-BR"},{"@type":"Person","@id":"https:\/\/aconteceunovale.com.br\/portal\/#\/schema\/person\/7d2f26d1483f8a63de73da1ee0754d35","name":"Reda\u00e7\u00e3o Aconteceu no Vale","description":"Equipe de reportagem do Aconteceu no Vale, portal de not\u00edcias do Vale do Jequitinhonha, em Minas Gerais. Cobrimos as 51 cidades do Vale desde 2013. Sugest\u00f5es de pauta e pedidos de corre\u00e7\u00e3o: contato@aconteceunovale.com.br","url":"https:\/\/aconteceunovale.com.br\/portal\/?author=4"}]}},"_links":{"self":[{"href":"https:\/\/aconteceunovale.com.br\/portal\/index.php?rest_route=\/wp\/v2\/posts\/179455","targetHints":{"allow":["GET"]}}],"collection":[{"href":"https:\/\/aconteceunovale.com.br\/portal\/index.php?rest_route=\/wp\/v2\/posts"}],"about":[{"href":"https:\/\/aconteceunovale.com.br\/portal\/index.php?rest_route=\/wp\/v2\/types\/post"}],"author":[{"embeddable":true,"href":"https:\/\/aconteceunovale.com.br\/portal\/index.php?rest_route=\/wp\/v2\/users\/4"}],"replies":[{"embeddable":true,"href":"https:\/\/aconteceunovale.com.br\/portal\/index.php?rest_route=%2Fwp%2Fv2%2Fcomments&post=179455"}],"version-history":[{"count":1,"href":"https:\/\/aconteceunovale.com.br\/portal\/index.php?rest_route=\/wp\/v2\/posts\/179455\/revisions"}],"predecessor-version":[{"id":179456,"href":"https:\/\/aconteceunovale.com.br\/portal\/index.php?rest_route=\/wp\/v2\/posts\/179455\/revisions\/179456"}],"wp:featuredmedia":[{"embeddable":true,"href":"https:\/\/aconteceunovale.com.br\/portal\/index.php?rest_route=\/wp\/v2\/media\/102939"}],"wp:attachment":[{"href":"https:\/\/aconteceunovale.com.br\/portal\/index.php?rest_route=%2Fwp%2Fv2%2Fmedia&parent=179455"}],"wp:term":[{"taxonomy":"category","embeddable":true,"href":"https:\/\/aconteceunovale.com.br\/portal\/index.php?rest_route=%2Fwp%2Fv2%2Fcategories&post=179455"},{"taxonomy":"post_tag","embeddable":true,"href":"https:\/\/aconteceunovale.com.br\/portal\/index.php?rest_route=%2Fwp%2Fv2%2Ftags&post=179455"}],"curies":[{"name":"wp","href":"https:\/\/api.w.org\/{rel}","templated":true}]}}