{"id":179453,"date":"2021-06-20T20:10:43","date_gmt":"2021-06-20T23:10:43","guid":{"rendered":"https:\/\/aconteceunovale.com.br\/portal\/?p=179453"},"modified":"2021-06-20T20:11:56","modified_gmt":"2021-06-20T23:11:56","slug":"seca-pode-ser-a-proxima-pandemia-alerta-onu","status":"publish","type":"post","link":"https:\/\/aconteceunovale.com.br\/portal\/?p=179453","title":{"rendered":"Seca pode ser &#8220;a pr\u00f3xima pandemia&#8221;, alerta ONU"},"content":{"rendered":"\n<p class=\"wp-block-paragraph\">A escassez de \u00e1gua e a seca devem causar estragos em uma escala que rivalizar\u00e1 com a pandemia de covid-19, e os riscos aumentam rapidamente \u00e0 medida que as temperaturas globais se elevam, de acordo com a Organiza\u00e7\u00e3o das Na\u00e7\u00f5es Unidas (ONU).<\/p>\n\n\n\n<p class=\"wp-block-paragraph\">&#8220;A seca est\u00e1 prestes a se tornar a pr\u00f3xima pandemia, e n\u00e3o existe vacina para cur\u00e1-la&#8221;, disse Mami Mizutori, representante especial da ONU para redu\u00e7\u00e3o de risco de desastres, em uma entrevista coletiva virtual na \u00faltima quinta-feira (17\/6\/2021).<\/p>\n\n\n\n<p class=\"wp-block-paragraph\">As secas j\u00e1 desencadearam perdas econ\u00f4micas de pelo menos 124 bilh\u00f5es de d\u00f3lares e atingiram mais de 1,5 bilh\u00e3o de pessoas entre 1998 e 2017, segundo um relat\u00f3rio da ONU divulgado na quinta-feira.<\/p>\n\n\n\n<p class=\"wp-block-paragraph\">Mas at\u00e9 estas cifras, alertou, s\u00e3o &#8220;muito provavelmente subavalia\u00e7\u00f5es grosseiras&#8221;.<\/p>\n\n\n\n<p class=\"wp-block-paragraph\">O aquecimento global intensifica secas no sul da Europa e no oeste da \u00c1frica, disse o relat\u00f3rio da ONU com &#8220;alguma confian\u00e7a&#8221;, e o n\u00famero de v\u00edtimas deve &#8220;crescer dramaticamente&#8221;, a menos que o mundo aja, disse Mizutori.<\/p>\n\n\n\n<p class=\"wp-block-paragraph\">Cerca de 130 pa\u00edses podem enfrentar um risco maior de seca neste s\u00e9culo, segundo a proje\u00e7\u00e3o de emiss\u00f5es altas citada pela ONU.<\/p>\n\n\n\n<p class=\"wp-block-paragraph\">Outros 23 pa\u00edses sofrer\u00e3o escassez de \u00e1gua por causa do crescimento populacional, e 38 na\u00e7\u00f5es ser\u00e3o afetadas por ambos, disse.<\/p>\n\n\n\n<p class=\"wp-block-paragraph\">A seca, assim como um v\u00edrus, tende a durar muito tempo, ter um alcance geogr\u00e1fico amplo e causar danos em cadeia, disse Mizutori.<\/p>\n\n\n\n<p class=\"wp-block-paragraph\">&#8220;Ela pode afetar indiretamente pa\u00edses que n\u00e3o est\u00e3o passando por uma seca atrav\u00e9s da inseguran\u00e7a alimentar e do aumento dos pre\u00e7os de alimentos&#8221;, explicou.<\/p>\n\n\n\n<p class=\"wp-block-paragraph\">A ONU antev\u00ea secas mais frequentes e severas na maior parte da \u00c1frica, nas Am\u00e9ricas Central e do Sul, no centro da \u00c1sia, no sul da Austr\u00e1lia, no sul da Europa, no M\u00e9xico e nos Estados Unidos.<\/p>\n\n\n\n<p class=\"wp-block-paragraph\">Ibrahim Thiaw, secret\u00e1rio-executivo da Conven\u00e7\u00e3o das Na\u00e7\u00f5es Unidas para o Combate \u00e0 Desertifica\u00e7\u00e3o, disse \u00e0 Thomson Reuters Foundation que a deteriora\u00e7\u00e3o do solo, causada em parte pela m\u00e1 administra\u00e7\u00e3o&nbsp;de terras, deixou o mundo perto de um &#8220;ponto sem retorno&#8221;.<\/p>\n\n\n\n<p class=\"wp-block-paragraph\">A ONU n\u00e3o tem pesquisado o efeito que a desertifica\u00e7\u00e3o pode ter na migra\u00e7\u00e3o interna dentro dos continentes, mas Thiaw disse que ela n\u00e3o \u00e9 mais impens\u00e1vel, nem mesmo na Europa.<\/p>\n\n\n\n<p class=\"wp-block-paragraph\">&#8212;&#8212;&#8212;&#8212;&#8212;&#8212;<br><em>Quer receber as not\u00edcias do <strong>Aconteceu no Vale<\/strong> em primeira m\u00e3o? Siga-nos no Facebook <a rel=\"noreferrer noopener\" href=\"http:\/\/facebook.com\/aconteceunovale\" target=\"_blank\">@aconteceunovale<\/a>, Twitter <a rel=\"noreferrer noopener\" href=\"https:\/\/twitter.com\/noticiadosvales\" target=\"_blank\">@noticiadosvales<\/a> e Instagram <a rel=\"noreferrer noopener\" href=\"https:\/\/www.instagram.com\/aconteceunovale\" target=\"_blank\">@aconteceunovale<\/a>.<\/em><\/p>\n","protected":false},"excerpt":{"rendered":"<p>A escassez de \u00e1gua e a seca devem causar estragos em uma escala que rivalizar\u00e1 com a pandemia de covid-19, e os riscos aumentam rapidamente \u00e0 medida que as temperaturas globais se elevam, de acordo com a Organiza\u00e7\u00e3o das Na\u00e7\u00f5es Unidas (ONU). &#8220;A seca est\u00e1 prestes a se tornar a pr\u00f3xima pandemia, e n\u00e3o existe [&hellip;]<\/p>\n","protected":false},"author":4,"featured_media":74134,"comment_status":"open","ping_status":"closed","sticky":false,"template":"","format":"standard","meta":{"amp_status":"","footnotes":""},"categories":[28848],"tags":[246845,1018,42972,246844,246843,24300,23572,219687,246842,246841,144,246840],"class_list":["post-179453","post","type-post","status-publish","format-standard","has-post-thumbnail","hentry","category-mundo","tag-consequencias-da-seca","tag-destaque","tag-escassez-de-agua","tag-ibrahim-thiaw","tag-mami-mizutori","tag-onu","tag-organizacao-das-nacoes-unidas","tag-pandemia-da-covid-19","tag-pandemia-da-escassez-de-agua","tag-pandemia-da-seca","tag-seca","tag-seca-pode-ser-a-proxima-pandemia"],"yoast_head":"<!-- This site is optimized with the Yoast SEO plugin v28.3 - https:\/\/yoast.com\/product\/yoast-seo-wordpress\/ -->\n<title>Seca pode ser &quot;a pr\u00f3xima pandemia&quot;, alerta ONU - Aconteceu no Vale<\/title>\n<meta name=\"robots\" content=\"index, follow, max-snippet:-1, max-image-preview:large, max-video-preview:-1\" \/>\n<link rel=\"canonical\" href=\"https:\/\/aconteceunovale.com.br\/portal\/?p=179453\" \/>\n<meta property=\"og:locale\" content=\"pt_BR\" \/>\n<meta property=\"og:type\" content=\"article\" \/>\n<meta property=\"og:title\" content=\"Seca pode ser &quot;a pr\u00f3xima pandemia&quot;, alerta ONU - Aconteceu no Vale\" \/>\n<meta property=\"og:description\" content=\"A escassez de \u00e1gua e a seca devem causar estragos em uma escala que rivalizar\u00e1 com a pandemia de covid-19, e os riscos aumentam rapidamente \u00e0 medida que as temperaturas globais se elevam, de acordo com a Organiza\u00e7\u00e3o das Na\u00e7\u00f5es Unidas (ONU). &#8220;A seca est\u00e1 prestes a se tornar a pr\u00f3xima pandemia, e n\u00e3o existe [&hellip;]\" \/>\n<meta property=\"og:url\" content=\"https:\/\/aconteceunovale.com.br\/portal\/?p=179453\" \/>\n<meta property=\"og:site_name\" content=\"Aconteceu no Vale\" \/>\n<meta property=\"article:publisher\" content=\"https:\/\/www.facebook.com\/aconteceunovale\/\" \/>\n<meta property=\"article:published_time\" content=\"2021-06-20T23:10:43+00:00\" \/>\n<meta property=\"article:modified_time\" content=\"2021-06-20T23:11:56+00:00\" \/>\n<meta property=\"og:image\" content=\"https:\/\/aconteceunovale.com.br\/portal\/wp-content\/uploads\/2015\/12\/torneira_seca.jpg\" \/>\n\t<meta property=\"og:image:width\" content=\"676\" \/>\n\t<meta property=\"og:image:height\" content=\"450\" \/>\n\t<meta property=\"og:image:type\" content=\"image\/jpeg\" \/>\n<meta name=\"author\" content=\"Reda\u00e7\u00e3o Aconteceu no Vale\" \/>\n<meta name=\"twitter:card\" content=\"summary_large_image\" \/>\n<meta name=\"twitter:creator\" content=\"@noticiadosvales\" \/>\n<meta name=\"twitter:site\" content=\"@noticiadosvales\" \/>\n<meta name=\"twitter:label1\" content=\"Escrito por\" \/>\n\t<meta name=\"twitter:data1\" content=\"Reda\u00e7\u00e3o Aconteceu no Vale\" \/>\n\t<meta name=\"twitter:label2\" content=\"Est. tempo de leitura\" \/>\n\t<meta name=\"twitter:data2\" content=\"2 minutos\" \/>\n<script type=\"application\/ld+json\" class=\"yoast-schema-graph\">{\"@context\":\"https:\\\/\\\/schema.org\",\"@graph\":[{\"@type\":\"Article\",\"@id\":\"https:\\\/\\\/aconteceunovale.com.br\\\/portal\\\/?p=179453#article\",\"isPartOf\":{\"@id\":\"https:\\\/\\\/aconteceunovale.com.br\\\/portal\\\/?p=179453\"},\"author\":{\"name\":\"Reda\u00e7\u00e3o Aconteceu no Vale\",\"@id\":\"https:\\\/\\\/aconteceunovale.com.br\\\/portal\\\/#\\\/schema\\\/person\\\/7d2f26d1483f8a63de73da1ee0754d35\"},\"headline\":\"Seca pode ser &#8220;a pr\u00f3xima pandemia&#8221;, alerta ONU\",\"datePublished\":\"2021-06-20T23:10:43+00:00\",\"dateModified\":\"2021-06-20T23:11:56+00:00\",\"mainEntityOfPage\":{\"@id\":\"https:\\\/\\\/aconteceunovale.com.br\\\/portal\\\/?p=179453\"},\"wordCount\":426,\"commentCount\":0,\"image\":{\"@id\":\"https:\\\/\\\/aconteceunovale.com.br\\\/portal\\\/?p=179453#primaryimage\"},\"thumbnailUrl\":\"https:\\\/\\\/aconteceunovale.com.br\\\/portal\\\/wp-content\\\/uploads\\\/2015\\\/12\\\/torneira_seca.jpg\",\"keywords\":[\"Consequ\u00eancias da seca\",\"destaque\",\"escassez de \u00e1gua\",\"Ibrahim Thiaw\",\"Mami Mizutori\",\"ONU\",\"Organiza\u00e7\u00e3o das Na\u00e7\u00f5es Unidas\",\"Pandemia da covid-19\",\"Pandemia da escassez de \u00e1gua\",\"Pandemia da seca\",\"Seca\",\"Seca pode ser a pr\u00f3xima pandemia\"],\"articleSection\":[\"Mundo\"],\"inLanguage\":\"pt-BR\",\"potentialAction\":[{\"@type\":\"CommentAction\",\"name\":\"Comment\",\"target\":[\"https:\\\/\\\/aconteceunovale.com.br\\\/portal\\\/?p=179453#respond\"]}]},{\"@type\":\"WebPage\",\"@id\":\"https:\\\/\\\/aconteceunovale.com.br\\\/portal\\\/?p=179453\",\"url\":\"https:\\\/\\\/aconteceunovale.com.br\\\/portal\\\/?p=179453\",\"name\":\"Seca pode ser \\\"a pr\u00f3xima pandemia\\\", alerta ONU - Aconteceu no Vale\",\"isPartOf\":{\"@id\":\"https:\\\/\\\/aconteceunovale.com.br\\\/portal\\\/#website\"},\"primaryImageOfPage\":{\"@id\":\"https:\\\/\\\/aconteceunovale.com.br\\\/portal\\\/?p=179453#primaryimage\"},\"image\":{\"@id\":\"https:\\\/\\\/aconteceunovale.com.br\\\/portal\\\/?p=179453#primaryimage\"},\"thumbnailUrl\":\"https:\\\/\\\/aconteceunovale.com.br\\\/portal\\\/wp-content\\\/uploads\\\/2015\\\/12\\\/torneira_seca.jpg\",\"datePublished\":\"2021-06-20T23:10:43+00:00\",\"dateModified\":\"2021-06-20T23:11:56+00:00\",\"author\":{\"@id\":\"https:\\\/\\\/aconteceunovale.com.br\\\/portal\\\/#\\\/schema\\\/person\\\/7d2f26d1483f8a63de73da1ee0754d35\"},\"breadcrumb\":{\"@id\":\"https:\\\/\\\/aconteceunovale.com.br\\\/portal\\\/?p=179453#breadcrumb\"},\"inLanguage\":\"pt-BR\",\"potentialAction\":[{\"@type\":\"ReadAction\",\"target\":[\"https:\\\/\\\/aconteceunovale.com.br\\\/portal\\\/?p=179453\"]}]},{\"@type\":\"ImageObject\",\"inLanguage\":\"pt-BR\",\"@id\":\"https:\\\/\\\/aconteceunovale.com.br\\\/portal\\\/?p=179453#primaryimage\",\"url\":\"https:\\\/\\\/aconteceunovale.com.br\\\/portal\\\/wp-content\\\/uploads\\\/2015\\\/12\\\/torneira_seca.jpg\",\"contentUrl\":\"https:\\\/\\\/aconteceunovale.com.br\\\/portal\\\/wp-content\\\/uploads\\\/2015\\\/12\\\/torneira_seca.jpg\",\"width\":676,\"height\":450},{\"@type\":\"BreadcrumbList\",\"@id\":\"https:\\\/\\\/aconteceunovale.com.br\\\/portal\\\/?p=179453#breadcrumb\",\"itemListElement\":[{\"@type\":\"ListItem\",\"position\":1,\"name\":\"In\u00edcio\",\"item\":\"https:\\\/\\\/aconteceunovale.com.br\\\/portal\\\/\"},{\"@type\":\"ListItem\",\"position\":2,\"name\":\"Seca pode ser &#8220;a pr\u00f3xima pandemia&#8221;, alerta ONU\"}]},{\"@type\":\"WebSite\",\"@id\":\"https:\\\/\\\/aconteceunovale.com.br\\\/portal\\\/#website\",\"url\":\"https:\\\/\\\/aconteceunovale.com.br\\\/portal\\\/\",\"name\":\"Aconteceu no Vale\",\"description\":\"Portal de Not\u00edcias\",\"potentialAction\":[{\"@type\":\"SearchAction\",\"target\":{\"@type\":\"EntryPoint\",\"urlTemplate\":\"https:\\\/\\\/aconteceunovale.com.br\\\/portal\\\/?s={search_term_string}\"},\"query-input\":{\"@type\":\"PropertyValueSpecification\",\"valueRequired\":true,\"valueName\":\"search_term_string\"}}],\"inLanguage\":\"pt-BR\"},{\"@type\":\"Person\",\"@id\":\"https:\\\/\\\/aconteceunovale.com.br\\\/portal\\\/#\\\/schema\\\/person\\\/7d2f26d1483f8a63de73da1ee0754d35\",\"name\":\"Reda\u00e7\u00e3o Aconteceu no Vale\",\"description\":\"Equipe de reportagem do Aconteceu no Vale, portal de not\u00edcias do Vale do Jequitinhonha, em Minas Gerais. Cobrimos as 51 cidades do Vale desde 2013. Sugest\u00f5es de pauta e pedidos de corre\u00e7\u00e3o: contato@aconteceunovale.com.br\",\"url\":\"https:\\\/\\\/aconteceunovale.com.br\\\/portal\\\/?author=4\"}]}<\/script>\n<!-- \/ Yoast SEO plugin. -->","yoast_head_json":{"title":"Seca pode ser \"a pr\u00f3xima pandemia\", alerta ONU - Aconteceu no Vale","robots":{"index":"index","follow":"follow","max-snippet":"max-snippet:-1","max-image-preview":"max-image-preview:large","max-video-preview":"max-video-preview:-1"},"canonical":"https:\/\/aconteceunovale.com.br\/portal\/?p=179453","og_locale":"pt_BR","og_type":"article","og_title":"Seca pode ser \"a pr\u00f3xima pandemia\", alerta ONU - Aconteceu no Vale","og_description":"A escassez de \u00e1gua e a seca devem causar estragos em uma escala que rivalizar\u00e1 com a pandemia de covid-19, e os riscos aumentam rapidamente \u00e0 medida que as temperaturas globais se elevam, de acordo com a Organiza\u00e7\u00e3o das Na\u00e7\u00f5es Unidas (ONU). &#8220;A seca est\u00e1 prestes a se tornar a pr\u00f3xima pandemia, e n\u00e3o existe [&hellip;]","og_url":"https:\/\/aconteceunovale.com.br\/portal\/?p=179453","og_site_name":"Aconteceu no Vale","article_publisher":"https:\/\/www.facebook.com\/aconteceunovale\/","article_published_time":"2021-06-20T23:10:43+00:00","article_modified_time":"2021-06-20T23:11:56+00:00","og_image":[{"width":676,"height":450,"url":"https:\/\/aconteceunovale.com.br\/portal\/wp-content\/uploads\/2015\/12\/torneira_seca.jpg","type":"image\/jpeg"}],"author":"Reda\u00e7\u00e3o Aconteceu no Vale","twitter_card":"summary_large_image","twitter_creator":"@noticiadosvales","twitter_site":"@noticiadosvales","twitter_misc":{"Escrito por":"Reda\u00e7\u00e3o Aconteceu no Vale","Est. tempo de leitura":"2 minutos"},"schema":{"@context":"https:\/\/schema.org","@graph":[{"@type":"Article","@id":"https:\/\/aconteceunovale.com.br\/portal\/?p=179453#article","isPartOf":{"@id":"https:\/\/aconteceunovale.com.br\/portal\/?p=179453"},"author":{"name":"Reda\u00e7\u00e3o Aconteceu no Vale","@id":"https:\/\/aconteceunovale.com.br\/portal\/#\/schema\/person\/7d2f26d1483f8a63de73da1ee0754d35"},"headline":"Seca pode ser &#8220;a pr\u00f3xima pandemia&#8221;, alerta ONU","datePublished":"2021-06-20T23:10:43+00:00","dateModified":"2021-06-20T23:11:56+00:00","mainEntityOfPage":{"@id":"https:\/\/aconteceunovale.com.br\/portal\/?p=179453"},"wordCount":426,"commentCount":0,"image":{"@id":"https:\/\/aconteceunovale.com.br\/portal\/?p=179453#primaryimage"},"thumbnailUrl":"https:\/\/aconteceunovale.com.br\/portal\/wp-content\/uploads\/2015\/12\/torneira_seca.jpg","keywords":["Consequ\u00eancias da seca","destaque","escassez de \u00e1gua","Ibrahim Thiaw","Mami Mizutori","ONU","Organiza\u00e7\u00e3o das Na\u00e7\u00f5es Unidas","Pandemia da covid-19","Pandemia da escassez de \u00e1gua","Pandemia da seca","Seca","Seca pode ser a pr\u00f3xima pandemia"],"articleSection":["Mundo"],"inLanguage":"pt-BR","potentialAction":[{"@type":"CommentAction","name":"Comment","target":["https:\/\/aconteceunovale.com.br\/portal\/?p=179453#respond"]}]},{"@type":"WebPage","@id":"https:\/\/aconteceunovale.com.br\/portal\/?p=179453","url":"https:\/\/aconteceunovale.com.br\/portal\/?p=179453","name":"Seca pode ser \"a pr\u00f3xima pandemia\", alerta ONU - Aconteceu no Vale","isPartOf":{"@id":"https:\/\/aconteceunovale.com.br\/portal\/#website"},"primaryImageOfPage":{"@id":"https:\/\/aconteceunovale.com.br\/portal\/?p=179453#primaryimage"},"image":{"@id":"https:\/\/aconteceunovale.com.br\/portal\/?p=179453#primaryimage"},"thumbnailUrl":"https:\/\/aconteceunovale.com.br\/portal\/wp-content\/uploads\/2015\/12\/torneira_seca.jpg","datePublished":"2021-06-20T23:10:43+00:00","dateModified":"2021-06-20T23:11:56+00:00","author":{"@id":"https:\/\/aconteceunovale.com.br\/portal\/#\/schema\/person\/7d2f26d1483f8a63de73da1ee0754d35"},"breadcrumb":{"@id":"https:\/\/aconteceunovale.com.br\/portal\/?p=179453#breadcrumb"},"inLanguage":"pt-BR","potentialAction":[{"@type":"ReadAction","target":["https:\/\/aconteceunovale.com.br\/portal\/?p=179453"]}]},{"@type":"ImageObject","inLanguage":"pt-BR","@id":"https:\/\/aconteceunovale.com.br\/portal\/?p=179453#primaryimage","url":"https:\/\/aconteceunovale.com.br\/portal\/wp-content\/uploads\/2015\/12\/torneira_seca.jpg","contentUrl":"https:\/\/aconteceunovale.com.br\/portal\/wp-content\/uploads\/2015\/12\/torneira_seca.jpg","width":676,"height":450},{"@type":"BreadcrumbList","@id":"https:\/\/aconteceunovale.com.br\/portal\/?p=179453#breadcrumb","itemListElement":[{"@type":"ListItem","position":1,"name":"In\u00edcio","item":"https:\/\/aconteceunovale.com.br\/portal\/"},{"@type":"ListItem","position":2,"name":"Seca pode ser &#8220;a pr\u00f3xima pandemia&#8221;, alerta ONU"}]},{"@type":"WebSite","@id":"https:\/\/aconteceunovale.com.br\/portal\/#website","url":"https:\/\/aconteceunovale.com.br\/portal\/","name":"Aconteceu no Vale","description":"Portal de Not\u00edcias","potentialAction":[{"@type":"SearchAction","target":{"@type":"EntryPoint","urlTemplate":"https:\/\/aconteceunovale.com.br\/portal\/?s={search_term_string}"},"query-input":{"@type":"PropertyValueSpecification","valueRequired":true,"valueName":"search_term_string"}}],"inLanguage":"pt-BR"},{"@type":"Person","@id":"https:\/\/aconteceunovale.com.br\/portal\/#\/schema\/person\/7d2f26d1483f8a63de73da1ee0754d35","name":"Reda\u00e7\u00e3o Aconteceu no Vale","description":"Equipe de reportagem do Aconteceu no Vale, portal de not\u00edcias do Vale do Jequitinhonha, em Minas Gerais. Cobrimos as 51 cidades do Vale desde 2013. Sugest\u00f5es de pauta e pedidos de corre\u00e7\u00e3o: contato@aconteceunovale.com.br","url":"https:\/\/aconteceunovale.com.br\/portal\/?author=4"}]}},"_links":{"self":[{"href":"https:\/\/aconteceunovale.com.br\/portal\/index.php?rest_route=\/wp\/v2\/posts\/179453","targetHints":{"allow":["GET"]}}],"collection":[{"href":"https:\/\/aconteceunovale.com.br\/portal\/index.php?rest_route=\/wp\/v2\/posts"}],"about":[{"href":"https:\/\/aconteceunovale.com.br\/portal\/index.php?rest_route=\/wp\/v2\/types\/post"}],"author":[{"embeddable":true,"href":"https:\/\/aconteceunovale.com.br\/portal\/index.php?rest_route=\/wp\/v2\/users\/4"}],"replies":[{"embeddable":true,"href":"https:\/\/aconteceunovale.com.br\/portal\/index.php?rest_route=%2Fwp%2Fv2%2Fcomments&post=179453"}],"version-history":[{"count":1,"href":"https:\/\/aconteceunovale.com.br\/portal\/index.php?rest_route=\/wp\/v2\/posts\/179453\/revisions"}],"predecessor-version":[{"id":179454,"href":"https:\/\/aconteceunovale.com.br\/portal\/index.php?rest_route=\/wp\/v2\/posts\/179453\/revisions\/179454"}],"wp:featuredmedia":[{"embeddable":true,"href":"https:\/\/aconteceunovale.com.br\/portal\/index.php?rest_route=\/wp\/v2\/media\/74134"}],"wp:attachment":[{"href":"https:\/\/aconteceunovale.com.br\/portal\/index.php?rest_route=%2Fwp%2Fv2%2Fmedia&parent=179453"}],"wp:term":[{"taxonomy":"category","embeddable":true,"href":"https:\/\/aconteceunovale.com.br\/portal\/index.php?rest_route=%2Fwp%2Fv2%2Fcategories&post=179453"},{"taxonomy":"post_tag","embeddable":true,"href":"https:\/\/aconteceunovale.com.br\/portal\/index.php?rest_route=%2Fwp%2Fv2%2Ftags&post=179453"}],"curies":[{"name":"wp","href":"https:\/\/api.w.org\/{rel}","templated":true}]}}