{"id":179441,"date":"2021-06-20T11:05:07","date_gmt":"2021-06-20T14:05:07","guid":{"rendered":"https:\/\/aconteceunovale.com.br\/portal\/?p=179441"},"modified":"2021-06-20T11:07:08","modified_gmt":"2021-06-20T14:07:08","slug":"vagner-mancini-e-o-novo-tecnico-do-america-mg","status":"publish","type":"post","link":"https:\/\/aconteceunovale.com.br\/portal\/?p=179441","title":{"rendered":"Vagner Mancini \u00e9 o novo t\u00e9cnico do Am\u00e9rica-MG"},"content":{"rendered":"\n<p class=\"wp-block-paragraph\">O Am\u00e9rica-MG concluiu as negocia\u00e7\u00f5es e definiu o nome de seu novo treinador. Vagner Carmo Mancini, de 54 anos, assume o time profissional com contrato v\u00e1lido at\u00e9 o fim da temporada 2021. Com vasta experi\u00eancia nas principais competi\u00e7\u00f5es nacionais, o t\u00e9cnico ser\u00e1 respons\u00e1vel por liderar o Coelho na sequ\u00eancia da trajet\u00f3ria na S\u00e9rie A do Campeonato Brasileiro.<\/p>\n\n\n\n<figure class=\"wp-block-gallery columns-1 is-cropped wp-block-gallery-1 is-layout-flex wp-block-gallery-is-layout-flex\"><ul class=\"blocks-gallery-grid\"><li class=\"blocks-gallery-item\"><figure><img loading=\"lazy\" decoding=\"async\" width=\"650\" height=\"412\" src=\"https:\/\/aconteceunovale.com.br\/portal\/wp-content\/uploads\/2021\/06\/vagner_mancini.jpg\" alt=\"\" data-id=\"179442\" data-full-url=\"https:\/\/aconteceunovale.com.br\/portal\/wp-content\/uploads\/2021\/06\/vagner_mancini.jpg\" data-link=\"https:\/\/aconteceunovale.com.br\/portal\/?attachment_id=179442\" class=\"wp-image-179442\" srcset=\"https:\/\/aconteceunovale.com.br\/portal\/wp-content\/uploads\/2021\/06\/vagner_mancini.jpg 650w, https:\/\/aconteceunovale.com.br\/portal\/wp-content\/uploads\/2021\/06\/vagner_mancini-300x190.jpg 300w\" sizes=\"auto, (max-width: 650px) 100vw, 650px\" \/><figcaption class=\"blocks-gallery-item__caption\"><em>Vagner Mancini &#8211; Foto: @vagnermancinioficial \/ Instagram<\/em><\/figcaption><\/figure><\/li><\/ul><\/figure>\n\n\n\n<p class=\"wp-block-paragraph\">Neste domingo (20\/6), Vagner Mancini j\u00e1 ter\u00e1 seu primeiro contato com o elenco e assistir\u00e1 ao jogo contra o Palmeiras, no Allianz Parque, em S\u00e3o Paulo. A partir de ter\u00e7a-feira, ele assume o comando t\u00e9cnico e concluir\u00e1 a prepara\u00e7\u00e3o para o jogo contra o Juventude pela 6\u00aa rodada do Campeonato Brasileiro.<\/p>\n\n\n\n<p class=\"wp-block-paragraph\">Com um vasto curr\u00edculo, Vagner Mancini j\u00e1 conquistou uma Copa do Brasil, em 2005, e soma quatro t\u00edtulos estaduais na carreira. Seus clubes mais recentes foram o Atl\u00e9tico-GO, onde liderou o time em uma grande campanha no Campeonato Brasileiro, e o Corinthians, que comandou de outubro de 2020 a maio deste ano.<\/p>\n\n\n\n<p class=\"wp-block-paragraph\">&#8212;&#8212;&#8212;&#8212;&#8212;&#8212;<br><em>Quer receber as not\u00edcias do <strong>Aconteceu no Vale<\/strong> em primeira m\u00e3o? Siga-nos no Facebook <a rel=\"noreferrer noopener\" href=\"http:\/\/facebook.com\/aconteceunovale\" target=\"_blank\">@aconteceunovale<\/a>, Twitter <a rel=\"noreferrer noopener\" href=\"https:\/\/twitter.com\/noticiadosvales\" target=\"_blank\">@noticiadosvales<\/a> e Instagram <a rel=\"noreferrer noopener\" href=\"https:\/\/www.instagram.com\/aconteceunovale\" target=\"_blank\">@aconteceunovale<\/a>.<\/em><\/p>\n","protected":false},"excerpt":{"rendered":"<p>O Am\u00e9rica-MG concluiu as negocia\u00e7\u00f5es e definiu o nome de seu novo treinador. Vagner Carmo Mancini, de 54 anos, assume o time profissional com contrato v\u00e1lido at\u00e9 o fim da temporada 2021. Com vasta experi\u00eancia nas principais competi\u00e7\u00f5es nacionais, o t\u00e9cnico ser\u00e1 respons\u00e1vel por liderar o Coelho na sequ\u00eancia da trajet\u00f3ria na S\u00e9rie A do [&hellip;]<\/p>\n","protected":false},"author":4,"featured_media":179442,"comment_status":"open","ping_status":"closed","sticky":false,"template":"","format":"standard","meta":{"amp_status":"","footnotes":""},"categories":[6,59,123],"tags":[16165,75846,194,1017,13044,13043,34527,1018,246827,246826,246828,25960,246822,246825,246824,246823,246821],"class_list":["post-179441","post","type-post","status-publish","format-standard","has-post-thumbnail","hentry","category-br","category-esportes","category-gerais","tag-america-mineiro","tag-america-mg","tag-belo-horizonte","tag-bh","tag-brasileirao","tag-campeonato-brasileiro","tag-coelho","tag-destaque","tag-novo-tecnico-do-america-mineiro","tag-novo-tecnico-do-america-mg","tag-novo-tecnico-do-coelho","tag-serie-a","tag-vagner-mancini","tag-vagner-mancini-america-mineiro","tag-vagner-mancini-america-mg","tag-vagner-mancini-coelho","tag-vagner-mancini-e-o-novo-tecnico-do-america-mg"],"yoast_head":"<!-- This site is optimized with the Yoast SEO plugin v28.3 - https:\/\/yoast.com\/product\/yoast-seo-wordpress\/ -->\n<title>Vagner Mancini \u00e9 o novo t\u00e9cnico do Am\u00e9rica-MG - Aconteceu no Vale<\/title>\n<meta name=\"robots\" content=\"index, follow, max-snippet:-1, max-image-preview:large, max-video-preview:-1\" \/>\n<link rel=\"canonical\" href=\"https:\/\/aconteceunovale.com.br\/portal\/?p=179441\" \/>\n<meta property=\"og:locale\" content=\"pt_BR\" \/>\n<meta property=\"og:type\" content=\"article\" \/>\n<meta property=\"og:title\" content=\"Vagner Mancini \u00e9 o novo t\u00e9cnico do Am\u00e9rica-MG - Aconteceu no Vale\" \/>\n<meta property=\"og:description\" content=\"O Am\u00e9rica-MG concluiu as negocia\u00e7\u00f5es e definiu o nome de seu novo treinador. Vagner Carmo Mancini, de 54 anos, assume o time profissional com contrato v\u00e1lido at\u00e9 o fim da temporada 2021. Com vasta experi\u00eancia nas principais competi\u00e7\u00f5es nacionais, o t\u00e9cnico ser\u00e1 respons\u00e1vel por liderar o Coelho na sequ\u00eancia da trajet\u00f3ria na S\u00e9rie A do [&hellip;]\" \/>\n<meta property=\"og:url\" content=\"https:\/\/aconteceunovale.com.br\/portal\/?p=179441\" \/>\n<meta property=\"og:site_name\" content=\"Aconteceu no Vale\" \/>\n<meta property=\"article:publisher\" content=\"https:\/\/www.facebook.com\/aconteceunovale\/\" \/>\n<meta property=\"article:published_time\" content=\"2021-06-20T14:05:07+00:00\" \/>\n<meta property=\"article:modified_time\" content=\"2021-06-20T14:07:08+00:00\" \/>\n<meta property=\"og:image\" content=\"https:\/\/aconteceunovale.com.br\/portal\/wp-content\/uploads\/2021\/06\/vagner_mancini.jpg\" \/>\n\t<meta property=\"og:image:width\" content=\"650\" \/>\n\t<meta property=\"og:image:height\" content=\"412\" \/>\n\t<meta property=\"og:image:type\" content=\"image\/jpeg\" \/>\n<meta name=\"author\" content=\"Reda\u00e7\u00e3o Aconteceu no Vale\" \/>\n<meta name=\"twitter:card\" content=\"summary_large_image\" \/>\n<meta name=\"twitter:creator\" content=\"@noticiadosvales\" \/>\n<meta name=\"twitter:site\" content=\"@noticiadosvales\" \/>\n<meta name=\"twitter:label1\" content=\"Escrito por\" \/>\n\t<meta name=\"twitter:data1\" content=\"Reda\u00e7\u00e3o Aconteceu no Vale\" \/>\n\t<meta name=\"twitter:label2\" content=\"Est. tempo de leitura\" \/>\n\t<meta name=\"twitter:data2\" content=\"1 minuto\" \/>\n<script type=\"application\/ld+json\" class=\"yoast-schema-graph\">{\"@context\":\"https:\\\/\\\/schema.org\",\"@graph\":[{\"@type\":\"Article\",\"@id\":\"https:\\\/\\\/aconteceunovale.com.br\\\/portal\\\/?p=179441#article\",\"isPartOf\":{\"@id\":\"https:\\\/\\\/aconteceunovale.com.br\\\/portal\\\/?p=179441\"},\"author\":{\"name\":\"Reda\u00e7\u00e3o Aconteceu no Vale\",\"@id\":\"https:\\\/\\\/aconteceunovale.com.br\\\/portal\\\/#\\\/schema\\\/person\\\/7d2f26d1483f8a63de73da1ee0754d35\"},\"headline\":\"Vagner Mancini \u00e9 o novo t\u00e9cnico do Am\u00e9rica-MG\",\"datePublished\":\"2021-06-20T14:05:07+00:00\",\"dateModified\":\"2021-06-20T14:07:08+00:00\",\"mainEntityOfPage\":{\"@id\":\"https:\\\/\\\/aconteceunovale.com.br\\\/portal\\\/?p=179441\"},\"wordCount\":209,\"commentCount\":0,\"image\":{\"@id\":\"https:\\\/\\\/aconteceunovale.com.br\\\/portal\\\/?p=179441#primaryimage\"},\"thumbnailUrl\":\"https:\\\/\\\/aconteceunovale.com.br\\\/portal\\\/wp-content\\\/uploads\\\/2021\\\/06\\\/vagner_mancini.jpg\",\"keywords\":[\"Am\u00e9rica Mineiro\",\"Am\u00e9rica-MG\",\"Belo Horizonte\",\"bh\",\"brasileir\u00e3o\",\"campeonato brasileiro\",\"Coelho\",\"destaque\",\"Novo t\u00e9cnico do Am\u00e9rica Mineiro\",\"Novo t\u00e9cnico do Am\u00e9rica-MG\",\"Novo t\u00e9cnico do Coelho\",\"S\u00e9rie A\",\"Vagner Mancini\",\"Vagner Mancini Am\u00e9rica Mineiro\",\"Vagner Mancini Am\u00e9rica-MG\",\"Vagner Mancini Coelho\",\"Vagner Mancini \u00e9 o novo t\u00e9cnico do Am\u00e9rica-MG\"],\"articleSection\":[\"Brasil\",\"Esportes\",\"Minas Gerais\"],\"inLanguage\":\"pt-BR\",\"potentialAction\":[{\"@type\":\"CommentAction\",\"name\":\"Comment\",\"target\":[\"https:\\\/\\\/aconteceunovale.com.br\\\/portal\\\/?p=179441#respond\"]}]},{\"@type\":\"WebPage\",\"@id\":\"https:\\\/\\\/aconteceunovale.com.br\\\/portal\\\/?p=179441\",\"url\":\"https:\\\/\\\/aconteceunovale.com.br\\\/portal\\\/?p=179441\",\"name\":\"Vagner Mancini \u00e9 o novo t\u00e9cnico do Am\u00e9rica-MG - Aconteceu no Vale\",\"isPartOf\":{\"@id\":\"https:\\\/\\\/aconteceunovale.com.br\\\/portal\\\/#website\"},\"primaryImageOfPage\":{\"@id\":\"https:\\\/\\\/aconteceunovale.com.br\\\/portal\\\/?p=179441#primaryimage\"},\"image\":{\"@id\":\"https:\\\/\\\/aconteceunovale.com.br\\\/portal\\\/?p=179441#primaryimage\"},\"thumbnailUrl\":\"https:\\\/\\\/aconteceunovale.com.br\\\/portal\\\/wp-content\\\/uploads\\\/2021\\\/06\\\/vagner_mancini.jpg\",\"datePublished\":\"2021-06-20T14:05:07+00:00\",\"dateModified\":\"2021-06-20T14:07:08+00:00\",\"author\":{\"@id\":\"https:\\\/\\\/aconteceunovale.com.br\\\/portal\\\/#\\\/schema\\\/person\\\/7d2f26d1483f8a63de73da1ee0754d35\"},\"breadcrumb\":{\"@id\":\"https:\\\/\\\/aconteceunovale.com.br\\\/portal\\\/?p=179441#breadcrumb\"},\"inLanguage\":\"pt-BR\",\"potentialAction\":[{\"@type\":\"ReadAction\",\"target\":[\"https:\\\/\\\/aconteceunovale.com.br\\\/portal\\\/?p=179441\"]}]},{\"@type\":\"ImageObject\",\"inLanguage\":\"pt-BR\",\"@id\":\"https:\\\/\\\/aconteceunovale.com.br\\\/portal\\\/?p=179441#primaryimage\",\"url\":\"https:\\\/\\\/aconteceunovale.com.br\\\/portal\\\/wp-content\\\/uploads\\\/2021\\\/06\\\/vagner_mancini.jpg\",\"contentUrl\":\"https:\\\/\\\/aconteceunovale.com.br\\\/portal\\\/wp-content\\\/uploads\\\/2021\\\/06\\\/vagner_mancini.jpg\",\"width\":650,\"height\":412},{\"@type\":\"BreadcrumbList\",\"@id\":\"https:\\\/\\\/aconteceunovale.com.br\\\/portal\\\/?p=179441#breadcrumb\",\"itemListElement\":[{\"@type\":\"ListItem\",\"position\":1,\"name\":\"In\u00edcio\",\"item\":\"https:\\\/\\\/aconteceunovale.com.br\\\/portal\\\/\"},{\"@type\":\"ListItem\",\"position\":2,\"name\":\"Vagner Mancini \u00e9 o novo t\u00e9cnico do Am\u00e9rica-MG\"}]},{\"@type\":\"WebSite\",\"@id\":\"https:\\\/\\\/aconteceunovale.com.br\\\/portal\\\/#website\",\"url\":\"https:\\\/\\\/aconteceunovale.com.br\\\/portal\\\/\",\"name\":\"Aconteceu no Vale\",\"description\":\"Portal de Not\u00edcias\",\"potentialAction\":[{\"@type\":\"SearchAction\",\"target\":{\"@type\":\"EntryPoint\",\"urlTemplate\":\"https:\\\/\\\/aconteceunovale.com.br\\\/portal\\\/?s={search_term_string}\"},\"query-input\":{\"@type\":\"PropertyValueSpecification\",\"valueRequired\":true,\"valueName\":\"search_term_string\"}}],\"inLanguage\":\"pt-BR\"},{\"@type\":\"Person\",\"@id\":\"https:\\\/\\\/aconteceunovale.com.br\\\/portal\\\/#\\\/schema\\\/person\\\/7d2f26d1483f8a63de73da1ee0754d35\",\"name\":\"Reda\u00e7\u00e3o Aconteceu no Vale\",\"description\":\"Equipe de reportagem do Aconteceu no Vale, portal de not\u00edcias do Vale do Jequitinhonha, em Minas Gerais. Cobrimos as 51 cidades do Vale desde 2013. Sugest\u00f5es de pauta e pedidos de corre\u00e7\u00e3o: contato@aconteceunovale.com.br\",\"url\":\"https:\\\/\\\/aconteceunovale.com.br\\\/portal\\\/?author=4\"}]}<\/script>\n<!-- \/ Yoast SEO plugin. -->","yoast_head_json":{"title":"Vagner Mancini \u00e9 o novo t\u00e9cnico do Am\u00e9rica-MG - Aconteceu no Vale","robots":{"index":"index","follow":"follow","max-snippet":"max-snippet:-1","max-image-preview":"max-image-preview:large","max-video-preview":"max-video-preview:-1"},"canonical":"https:\/\/aconteceunovale.com.br\/portal\/?p=179441","og_locale":"pt_BR","og_type":"article","og_title":"Vagner Mancini \u00e9 o novo t\u00e9cnico do Am\u00e9rica-MG - Aconteceu no Vale","og_description":"O Am\u00e9rica-MG concluiu as negocia\u00e7\u00f5es e definiu o nome de seu novo treinador. Vagner Carmo Mancini, de 54 anos, assume o time profissional com contrato v\u00e1lido at\u00e9 o fim da temporada 2021. Com vasta experi\u00eancia nas principais competi\u00e7\u00f5es nacionais, o t\u00e9cnico ser\u00e1 respons\u00e1vel por liderar o Coelho na sequ\u00eancia da trajet\u00f3ria na S\u00e9rie A do [&hellip;]","og_url":"https:\/\/aconteceunovale.com.br\/portal\/?p=179441","og_site_name":"Aconteceu no Vale","article_publisher":"https:\/\/www.facebook.com\/aconteceunovale\/","article_published_time":"2021-06-20T14:05:07+00:00","article_modified_time":"2021-06-20T14:07:08+00:00","og_image":[{"width":650,"height":412,"url":"https:\/\/aconteceunovale.com.br\/portal\/wp-content\/uploads\/2021\/06\/vagner_mancini.jpg","type":"image\/jpeg"}],"author":"Reda\u00e7\u00e3o Aconteceu no Vale","twitter_card":"summary_large_image","twitter_creator":"@noticiadosvales","twitter_site":"@noticiadosvales","twitter_misc":{"Escrito por":"Reda\u00e7\u00e3o Aconteceu no Vale","Est. tempo de leitura":"1 minuto"},"schema":{"@context":"https:\/\/schema.org","@graph":[{"@type":"Article","@id":"https:\/\/aconteceunovale.com.br\/portal\/?p=179441#article","isPartOf":{"@id":"https:\/\/aconteceunovale.com.br\/portal\/?p=179441"},"author":{"name":"Reda\u00e7\u00e3o Aconteceu no Vale","@id":"https:\/\/aconteceunovale.com.br\/portal\/#\/schema\/person\/7d2f26d1483f8a63de73da1ee0754d35"},"headline":"Vagner Mancini \u00e9 o novo t\u00e9cnico do Am\u00e9rica-MG","datePublished":"2021-06-20T14:05:07+00:00","dateModified":"2021-06-20T14:07:08+00:00","mainEntityOfPage":{"@id":"https:\/\/aconteceunovale.com.br\/portal\/?p=179441"},"wordCount":209,"commentCount":0,"image":{"@id":"https:\/\/aconteceunovale.com.br\/portal\/?p=179441#primaryimage"},"thumbnailUrl":"https:\/\/aconteceunovale.com.br\/portal\/wp-content\/uploads\/2021\/06\/vagner_mancini.jpg","keywords":["Am\u00e9rica Mineiro","Am\u00e9rica-MG","Belo Horizonte","bh","brasileir\u00e3o","campeonato brasileiro","Coelho","destaque","Novo t\u00e9cnico do Am\u00e9rica Mineiro","Novo t\u00e9cnico do Am\u00e9rica-MG","Novo t\u00e9cnico do Coelho","S\u00e9rie A","Vagner Mancini","Vagner Mancini Am\u00e9rica Mineiro","Vagner Mancini Am\u00e9rica-MG","Vagner Mancini Coelho","Vagner Mancini \u00e9 o novo t\u00e9cnico do Am\u00e9rica-MG"],"articleSection":["Brasil","Esportes","Minas Gerais"],"inLanguage":"pt-BR","potentialAction":[{"@type":"CommentAction","name":"Comment","target":["https:\/\/aconteceunovale.com.br\/portal\/?p=179441#respond"]}]},{"@type":"WebPage","@id":"https:\/\/aconteceunovale.com.br\/portal\/?p=179441","url":"https:\/\/aconteceunovale.com.br\/portal\/?p=179441","name":"Vagner Mancini \u00e9 o novo t\u00e9cnico do Am\u00e9rica-MG - Aconteceu no Vale","isPartOf":{"@id":"https:\/\/aconteceunovale.com.br\/portal\/#website"},"primaryImageOfPage":{"@id":"https:\/\/aconteceunovale.com.br\/portal\/?p=179441#primaryimage"},"image":{"@id":"https:\/\/aconteceunovale.com.br\/portal\/?p=179441#primaryimage"},"thumbnailUrl":"https:\/\/aconteceunovale.com.br\/portal\/wp-content\/uploads\/2021\/06\/vagner_mancini.jpg","datePublished":"2021-06-20T14:05:07+00:00","dateModified":"2021-06-20T14:07:08+00:00","author":{"@id":"https:\/\/aconteceunovale.com.br\/portal\/#\/schema\/person\/7d2f26d1483f8a63de73da1ee0754d35"},"breadcrumb":{"@id":"https:\/\/aconteceunovale.com.br\/portal\/?p=179441#breadcrumb"},"inLanguage":"pt-BR","potentialAction":[{"@type":"ReadAction","target":["https:\/\/aconteceunovale.com.br\/portal\/?p=179441"]}]},{"@type":"ImageObject","inLanguage":"pt-BR","@id":"https:\/\/aconteceunovale.com.br\/portal\/?p=179441#primaryimage","url":"https:\/\/aconteceunovale.com.br\/portal\/wp-content\/uploads\/2021\/06\/vagner_mancini.jpg","contentUrl":"https:\/\/aconteceunovale.com.br\/portal\/wp-content\/uploads\/2021\/06\/vagner_mancini.jpg","width":650,"height":412},{"@type":"BreadcrumbList","@id":"https:\/\/aconteceunovale.com.br\/portal\/?p=179441#breadcrumb","itemListElement":[{"@type":"ListItem","position":1,"name":"In\u00edcio","item":"https:\/\/aconteceunovale.com.br\/portal\/"},{"@type":"ListItem","position":2,"name":"Vagner Mancini \u00e9 o novo t\u00e9cnico do Am\u00e9rica-MG"}]},{"@type":"WebSite","@id":"https:\/\/aconteceunovale.com.br\/portal\/#website","url":"https:\/\/aconteceunovale.com.br\/portal\/","name":"Aconteceu no Vale","description":"Portal de Not\u00edcias","potentialAction":[{"@type":"SearchAction","target":{"@type":"EntryPoint","urlTemplate":"https:\/\/aconteceunovale.com.br\/portal\/?s={search_term_string}"},"query-input":{"@type":"PropertyValueSpecification","valueRequired":true,"valueName":"search_term_string"}}],"inLanguage":"pt-BR"},{"@type":"Person","@id":"https:\/\/aconteceunovale.com.br\/portal\/#\/schema\/person\/7d2f26d1483f8a63de73da1ee0754d35","name":"Reda\u00e7\u00e3o Aconteceu no Vale","description":"Equipe de reportagem do Aconteceu no Vale, portal de not\u00edcias do Vale do Jequitinhonha, em Minas Gerais. Cobrimos as 51 cidades do Vale desde 2013. Sugest\u00f5es de pauta e pedidos de corre\u00e7\u00e3o: contato@aconteceunovale.com.br","url":"https:\/\/aconteceunovale.com.br\/portal\/?author=4"}]}},"_links":{"self":[{"href":"https:\/\/aconteceunovale.com.br\/portal\/index.php?rest_route=\/wp\/v2\/posts\/179441","targetHints":{"allow":["GET"]}}],"collection":[{"href":"https:\/\/aconteceunovale.com.br\/portal\/index.php?rest_route=\/wp\/v2\/posts"}],"about":[{"href":"https:\/\/aconteceunovale.com.br\/portal\/index.php?rest_route=\/wp\/v2\/types\/post"}],"author":[{"embeddable":true,"href":"https:\/\/aconteceunovale.com.br\/portal\/index.php?rest_route=\/wp\/v2\/users\/4"}],"replies":[{"embeddable":true,"href":"https:\/\/aconteceunovale.com.br\/portal\/index.php?rest_route=%2Fwp%2Fv2%2Fcomments&post=179441"}],"version-history":[{"count":1,"href":"https:\/\/aconteceunovale.com.br\/portal\/index.php?rest_route=\/wp\/v2\/posts\/179441\/revisions"}],"predecessor-version":[{"id":179443,"href":"https:\/\/aconteceunovale.com.br\/portal\/index.php?rest_route=\/wp\/v2\/posts\/179441\/revisions\/179443"}],"wp:featuredmedia":[{"embeddable":true,"href":"https:\/\/aconteceunovale.com.br\/portal\/index.php?rest_route=\/wp\/v2\/media\/179442"}],"wp:attachment":[{"href":"https:\/\/aconteceunovale.com.br\/portal\/index.php?rest_route=%2Fwp%2Fv2%2Fmedia&parent=179441"}],"wp:term":[{"taxonomy":"category","embeddable":true,"href":"https:\/\/aconteceunovale.com.br\/portal\/index.php?rest_route=%2Fwp%2Fv2%2Fcategories&post=179441"},{"taxonomy":"post_tag","embeddable":true,"href":"https:\/\/aconteceunovale.com.br\/portal\/index.php?rest_route=%2Fwp%2Fv2%2Ftags&post=179441"}],"curies":[{"name":"wp","href":"https:\/\/api.w.org\/{rel}","templated":true}]}}