{"id":179431,"date":"2021-06-19T23:31:35","date_gmt":"2021-06-20T02:31:35","guid":{"rendered":"https:\/\/aconteceunovale.com.br\/portal\/?p=179431"},"modified":"2021-06-19T23:32:22","modified_gmt":"2021-06-20T02:32:22","slug":"brasil-ultrapassa-a-marca-de-500-mil-obitos-por-covid-19","status":"publish","type":"post","link":"https:\/\/aconteceunovale.com.br\/portal\/?p=179431","title":{"rendered":"Brasil ultrapassa a marca de 500 mil \u00f3bitos por Covid-19"},"content":{"rendered":"\n<p class=\"wp-block-paragraph\">Mais de meio milh\u00e3o de brasileiros morreram em decorr\u00eancia da covid-19. De acordo com balan\u00e7o divulgado na noite deste s\u00e1bado (19\/6\/2021) pelo Minist\u00e9rio da Sa\u00fade, a pandemia j\u00e1 matou 500.800 pessoas no pa\u00eds. Em 24 horas foram 2.301 mortes e 82.288 novos casos confirmados.<\/p>\n\n\n\n<p class=\"wp-block-paragraph\">O n\u00famero de casos registrados em todo o pa\u00eds chegou a 17,883 milh\u00f5es. Desse total, 16,183 milh\u00f5es de pessoas de recuperaram, o que equivale a 90,5% dos infectados. Mais de 1,199 milh\u00e3o de pessoas seguem em acompanhamento pelas secretarias estaduais de Sa\u00fade.<\/p>\n\n\n\n<p class=\"wp-block-paragraph\">S\u00e3o Paulo \u00e9 o estado com maior n\u00famero de casos e \u00f3bitos. At\u00e9 o momento foram 121.960 mortes em meio a 3.573.210 casos confirmados. Minas Gerais est\u00e1 em segundo lugar com 44.347 \u00f3bitos e 1.733.181 casos<\/p>\n\n\n\n<p class=\"wp-block-paragraph\">A lista segue com Paran\u00e1 (29.975 mortes e 1.192.93 casos), Rio Grande do Sul (30.372 em meio a 1.181.872 casos) e Bahia (23.204 mortes e 1.092.772 casos).<\/p>\n\n\n\n<div class=\"wp-block-image\"><figure class=\"aligncenter size-large\"><img loading=\"lazy\" decoding=\"async\" width=\"754\" height=\"424\" src=\"https:\/\/aconteceunovale.com.br\/portal\/wp-content\/uploads\/2021\/06\/corona_br_19junho.jpeg\" alt=\"\" class=\"wp-image-179432\" srcset=\"https:\/\/aconteceunovale.com.br\/portal\/wp-content\/uploads\/2021\/06\/corona_br_19junho.jpeg 754w, https:\/\/aconteceunovale.com.br\/portal\/wp-content\/uploads\/2021\/06\/corona_br_19junho-300x169.jpeg 300w, https:\/\/aconteceunovale.com.br\/portal\/wp-content\/uploads\/2021\/06\/corona_br_19junho-696x391.jpeg 696w, https:\/\/aconteceunovale.com.br\/portal\/wp-content\/uploads\/2021\/06\/corona_br_19junho-747x420.jpeg 747w\" sizes=\"auto, (max-width: 754px) 100vw, 754px\" \/><\/figure><\/div>\n\n\n\n<h2 class=\"wp-block-heading\">Repercuss\u00e3o<\/h2>\n\n\n\n<p class=\"wp-block-paragraph\">Mais cedo, o ministro da Sa\u00fade, Marcelo Queiroga divulgou, via redes sociais, uma nota na qual lamenta o n\u00famero. &#8220;500 mil vidas perdidas pela pandemia que afeta o nosso Brasil e todo o mundo. Trabalho incansavelmente para vacinar todos os brasileiros no menor tempo poss\u00edvel e mudar esse cen\u00e1rio que nos assola h\u00e1 mais de um ano&#8221;, disse.<\/p>\n\n\n\n<p class=\"wp-block-paragraph\">Tamb\u00e9m lamentaram a supera\u00e7\u00e3o da marca de 500 mil mortes o Conselho Nacional de Secret\u00e1rios de Sa\u00fade (Conass) \u2013 que ressaltou que do meio milh\u00e3o de mortes, 300 mil ocorreram apenas nos \u00faltimos cinco meses \u2013 e a organiza\u00e7\u00e3o humanit\u00e1ria M\u00e9dicos Sem Fronteiras.<\/p>\n\n\n\n<p class=\"wp-block-paragraph\">\u201cSomos o segundo pa\u00eds em n\u00fameros de \u00f3bitos di\u00e1rios. Estamos atr\u00e1s apenas da \u00cdndia com seus 1,3 bilh\u00e3o de habitantes. Dados reunidos pela Universidade de Pelotas tamb\u00e9m n\u00e3o deixam d\u00favidas. O Brasil, com 2,7% da popula\u00e7\u00e3o mundial, det\u00e9m 12,8% dos \u00f3bitos por covid-19 no mundo. Enquanto a propor\u00e7\u00e3o de mortes por covid-19 no mundo \u00e9 de 488 por milh\u00e3o de habitantes, aqui \u00e9 de 2.293\u201d, disse, em nota, o Conass.<\/p>\n\n\n\n<p class=\"wp-block-paragraph\">\u201cTemos, portanto, duas crises: a do v\u00edrus e a da ignor\u00e2ncia. Essa perigosa combina\u00e7\u00e3o exp\u00f5e mais pessoas ao risco de cont\u00e1gio e dificulta ainda mais as estrat\u00e9gias de preven\u00e7\u00e3o da doen\u00e7a\u201d. \u201cSofremos com a alta ocupa\u00e7\u00e3o de leitos de UTI e com a escassez de medicamentos para intuba\u00e7\u00e3o, o que aumenta ainda mais a press\u00e3o sobre os trabalhadores de sa\u00fade\u201d, complementa a nota ao ressaltar que o n\u00famero de casos novos voltou a crescer.<\/p>\n\n\n\n<p class=\"wp-block-paragraph\">Em carta aberta, o M\u00e9dicos Sem Fronteiras disse condenar \u201ccom indigna\u00e7\u00e3o\u201d o que chamou de \u201cdescaso\u201d \u00e0 emerg\u00eancia sanit\u00e1ria no Brasil. Segundo a entidade, o pa\u00eds \u201cvive em um estado de luto permanente\u201d. A organiza\u00e7\u00e3o destaca que estudos previam os impactos que a pandemia teria sobre o sistema de sa\u00fade e que esta atingiria, de maneira \u201cmais cruel\u201d, as popula\u00e7\u00f5es negra e ind\u00edgena, migrantes e refugiados.<\/p>\n\n\n\n<p class=\"wp-block-paragraph\">\u201cComo organiza\u00e7\u00e3o m\u00e9dica, \u00e9 nossa obriga\u00e7\u00e3o esclarecer que muitas dessas mortes poderiam ser evit\u00e1veis. A insistente recusa em colocar em pr\u00e1tica medidas de sa\u00fade p\u00fablica baseadas em evid\u00eancias cient\u00edficas, como o distanciamento social e o uso de m\u00e1scara, mesmo para quem j\u00e1 foi vacinado ou teve a doen\u00e7a, segue resultando na morte prematura de muitas pessoas e aumentando o risco do surgimento de novas variantes\u201d, diz a carta do M\u00e9dicos Sem Fronteiras.<\/p>\n\n\n\n<p class=\"wp-block-paragraph\">Em nota divulgada neste s\u00e1bado, o presidente do Supremo Tribunal Federal (STF), Luiz Fux, disse que se solidariza com as fam\u00edlias das v\u00edtimas e que o tribunal e o Conselho Nacional de Justi\u00e7a (CNJ) &#8220;seguem empreendendo esfor\u00e7os para ajudar a sociedade brasileira a mitigar os impactos desta terr\u00edvel pandemia&#8221;. &#8220;\u00c9 preciso relembrar a cada dia que n\u00e3o s\u00e3o apenas n\u00fameros. S\u00e3o m\u00e3es, pais, filhos, irm\u00e3os. Meio milh\u00e3o de pessoas que partiram e tiveram seus sonhos interrompidos&#8221;, destacou Fux.<\/p>\n\n\n\n<p class=\"wp-block-paragraph\">Pelas redes sociais, o presidente do Senado, Rodrigo Pacheco, disse que o foco deve ser na preven\u00e7\u00e3o. &#8220;Meus sinceros sentimentos \u00e0s 500 mil fam\u00edlias brasileiras que perderam algu\u00e9m para a covid-19. Uma enorme tristeza nacional. Vamos manter o foco na preven\u00e7\u00e3o e na vacina para todos.&#8221;<\/p>\n\n\n\n<h2 class=\"wp-block-heading\">Vacina\u00e7\u00e3o<\/h2>\n\n\n\n<p class=\"wp-block-paragraph\">De acordo com dados do Minist\u00e9rio da Sa\u00fade, at\u00e9 o momento foram enviadas a estados e munic\u00edpios 115,135 milh\u00f5es de doses de vacinas contra a covid-19. Desse total, foram aplicadas 85,390 milh\u00f5es de doses, sendo 61,270 milh\u00f5es da primeira dose e 24,120 milh\u00f5es da segunda dose.<\/p>\n\n\n\n<p class=\"wp-block-paragraph\">&#8212;&#8212;&#8212;&#8212;&#8212;&#8212;<br><em>Quer receber as not\u00edcias do <strong>Aconteceu no Vale<\/strong> em primeira m\u00e3o? Siga-nos no Facebook <a rel=\"noreferrer noopener\" href=\"http:\/\/facebook.com\/aconteceunovale\" target=\"_blank\">@aconteceunovale<\/a>, Twitter <a rel=\"noreferrer noopener\" href=\"https:\/\/twitter.com\/noticiadosvales\" target=\"_blank\">@noticiadosvales<\/a> e Instagram <a rel=\"noreferrer noopener\" href=\"https:\/\/www.instagram.com\/aconteceunovale\" target=\"_blank\">@aconteceunovale<\/a>.<\/em><\/p>\n","protected":false},"excerpt":{"rendered":"<p>Mais de meio milh\u00e3o de brasileiros morreram em decorr\u00eancia da covid-19. De acordo com balan\u00e7o divulgado na noite deste s\u00e1bado (19\/6\/2021) pelo Minist\u00e9rio da Sa\u00fade, a pandemia j\u00e1 matou 500.800 pessoas no pa\u00eds. Em 24 horas foram 2.301 mortes e 82.288 novos casos confirmados. O n\u00famero de casos registrados em todo o pa\u00eds chegou a [&hellip;]<\/p>\n","protected":false},"author":4,"featured_media":179432,"comment_status":"open","ping_status":"closed","sticky":false,"template":"","format":"standard","meta":{"amp_status":"","footnotes":""},"categories":[6,28848,40242],"tags":[246807,246808,246805,246806,4785,240739,241206,240425,220477,241327,246804,220660,240423,219520,218049,218205,214884,215394,216498,218043,240422,240152,1018,19326,220349,218044,218045,215653,218206,219105,219104,218876,219519,140166,217692,220478,220479,240424,220944,220945],"class_list":["post-179431","post","type-post","status-publish","format-standard","has-post-thumbnail","hentry","category-br","category-mundo","category-saude-2","tag-500-mil-mortes-por-covid-19","tag-500-mil-mortes-por-covid-19-no-brasil","tag-500-mil-obitos-por-covid-19","tag-500-mil-obitos-por-covid-19-no-brasil","tag-brasil","tag-brasil-bate-novo-recorde-e-registra-3-650-obitos-por-covid-19-em-24-horas","tag-brasil-bate-novo-recorde-e-registra-3-780-obitos-por-covid-19-em-24h","tag-brasil-bate-recorde-com-mais-de-3-mil-mortes-por-covid-19-em-24-horas","tag-brasil-bate-recorde-de-obitos-e-casos-confirmados-em-um-dia","tag-brasil-registra-novo-recorde-diario-de-obitos-por-covid-19","tag-brasil-ultrapassa-a-marca-de-500-mil-obitos-por-covid-19","tag-brasil-ultrapassa-marca-de-4-mil-obitos-por-covid-19","tag-calamidade-no-brasil","tag-casos-confirmados-e-obitos-no-brasil","tag-casos-de-coronavirus-no-brasil","tag-casos-de-covid-19-no-brasil","tag-coronavirus","tag-coronavirus-no-brasil","tag-covid-19","tag-covid-19-no-brasil","tag-crise-na-saude-no-brasil","tag-crise-sanitaria-no-brasil","tag-destaque","tag-ministerio-da-saude","tag-ministerio-da-saude-atualiza-numeros-do-coronavirus-no-brasil","tag-mortes-por-coronavirus-no-brasil","tag-mortes-por-covid-19-no-brasil","tag-novo-coronavirus","tag-numero-de-casos-de-covid-19-confirmados-no-brasil","tag-numeros-da-covid-19-no-brasil","tag-numeros-do-coronavirus-no-brasil","tag-obitos-por-coronavirus-no-brasil","tag-obitos-por-covid-19-no-brasil","tag-pandemia","tag-pandemia-de-coronavirus","tag-recorde-de-obitos-por-coronavirus-no-brasil","tag-recorde-de-obitos-por-covid-19-no-brasil","tag-tragedia-na-saude-do-brasil","tag-virus-vai-atingir-70-da-populacao","tag-virus-vai-atingir-70-da-populacao-diz-jair-bolsonaro"],"yoast_head":"<!-- This site is optimized with the Yoast SEO plugin v28.3 - https:\/\/yoast.com\/product\/yoast-seo-wordpress\/ -->\n<title>Brasil ultrapassa a marca de 500 mil \u00f3bitos por Covid-19 - Aconteceu no Vale<\/title>\n<meta name=\"robots\" content=\"index, follow, max-snippet:-1, max-image-preview:large, max-video-preview:-1\" \/>\n<link rel=\"canonical\" href=\"https:\/\/aconteceunovale.com.br\/portal\/?p=179431\" \/>\n<meta property=\"og:locale\" content=\"pt_BR\" \/>\n<meta property=\"og:type\" content=\"article\" \/>\n<meta property=\"og:title\" content=\"Brasil ultrapassa a marca de 500 mil \u00f3bitos por Covid-19 - Aconteceu no Vale\" \/>\n<meta property=\"og:description\" content=\"Mais de meio milh\u00e3o de brasileiros morreram em decorr\u00eancia da covid-19. De acordo com balan\u00e7o divulgado na noite deste s\u00e1bado (19\/6\/2021) pelo Minist\u00e9rio da Sa\u00fade, a pandemia j\u00e1 matou 500.800 pessoas no pa\u00eds. Em 24 horas foram 2.301 mortes e 82.288 novos casos confirmados. O n\u00famero de casos registrados em todo o pa\u00eds chegou a [&hellip;]\" \/>\n<meta property=\"og:url\" content=\"https:\/\/aconteceunovale.com.br\/portal\/?p=179431\" \/>\n<meta property=\"og:site_name\" content=\"Aconteceu no Vale\" \/>\n<meta property=\"article:publisher\" content=\"https:\/\/www.facebook.com\/aconteceunovale\/\" \/>\n<meta property=\"article:published_time\" content=\"2021-06-20T02:31:35+00:00\" \/>\n<meta property=\"article:modified_time\" content=\"2021-06-20T02:32:22+00:00\" \/>\n<meta property=\"og:image\" content=\"https:\/\/aconteceunovale.com.br\/portal\/wp-content\/uploads\/2021\/06\/corona_br_19junho.jpeg\" \/>\n\t<meta property=\"og:image:width\" content=\"754\" \/>\n\t<meta property=\"og:image:height\" content=\"424\" \/>\n\t<meta property=\"og:image:type\" content=\"image\/jpeg\" \/>\n<meta name=\"author\" content=\"Reda\u00e7\u00e3o Aconteceu no Vale\" \/>\n<meta name=\"twitter:card\" content=\"summary_large_image\" \/>\n<meta name=\"twitter:creator\" content=\"@noticiadosvales\" \/>\n<meta name=\"twitter:site\" content=\"@noticiadosvales\" \/>\n<meta name=\"twitter:label1\" content=\"Escrito por\" \/>\n\t<meta name=\"twitter:data1\" content=\"Reda\u00e7\u00e3o Aconteceu no Vale\" \/>\n\t<meta name=\"twitter:label2\" content=\"Est. tempo de leitura\" \/>\n\t<meta name=\"twitter:data2\" content=\"4 minutos\" \/>\n<script type=\"application\/ld+json\" class=\"yoast-schema-graph\">{\"@context\":\"https:\\\/\\\/schema.org\",\"@graph\":[{\"@type\":\"Article\",\"@id\":\"https:\\\/\\\/aconteceunovale.com.br\\\/portal\\\/?p=179431#article\",\"isPartOf\":{\"@id\":\"https:\\\/\\\/aconteceunovale.com.br\\\/portal\\\/?p=179431\"},\"author\":{\"name\":\"Reda\u00e7\u00e3o Aconteceu no Vale\",\"@id\":\"https:\\\/\\\/aconteceunovale.com.br\\\/portal\\\/#\\\/schema\\\/person\\\/7d2f26d1483f8a63de73da1ee0754d35\"},\"headline\":\"Brasil ultrapassa a marca de 500 mil \u00f3bitos por Covid-19\",\"datePublished\":\"2021-06-20T02:31:35+00:00\",\"dateModified\":\"2021-06-20T02:32:22+00:00\",\"mainEntityOfPage\":{\"@id\":\"https:\\\/\\\/aconteceunovale.com.br\\\/portal\\\/?p=179431\"},\"wordCount\":795,\"commentCount\":0,\"image\":{\"@id\":\"https:\\\/\\\/aconteceunovale.com.br\\\/portal\\\/?p=179431#primaryimage\"},\"thumbnailUrl\":\"https:\\\/\\\/aconteceunovale.com.br\\\/portal\\\/wp-content\\\/uploads\\\/2021\\\/06\\\/corona_br_19junho.jpeg\",\"keywords\":[\"500 mil mortes por Covid-19\",\"500 mil mortes por Covid-19 no Brasil\",\"500 mil \u00f3bitos por Covid-19\",\"500 mil \u00f3bitos por Covid-19 no Brasil\",\"brasil\",\"Brasil bate novo recorde e registra 3.650 \u00f3bitos por Covid-19 em 24 horas\",\"Brasil bate novo recorde e registra 3.780 \u00f3bitos por Covid-19 em 24h\",\"Brasil bate recorde com mais de 3 mil mortes por Covid-19 em 24 horas\",\"Brasil bate recorde de \u00f3bitos e casos confirmados em um dia\",\"Brasil registra novo recorde di\u00e1rio de \u00f3bitos por Covid-19\",\"Brasil ultrapassa a marca de 500 mil \u00f3bitos por Covid-19\",\"Brasil ultrapassa marca de 4 mil \u00f3bitos por Covid-19\",\"Calamidade no Brasil\",\"Casos confirmados e \u00f3bitos no Brasil\",\"Casos de coronav\u00edrus no Brasil\",\"Casos de Covid-19 no Brasil\",\"Coronav\u00edrus\",\"Coronav\u00edrus no Brasil\",\"COVID-19\",\"Covid-19 no Brasil\",\"Crise na sa\u00fade no Brasil\",\"Crise sanit\u00e1ria no Brasil\",\"destaque\",\"Minist\u00e9rio da Sa\u00fade\",\"Minist\u00e9rio da Sa\u00fade atualiza n\u00fameros do coronav\u00edrus no Brasil\",\"Mortes por coronav\u00edrus no Brasil\",\"Mortes por Covid-19 no Brasil\",\"Novo coronav\u00edrus\",\"N\u00famero de casos de covid-19 confirmados no Brasil\",\"N\u00fameros da Covid-19 no Brasil\",\"N\u00fameros do coronav\u00edrus no Brasil\",\"\u00d3bitos por coronav\u00edrus no Brasil\",\"\u00d3bitos por Covid-19 no Brasil\",\"pandemia\",\"Pandemia de coronav\u00edrus\",\"Recorde de \u00f3bitos por coronav\u00edrus no Brasil\",\"Recorde de \u00f3bitos por Covid-19 no Brasil\",\"Trag\u00e9dia na sa\u00fade do Brasil\",\"V\u00edrus vai atingir 70% da popula\u00e7\u00e3o\",\"V\u00edrus vai atingir 70% da popula\u00e7\u00e3o diz Jair Bolsonaro\"],\"articleSection\":[\"Brasil\",\"Mundo\",\"Sa\u00fade\"],\"inLanguage\":\"pt-BR\",\"potentialAction\":[{\"@type\":\"CommentAction\",\"name\":\"Comment\",\"target\":[\"https:\\\/\\\/aconteceunovale.com.br\\\/portal\\\/?p=179431#respond\"]}]},{\"@type\":\"WebPage\",\"@id\":\"https:\\\/\\\/aconteceunovale.com.br\\\/portal\\\/?p=179431\",\"url\":\"https:\\\/\\\/aconteceunovale.com.br\\\/portal\\\/?p=179431\",\"name\":\"Brasil ultrapassa a marca de 500 mil \u00f3bitos por Covid-19 - Aconteceu no Vale\",\"isPartOf\":{\"@id\":\"https:\\\/\\\/aconteceunovale.com.br\\\/portal\\\/#website\"},\"primaryImageOfPage\":{\"@id\":\"https:\\\/\\\/aconteceunovale.com.br\\\/portal\\\/?p=179431#primaryimage\"},\"image\":{\"@id\":\"https:\\\/\\\/aconteceunovale.com.br\\\/portal\\\/?p=179431#primaryimage\"},\"thumbnailUrl\":\"https:\\\/\\\/aconteceunovale.com.br\\\/portal\\\/wp-content\\\/uploads\\\/2021\\\/06\\\/corona_br_19junho.jpeg\",\"datePublished\":\"2021-06-20T02:31:35+00:00\",\"dateModified\":\"2021-06-20T02:32:22+00:00\",\"author\":{\"@id\":\"https:\\\/\\\/aconteceunovale.com.br\\\/portal\\\/#\\\/schema\\\/person\\\/7d2f26d1483f8a63de73da1ee0754d35\"},\"breadcrumb\":{\"@id\":\"https:\\\/\\\/aconteceunovale.com.br\\\/portal\\\/?p=179431#breadcrumb\"},\"inLanguage\":\"pt-BR\",\"potentialAction\":[{\"@type\":\"ReadAction\",\"target\":[\"https:\\\/\\\/aconteceunovale.com.br\\\/portal\\\/?p=179431\"]}]},{\"@type\":\"ImageObject\",\"inLanguage\":\"pt-BR\",\"@id\":\"https:\\\/\\\/aconteceunovale.com.br\\\/portal\\\/?p=179431#primaryimage\",\"url\":\"https:\\\/\\\/aconteceunovale.com.br\\\/portal\\\/wp-content\\\/uploads\\\/2021\\\/06\\\/corona_br_19junho.jpeg\",\"contentUrl\":\"https:\\\/\\\/aconteceunovale.com.br\\\/portal\\\/wp-content\\\/uploads\\\/2021\\\/06\\\/corona_br_19junho.jpeg\",\"width\":754,\"height\":424},{\"@type\":\"BreadcrumbList\",\"@id\":\"https:\\\/\\\/aconteceunovale.com.br\\\/portal\\\/?p=179431#breadcrumb\",\"itemListElement\":[{\"@type\":\"ListItem\",\"position\":1,\"name\":\"In\u00edcio\",\"item\":\"https:\\\/\\\/aconteceunovale.com.br\\\/portal\\\/\"},{\"@type\":\"ListItem\",\"position\":2,\"name\":\"Brasil ultrapassa a marca de 500 mil \u00f3bitos por Covid-19\"}]},{\"@type\":\"WebSite\",\"@id\":\"https:\\\/\\\/aconteceunovale.com.br\\\/portal\\\/#website\",\"url\":\"https:\\\/\\\/aconteceunovale.com.br\\\/portal\\\/\",\"name\":\"Aconteceu no Vale\",\"description\":\"Portal de Not\u00edcias\",\"potentialAction\":[{\"@type\":\"SearchAction\",\"target\":{\"@type\":\"EntryPoint\",\"urlTemplate\":\"https:\\\/\\\/aconteceunovale.com.br\\\/portal\\\/?s={search_term_string}\"},\"query-input\":{\"@type\":\"PropertyValueSpecification\",\"valueRequired\":true,\"valueName\":\"search_term_string\"}}],\"inLanguage\":\"pt-BR\"},{\"@type\":\"Person\",\"@id\":\"https:\\\/\\\/aconteceunovale.com.br\\\/portal\\\/#\\\/schema\\\/person\\\/7d2f26d1483f8a63de73da1ee0754d35\",\"name\":\"Reda\u00e7\u00e3o Aconteceu no Vale\",\"description\":\"Equipe de reportagem do Aconteceu no Vale, portal de not\u00edcias do Vale do Jequitinhonha, em Minas Gerais. Cobrimos as 51 cidades do Vale desde 2013. Sugest\u00f5es de pauta e pedidos de corre\u00e7\u00e3o: contato@aconteceunovale.com.br\",\"url\":\"https:\\\/\\\/aconteceunovale.com.br\\\/portal\\\/?author=4\"}]}<\/script>\n<!-- \/ Yoast SEO plugin. -->","yoast_head_json":{"title":"Brasil ultrapassa a marca de 500 mil \u00f3bitos por Covid-19 - Aconteceu no Vale","robots":{"index":"index","follow":"follow","max-snippet":"max-snippet:-1","max-image-preview":"max-image-preview:large","max-video-preview":"max-video-preview:-1"},"canonical":"https:\/\/aconteceunovale.com.br\/portal\/?p=179431","og_locale":"pt_BR","og_type":"article","og_title":"Brasil ultrapassa a marca de 500 mil \u00f3bitos por Covid-19 - Aconteceu no Vale","og_description":"Mais de meio milh\u00e3o de brasileiros morreram em decorr\u00eancia da covid-19. De acordo com balan\u00e7o divulgado na noite deste s\u00e1bado (19\/6\/2021) pelo Minist\u00e9rio da Sa\u00fade, a pandemia j\u00e1 matou 500.800 pessoas no pa\u00eds. Em 24 horas foram 2.301 mortes e 82.288 novos casos confirmados. O n\u00famero de casos registrados em todo o pa\u00eds chegou a [&hellip;]","og_url":"https:\/\/aconteceunovale.com.br\/portal\/?p=179431","og_site_name":"Aconteceu no Vale","article_publisher":"https:\/\/www.facebook.com\/aconteceunovale\/","article_published_time":"2021-06-20T02:31:35+00:00","article_modified_time":"2021-06-20T02:32:22+00:00","og_image":[{"width":754,"height":424,"url":"https:\/\/aconteceunovale.com.br\/portal\/wp-content\/uploads\/2021\/06\/corona_br_19junho.jpeg","type":"image\/jpeg"}],"author":"Reda\u00e7\u00e3o Aconteceu no Vale","twitter_card":"summary_large_image","twitter_creator":"@noticiadosvales","twitter_site":"@noticiadosvales","twitter_misc":{"Escrito por":"Reda\u00e7\u00e3o Aconteceu no Vale","Est. tempo de leitura":"4 minutos"},"schema":{"@context":"https:\/\/schema.org","@graph":[{"@type":"Article","@id":"https:\/\/aconteceunovale.com.br\/portal\/?p=179431#article","isPartOf":{"@id":"https:\/\/aconteceunovale.com.br\/portal\/?p=179431"},"author":{"name":"Reda\u00e7\u00e3o Aconteceu no Vale","@id":"https:\/\/aconteceunovale.com.br\/portal\/#\/schema\/person\/7d2f26d1483f8a63de73da1ee0754d35"},"headline":"Brasil ultrapassa a marca de 500 mil \u00f3bitos por Covid-19","datePublished":"2021-06-20T02:31:35+00:00","dateModified":"2021-06-20T02:32:22+00:00","mainEntityOfPage":{"@id":"https:\/\/aconteceunovale.com.br\/portal\/?p=179431"},"wordCount":795,"commentCount":0,"image":{"@id":"https:\/\/aconteceunovale.com.br\/portal\/?p=179431#primaryimage"},"thumbnailUrl":"https:\/\/aconteceunovale.com.br\/portal\/wp-content\/uploads\/2021\/06\/corona_br_19junho.jpeg","keywords":["500 mil mortes por Covid-19","500 mil mortes por Covid-19 no Brasil","500 mil \u00f3bitos por Covid-19","500 mil \u00f3bitos por Covid-19 no Brasil","brasil","Brasil bate novo recorde e registra 3.650 \u00f3bitos por Covid-19 em 24 horas","Brasil bate novo recorde e registra 3.780 \u00f3bitos por Covid-19 em 24h","Brasil bate recorde com mais de 3 mil mortes por Covid-19 em 24 horas","Brasil bate recorde de \u00f3bitos e casos confirmados em um dia","Brasil registra novo recorde di\u00e1rio de \u00f3bitos por Covid-19","Brasil ultrapassa a marca de 500 mil \u00f3bitos por Covid-19","Brasil ultrapassa marca de 4 mil \u00f3bitos por Covid-19","Calamidade no Brasil","Casos confirmados e \u00f3bitos no Brasil","Casos de coronav\u00edrus no Brasil","Casos de Covid-19 no Brasil","Coronav\u00edrus","Coronav\u00edrus no Brasil","COVID-19","Covid-19 no Brasil","Crise na sa\u00fade no Brasil","Crise sanit\u00e1ria no Brasil","destaque","Minist\u00e9rio da Sa\u00fade","Minist\u00e9rio da Sa\u00fade atualiza n\u00fameros do coronav\u00edrus no Brasil","Mortes por coronav\u00edrus no Brasil","Mortes por Covid-19 no Brasil","Novo coronav\u00edrus","N\u00famero de casos de covid-19 confirmados no Brasil","N\u00fameros da Covid-19 no Brasil","N\u00fameros do coronav\u00edrus no Brasil","\u00d3bitos por coronav\u00edrus no Brasil","\u00d3bitos por Covid-19 no Brasil","pandemia","Pandemia de coronav\u00edrus","Recorde de \u00f3bitos por coronav\u00edrus no Brasil","Recorde de \u00f3bitos por Covid-19 no Brasil","Trag\u00e9dia na sa\u00fade do Brasil","V\u00edrus vai atingir 70% da popula\u00e7\u00e3o","V\u00edrus vai atingir 70% da popula\u00e7\u00e3o diz Jair Bolsonaro"],"articleSection":["Brasil","Mundo","Sa\u00fade"],"inLanguage":"pt-BR","potentialAction":[{"@type":"CommentAction","name":"Comment","target":["https:\/\/aconteceunovale.com.br\/portal\/?p=179431#respond"]}]},{"@type":"WebPage","@id":"https:\/\/aconteceunovale.com.br\/portal\/?p=179431","url":"https:\/\/aconteceunovale.com.br\/portal\/?p=179431","name":"Brasil ultrapassa a marca de 500 mil \u00f3bitos por Covid-19 - Aconteceu no Vale","isPartOf":{"@id":"https:\/\/aconteceunovale.com.br\/portal\/#website"},"primaryImageOfPage":{"@id":"https:\/\/aconteceunovale.com.br\/portal\/?p=179431#primaryimage"},"image":{"@id":"https:\/\/aconteceunovale.com.br\/portal\/?p=179431#primaryimage"},"thumbnailUrl":"https:\/\/aconteceunovale.com.br\/portal\/wp-content\/uploads\/2021\/06\/corona_br_19junho.jpeg","datePublished":"2021-06-20T02:31:35+00:00","dateModified":"2021-06-20T02:32:22+00:00","author":{"@id":"https:\/\/aconteceunovale.com.br\/portal\/#\/schema\/person\/7d2f26d1483f8a63de73da1ee0754d35"},"breadcrumb":{"@id":"https:\/\/aconteceunovale.com.br\/portal\/?p=179431#breadcrumb"},"inLanguage":"pt-BR","potentialAction":[{"@type":"ReadAction","target":["https:\/\/aconteceunovale.com.br\/portal\/?p=179431"]}]},{"@type":"ImageObject","inLanguage":"pt-BR","@id":"https:\/\/aconteceunovale.com.br\/portal\/?p=179431#primaryimage","url":"https:\/\/aconteceunovale.com.br\/portal\/wp-content\/uploads\/2021\/06\/corona_br_19junho.jpeg","contentUrl":"https:\/\/aconteceunovale.com.br\/portal\/wp-content\/uploads\/2021\/06\/corona_br_19junho.jpeg","width":754,"height":424},{"@type":"BreadcrumbList","@id":"https:\/\/aconteceunovale.com.br\/portal\/?p=179431#breadcrumb","itemListElement":[{"@type":"ListItem","position":1,"name":"In\u00edcio","item":"https:\/\/aconteceunovale.com.br\/portal\/"},{"@type":"ListItem","position":2,"name":"Brasil ultrapassa a marca de 500 mil \u00f3bitos por Covid-19"}]},{"@type":"WebSite","@id":"https:\/\/aconteceunovale.com.br\/portal\/#website","url":"https:\/\/aconteceunovale.com.br\/portal\/","name":"Aconteceu no Vale","description":"Portal de Not\u00edcias","potentialAction":[{"@type":"SearchAction","target":{"@type":"EntryPoint","urlTemplate":"https:\/\/aconteceunovale.com.br\/portal\/?s={search_term_string}"},"query-input":{"@type":"PropertyValueSpecification","valueRequired":true,"valueName":"search_term_string"}}],"inLanguage":"pt-BR"},{"@type":"Person","@id":"https:\/\/aconteceunovale.com.br\/portal\/#\/schema\/person\/7d2f26d1483f8a63de73da1ee0754d35","name":"Reda\u00e7\u00e3o Aconteceu no Vale","description":"Equipe de reportagem do Aconteceu no Vale, portal de not\u00edcias do Vale do Jequitinhonha, em Minas Gerais. Cobrimos as 51 cidades do Vale desde 2013. Sugest\u00f5es de pauta e pedidos de corre\u00e7\u00e3o: contato@aconteceunovale.com.br","url":"https:\/\/aconteceunovale.com.br\/portal\/?author=4"}]}},"_links":{"self":[{"href":"https:\/\/aconteceunovale.com.br\/portal\/index.php?rest_route=\/wp\/v2\/posts\/179431","targetHints":{"allow":["GET"]}}],"collection":[{"href":"https:\/\/aconteceunovale.com.br\/portal\/index.php?rest_route=\/wp\/v2\/posts"}],"about":[{"href":"https:\/\/aconteceunovale.com.br\/portal\/index.php?rest_route=\/wp\/v2\/types\/post"}],"author":[{"embeddable":true,"href":"https:\/\/aconteceunovale.com.br\/portal\/index.php?rest_route=\/wp\/v2\/users\/4"}],"replies":[{"embeddable":true,"href":"https:\/\/aconteceunovale.com.br\/portal\/index.php?rest_route=%2Fwp%2Fv2%2Fcomments&post=179431"}],"version-history":[{"count":1,"href":"https:\/\/aconteceunovale.com.br\/portal\/index.php?rest_route=\/wp\/v2\/posts\/179431\/revisions"}],"predecessor-version":[{"id":179433,"href":"https:\/\/aconteceunovale.com.br\/portal\/index.php?rest_route=\/wp\/v2\/posts\/179431\/revisions\/179433"}],"wp:featuredmedia":[{"embeddable":true,"href":"https:\/\/aconteceunovale.com.br\/portal\/index.php?rest_route=\/wp\/v2\/media\/179432"}],"wp:attachment":[{"href":"https:\/\/aconteceunovale.com.br\/portal\/index.php?rest_route=%2Fwp%2Fv2%2Fmedia&parent=179431"}],"wp:term":[{"taxonomy":"category","embeddable":true,"href":"https:\/\/aconteceunovale.com.br\/portal\/index.php?rest_route=%2Fwp%2Fv2%2Fcategories&post=179431"},{"taxonomy":"post_tag","embeddable":true,"href":"https:\/\/aconteceunovale.com.br\/portal\/index.php?rest_route=%2Fwp%2Fv2%2Ftags&post=179431"}],"curies":[{"name":"wp","href":"https:\/\/api.w.org\/{rel}","templated":true}]}}