{"id":179421,"date":"2021-06-19T16:04:39","date_gmt":"2021-06-19T19:04:39","guid":{"rendered":"https:\/\/aconteceunovale.com.br\/portal\/?p=179421"},"modified":"2021-06-19T16:05:57","modified_gmt":"2021-06-19T19:05:57","slug":"suspeito-de-dupla-tentativa-de-homicidio-em-sao-sebastiao-do-maranhao-e-preso-pela-policia-civil","status":"publish","type":"post","link":"https:\/\/aconteceunovale.com.br\/portal\/?p=179421","title":{"rendered":"Suspeito de dupla tentativa de homic\u00eddio em S\u00e3o Sebasti\u00e3o do Maranh\u00e3o \u00e9 preso pela Pol\u00edcia Civil"},"content":{"rendered":"\n<p class=\"wp-block-paragraph\">A Pol\u00edcia Civil de Minas Gerais (PCMG) realizou, na quinta-feira (17\/6\/2021), a opera\u00e7\u00e3o Ares. A a\u00e7\u00e3o resultou na pris\u00e3o de um homem, de 59 anos, suspeito de tentar matar duas pessoas no munic\u00edpio de S\u00e3o Sebasti\u00e3o do Maranh\u00e3o. A motiva\u00e7\u00e3o seria a divis\u00e3o de bens e antecipa\u00e7\u00e3o de heran\u00e7a.<\/p>\n\n\n\n<figure class=\"wp-block-gallery columns-1 is-cropped wp-block-gallery-1 is-layout-flex wp-block-gallery-is-layout-flex\"><ul class=\"blocks-gallery-grid\"><li class=\"blocks-gallery-item\"><figure><img loading=\"lazy\" decoding=\"async\" width=\"674\" height=\"450\" src=\"https:\/\/aconteceunovale.com.br\/portal\/wp-content\/uploads\/2021\/06\/preso_ssm_pcmg.jpeg\" alt=\"\" data-id=\"179422\" data-full-url=\"https:\/\/aconteceunovale.com.br\/portal\/wp-content\/uploads\/2021\/06\/preso_ssm_pcmg.jpeg\" data-link=\"https:\/\/aconteceunovale.com.br\/portal\/?attachment_id=179422\" class=\"wp-image-179422\" srcset=\"https:\/\/aconteceunovale.com.br\/portal\/wp-content\/uploads\/2021\/06\/preso_ssm_pcmg.jpeg 674w, https:\/\/aconteceunovale.com.br\/portal\/wp-content\/uploads\/2021\/06\/preso_ssm_pcmg-300x200.jpeg 300w, https:\/\/aconteceunovale.com.br\/portal\/wp-content\/uploads\/2021\/06\/preso_ssm_pcmg-629x420.jpeg 629w\" sizes=\"auto, (max-width: 674px) 100vw, 674px\" \/><figcaption class=\"blocks-gallery-item__caption\"><em>Foto: Divulga\u00e7\u00e3o\/PCMG<\/em><\/figcaption><\/figure><\/li><\/ul><\/figure>\n\n\n\n<p class=\"wp-block-paragraph\">O crime ocorreu no \u00faltimo dia 12, quando o suspeito, que protegia uma das irm\u00e3s interessadas no patrim\u00f4nio, atirou contra dois irm\u00e3os desta ap\u00f3s discuss\u00e3o em uma fazenda, objeto de disputa da heran\u00e7a.<\/p>\n\n\n\n<p class=\"wp-block-paragraph\">Um deles chegou a ser atingido no t\u00f3rax e, mesmo ap\u00f3s tentar fugir do suspeito, o investigado teria tentado atirar novamente na v\u00edtima, sem sucesso. O homem atingido percorreu cerca de dois quil\u00f4metros e foi socorrido por funcion\u00e1rios de uma fazenda da regi\u00e3o, sendo encaminhado ao hospital, onde se encontra internado.<\/p>\n\n\n\n<p class=\"wp-block-paragraph\">De acordo com o delegado Douglas Mota, <em>\u201ca opera\u00e7\u00e3o Ares faz men\u00e7\u00e3o ao deus grego da guerra, uma alus\u00e3o \u00e0s intensas disputas travadas entre os irm\u00e3os em raz\u00e3o de heran\u00e7a, disputas estas que v\u00eam evoluindo e ganhando contornos graves h\u00e1 aproximadamente sete meses\u201d.<\/em><\/p>\n\n\n\n<p class=\"wp-block-paragraph\">Ainda de acordo com o delegado, a pris\u00e3o do suspeito traz sensa\u00e7\u00e3o de seguran\u00e7a para os familiares, principalmente para o pai das v\u00edtimas, que se encontra em idade avan\u00e7ada, al\u00e9m de restabelecer a ordem p\u00fablica na regi\u00e3o.<\/p>\n\n\n\n<p class=\"wp-block-paragraph\">O suspeito foi encaminhado ao Sistema Prisional e poder\u00e1 responder por duplo homic\u00eddio tentado.<\/p>\n\n\n\n<p class=\"wp-block-paragraph\">&#8212;&#8212;&#8212;&#8212;&#8212;&#8212;<br><em>Quer receber as not\u00edcias do <strong>Aconteceu no Vale<\/strong> em primeira m\u00e3o? Siga-nos no Facebook <a rel=\"noreferrer noopener\" href=\"http:\/\/facebook.com\/aconteceunovale\" target=\"_blank\">@aconteceunovale<\/a>, Twitter <a rel=\"noreferrer noopener\" href=\"https:\/\/twitter.com\/noticiadosvales\" target=\"_blank\">@noticiadosvales<\/a> e Instagram <a rel=\"noreferrer noopener\" href=\"https:\/\/www.instagram.com\/aconteceunovale\" target=\"_blank\">@aconteceunovale<\/a>.<\/em><\/p>\n","protected":false},"excerpt":{"rendered":"<p>A Pol\u00edcia Civil de Minas Gerais (PCMG) realizou, na quinta-feira (17\/6\/2021), a opera\u00e7\u00e3o Ares. A a\u00e7\u00e3o resultou na pris\u00e3o de um homem, de 59 anos, suspeito de tentar matar duas pessoas no munic\u00edpio de S\u00e3o Sebasti\u00e3o do Maranh\u00e3o. A motiva\u00e7\u00e3o seria a divis\u00e3o de bens e antecipa\u00e7\u00e3o de heran\u00e7a. O crime ocorreu no \u00faltimo dia [&hellip;]<\/p>\n","protected":false},"author":4,"featured_media":179422,"comment_status":"open","ping_status":"closed","sticky":false,"template":"","format":"standard","meta":{"amp_status":"","footnotes":""},"categories":[121],"tags":[246796,246798,221423,220577,1018,246797,604,221417,240,324,246794,246795],"class_list":["post-179421","post","type-post","status-publish","format-standard","has-post-thumbnail","hentry","category-leste","tag-baleado-em-sao-sebastiao-do-maranhao","tag-briga-por-heranca-em-sao-sebastiao-do-maranhao","tag-delegado-de-santa-maria-do-suacui","tag-delegado-douglas-mota","tag-destaque","tag-disputa-por-heranca-em-sao-sebastiao-do-maranhao","tag-pcmg","tag-preso-em-sao-sebastiao-do-maranhao","tag-santa-maria-do-suacui","tag-sao-sebastiao-do-maranhao","tag-suspeito-de-dupla-tentativa-de-homicidio-em-sao-sebastiao-do-maranhao-e-preso-pela-policia-civil","tag-tentativa-de-homicidio-em-sao-sebastiao-do-maranhao"],"yoast_head":"<!-- This site is optimized with the Yoast SEO plugin v28.3 - https:\/\/yoast.com\/product\/yoast-seo-wordpress\/ -->\n<title>Suspeito de dupla tentativa de homic\u00eddio em S\u00e3o Sebasti\u00e3o do Maranh\u00e3o \u00e9 preso pela Pol\u00edcia Civil - Aconteceu no Vale<\/title>\n<meta name=\"robots\" content=\"index, follow, max-snippet:-1, max-image-preview:large, max-video-preview:-1\" \/>\n<link rel=\"canonical\" href=\"https:\/\/aconteceunovale.com.br\/portal\/?p=179421\" \/>\n<meta property=\"og:locale\" content=\"pt_BR\" \/>\n<meta property=\"og:type\" content=\"article\" \/>\n<meta property=\"og:title\" content=\"Suspeito de dupla tentativa de homic\u00eddio em S\u00e3o Sebasti\u00e3o do Maranh\u00e3o \u00e9 preso pela Pol\u00edcia Civil - Aconteceu no Vale\" \/>\n<meta property=\"og:description\" content=\"A Pol\u00edcia Civil de Minas Gerais (PCMG) realizou, na quinta-feira (17\/6\/2021), a opera\u00e7\u00e3o Ares. A a\u00e7\u00e3o resultou na pris\u00e3o de um homem, de 59 anos, suspeito de tentar matar duas pessoas no munic\u00edpio de S\u00e3o Sebasti\u00e3o do Maranh\u00e3o. A motiva\u00e7\u00e3o seria a divis\u00e3o de bens e antecipa\u00e7\u00e3o de heran\u00e7a. O crime ocorreu no \u00faltimo dia [&hellip;]\" \/>\n<meta property=\"og:url\" content=\"https:\/\/aconteceunovale.com.br\/portal\/?p=179421\" \/>\n<meta property=\"og:site_name\" content=\"Aconteceu no Vale\" \/>\n<meta property=\"article:publisher\" content=\"https:\/\/www.facebook.com\/aconteceunovale\/\" \/>\n<meta property=\"article:published_time\" content=\"2021-06-19T19:04:39+00:00\" \/>\n<meta property=\"article:modified_time\" content=\"2021-06-19T19:05:57+00:00\" \/>\n<meta property=\"og:image\" content=\"https:\/\/aconteceunovale.com.br\/portal\/wp-content\/uploads\/2021\/06\/preso_ssm_pcmg.jpeg\" \/>\n\t<meta property=\"og:image:width\" content=\"674\" \/>\n\t<meta property=\"og:image:height\" content=\"450\" \/>\n\t<meta property=\"og:image:type\" content=\"image\/jpeg\" \/>\n<meta name=\"author\" content=\"Reda\u00e7\u00e3o Aconteceu no Vale\" \/>\n<meta name=\"twitter:card\" content=\"summary_large_image\" \/>\n<meta name=\"twitter:creator\" content=\"@noticiadosvales\" \/>\n<meta name=\"twitter:site\" content=\"@noticiadosvales\" \/>\n<meta name=\"twitter:label1\" content=\"Escrito por\" \/>\n\t<meta name=\"twitter:data1\" content=\"Reda\u00e7\u00e3o Aconteceu no Vale\" \/>\n\t<meta name=\"twitter:label2\" content=\"Est. tempo de leitura\" \/>\n\t<meta name=\"twitter:data2\" content=\"1 minuto\" \/>\n<script type=\"application\/ld+json\" class=\"yoast-schema-graph\">{\"@context\":\"https:\\\/\\\/schema.org\",\"@graph\":[{\"@type\":\"Article\",\"@id\":\"https:\\\/\\\/aconteceunovale.com.br\\\/portal\\\/?p=179421#article\",\"isPartOf\":{\"@id\":\"https:\\\/\\\/aconteceunovale.com.br\\\/portal\\\/?p=179421\"},\"author\":{\"name\":\"Reda\u00e7\u00e3o Aconteceu no Vale\",\"@id\":\"https:\\\/\\\/aconteceunovale.com.br\\\/portal\\\/#\\\/schema\\\/person\\\/7d2f26d1483f8a63de73da1ee0754d35\"},\"headline\":\"Suspeito de dupla tentativa de homic\u00eddio em S\u00e3o Sebasti\u00e3o do Maranh\u00e3o \u00e9 preso pela Pol\u00edcia Civil\",\"datePublished\":\"2021-06-19T19:04:39+00:00\",\"dateModified\":\"2021-06-19T19:05:57+00:00\",\"mainEntityOfPage\":{\"@id\":\"https:\\\/\\\/aconteceunovale.com.br\\\/portal\\\/?p=179421\"},\"wordCount\":311,\"commentCount\":0,\"image\":{\"@id\":\"https:\\\/\\\/aconteceunovale.com.br\\\/portal\\\/?p=179421#primaryimage\"},\"thumbnailUrl\":\"https:\\\/\\\/aconteceunovale.com.br\\\/portal\\\/wp-content\\\/uploads\\\/2021\\\/06\\\/preso_ssm_pcmg.jpeg\",\"keywords\":[\"Baleado em S\u00e3o Sebasti\u00e3o do Maranh\u00e3o\",\"Briga por heran\u00e7a em S\u00e3o Sebasti\u00e3o do Maranh\u00e3o\",\"Delegado de Santa Maria do Sua\u00e7u\u00ed\",\"Delegado Douglas Mota\",\"destaque\",\"Disputa por heran\u00e7a em S\u00e3o Sebasti\u00e3o do Maranh\u00e3o\",\"PCMG\",\"Preso em S\u00e3o Sebasti\u00e3o do Maranh\u00e3o\",\"Santa Maria do Sua\u00e7u\u00ed\",\"S\u00e3o Sebasti\u00e3o do Maranh\u00e3o\",\"Suspeito de dupla tentativa de homic\u00eddio em S\u00e3o Sebasti\u00e3o do Maranh\u00e3o \u00e9 preso pela Pol\u00edcia Civil\",\"Tentativa de homic\u00eddio em S\u00e3o Sebasti\u00e3o do Maranh\u00e3o\"],\"articleSection\":[\"Leste de Minas\"],\"inLanguage\":\"pt-BR\",\"potentialAction\":[{\"@type\":\"CommentAction\",\"name\":\"Comment\",\"target\":[\"https:\\\/\\\/aconteceunovale.com.br\\\/portal\\\/?p=179421#respond\"]}]},{\"@type\":\"WebPage\",\"@id\":\"https:\\\/\\\/aconteceunovale.com.br\\\/portal\\\/?p=179421\",\"url\":\"https:\\\/\\\/aconteceunovale.com.br\\\/portal\\\/?p=179421\",\"name\":\"Suspeito de dupla tentativa de homic\u00eddio em S\u00e3o Sebasti\u00e3o do Maranh\u00e3o \u00e9 preso pela Pol\u00edcia Civil - Aconteceu no Vale\",\"isPartOf\":{\"@id\":\"https:\\\/\\\/aconteceunovale.com.br\\\/portal\\\/#website\"},\"primaryImageOfPage\":{\"@id\":\"https:\\\/\\\/aconteceunovale.com.br\\\/portal\\\/?p=179421#primaryimage\"},\"image\":{\"@id\":\"https:\\\/\\\/aconteceunovale.com.br\\\/portal\\\/?p=179421#primaryimage\"},\"thumbnailUrl\":\"https:\\\/\\\/aconteceunovale.com.br\\\/portal\\\/wp-content\\\/uploads\\\/2021\\\/06\\\/preso_ssm_pcmg.jpeg\",\"datePublished\":\"2021-06-19T19:04:39+00:00\",\"dateModified\":\"2021-06-19T19:05:57+00:00\",\"author\":{\"@id\":\"https:\\\/\\\/aconteceunovale.com.br\\\/portal\\\/#\\\/schema\\\/person\\\/7d2f26d1483f8a63de73da1ee0754d35\"},\"breadcrumb\":{\"@id\":\"https:\\\/\\\/aconteceunovale.com.br\\\/portal\\\/?p=179421#breadcrumb\"},\"inLanguage\":\"pt-BR\",\"potentialAction\":[{\"@type\":\"ReadAction\",\"target\":[\"https:\\\/\\\/aconteceunovale.com.br\\\/portal\\\/?p=179421\"]}]},{\"@type\":\"ImageObject\",\"inLanguage\":\"pt-BR\",\"@id\":\"https:\\\/\\\/aconteceunovale.com.br\\\/portal\\\/?p=179421#primaryimage\",\"url\":\"https:\\\/\\\/aconteceunovale.com.br\\\/portal\\\/wp-content\\\/uploads\\\/2021\\\/06\\\/preso_ssm_pcmg.jpeg\",\"contentUrl\":\"https:\\\/\\\/aconteceunovale.com.br\\\/portal\\\/wp-content\\\/uploads\\\/2021\\\/06\\\/preso_ssm_pcmg.jpeg\",\"width\":674,\"height\":450},{\"@type\":\"BreadcrumbList\",\"@id\":\"https:\\\/\\\/aconteceunovale.com.br\\\/portal\\\/?p=179421#breadcrumb\",\"itemListElement\":[{\"@type\":\"ListItem\",\"position\":1,\"name\":\"In\u00edcio\",\"item\":\"https:\\\/\\\/aconteceunovale.com.br\\\/portal\\\/\"},{\"@type\":\"ListItem\",\"position\":2,\"name\":\"Suspeito de dupla tentativa de homic\u00eddio em S\u00e3o Sebasti\u00e3o do Maranh\u00e3o \u00e9 preso pela Pol\u00edcia Civil\"}]},{\"@type\":\"WebSite\",\"@id\":\"https:\\\/\\\/aconteceunovale.com.br\\\/portal\\\/#website\",\"url\":\"https:\\\/\\\/aconteceunovale.com.br\\\/portal\\\/\",\"name\":\"Aconteceu no Vale\",\"description\":\"Portal de Not\u00edcias\",\"potentialAction\":[{\"@type\":\"SearchAction\",\"target\":{\"@type\":\"EntryPoint\",\"urlTemplate\":\"https:\\\/\\\/aconteceunovale.com.br\\\/portal\\\/?s={search_term_string}\"},\"query-input\":{\"@type\":\"PropertyValueSpecification\",\"valueRequired\":true,\"valueName\":\"search_term_string\"}}],\"inLanguage\":\"pt-BR\"},{\"@type\":\"Person\",\"@id\":\"https:\\\/\\\/aconteceunovale.com.br\\\/portal\\\/#\\\/schema\\\/person\\\/7d2f26d1483f8a63de73da1ee0754d35\",\"name\":\"Reda\u00e7\u00e3o Aconteceu no Vale\",\"description\":\"Equipe de reportagem do Aconteceu no Vale, portal de not\u00edcias do Vale do Jequitinhonha, em Minas Gerais. Cobrimos as 51 cidades do Vale desde 2013. Sugest\u00f5es de pauta e pedidos de corre\u00e7\u00e3o: contato@aconteceunovale.com.br\",\"url\":\"https:\\\/\\\/aconteceunovale.com.br\\\/portal\\\/?author=4\"}]}<\/script>\n<!-- \/ Yoast SEO plugin. -->","yoast_head_json":{"title":"Suspeito de dupla tentativa de homic\u00eddio em S\u00e3o Sebasti\u00e3o do Maranh\u00e3o \u00e9 preso pela Pol\u00edcia Civil - Aconteceu no Vale","robots":{"index":"index","follow":"follow","max-snippet":"max-snippet:-1","max-image-preview":"max-image-preview:large","max-video-preview":"max-video-preview:-1"},"canonical":"https:\/\/aconteceunovale.com.br\/portal\/?p=179421","og_locale":"pt_BR","og_type":"article","og_title":"Suspeito de dupla tentativa de homic\u00eddio em S\u00e3o Sebasti\u00e3o do Maranh\u00e3o \u00e9 preso pela Pol\u00edcia Civil - Aconteceu no Vale","og_description":"A Pol\u00edcia Civil de Minas Gerais (PCMG) realizou, na quinta-feira (17\/6\/2021), a opera\u00e7\u00e3o Ares. A a\u00e7\u00e3o resultou na pris\u00e3o de um homem, de 59 anos, suspeito de tentar matar duas pessoas no munic\u00edpio de S\u00e3o Sebasti\u00e3o do Maranh\u00e3o. A motiva\u00e7\u00e3o seria a divis\u00e3o de bens e antecipa\u00e7\u00e3o de heran\u00e7a. O crime ocorreu no \u00faltimo dia [&hellip;]","og_url":"https:\/\/aconteceunovale.com.br\/portal\/?p=179421","og_site_name":"Aconteceu no Vale","article_publisher":"https:\/\/www.facebook.com\/aconteceunovale\/","article_published_time":"2021-06-19T19:04:39+00:00","article_modified_time":"2021-06-19T19:05:57+00:00","og_image":[{"width":674,"height":450,"url":"https:\/\/aconteceunovale.com.br\/portal\/wp-content\/uploads\/2021\/06\/preso_ssm_pcmg.jpeg","type":"image\/jpeg"}],"author":"Reda\u00e7\u00e3o Aconteceu no Vale","twitter_card":"summary_large_image","twitter_creator":"@noticiadosvales","twitter_site":"@noticiadosvales","twitter_misc":{"Escrito por":"Reda\u00e7\u00e3o Aconteceu no Vale","Est. tempo de leitura":"1 minuto"},"schema":{"@context":"https:\/\/schema.org","@graph":[{"@type":"Article","@id":"https:\/\/aconteceunovale.com.br\/portal\/?p=179421#article","isPartOf":{"@id":"https:\/\/aconteceunovale.com.br\/portal\/?p=179421"},"author":{"name":"Reda\u00e7\u00e3o Aconteceu no Vale","@id":"https:\/\/aconteceunovale.com.br\/portal\/#\/schema\/person\/7d2f26d1483f8a63de73da1ee0754d35"},"headline":"Suspeito de dupla tentativa de homic\u00eddio em S\u00e3o Sebasti\u00e3o do Maranh\u00e3o \u00e9 preso pela Pol\u00edcia Civil","datePublished":"2021-06-19T19:04:39+00:00","dateModified":"2021-06-19T19:05:57+00:00","mainEntityOfPage":{"@id":"https:\/\/aconteceunovale.com.br\/portal\/?p=179421"},"wordCount":311,"commentCount":0,"image":{"@id":"https:\/\/aconteceunovale.com.br\/portal\/?p=179421#primaryimage"},"thumbnailUrl":"https:\/\/aconteceunovale.com.br\/portal\/wp-content\/uploads\/2021\/06\/preso_ssm_pcmg.jpeg","keywords":["Baleado em S\u00e3o Sebasti\u00e3o do Maranh\u00e3o","Briga por heran\u00e7a em S\u00e3o Sebasti\u00e3o do Maranh\u00e3o","Delegado de Santa Maria do Sua\u00e7u\u00ed","Delegado Douglas Mota","destaque","Disputa por heran\u00e7a em S\u00e3o Sebasti\u00e3o do Maranh\u00e3o","PCMG","Preso em S\u00e3o Sebasti\u00e3o do Maranh\u00e3o","Santa Maria do Sua\u00e7u\u00ed","S\u00e3o Sebasti\u00e3o do Maranh\u00e3o","Suspeito de dupla tentativa de homic\u00eddio em S\u00e3o Sebasti\u00e3o do Maranh\u00e3o \u00e9 preso pela Pol\u00edcia Civil","Tentativa de homic\u00eddio em S\u00e3o Sebasti\u00e3o do Maranh\u00e3o"],"articleSection":["Leste de Minas"],"inLanguage":"pt-BR","potentialAction":[{"@type":"CommentAction","name":"Comment","target":["https:\/\/aconteceunovale.com.br\/portal\/?p=179421#respond"]}]},{"@type":"WebPage","@id":"https:\/\/aconteceunovale.com.br\/portal\/?p=179421","url":"https:\/\/aconteceunovale.com.br\/portal\/?p=179421","name":"Suspeito de dupla tentativa de homic\u00eddio em S\u00e3o Sebasti\u00e3o do Maranh\u00e3o \u00e9 preso pela Pol\u00edcia Civil - Aconteceu no Vale","isPartOf":{"@id":"https:\/\/aconteceunovale.com.br\/portal\/#website"},"primaryImageOfPage":{"@id":"https:\/\/aconteceunovale.com.br\/portal\/?p=179421#primaryimage"},"image":{"@id":"https:\/\/aconteceunovale.com.br\/portal\/?p=179421#primaryimage"},"thumbnailUrl":"https:\/\/aconteceunovale.com.br\/portal\/wp-content\/uploads\/2021\/06\/preso_ssm_pcmg.jpeg","datePublished":"2021-06-19T19:04:39+00:00","dateModified":"2021-06-19T19:05:57+00:00","author":{"@id":"https:\/\/aconteceunovale.com.br\/portal\/#\/schema\/person\/7d2f26d1483f8a63de73da1ee0754d35"},"breadcrumb":{"@id":"https:\/\/aconteceunovale.com.br\/portal\/?p=179421#breadcrumb"},"inLanguage":"pt-BR","potentialAction":[{"@type":"ReadAction","target":["https:\/\/aconteceunovale.com.br\/portal\/?p=179421"]}]},{"@type":"ImageObject","inLanguage":"pt-BR","@id":"https:\/\/aconteceunovale.com.br\/portal\/?p=179421#primaryimage","url":"https:\/\/aconteceunovale.com.br\/portal\/wp-content\/uploads\/2021\/06\/preso_ssm_pcmg.jpeg","contentUrl":"https:\/\/aconteceunovale.com.br\/portal\/wp-content\/uploads\/2021\/06\/preso_ssm_pcmg.jpeg","width":674,"height":450},{"@type":"BreadcrumbList","@id":"https:\/\/aconteceunovale.com.br\/portal\/?p=179421#breadcrumb","itemListElement":[{"@type":"ListItem","position":1,"name":"In\u00edcio","item":"https:\/\/aconteceunovale.com.br\/portal\/"},{"@type":"ListItem","position":2,"name":"Suspeito de dupla tentativa de homic\u00eddio em S\u00e3o Sebasti\u00e3o do Maranh\u00e3o \u00e9 preso pela Pol\u00edcia Civil"}]},{"@type":"WebSite","@id":"https:\/\/aconteceunovale.com.br\/portal\/#website","url":"https:\/\/aconteceunovale.com.br\/portal\/","name":"Aconteceu no Vale","description":"Portal de Not\u00edcias","potentialAction":[{"@type":"SearchAction","target":{"@type":"EntryPoint","urlTemplate":"https:\/\/aconteceunovale.com.br\/portal\/?s={search_term_string}"},"query-input":{"@type":"PropertyValueSpecification","valueRequired":true,"valueName":"search_term_string"}}],"inLanguage":"pt-BR"},{"@type":"Person","@id":"https:\/\/aconteceunovale.com.br\/portal\/#\/schema\/person\/7d2f26d1483f8a63de73da1ee0754d35","name":"Reda\u00e7\u00e3o Aconteceu no Vale","description":"Equipe de reportagem do Aconteceu no Vale, portal de not\u00edcias do Vale do Jequitinhonha, em Minas Gerais. Cobrimos as 51 cidades do Vale desde 2013. Sugest\u00f5es de pauta e pedidos de corre\u00e7\u00e3o: contato@aconteceunovale.com.br","url":"https:\/\/aconteceunovale.com.br\/portal\/?author=4"}]}},"_links":{"self":[{"href":"https:\/\/aconteceunovale.com.br\/portal\/index.php?rest_route=\/wp\/v2\/posts\/179421","targetHints":{"allow":["GET"]}}],"collection":[{"href":"https:\/\/aconteceunovale.com.br\/portal\/index.php?rest_route=\/wp\/v2\/posts"}],"about":[{"href":"https:\/\/aconteceunovale.com.br\/portal\/index.php?rest_route=\/wp\/v2\/types\/post"}],"author":[{"embeddable":true,"href":"https:\/\/aconteceunovale.com.br\/portal\/index.php?rest_route=\/wp\/v2\/users\/4"}],"replies":[{"embeddable":true,"href":"https:\/\/aconteceunovale.com.br\/portal\/index.php?rest_route=%2Fwp%2Fv2%2Fcomments&post=179421"}],"version-history":[{"count":1,"href":"https:\/\/aconteceunovale.com.br\/portal\/index.php?rest_route=\/wp\/v2\/posts\/179421\/revisions"}],"predecessor-version":[{"id":179423,"href":"https:\/\/aconteceunovale.com.br\/portal\/index.php?rest_route=\/wp\/v2\/posts\/179421\/revisions\/179423"}],"wp:featuredmedia":[{"embeddable":true,"href":"https:\/\/aconteceunovale.com.br\/portal\/index.php?rest_route=\/wp\/v2\/media\/179422"}],"wp:attachment":[{"href":"https:\/\/aconteceunovale.com.br\/portal\/index.php?rest_route=%2Fwp%2Fv2%2Fmedia&parent=179421"}],"wp:term":[{"taxonomy":"category","embeddable":true,"href":"https:\/\/aconteceunovale.com.br\/portal\/index.php?rest_route=%2Fwp%2Fv2%2Fcategories&post=179421"},{"taxonomy":"post_tag","embeddable":true,"href":"https:\/\/aconteceunovale.com.br\/portal\/index.php?rest_route=%2Fwp%2Fv2%2Ftags&post=179421"}],"curies":[{"name":"wp","href":"https:\/\/api.w.org\/{rel}","templated":true}]}}