{"id":179353,"date":"2021-06-16T23:56:48","date_gmt":"2021-06-17T02:56:48","guid":{"rendered":"https:\/\/aconteceunovale.com.br\/portal\/?p=179353"},"modified":"2021-06-17T11:30:18","modified_gmt":"2021-06-17T14:30:18","slug":"atletico-mg-vence-o-internacional-com-gol-relampago","status":"publish","type":"post","link":"https:\/\/aconteceunovale.com.br\/portal\/?p=179353","title":{"rendered":"Atl\u00e9tico-MG vence o Internacional com gol rel\u00e2mpago"},"content":{"rendered":"\n<p>O Atl\u00e9tico-MG emplacou a terceira vit\u00f3ria consecutiva na edi\u00e7\u00e3o 2021 da S\u00e9rie A do Campeonato Brasileiro. Nesta quarta-feira (16\/6), o Galo derrotou o Internacional por 1 a 0 no Beira-Rio, em Porto Alegre, na abertura da quarta rodada da competi\u00e7\u00e3o.<\/p>\n\n\n\n<figure class=\"wp-block-gallery columns-1 is-cropped wp-block-gallery-1 is-layout-flex wp-block-gallery-is-layout-flex\"><ul class=\"blocks-gallery-grid\"><li class=\"blocks-gallery-item\"><figure><img loading=\"lazy\" decoding=\"async\" width=\"675\" height=\"450\" src=\"https:\/\/aconteceunovale.com.br\/portal\/wp-content\/uploads\/2021\/06\/atletico_inter.jpg\" alt=\"\" data-id=\"179354\" data-full-url=\"https:\/\/aconteceunovale.com.br\/portal\/wp-content\/uploads\/2021\/06\/atletico_inter.jpg\" data-link=\"https:\/\/aconteceunovale.com.br\/portal\/?attachment_id=179354\" class=\"wp-image-179354\" srcset=\"https:\/\/aconteceunovale.com.br\/portal\/wp-content\/uploads\/2021\/06\/atletico_inter.jpg 675w, https:\/\/aconteceunovale.com.br\/portal\/wp-content\/uploads\/2021\/06\/atletico_inter-300x200.jpg 300w, https:\/\/aconteceunovale.com.br\/portal\/wp-content\/uploads\/2021\/06\/atletico_inter-630x420.jpg 630w\" sizes=\"auto, (max-width: 675px) 100vw, 675px\" \/><figcaption class=\"blocks-gallery-item__caption\"><em>Foto: Pedro Souza \/ Clube Atl\u00e9tico Mineiro<\/em><\/figcaption><\/figure><\/li><\/ul><\/figure>\n\n\n\n<p>Mesmo com v\u00e1rios desfalques, sendo quatro s\u00f3 por convoca\u00e7\u00f5es da Copa Am\u00e9rica, o Alvinegro chegou aos mesmos nove pontos de Fortaleza (que ainda joga na rodada) e Athletico-PR (que teve o duelo contra o Flamengo adiado e ainda n\u00e3o remarcado), que lideram o Brasileiro. O Colorado, com quatro pontos, est\u00e1 na metade de baixo da tabela.<\/p>\n\n\n\n<p>Um minuto \u00e9 o que precisou o Atl\u00e9tico-MG para abrir o placar. O volante Jair tomou a bola no meio-campo e ligou o contra-ataque com Hulk na direita. O atacante soltou para o meia Nathan, que invadiu a \u00e1rea passando, entre dois marcadores, e finalizou na sa\u00edda do goleiro Daniel. Em vantagem, o Galo controlou as a\u00e7\u00f5es em boa parte da etapa inicial. Nos dez minutos que antecederam o intervalo, o Internacional melhorou e assustou aos 35, em chute para fora do volante Edenilson, ap\u00f3s passe de calcanhar do atacante Thiago Galhardo na marca do p\u00eanalti.<\/p>\n\n\n\n<p>No segundo tempo, o Colorado teve grande chance logo aos oito minutos. O zagueiro Rever errou na sa\u00edda de bola e deixou Thiago Galhardo frente a frente com Everson. O atacante driblou o goleiro, mas o lateral Guilherme Arana apareceu na hora certa para afastar o perigo. Aos 17, Maur\u00edcio &#8211; que entrou no lugar do tamb\u00e9m meia Taison, contundido &#8211; recebeu um cruzamento de Galhardo pela direita e, de carrinho, mandou por cima. Os ga\u00fachos se mantiveram no ataque, mas exageraram nas bolas al\u00e7adas na \u00e1rea e passaram em branco.<\/p>\n\n\n\n<p>O Inter volta a campo neste domingo (20), \u00e0s 16h (hor\u00e1rio de Bras\u00edlia), diante do Cear\u00e1, no Beira-Rio. O Atl\u00e9tico s\u00f3 joga na pr\u00f3xima segunda-feira (21), \u00e0s 20h, contra a Chapecoense, no Mineir\u00e3o.<\/p>\n\n\n\n<p>&#8212;&#8212;&#8212;&#8212;&#8212;&#8212;<br><em>Quer receber as not\u00edcias do <strong>Aconteceu no Vale<\/strong> em primeira m\u00e3o? Siga-nos no Facebook <a rel=\"noreferrer noopener\" href=\"http:\/\/facebook.com\/aconteceunovale\" target=\"_blank\">@aconteceunovale<\/a>, Twitter <a rel=\"noreferrer noopener\" href=\"https:\/\/twitter.com\/noticiadosvales\" target=\"_blank\">@noticiadosvales<\/a> e Instagram <a rel=\"noreferrer noopener\" href=\"https:\/\/www.instagram.com\/aconteceunovale\" target=\"_blank\">@aconteceunovale<\/a>.<\/em><\/p>\n","protected":false},"excerpt":{"rendered":"<p>O Atl\u00e9tico-MG emplacou a terceira vit\u00f3ria consecutiva na edi\u00e7\u00e3o 2021 da S\u00e9rie A do Campeonato Brasileiro. Nesta quarta-feira (16\/6), o Galo derrotou o Internacional por 1 a 0 no Beira-Rio, em Porto Alegre, na abertura da quarta rodada da competi\u00e7\u00e3o. Mesmo com v\u00e1rios desfalques, sendo quatro s\u00f3 por convoca\u00e7\u00f5es da Copa Am\u00e9rica, o Alvinegro chegou [&hellip;]<\/p>\n","protected":false},"author":4,"featured_media":179354,"comment_status":"open","ping_status":"closed","sticky":false,"template":"","format":"standard","meta":{"amp_status":"","footnotes":""},"categories":[6,59,123],"tags":[12311,2741,40575,246694,1443,13044,246257,13043,246254,12312,14358,246697,246695,14356,246696,4613,25960,234688,94648,246698],"class_list":["post-179353","post","type-post","status-publish","format-standard","has-post-thumbnail","hentry","category-br","category-sports","category-gerais","tag-atletico","tag-atletico-mineiro","tag-atletico-mg","tag-atletico-mg-vence-o-internacional-com-gol-relampago","tag-beira-rio","tag-brasileirao","tag-brasileirao-2021","tag-campeonato-brasileiro","tag-campeonato-brasileiro-2021","tag-galo","tag-inter","tag-inter-0-x-1-atletico-mg","tag-inter-x-atletico-mg","tag-internacional","tag-internacional-x-atletico-mg","tag-porto-alegre","tag-serie-a","tag-serie-a-2021","tag-serie-a-do-campeonato-brasileiro","tag-serie-a-do-campeonato-brasileiro-2021"],"_links":{"self":[{"href":"https:\/\/aconteceunovale.com.br\/portal\/index.php?rest_route=\/wp\/v2\/posts\/179353","targetHints":{"allow":["GET"]}}],"collection":[{"href":"https:\/\/aconteceunovale.com.br\/portal\/index.php?rest_route=\/wp\/v2\/posts"}],"about":[{"href":"https:\/\/aconteceunovale.com.br\/portal\/index.php?rest_route=\/wp\/v2\/types\/post"}],"author":[{"embeddable":true,"href":"https:\/\/aconteceunovale.com.br\/portal\/index.php?rest_route=\/wp\/v2\/users\/4"}],"replies":[{"embeddable":true,"href":"https:\/\/aconteceunovale.com.br\/portal\/index.php?rest_route=%2Fwp%2Fv2%2Fcomments&post=179353"}],"version-history":[{"count":1,"href":"https:\/\/aconteceunovale.com.br\/portal\/index.php?rest_route=\/wp\/v2\/posts\/179353\/revisions"}],"predecessor-version":[{"id":179355,"href":"https:\/\/aconteceunovale.com.br\/portal\/index.php?rest_route=\/wp\/v2\/posts\/179353\/revisions\/179355"}],"wp:featuredmedia":[{"embeddable":true,"href":"https:\/\/aconteceunovale.com.br\/portal\/index.php?rest_route=\/wp\/v2\/media\/179354"}],"wp:attachment":[{"href":"https:\/\/aconteceunovale.com.br\/portal\/index.php?rest_route=%2Fwp%2Fv2%2Fmedia&parent=179353"}],"wp:term":[{"taxonomy":"category","embeddable":true,"href":"https:\/\/aconteceunovale.com.br\/portal\/index.php?rest_route=%2Fwp%2Fv2%2Fcategories&post=179353"},{"taxonomy":"post_tag","embeddable":true,"href":"https:\/\/aconteceunovale.com.br\/portal\/index.php?rest_route=%2Fwp%2Fv2%2Ftags&post=179353"}],"curies":[{"name":"wp","href":"https:\/\/api.w.org\/{rel}","templated":true}]}}