{"id":179335,"date":"2021-06-16T16:48:50","date_gmt":"2021-06-16T19:48:50","guid":{"rendered":"https:\/\/aconteceunovale.com.br\/portal\/?p=179335"},"modified":"2021-06-16T16:50:47","modified_gmt":"2021-06-16T19:50:47","slug":"bacia-do-rio-suacui-grande-esta-em-situacao-critica-de-escassez-de-agua","status":"publish","type":"post","link":"https:\/\/aconteceunovale.com.br\/portal\/?p=179335","title":{"rendered":"Bacia do Rio Sua\u00e7u\u00ed Grande est\u00e1 em situa\u00e7\u00e3o cr\u00edtica de escassez de \u00e1gua"},"content":{"rendered":"\n<p>O\u00a0<a rel=\"noreferrer noopener\" href=\"http:\/\/www.igam.mg.gov.br\/\" target=\"_blank\">Instituto Mineiro de Gest\u00e3o das \u00c1guas (Igam)<\/a>\u00a0publicou declara\u00e7\u00e3o de situa\u00e7\u00e3o cr\u00edtica de escassez h\u00eddrica superficial na por\u00e7\u00e3o hidrogr\u00e1fica localizada a montante da esta\u00e7\u00e3o fluviom\u00e9trica S\u00e3o Pedro do Sua\u00e7u\u00ed, no Rio Sua\u00e7u\u00ed Grande e sua bacia de contribui\u00e7\u00e3o. A portaria \u00e9 v\u00e1lida at\u00e9 31\/8\/2021.<\/p>\n\n\n\n<p>A situa\u00e7\u00e3o cr\u00edtica foi identificada pelo Igam por meio do monitoramento dos n\u00edveis do Rio Sua\u00e7u\u00ed Grande, que apontaram vaz\u00f5es abaixo de 70% da vaz\u00e3o de refer\u00eancia.\u00a0Para definir a situa\u00e7\u00e3o cr\u00edtica de escassez, o Igam os crit\u00e9rios estabelecidos na Delibera\u00e7\u00e3o Normativa CERH n\u00b0 50, de 9 de outubro de 2015.<\/p>\n\n\n\n<div class=\"wp-block-image\"><figure class=\"aligncenter size-large\"><img loading=\"lazy\" decoding=\"async\" width=\"637\" height=\"450\" src=\"https:\/\/aconteceunovale.com.br\/portal\/wp-content\/uploads\/2021\/06\/bacia_rio_suacui_grande.jpg\" alt=\"\" class=\"wp-image-179336\" srcset=\"https:\/\/aconteceunovale.com.br\/portal\/wp-content\/uploads\/2021\/06\/bacia_rio_suacui_grande.jpg 637w, https:\/\/aconteceunovale.com.br\/portal\/wp-content\/uploads\/2021\/06\/bacia_rio_suacui_grande-300x212.jpg 300w, https:\/\/aconteceunovale.com.br\/portal\/wp-content\/uploads\/2021\/06\/bacia_rio_suacui_grande-100x70.jpg 100w, https:\/\/aconteceunovale.com.br\/portal\/wp-content\/uploads\/2021\/06\/bacia_rio_suacui_grande-595x420.jpg 595w\" sizes=\"auto, (max-width: 637px) 100vw, 637px\" \/><\/figure><\/div>\n\n\n\n<h2 class=\"wp-block-heading\"><strong>Regras<\/strong><\/h2>\n\n\n\n<p>Como consequ\u00eancias da declara\u00e7\u00e3o de escassez, ficam impostas a todas as capta\u00e7\u00f5es de \u00e1gua superficial da por\u00e7\u00e3o abrangida, as seguintes restri\u00e7\u00f5es de uso: redu\u00e7\u00e3o de 20% do volume di\u00e1rio outorgado para as capta\u00e7\u00f5es de \u00e1gua para a finalidade de consumo humano, dessedenta\u00e7\u00e3o animal e abastecimento p\u00fablico; redu\u00e7\u00e3o de 25% para a finalidade de irriga\u00e7\u00e3o; 30% para as capta\u00e7\u00f5es de \u00e1gua para a finalidade de consumo industrial e agroindustrial e redu\u00e7\u00e3o de 50% do volume outorgado para as demais finalidades.<\/p>\n\n\n\n<p>No caso de n\u00e3o cumprimento das restri\u00e7\u00f5es de usos impostas na portaria, ser\u00e3o suspensos totalmente os direitos de uso de recursos h\u00eddricos dos infratores at\u00e9 o prazo final de vig\u00eancia da situa\u00e7\u00e3o cr\u00edtica de escassez h\u00eddrica. Ficam tamb\u00e9m suspensas as emiss\u00f5es de novas outorgas de direito de uso dos recursos h\u00eddricos, assim como solicita\u00e7\u00f5es de retifica\u00e7\u00e3o de aumento de vaz\u00f5es ou volumes captados na \u00e1rea decretada.<\/p>\n\n\n\n<p>A crit\u00e9rio do Igam, poder\u00e3o ser concedidas outorgas para usos considerados priorit\u00e1rios pela legisla\u00e7\u00e3o de recursos h\u00eddricos, e tamb\u00e9m para aqueles necess\u00e1rios \u00e0 minimiza\u00e7\u00e3o dos impactos relativos \u00e0 declara\u00e7\u00e3o de situa\u00e7\u00e3o cr\u00edtica de escassez h\u00eddrica e de restri\u00e7\u00e3o de uso.<\/p>\n\n\n\n<p>Para acessar os dados completos sobre as por\u00e7\u00f5es h\u00eddricas com declara\u00e7\u00e3o de escassez, incluindo mapas, lista de outorgas afetadas, entre outros,\u00a0<a rel=\"noreferrer noopener\" href=\"http:\/\/www.igam.mg.gov.br\/component\/content\/article\/16\/1553-escassez-hidrica\" target=\"_blank\">clique aqui<\/a>.<\/p>\n\n\n\n<p>&#8212;&#8212;&#8212;&#8212;&#8212;&#8212;<br><em>Quer receber as not\u00edcias do <strong>Aconteceu no Vale<\/strong> em primeira m\u00e3o? Siga-nos no Facebook <a rel=\"noreferrer noopener\" href=\"http:\/\/facebook.com\/aconteceunovale\" target=\"_blank\">@aconteceunovale<\/a>, Twitter <a rel=\"noreferrer noopener\" href=\"https:\/\/twitter.com\/noticiadosvales\" target=\"_blank\">@noticiadosvales<\/a> e Instagram <a rel=\"noreferrer noopener\" href=\"https:\/\/www.instagram.com\/aconteceunovale\" target=\"_blank\">@aconteceunovale<\/a>.<\/em><\/p>\n","protected":false},"excerpt":{"rendered":"<p>O\u00a0Instituto Mineiro de Gest\u00e3o das \u00c1guas (Igam)\u00a0publicou declara\u00e7\u00e3o de situa\u00e7\u00e3o cr\u00edtica de escassez h\u00eddrica superficial na por\u00e7\u00e3o hidrogr\u00e1fica localizada a montante da esta\u00e7\u00e3o fluviom\u00e9trica S\u00e3o Pedro do Sua\u00e7u\u00ed, no Rio Sua\u00e7u\u00ed Grande e sua bacia de contribui\u00e7\u00e3o. A portaria \u00e9 v\u00e1lida at\u00e9 31\/8\/2021. A situa\u00e7\u00e3o cr\u00edtica foi identificada pelo Igam por meio do monitoramento dos [&hellip;]<\/p>\n","protected":false},"author":4,"featured_media":179336,"comment_status":"open","ping_status":"closed","sticky":false,"template":"","format":"standard","meta":{"amp_status":"","footnotes":""},"categories":[121],"tags":[209547,246667,246668,246671,246669,246672,36840,36839,246673,322,246670],"class_list":["post-179335","post","type-post","status-publish","format-standard","has-post-thumbnail","hentry","category-leste","tag-bacia-do-rio-suacui-grande","tag-bacia-do-rio-suacui-grande-esta-em-situacao-critica-de-escassez-de-agua","tag-escassez-de-agua-na-bacia-do-rio-suacui-grande","tag-escassez-de-agua-rio-suacui-grande","tag-escassez-hidrica-na-bacia-do-rio-suacui-grande","tag-escassez-hidrica-rio-suacui-grande","tag-igam","tag-instituto-mineiro-de-gestao-das-aguas","tag-relatorio-sobre-o-rio-suacui-grande","tag-sao-pedro-do-suacui","tag-vazao-do-rio-suacui-grande"],"_links":{"self":[{"href":"https:\/\/aconteceunovale.com.br\/portal\/index.php?rest_route=\/wp\/v2\/posts\/179335","targetHints":{"allow":["GET"]}}],"collection":[{"href":"https:\/\/aconteceunovale.com.br\/portal\/index.php?rest_route=\/wp\/v2\/posts"}],"about":[{"href":"https:\/\/aconteceunovale.com.br\/portal\/index.php?rest_route=\/wp\/v2\/types\/post"}],"author":[{"embeddable":true,"href":"https:\/\/aconteceunovale.com.br\/portal\/index.php?rest_route=\/wp\/v2\/users\/4"}],"replies":[{"embeddable":true,"href":"https:\/\/aconteceunovale.com.br\/portal\/index.php?rest_route=%2Fwp%2Fv2%2Fcomments&post=179335"}],"version-history":[{"count":1,"href":"https:\/\/aconteceunovale.com.br\/portal\/index.php?rest_route=\/wp\/v2\/posts\/179335\/revisions"}],"predecessor-version":[{"id":179337,"href":"https:\/\/aconteceunovale.com.br\/portal\/index.php?rest_route=\/wp\/v2\/posts\/179335\/revisions\/179337"}],"wp:featuredmedia":[{"embeddable":true,"href":"https:\/\/aconteceunovale.com.br\/portal\/index.php?rest_route=\/wp\/v2\/media\/179336"}],"wp:attachment":[{"href":"https:\/\/aconteceunovale.com.br\/portal\/index.php?rest_route=%2Fwp%2Fv2%2Fmedia&parent=179335"}],"wp:term":[{"taxonomy":"category","embeddable":true,"href":"https:\/\/aconteceunovale.com.br\/portal\/index.php?rest_route=%2Fwp%2Fv2%2Fcategories&post=179335"},{"taxonomy":"post_tag","embeddable":true,"href":"https:\/\/aconteceunovale.com.br\/portal\/index.php?rest_route=%2Fwp%2Fv2%2Ftags&post=179335"}],"curies":[{"name":"wp","href":"https:\/\/api.w.org\/{rel}","templated":true}]}}