{"id":179327,"date":"2021-06-16T15:50:51","date_gmt":"2021-06-16T18:50:51","guid":{"rendered":"https:\/\/aconteceunovale.com.br\/portal\/?p=179327"},"modified":"2021-06-16T15:52:28","modified_gmt":"2021-06-16T18:52:28","slug":"policia-civil-conclui-investigacao-sobre-tentativa-de-roubo-a-grupo-religioso-em-ribeirao-das-neves","status":"publish","type":"post","link":"https:\/\/aconteceunovale.com.br\/portal\/?p=179327","title":{"rendered":"Pol\u00edcia Civil conclui investiga\u00e7\u00e3o sobre tentativa de roubo a grupo religioso em Ribeir\u00e3o das Neves"},"content":{"rendered":"\n<p>A Pol\u00edcia Civil de Minas Gerais (PCMG) concluiu o inqu\u00e9rito referente ao assalto cometido contra um grupo religioso, ocorrido no dia 5 deste m\u00eas, no bairro Para\u00edso das Piabas, em Ribeir\u00e3o das Neves, Regi\u00e3o Metropolitana de Belo Horizonte. No momento da a\u00e7\u00e3o criminosa, um dos suspeitos teve um mal s\u00fabito e morreu. J\u00e1 o comparsa dele foi indiciado pelo crime de roubo.<\/p>\n\n\n\n<figure class=\"wp-block-gallery columns-1 is-cropped wp-block-gallery-1 is-layout-flex wp-block-gallery-is-layout-flex\"><ul class=\"blocks-gallery-grid\"><li class=\"blocks-gallery-item\"><figure><img loading=\"lazy\" decoding=\"async\" width=\"678\" height=\"424\" src=\"https:\/\/aconteceunovale.com.br\/portal\/wp-content\/uploads\/2021\/06\/coletiva_neves.jpg\" alt=\"\" data-id=\"179328\" data-full-url=\"https:\/\/aconteceunovale.com.br\/portal\/wp-content\/uploads\/2021\/06\/coletiva_neves.jpg\" data-link=\"https:\/\/aconteceunovale.com.br\/portal\/?attachment_id=179328\" class=\"wp-image-179328\" srcset=\"https:\/\/aconteceunovale.com.br\/portal\/wp-content\/uploads\/2021\/06\/coletiva_neves.jpg 678w, https:\/\/aconteceunovale.com.br\/portal\/wp-content\/uploads\/2021\/06\/coletiva_neves-300x188.jpg 300w, https:\/\/aconteceunovale.com.br\/portal\/wp-content\/uploads\/2021\/06\/coletiva_neves-672x420.jpg 672w\" sizes=\"auto, (max-width: 678px) 100vw, 678px\" \/><figcaption class=\"blocks-gallery-item__caption\"><em>Foto: Divulga\u00e7\u00e3o\/PCMG<\/em><\/figcaption><\/figure><\/li><\/ul><\/figure>\n\n\n\n<p>Conforme laudo de necropsia, a causa da morte do suspeito foi definida como indeterminada, uma vez que n\u00e3o havia sinais de viol\u00eancia no corpo periciado ou ind\u00edcios claros do motivo da morte. O delegado Alex Dalton, que coordenou as investiga\u00e7\u00f5es, conta <em>que \u201cos peritos relataram ter encontrado subst\u00e2ncias vol\u00e1teis [lol\u00f3] e coca\u00edna em exames toxicol\u00f3gicos. A \u2018contamina\u00e7\u00e3o\u2019 por essas subst\u00e2ncias, aliada \u00e0 situa\u00e7\u00e3o de estresse, pode ter corroborado com a causa morte do suspeito\u201d.<\/em><\/p>\n\n\n\n<p>Ainda segundo o delegado, <em>\u201co inqu\u00e9rito foi instaurado para apurar o crime patrimonial, ou seja, o roubo, em desfavor das v\u00edtimas, sendo o pastor de uma igreja evang\u00e9lica, que estava em companhia de outros quatro fi\u00e9is nesse local\u201d.<\/em><\/p>\n\n\n\n<h2 class=\"wp-block-heading\"><strong>Din\u00e2mica dos fatos<\/strong><\/h2>\n\n\n\n<p>De acordo com relatos, as v\u00edtimas estavam acampadas e em ora\u00e7\u00e3o na parte alta de uma serra, quando dois homens chegaram e anunciaram o assalto. Um dos suspeitos, que portava o simulacro de uma arma de fogo, exigiu que o grupo entregasse os celulares, momento em que o pastor o repreendeu verbalmente e o homem desfaleceu. Com a chegada da equipe do Servi\u00e7o de Atendimento M\u00f3vel de Urg\u00eancia (Samu), foi constatada a morte do rapaz.<\/p>\n\n\n\n<p>Em declara\u00e7\u00f5es prestadas \u00e0 pol\u00edcia, o outro suspeito confirmou as vers\u00f5es apresentadas pelas v\u00edtimas e pelas testemunhas. Ele contou ainda que, depois do suposto desmaio do comparsa, ele teria se apossado de um fac\u00e3o usado pelos fi\u00e9is para montar o acampamento, a fim de coagir as v\u00edtimas e conseguir furtar os celulares delas. No entanto, ele alega ter desmaiado no local ap\u00f3s tamb\u00e9m ser repreendido pelo mesmo pastor. Quando recobrou a consci\u00eancia, j\u00e1 n\u00e3o estava mais em posse dos celulares. No dia do crime, o homem fugiu do local, mas, posteriormente, apresentou-se \u00e0 pol\u00edcia.<\/p>\n\n\n\n<p>Segundo o delegado Alex, o suspeito informou que tomou conhecimento da localiza\u00e7\u00e3o do grupo religioso por meio de uma live transmitida por um canal de v\u00eddeos. O investigado j\u00e1 teria, inclusive, frequentado aquela igreja.<\/p>\n\n\n\n<p>As investiga\u00e7\u00f5es sobre o caso foram realizadas pela equipe da 1\u00aa Delegacia de Pol\u00edcia Civil em Ribeir\u00e3o das Neves.<\/p>\n\n\n\n<p>&#8212;&#8212;&#8212;&#8212;&#8212;&#8212;<br><em>Quer receber as not\u00edcias do <strong>Aconteceu no Vale<\/strong> em primeira m\u00e3o? Siga-nos no Facebook <a rel=\"noreferrer noopener\" href=\"http:\/\/facebook.com\/aconteceunovale\" target=\"_blank\">@aconteceunovale<\/a>, Twitter <a rel=\"noreferrer noopener\" href=\"https:\/\/twitter.com\/noticiadosvales\" target=\"_blank\">@noticiadosvales<\/a> e Instagram <a rel=\"noreferrer noopener\" href=\"https:\/\/www.instagram.com\/aconteceunovale\" target=\"_blank\">@aconteceunovale<\/a>.<\/em><\/p>\n","protected":false},"excerpt":{"rendered":"<p>A Pol\u00edcia Civil de Minas Gerais (PCMG) concluiu o inqu\u00e9rito referente ao assalto cometido contra um grupo religioso, ocorrido no dia 5 deste m\u00eas, no bairro Para\u00edso das Piabas, em Ribeir\u00e3o das Neves, Regi\u00e3o Metropolitana de Belo Horizonte. No momento da a\u00e7\u00e3o criminosa, um dos suspeitos teve um mal s\u00fabito e morreu. J\u00e1 o comparsa [&hellip;]<\/p>\n","protected":false},"author":4,"featured_media":179328,"comment_status":"open","ping_status":"closed","sticky":false,"template":"","format":"standard","meta":{"amp_status":"","footnotes":""},"categories":[123],"tags":[246241,246239,246240,246650,246649,1018,246236,246237,246238,604,246648,246647,3674],"class_list":["post-179327","post","type-post","status-publish","format-standard","has-post-thumbnail","hentry","category-gerais","tag-assaltante-morre-em-monte-de-oracao-em-ribeirao-das-neves","tag-assalto-em-monte-de-oracao-em-ribeirao-das-neves","tag-assalto-em-ribeirao-das-neves","tag-causa-da-morte-de-assaltante-em-monte-de-ribeirao-das-neves","tag-delegado-alex-dalton","tag-destaque","tag-homem-tenta-assaltar-cristaos-em-monte-e-morre-apos-oracao","tag-homem-tenta-assaltar-cristaos-em-monte-e-morre-apos-oracao-em-ribeirao-das-neves","tag-homem-tenta-assaltar-cristaos-em-monte-e-morre-apos-oracao-na-grande-bh","tag-pcmg","tag-pcmg-ribeirao-das-neves","tag-policia-civil-conclui-investigacao-sobre-tentativa-de-roubo-a-grupo-religioso-em-ribeirao-das-neves","tag-ribeirao-das-neves"],"_links":{"self":[{"href":"https:\/\/aconteceunovale.com.br\/portal\/index.php?rest_route=\/wp\/v2\/posts\/179327","targetHints":{"allow":["GET"]}}],"collection":[{"href":"https:\/\/aconteceunovale.com.br\/portal\/index.php?rest_route=\/wp\/v2\/posts"}],"about":[{"href":"https:\/\/aconteceunovale.com.br\/portal\/index.php?rest_route=\/wp\/v2\/types\/post"}],"author":[{"embeddable":true,"href":"https:\/\/aconteceunovale.com.br\/portal\/index.php?rest_route=\/wp\/v2\/users\/4"}],"replies":[{"embeddable":true,"href":"https:\/\/aconteceunovale.com.br\/portal\/index.php?rest_route=%2Fwp%2Fv2%2Fcomments&post=179327"}],"version-history":[{"count":1,"href":"https:\/\/aconteceunovale.com.br\/portal\/index.php?rest_route=\/wp\/v2\/posts\/179327\/revisions"}],"predecessor-version":[{"id":179329,"href":"https:\/\/aconteceunovale.com.br\/portal\/index.php?rest_route=\/wp\/v2\/posts\/179327\/revisions\/179329"}],"wp:featuredmedia":[{"embeddable":true,"href":"https:\/\/aconteceunovale.com.br\/portal\/index.php?rest_route=\/wp\/v2\/media\/179328"}],"wp:attachment":[{"href":"https:\/\/aconteceunovale.com.br\/portal\/index.php?rest_route=%2Fwp%2Fv2%2Fmedia&parent=179327"}],"wp:term":[{"taxonomy":"category","embeddable":true,"href":"https:\/\/aconteceunovale.com.br\/portal\/index.php?rest_route=%2Fwp%2Fv2%2Fcategories&post=179327"},{"taxonomy":"post_tag","embeddable":true,"href":"https:\/\/aconteceunovale.com.br\/portal\/index.php?rest_route=%2Fwp%2Fv2%2Ftags&post=179327"}],"curies":[{"name":"wp","href":"https:\/\/api.w.org\/{rel}","templated":true}]}}