{"id":179320,"date":"2021-06-16T15:09:52","date_gmt":"2021-06-16T18:09:52","guid":{"rendered":"https:\/\/aconteceunovale.com.br\/portal\/?p=179320"},"modified":"2021-06-16T15:11:09","modified_gmt":"2021-06-16T18:11:09","slug":"dois-suspeitos-de-homicidio-sao-presos-em-taiobeiras","status":"publish","type":"post","link":"https:\/\/aconteceunovale.com.br\/portal\/?p=179320","title":{"rendered":"Dois suspeitos de homic\u00eddio s\u00e3o presos em Taiobeiras"},"content":{"rendered":"\n<p>A Pol\u00edcia Civil de Minas Gerais (PCMG), com aux\u00edlio da Pol\u00edcia Militar, cumpriu hoje (16\/6\/2021), em Taiobeiras, dois mandados de pris\u00e3o tempor\u00e1ria e quatro mandados de busca e apreens\u00e3o expedidos em inqu\u00e9rito policial que apura a morte de um homem, de 39 anos. Os suspeitos, de 26 e 27, foram encaminhados ao Sistema Prisional e encontram-se \u00e0 disposi\u00e7\u00e3o da Justi\u00e7a.<\/p>\n\n\n\n<figure class=\"wp-block-gallery columns-1 is-cropped wp-block-gallery-1 is-layout-flex wp-block-gallery-is-layout-flex\"><ul class=\"blocks-gallery-grid\"><li class=\"blocks-gallery-item\"><figure><img loading=\"lazy\" decoding=\"async\" width=\"678\" height=\"424\" src=\"https:\/\/aconteceunovale.com.br\/portal\/wp-content\/uploads\/2021\/06\/operacao_taiobeiras.jpg\" alt=\"\" data-id=\"179321\" data-full-url=\"https:\/\/aconteceunovale.com.br\/portal\/wp-content\/uploads\/2021\/06\/operacao_taiobeiras.jpg\" data-link=\"https:\/\/aconteceunovale.com.br\/portal\/?attachment_id=179321\" class=\"wp-image-179321\" srcset=\"https:\/\/aconteceunovale.com.br\/portal\/wp-content\/uploads\/2021\/06\/operacao_taiobeiras.jpg 678w, https:\/\/aconteceunovale.com.br\/portal\/wp-content\/uploads\/2021\/06\/operacao_taiobeiras-300x188.jpg 300w, https:\/\/aconteceunovale.com.br\/portal\/wp-content\/uploads\/2021\/06\/operacao_taiobeiras-672x420.jpg 672w\" sizes=\"auto, (max-width: 678px) 100vw, 678px\" \/><figcaption class=\"blocks-gallery-item__caption\"><em>Foto: Divulga\u00e7\u00e3o\/PCMG<\/em><\/figcaption><\/figure><\/li><\/ul><\/figure>\n\n\n\n<p>O corpo da v\u00edtima foi encontrado por uma testemunha, no \u00faltimo dia 4, em um matagal localizado no bairro Planalto, em Taiobeiras. Segundo a fam\u00edlia, o homem tinha sido visto pela \u00faltima vez na tarde anterior (3\/6). A per\u00edcia foi acionada e compareceu ao local, realizando os trabalhos de praxe. Depois, o cad\u00e1ver foi encaminhado para exames no Posto M\u00e9dico-Legal em Montes Claros.<\/p>\n\n\n\n<p>Havia ind\u00edcios de crime praticado de forma brutal: no corpo foram verificados m\u00faltiplos sinais de les\u00f5es provocadas com disparo de arma de fogo e pedrada, e, ainda, foi constatado o uso de ossos bovinos nas agress\u00f5es. O homem apresentava um afundamento do cr\u00e2nio causado pelo arremesso de uma pedra de aproximadamente 30 quilos.<\/p>\n\n\n\n<h2 class=\"wp-block-heading\"><strong>Investiga\u00e7\u00f5es<\/strong><\/h2>\n\n\n\n<p>Foi instaurado inqu\u00e9rito policial para apurar o crime e, durante as investiga\u00e7\u00f5es, a PCMG constatou que o homem teria sido levado ao matagal pelos suspeitos e, no local, sofrido poss\u00edvel tortura &#8211; as agress\u00f5es foram praticadas para que a v\u00edtima n\u00e3o sobrevivesse. De acordo com o Delegado Bruno Marocco, a motiva\u00e7\u00e3o seria a disputa pelo controle do tr\u00e1fico de drogas na regi\u00e3o do bairro Planalto.<\/p>\n\n\n\n<p>Com a investiga\u00e7\u00e3o, foi poss\u00edvel identificar tr\u00eas suspeitos, dois deles presos nesta quarta-feira (16\/6). O outro investigado \u00e9 procurado pela pol\u00edcia. <em>\u201cCom as provas da participa\u00e7\u00e3o dos tr\u00eas suspeitos, representamos pelos mandados de pris\u00e3o. Os policiais trabalham para localizar o terceiro envolvido\u201d<\/em>, explica o delegado. No curso da a\u00e7\u00e3o policial, ainda foram apreendidos celulares, joias, dinheiro e drogas.<\/p>\n\n\n\n<p><em>\u201cO inqu\u00e9rito policial segue em tramita\u00e7\u00e3o na Delegacia de Pol\u00edcia Civil em Taiobeiras. Os levantamentos continuam com o objetivo de obter outros elementos para a conclus\u00e3o do caso\u201d,<\/em> diz nota divulgada pela PCMG.<\/p>\n\n\n\n<p>&#8212;&#8212;&#8212;&#8212;&#8212;&#8212;<br><em>Quer receber as not\u00edcias do <strong>Aconteceu no Vale<\/strong> em primeira m\u00e3o? Siga-nos no Facebook <a rel=\"noreferrer noopener\" href=\"http:\/\/facebook.com\/aconteceunovale\" target=\"_blank\">@aconteceunovale<\/a>, Twitter <a rel=\"noreferrer noopener\" href=\"https:\/\/twitter.com\/noticiadosvales\" target=\"_blank\">@noticiadosvales<\/a> e Instagram <a rel=\"noreferrer noopener\" href=\"https:\/\/www.instagram.com\/aconteceunovale\" target=\"_blank\">@aconteceunovale<\/a>.<\/em><\/p>\n","protected":false},"excerpt":{"rendered":"<p>A Pol\u00edcia Civil de Minas Gerais (PCMG), com aux\u00edlio da Pol\u00edcia Militar, cumpriu hoje (16\/6\/2021), em Taiobeiras, dois mandados de pris\u00e3o tempor\u00e1ria e quatro mandados de busca e apreens\u00e3o expedidos em inqu\u00e9rito policial que apura a morte de um homem, de 39 anos. Os suspeitos, de 26 e 27, foram encaminhados ao Sistema Prisional e [&hellip;]<\/p>\n","protected":false},"author":4,"featured_media":179321,"comment_status":"open","ping_status":"closed","sticky":false,"template":"","format":"standard","meta":{"amp_status":"","footnotes":""},"categories":[1236],"tags":[226842,215854,1018,246627,246626,246630,16842,246629,604,215852,246628,236704,114520,109554,175193,419,142518],"class_list":["post-179320","post","type-post","status-publish","format-standard","has-post-thumbnail","hentry","category-norte_de_minas","tag-delegado-bruno-marocco","tag-delegado-de-taiobeiras","tag-destaque","tag-disputa-pelo-trafico-de-drogas-em-taiobeiras","tag-dois-suspeitos-de-homicidio-sao-presos-em-taiobeiras","tag-homem-morto-no-bairro-planalto-em-taiobeiras","tag-homicidio-em-taiobeiras","tag-homicidio-no-bairro-planalto-em-taiobeiras","tag-pcmg","tag-pcmg-taiobeiras","tag-pmmg-taiobeiras","tag-policia-civil-de-taiobeiras","tag-policia-militar-de-taiobeiras","tag-preso-em-taiobeiras","tag-preso-por-homicidio-em-taiobeiras","tag-taiobeiras","tag-trafico-em-taiobeiras"],"_links":{"self":[{"href":"https:\/\/aconteceunovale.com.br\/portal\/index.php?rest_route=\/wp\/v2\/posts\/179320","targetHints":{"allow":["GET"]}}],"collection":[{"href":"https:\/\/aconteceunovale.com.br\/portal\/index.php?rest_route=\/wp\/v2\/posts"}],"about":[{"href":"https:\/\/aconteceunovale.com.br\/portal\/index.php?rest_route=\/wp\/v2\/types\/post"}],"author":[{"embeddable":true,"href":"https:\/\/aconteceunovale.com.br\/portal\/index.php?rest_route=\/wp\/v2\/users\/4"}],"replies":[{"embeddable":true,"href":"https:\/\/aconteceunovale.com.br\/portal\/index.php?rest_route=%2Fwp%2Fv2%2Fcomments&post=179320"}],"version-history":[{"count":1,"href":"https:\/\/aconteceunovale.com.br\/portal\/index.php?rest_route=\/wp\/v2\/posts\/179320\/revisions"}],"predecessor-version":[{"id":179322,"href":"https:\/\/aconteceunovale.com.br\/portal\/index.php?rest_route=\/wp\/v2\/posts\/179320\/revisions\/179322"}],"wp:featuredmedia":[{"embeddable":true,"href":"https:\/\/aconteceunovale.com.br\/portal\/index.php?rest_route=\/wp\/v2\/media\/179321"}],"wp:attachment":[{"href":"https:\/\/aconteceunovale.com.br\/portal\/index.php?rest_route=%2Fwp%2Fv2%2Fmedia&parent=179320"}],"wp:term":[{"taxonomy":"category","embeddable":true,"href":"https:\/\/aconteceunovale.com.br\/portal\/index.php?rest_route=%2Fwp%2Fv2%2Fcategories&post=179320"},{"taxonomy":"post_tag","embeddable":true,"href":"https:\/\/aconteceunovale.com.br\/portal\/index.php?rest_route=%2Fwp%2Fv2%2Ftags&post=179320"}],"curies":[{"name":"wp","href":"https:\/\/api.w.org\/{rel}","templated":true}]}}