{"id":179315,"date":"2021-06-16T14:45:52","date_gmt":"2021-06-16T17:45:52","guid":{"rendered":"https:\/\/aconteceunovale.com.br\/portal\/?p=179315"},"modified":"2021-06-16T14:46:43","modified_gmt":"2021-06-16T17:46:43","slug":"tribunal-reverte-cassacao-do-mandato-do-prefeito-de-nova-modica","status":"publish","type":"post","link":"https:\/\/aconteceunovale.com.br\/portal\/?p=179315","title":{"rendered":"Tribunal reverte cassa\u00e7\u00e3o do mandato do prefeito de Nova M\u00f3dica"},"content":{"rendered":"\n<p>Na sess\u00e3o de julgamentos por videoconfer\u00eancia do dia 14 de junho de 2021, a Corte Eleitoral, por unanimidade, reverteu a cassa\u00e7\u00e3o do mandato do prefeito de Nova M\u00f3dica (Vale do Rio Doce), Walter J\u00fanior Ladeia Borborema\u00a0(MDB), e do vice-prefeito, J\u00e9sus In\u00e1cio Ramos (Republicanos), que haviam sido condenados, em duas a\u00e7\u00f5es, por abuso de poder econ\u00f4mico. Os julgadores, com base no voto do relator, juiz Marcelo Vaz Bueno, tamb\u00e9m exclu\u00edram a declara\u00e7\u00e3o de inelegibilidade para o prefeito e o vice.\u00a0<\/p>\n\n\n\n<figure class=\"wp-block-gallery columns-1 is-cropped wp-block-gallery-1 is-layout-flex wp-block-gallery-is-layout-flex\"><ul class=\"blocks-gallery-grid\"><li class=\"blocks-gallery-item\"><figure><img loading=\"lazy\" decoding=\"async\" width=\"678\" height=\"438\" src=\"https:\/\/aconteceunovale.com.br\/portal\/wp-content\/uploads\/2021\/06\/prefeito_nova_modica.jpg\" alt=\"\" data-id=\"179316\" data-full-url=\"https:\/\/aconteceunovale.com.br\/portal\/wp-content\/uploads\/2021\/06\/prefeito_nova_modica.jpg\" data-link=\"https:\/\/aconteceunovale.com.br\/portal\/?attachment_id=179316\" class=\"wp-image-179316\" srcset=\"https:\/\/aconteceunovale.com.br\/portal\/wp-content\/uploads\/2021\/06\/prefeito_nova_modica.jpg 678w, https:\/\/aconteceunovale.com.br\/portal\/wp-content\/uploads\/2021\/06\/prefeito_nova_modica-300x194.jpg 300w, https:\/\/aconteceunovale.com.br\/portal\/wp-content\/uploads\/2021\/06\/prefeito_nova_modica-650x420.jpg 650w\" sizes=\"auto, (max-width: 678px) 100vw, 678px\" \/><figcaption class=\"blocks-gallery-item__caption\"><em>Walter J\u00fanior Ladeia Borborema e J\u00e9sus In\u00e1cio Ramos (Foto: Portal Itabirinha \/ Reprodu\u00e7\u00e3o)<\/em><\/figcaption><\/figure><\/li><\/ul><\/figure>\n\n\n\n<p>Foram movidas contra os eleitos uma a\u00e7\u00e3o de investiga\u00e7\u00e3o judicial eleitoral (AIJE) e uma a\u00e7\u00e3o de impugna\u00e7\u00e3o de mandato eletivo (AIME), nas quais foram alegados, basicamente, os mesmos fatos: transfer\u00eancia il\u00edcita de inscri\u00e7\u00f5es eleitorais; transporte irregular de eleitores na madrugada anterior e manh\u00e3 do dia das elei\u00e7\u00f5es; e compra de votos, por meio da promessa de doa\u00e7\u00e3o de lotes a eleitores em troca de seus votos.<\/p>\n\n\n\n<p>O juiz eleitoral local, nas duas a\u00e7\u00f5es, reconheceu o&nbsp;abuso de poder econ\u00f4mico, decorrente da transfer\u00eancia fraudulenta de inscri\u00e7\u00f5es eleitorais e do transporte irregular de eleitores, cassando os mandatos e declarando, ainda, a inelegibilidade dos reeleitos por oito anos.<\/p>\n\n\n\n<p>Para os integrantes da Corte Eleitoral, no entanto, n\u00e3o restou demonstrada a inscri\u00e7\u00e3o fraudulenta de eleitores nem houve comprova\u00e7\u00e3o efetiva do alegado pagamento de transporte realizado por meio de \u00f4nibus, vans e carros, pelos candidatos eleitos, no dia do pleito, para que esses eleitores pudessem votar na chapa vencedora.<\/p>\n\n\n\n<p>Ao final, foram afastadas as san\u00e7\u00f5es de cassa\u00e7\u00e3o e inelegibilidade, diante da aus\u00eancia de prova segura da ocorr\u00eancia de fatos que pudessem configurar o abuso de poder econ\u00f4mico.<\/p>\n\n\n\n<p>O prefeito reeleito obteve 1.664 votos (55,19%) e permanece no cargo. Da decis\u00e3o cabe recurso.<\/p>\n\n\n\n<p>&#8212;&#8212;&#8212;&#8212;&#8212;&#8212;<br><em>Quer receber as not\u00edcias do <strong>Aconteceu no Vale<\/strong> em primeira m\u00e3o? Siga-nos no Facebook <a rel=\"noreferrer noopener\" href=\"http:\/\/facebook.com\/aconteceunovale\" target=\"_blank\">@aconteceunovale<\/a>, Twitter <a rel=\"noreferrer noopener\" href=\"https:\/\/twitter.com\/noticiadosvales\" target=\"_blank\">@noticiadosvales<\/a> e Instagram <a rel=\"noreferrer noopener\" href=\"https:\/\/www.instagram.com\/aconteceunovale\" target=\"_blank\">@aconteceunovale<\/a>.<\/em><\/p>\n","protected":false},"excerpt":{"rendered":"<p>Na sess\u00e3o de julgamentos por videoconfer\u00eancia do dia 14 de junho de 2021, a Corte Eleitoral, por unanimidade, reverteu a cassa\u00e7\u00e3o do mandato do prefeito de Nova M\u00f3dica (Vale do Rio Doce), Walter J\u00fanior Ladeia Borborema\u00a0(MDB), e do vice-prefeito, J\u00e9sus In\u00e1cio Ramos (Republicanos), que haviam sido condenados, em duas a\u00e7\u00f5es, por abuso de poder econ\u00f4mico. [&hellip;]<\/p>\n","protected":false},"author":4,"featured_media":179316,"comment_status":"open","ping_status":"closed","sticky":false,"template":"","format":"standard","meta":{"amp_status":"","footnotes":""},"categories":[121,40240],"tags":[1018,246619,246620,177500,304,246618,246617,21937,246615,246616],"class_list":["post-179315","post","type-post","status-publish","format-standard","has-post-thumbnail","hentry","category-leste","category-politica-2","tag-destaque","tag-jesus-inacio-ramos","tag-juiz-marcelo-vaz-bueno","tag-mdb","tag-nova-modica","tag-prefeito-de-nova-modica","tag-processo-contra-o-prefeito-de-nova-modica","tag-republicanos","tag-tribunal-reverte-cassacao-do-mandato-do-prefeito-de-nova-modica","tag-walter-junior-ladeia-borborema"],"_links":{"self":[{"href":"https:\/\/aconteceunovale.com.br\/portal\/index.php?rest_route=\/wp\/v2\/posts\/179315","targetHints":{"allow":["GET"]}}],"collection":[{"href":"https:\/\/aconteceunovale.com.br\/portal\/index.php?rest_route=\/wp\/v2\/posts"}],"about":[{"href":"https:\/\/aconteceunovale.com.br\/portal\/index.php?rest_route=\/wp\/v2\/types\/post"}],"author":[{"embeddable":true,"href":"https:\/\/aconteceunovale.com.br\/portal\/index.php?rest_route=\/wp\/v2\/users\/4"}],"replies":[{"embeddable":true,"href":"https:\/\/aconteceunovale.com.br\/portal\/index.php?rest_route=%2Fwp%2Fv2%2Fcomments&post=179315"}],"version-history":[{"count":1,"href":"https:\/\/aconteceunovale.com.br\/portal\/index.php?rest_route=\/wp\/v2\/posts\/179315\/revisions"}],"predecessor-version":[{"id":179317,"href":"https:\/\/aconteceunovale.com.br\/portal\/index.php?rest_route=\/wp\/v2\/posts\/179315\/revisions\/179317"}],"wp:featuredmedia":[{"embeddable":true,"href":"https:\/\/aconteceunovale.com.br\/portal\/index.php?rest_route=\/wp\/v2\/media\/179316"}],"wp:attachment":[{"href":"https:\/\/aconteceunovale.com.br\/portal\/index.php?rest_route=%2Fwp%2Fv2%2Fmedia&parent=179315"}],"wp:term":[{"taxonomy":"category","embeddable":true,"href":"https:\/\/aconteceunovale.com.br\/portal\/index.php?rest_route=%2Fwp%2Fv2%2Fcategories&post=179315"},{"taxonomy":"post_tag","embeddable":true,"href":"https:\/\/aconteceunovale.com.br\/portal\/index.php?rest_route=%2Fwp%2Fv2%2Ftags&post=179315"}],"curies":[{"name":"wp","href":"https:\/\/api.w.org\/{rel}","templated":true}]}}