{"id":179312,"date":"2021-06-16T14:28:42","date_gmt":"2021-06-16T17:28:42","guid":{"rendered":"https:\/\/aconteceunovale.com.br\/portal\/?p=179312"},"modified":"2021-06-16T14:32:18","modified_gmt":"2021-06-16T17:32:18","slug":"hucf-alerta-sobre-ataques-de-escorpioes-no-norte-de-minas","status":"publish","type":"post","link":"https:\/\/aconteceunovale.com.br\/portal\/?p=179312","title":{"rendered":"HUCF alerta sobre ataques de escorpi\u00f5es no Norte de Minas"},"content":{"rendered":"\n<p><em>\u201cN\u00e3o desejo nada disso para nenhum pai ou m\u00e3e. Foi desesperador tirar a blusa dele, ver o escorpi\u00e3o cair no ch\u00e3o e o meu filho passar mal daquele jeito. Viemos rapidamente para o hospital e gra\u00e7as a Deus ele foi bem atendido. Fica o alerta para que observem tudo ao redor\u201d<\/em>. O depoimento, que resume ao mesmo tempo drama e al\u00edvio, \u00e9 de Iara Cristina de Souza Oliveira, moradora do Bairro Major Prates, em Montes Claros.<\/p>\n\n\n\n<p>O filho dela, Juan Miguel de Souza Oliveira, de 9 anos, foi internado na Pediatria do Hospital Universit\u00e1rio Clemente de Faria (HUCF) e \u00e9 uma das v\u00edtimas mais recentes de ataque de escorpi\u00f5es atendidos pela unidade. O garoto brincava na garagem de casa quando foi atacado. Ele j\u00e1 est\u00e1 recuperado e passa bem.<\/p>\n\n\n\n<p>O Hospital Universit\u00e1rio Clemente de Faria \u00e9 refer\u00eancia no atendimento de casos que envolvem animais pe\u00e7onhentos. Conforme o balan\u00e7o do Escrit\u00f3rio de Qualidade do HUCF, nos \u00faltimos 45 dias foram 314 casos atendidos (maio e junho). No mesmo per\u00edodo do ano passado, foram 309 atendimentos.<\/p>\n\n\n\n<p>O aumento de v\u00edtimas nos \u00faltimos dias reacende o alerta sobre a amea\u00e7a dos escorpi\u00f5es, embora o n\u00famero de casos atendidos nos primeiros cinco meses e meio deste ano ainda seja menor que os dados entre janeiro e a primeira quinzena de junho do ano passado.<\/p>\n\n\n\n<figure class=\"wp-block-gallery columns-1 is-cropped wp-block-gallery-1 is-layout-flex wp-block-gallery-is-layout-flex\"><ul class=\"blocks-gallery-grid\"><li class=\"blocks-gallery-item\"><figure><img loading=\"lazy\" decoding=\"async\" width=\"650\" height=\"435\" src=\"https:\/\/aconteceunovale.com.br\/portal\/wp-content\/uploads\/2021\/06\/escorpiao.png\" alt=\"\" data-id=\"179313\" data-full-url=\"https:\/\/aconteceunovale.com.br\/portal\/wp-content\/uploads\/2021\/06\/escorpiao.png\" data-link=\"https:\/\/aconteceunovale.com.br\/portal\/?attachment_id=179313\" class=\"wp-image-179313\" srcset=\"https:\/\/aconteceunovale.com.br\/portal\/wp-content\/uploads\/2021\/06\/escorpiao.png 650w, https:\/\/aconteceunovale.com.br\/portal\/wp-content\/uploads\/2021\/06\/escorpiao-300x201.png 300w, https:\/\/aconteceunovale.com.br\/portal\/wp-content\/uploads\/2021\/06\/escorpiao-628x420.png 628w\" sizes=\"auto, (max-width: 650px) 100vw, 650px\" \/><figcaption class=\"blocks-gallery-item__caption\"><em>Foto: Divulga\u00e7\u00e3o \/ Unimontes<\/em><\/figcaption><\/figure><\/li><\/ul><\/figure>\n\n\n\n<h2 class=\"wp-block-heading\"><strong>N\u00fameros<\/strong><\/h2>\n\n\n\n<p>O levantamento mais recente do HUCF mostra 1.006 atendimentos de v\u00edtimas de ataques de escorpi\u00f5es entre janeiro e o \u00faltimo dia 14 de junho. A mesma linha de tempo em 2020 teve 1.306 casos. Ou seja, houve uma redu\u00e7\u00e3o de 29,8% no comparativo com o mesmo per\u00edodo de um ano para outro, mas o aconselh\u00e1vel \u00e9 justamente refor\u00e7ar a aten\u00e7\u00e3o por causa do aumento de casos nos \u00faltimos dias. Maio, por exemplo, det\u00e9m o recorde de ataques deste ano: 207.<\/p>\n\n\n\n<p>A esp\u00e9cie mais comum Tityus serrulatus (escorpi\u00e3o-amarelo) \u00e9 nativa do Norte de Minas, o que justificaria tamanha incid\u00eancia na regi\u00e3o, al\u00e9m da inevit\u00e1vel associa\u00e7\u00e3o com os ambientes favor\u00e1veis \u00e0 prolifera\u00e7\u00e3o no meio urbano: dep\u00f3sitos de lixos dom\u00e9sticos e de entulhos, rede de esgoto, quintais com entulhos, locais antigos como cemit\u00e9rios. Outro agravante: o escorpi\u00e3o se reproduz por partenog\u00eanese. Isto \u00e9, n\u00e3o precisam de machos para gerar filhotes.<\/p>\n\n\n\n<p><em>\u201cO escorpi\u00e3o passou a ser um problema de sa\u00fade p\u00fablica diante deste hist\u00f3rico de v\u00edtimas. No HUCF, eles correspondem a 44,49% do total de ocorr\u00eancias envolvendo animais pe\u00e7onhentos nos \u00faltimos dois anos\u201d<\/em>, observa o m\u00e9dico pediatra Carlos Lopo, da equipe do HUCF.<\/p>\n\n\n\n<p>O alerta do profissional \u00e9 ainda maior diante da percep\u00e7\u00e3o de mudan\u00e7a de h\u00e1bito do escorpi\u00e3o e das pessoas, por influ\u00eancia at\u00e9 mesmo da pandemia do Novo Coronav\u00edrus. <em>\u201cEstes s\u00e3o animais pecilot\u00e9rmicos, condi\u00e7\u00e3o que na qual a temperatura varia de acordo com a do meio. Agora no per\u00edodo frio, os escorpi\u00f5es n\u00e3o saem com tamanha frequ\u00eancia, seja para ataques ou mesmo para fazer ninhadas. A justificativa pode ser esta: \u00e9 um per\u00edodo de isolamento social e houve um grande aumento no consumo de produtos perec\u00edveis e no ac\u00famulo de lixo. Isso atrai moscas e baratas, que s\u00e3o as presas mais comuns para os escorpi\u00f5es se alimentarem\u201d<\/em>, afirma Lopo.<\/p>\n\n\n\n<h2 class=\"wp-block-heading\"><strong>Dicas<\/strong><\/h2>\n\n\n\n<p>O pediatra tamb\u00e9m d\u00e1 dicas para os pais e respons\u00e1veis por crian\u00e7as e idosos, que s\u00e3o as v\u00edtimas menos resistentes aos efeitos do veneno destes animais. <em>\u201cQuanto mais fr\u00e1gil a pessoa atacada, maior \u00e9 o risco de morte. Por isso, entendendo que acidentes com escorpi\u00f5es podem ser minimizados com cuidados permanentes e di\u00e1rios: sacudir sapatos, verificar as toalhas e roupas antes de vestir, camas arrumadas e estendidas e afastadas das paredes. Estes cuidados b\u00e1sicos ajudam a diminuir a produ\u00e7\u00e3o de \u00e1caros e insetos, pois os escorpi\u00f5es conseguem subir em paredes e podem estar escondidos entre as roupas\u201d<\/em>, acrescenta Carlos Lopo.<\/p>\n\n\n\n<h2 class=\"wp-block-heading\"><strong>Resumo<\/strong><\/h2>\n\n\n\n<p>Ataques de escorpi\u00f5es atendidos pelo Hospital Universit\u00e1rio Clemente de Faria, da Unimontes, de janeiro \u00e0 primeira quinzena de junho:<\/p>\n\n\n\n<p><strong>2021<\/strong><br><em>Total:&nbsp;<\/em>1006<br><em>Mensais:<\/em>&nbsp;janeiro (166), fevereiro (187), mar\u00e7o (176), abril (163), maio (207) e junho (107).<\/p>\n\n\n\n<p><strong>2020<\/strong><br><em>Total:<\/em>\u00a01.306<br><em>Mensais:<\/em>\u00a0janeiro (266), fevereiro (291), mar\u00e7o (237), abril (203), maio (187) e junho (122)<\/p>\n\n\n\n<p>&#8212;&#8212;&#8212;&#8212;&#8212;&#8212;<br><em>Quer receber as not\u00edcias do <strong>Aconteceu no Vale<\/strong> em primeira m\u00e3o? Siga-nos no Facebook <a rel=\"noreferrer noopener\" href=\"http:\/\/facebook.com\/aconteceunovale\" target=\"_blank\">@aconteceunovale<\/a>, Twitter <a rel=\"noreferrer noopener\" href=\"https:\/\/twitter.com\/noticiadosvales\" target=\"_blank\">@noticiadosvales<\/a> e Instagram <a rel=\"noreferrer noopener\" href=\"https:\/\/www.instagram.com\/aconteceunovale\" target=\"_blank\">@aconteceunovale<\/a>.<\/em><\/p>\n","protected":false},"excerpt":{"rendered":"<p>\u201cN\u00e3o desejo nada disso para nenhum pai ou m\u00e3e. Foi desesperador tirar a blusa dele, ver o escorpi\u00e3o cair no ch\u00e3o e o meu filho passar mal daquele jeito. Viemos rapidamente para o hospital e gra\u00e7as a Deus ele foi bem atendido. Fica o alerta para que observem tudo ao redor\u201d. O depoimento, que resume [&hellip;]<\/p>\n","protected":false},"author":4,"featured_media":179313,"comment_status":"open","ping_status":"closed","sticky":false,"template":"","format":"standard","meta":{"amp_status":"","footnotes":""},"categories":[1236,40242],"tags":[214001,213835,223230,223229,214000,1018,223231,3246,42698,246613,204,246614,210,213837,213832,213833,1712,763,18174,213836],"class_list":["post-179312","post","type-post","status-publish","format-standard","has-post-thumbnail","hentry","category-norte_de_minas","category-saude-2","tag-alerta-para-ataque-de-escorpioes","tag-ataque-de-escorpiao-em-janauba","tag-bentopolis-de-minas","tag-carlos-lopo","tag-cuidados-com-escorpioes-devem-ser-redobrados-no-verao","tag-destaque","tag-hospital-da-unimontes-revela-aumento-de-vitimas-de-escorpioes-e-reforca-alerta-sobre-cuidados-em-tempos-de-pandemia","tag-hospital-universitario-clemente-de-faria","tag-hucf","tag-iara-cristina-de-souza-oliveira","tag-janauba","tag-juan-miguel-de-souza-oliveira","tag-montes-claros","tag-morte-por-escorpiao-em-janauba","tag-periodo-de-reproducao-de-escorpioes-acende-alerta-para-ataques","tag-reproducao-de-escorpioes","tag-ubai","tag-unimontes","tag-universidade-estadual-de-montes-claros","tag-vitima-de-escorpiao-em-janauba"],"_links":{"self":[{"href":"https:\/\/aconteceunovale.com.br\/portal\/index.php?rest_route=\/wp\/v2\/posts\/179312","targetHints":{"allow":["GET"]}}],"collection":[{"href":"https:\/\/aconteceunovale.com.br\/portal\/index.php?rest_route=\/wp\/v2\/posts"}],"about":[{"href":"https:\/\/aconteceunovale.com.br\/portal\/index.php?rest_route=\/wp\/v2\/types\/post"}],"author":[{"embeddable":true,"href":"https:\/\/aconteceunovale.com.br\/portal\/index.php?rest_route=\/wp\/v2\/users\/4"}],"replies":[{"embeddable":true,"href":"https:\/\/aconteceunovale.com.br\/portal\/index.php?rest_route=%2Fwp%2Fv2%2Fcomments&post=179312"}],"version-history":[{"count":1,"href":"https:\/\/aconteceunovale.com.br\/portal\/index.php?rest_route=\/wp\/v2\/posts\/179312\/revisions"}],"predecessor-version":[{"id":179314,"href":"https:\/\/aconteceunovale.com.br\/portal\/index.php?rest_route=\/wp\/v2\/posts\/179312\/revisions\/179314"}],"wp:featuredmedia":[{"embeddable":true,"href":"https:\/\/aconteceunovale.com.br\/portal\/index.php?rest_route=\/wp\/v2\/media\/179313"}],"wp:attachment":[{"href":"https:\/\/aconteceunovale.com.br\/portal\/index.php?rest_route=%2Fwp%2Fv2%2Fmedia&parent=179312"}],"wp:term":[{"taxonomy":"category","embeddable":true,"href":"https:\/\/aconteceunovale.com.br\/portal\/index.php?rest_route=%2Fwp%2Fv2%2Fcategories&post=179312"},{"taxonomy":"post_tag","embeddable":true,"href":"https:\/\/aconteceunovale.com.br\/portal\/index.php?rest_route=%2Fwp%2Fv2%2Ftags&post=179312"}],"curies":[{"name":"wp","href":"https:\/\/api.w.org\/{rel}","templated":true}]}}