{"id":179309,"date":"2021-06-15T21:17:30","date_gmt":"2021-06-16T00:17:30","guid":{"rendered":"https:\/\/aconteceunovale.com.br\/portal\/?p=179309"},"modified":"2021-06-15T21:17:53","modified_gmt":"2021-06-16T00:17:53","slug":"brasil-passa-a-marca-de-490-mil-vidas-perdidas-para-a-covid-19","status":"publish","type":"post","link":"https:\/\/aconteceunovale.com.br\/portal\/?p=179309","title":{"rendered":"Brasil passa a marca de 490 mil vidas perdidas para a Covid-19"},"content":{"rendered":"\n<p>O Brasil ultrapassou a marca das 490 mil mortes por covid-19. Nas \u00faltimas 24 horas, as autoridades de sa\u00fade registraram 2.468 novos \u00f3bitos em decorr\u00eancia da doen\u00e7a. Com isso, o n\u00famero de pessoas que n\u00e3o resistiram \u00e0 pandemia chegou a 490.696.&nbsp;<\/p>\n\n\n\n<p>Ainda h\u00e1 3.852 falecimentos em investiga\u00e7\u00e3o. O termo \u00e9 empregado pelas autoridades de sa\u00fade para designar casos em que um paciente morre, mas a causa segue sendo apurada mesmo ap\u00f3s a declara\u00e7\u00e3o do \u00f3bito.<\/p>\n\n\n\n<p>Os dados est\u00e3o na atualiza\u00e7\u00e3o di\u00e1ria do Minist\u00e9rio da Sa\u00fade, divulgada na noite desta&nbsp;ter\u00e7a-feira (15\/6\/2021). O balan\u00e7o \u00e9 organizado a partir das informa\u00e7\u00f5es sobre casos e mortes levantadas pelas secretarias estaduais de sa\u00fade. N\u00e3o foram contabilizados os dados do Rio Grande do Sul.<\/p>\n\n\n\n<p>O total de pessoas infectadas desde o in\u00edcio da pandemia alcan\u00e7ou 17.533.221. Entre ontem e\u00a0hoje, foram confirmados 80.609 novos casos.\u00a0 O pa\u00eds tem ainda 1.097.879 casos ativos, em acompanhamento. O n\u00famero de pessoas que se recuperaram da doen\u00e7a \u00e9 de 15.944.646. Isso corresponde a 90,9% do total dos infectados pelo v\u00edrus.<\/p>\n\n\n\n<figure class=\"wp-block-image size-large\"><img loading=\"lazy\" decoding=\"async\" width=\"754\" height=\"423\" src=\"https:\/\/aconteceunovale.com.br\/portal\/wp-content\/uploads\/2021\/06\/corona_br_15_junho.jpeg\" alt=\"\" class=\"wp-image-179310\" srcset=\"https:\/\/aconteceunovale.com.br\/portal\/wp-content\/uploads\/2021\/06\/corona_br_15_junho.jpeg 754w, https:\/\/aconteceunovale.com.br\/portal\/wp-content\/uploads\/2021\/06\/corona_br_15_junho-300x168.jpeg 300w, https:\/\/aconteceunovale.com.br\/portal\/wp-content\/uploads\/2021\/06\/corona_br_15_junho-696x390.jpeg 696w, https:\/\/aconteceunovale.com.br\/portal\/wp-content\/uploads\/2021\/06\/corona_br_15_junho-749x420.jpeg 749w\" sizes=\"auto, (max-width: 754px) 100vw, 754px\" \/><\/figure>\n\n\n\n<h2 class=\"wp-block-heading\">Estados<\/h2>\n\n\n\n<p>O ranking de estados com mais mortes pela covid-19 \u00e9 liderado por S\u00e3o Paulo (119.110). Em seguida v\u00eam Rio&nbsp;de Janeiro&nbsp;(53.242), Minas Gerais (43.206) e Rio Grande do Sul (29.701), que n\u00e3o atualizou os dados nesta ter\u00e7a-feira. J\u00e1 na parte de baixo da lista, com menos vidas perdidas para a pandemia, est\u00e3o Roraima (1.680), Acre (1.721), Amap\u00e1 (1.778) e Tocantins (3.042).<\/p>\n\n\n\n<h2 class=\"wp-block-heading\">Vacina\u00e7\u00e3o<\/h2>\n\n\n\n<p>At\u00e9 o momento, foram entregues a estados e munic\u00edpios 105,3\u00a0milh\u00f5es de doses de vacinas contra a covid-19. Deste total, foram aplicadas 80,2 milh\u00f5es de doses, sendo 56,4 milh\u00f5es da 1\u00aa dose e 23,7\u00a0milh\u00f5es da 2\u00aa dose.<\/p>\n\n\n\n<p>&#8212;&#8212;&#8212;&#8212;&#8212;&#8212;<br><em>Quer receber as not\u00edcias do <strong>Aconteceu no Vale<\/strong> em primeira m\u00e3o? Siga-nos no Facebook <a rel=\"noreferrer noopener\" href=\"http:\/\/facebook.com\/aconteceunovale\" target=\"_blank\">@aconteceunovale<\/a>, Twitter <a rel=\"noreferrer noopener\" href=\"https:\/\/twitter.com\/noticiadosvales\" target=\"_blank\">@noticiadosvales<\/a> e Instagram <a rel=\"noreferrer noopener\" href=\"https:\/\/www.instagram.com\/aconteceunovale\" target=\"_blank\">@aconteceunovale<\/a>.<\/em><\/p>\n","protected":false},"excerpt":{"rendered":"<p>O Brasil ultrapassou a marca das 490 mil mortes por covid-19. Nas \u00faltimas 24 horas, as autoridades de sa\u00fade registraram 2.468 novos \u00f3bitos em decorr\u00eancia da doen\u00e7a. Com isso, o n\u00famero de pessoas que n\u00e3o resistiram \u00e0 pandemia chegou a 490.696.&nbsp; Ainda h\u00e1 3.852 falecimentos em investiga\u00e7\u00e3o. O termo \u00e9 empregado pelas autoridades de sa\u00fade [&hellip;]<\/p>\n","protected":false},"author":4,"featured_media":179310,"comment_status":"open","ping_status":"closed","sticky":false,"template":"","format":"standard","meta":{"amp_status":"","footnotes":""},"categories":[6,40242],"tags":[4785,240739,241206,240425,220477,244377,245084,246612,241327,220660,240423,219520,218049,218205,214884,215394,216498,218043,240422,240152,1018,19326,220349,218044,218045,215653,218206,219105,219104,218876,219519,140166,217692,220478,220479,240424,220944,220945],"class_list":["post-179309","post","type-post","status-publish","format-standard","has-post-thumbnail","hentry","category-br","category-saude-2","tag-brasil","tag-brasil-bate-novo-recorde-e-registra-3-650-obitos-por-covid-19-em-24-horas","tag-brasil-bate-novo-recorde-e-registra-3-780-obitos-por-covid-19-em-24h","tag-brasil-bate-recorde-com-mais-de-3-mil-mortes-por-covid-19-em-24-horas","tag-brasil-bate-recorde-de-obitos-e-casos-confirmados-em-um-dia","tag-brasil-passa-a-marca-de-400-mil-vidas-perdidas-para-a-covid-19","tag-brasil-passa-a-marca-de-430-mil-vidas-perdidas-para-a-covid-19","tag-brasil-passa-a-marca-de-490-mil-vidas-perdidas-para-a-covid-19","tag-brasil-registra-novo-recorde-diario-de-obitos-por-covid-19","tag-brasil-ultrapassa-marca-de-4-mil-obitos-por-covid-19","tag-calamidade-no-brasil","tag-casos-confirmados-e-obitos-no-brasil","tag-casos-de-coronavirus-no-brasil","tag-casos-de-covid-19-no-brasil","tag-coronavirus","tag-coronavirus-no-brasil","tag-covid-19","tag-covid-19-no-brasil","tag-crise-na-saude-no-brasil","tag-crise-sanitaria-no-brasil","tag-destaque","tag-ministerio-da-saude","tag-ministerio-da-saude-atualiza-numeros-do-coronavirus-no-brasil","tag-mortes-por-coronavirus-no-brasil","tag-mortes-por-covid-19-no-brasil","tag-novo-coronavirus","tag-numero-de-casos-de-covid-19-confirmados-no-brasil","tag-numeros-da-covid-19-no-brasil","tag-numeros-do-coronavirus-no-brasil","tag-obitos-por-coronavirus-no-brasil","tag-obitos-por-covid-19-no-brasil","tag-pandemia","tag-pandemia-de-coronavirus","tag-recorde-de-obitos-por-coronavirus-no-brasil","tag-recorde-de-obitos-por-covid-19-no-brasil","tag-tragedia-na-saude-do-brasil","tag-virus-vai-atingir-70-da-populacao","tag-virus-vai-atingir-70-da-populacao-diz-jair-bolsonaro"],"_links":{"self":[{"href":"https:\/\/aconteceunovale.com.br\/portal\/index.php?rest_route=\/wp\/v2\/posts\/179309","targetHints":{"allow":["GET"]}}],"collection":[{"href":"https:\/\/aconteceunovale.com.br\/portal\/index.php?rest_route=\/wp\/v2\/posts"}],"about":[{"href":"https:\/\/aconteceunovale.com.br\/portal\/index.php?rest_route=\/wp\/v2\/types\/post"}],"author":[{"embeddable":true,"href":"https:\/\/aconteceunovale.com.br\/portal\/index.php?rest_route=\/wp\/v2\/users\/4"}],"replies":[{"embeddable":true,"href":"https:\/\/aconteceunovale.com.br\/portal\/index.php?rest_route=%2Fwp%2Fv2%2Fcomments&post=179309"}],"version-history":[{"count":1,"href":"https:\/\/aconteceunovale.com.br\/portal\/index.php?rest_route=\/wp\/v2\/posts\/179309\/revisions"}],"predecessor-version":[{"id":179311,"href":"https:\/\/aconteceunovale.com.br\/portal\/index.php?rest_route=\/wp\/v2\/posts\/179309\/revisions\/179311"}],"wp:featuredmedia":[{"embeddable":true,"href":"https:\/\/aconteceunovale.com.br\/portal\/index.php?rest_route=\/wp\/v2\/media\/179310"}],"wp:attachment":[{"href":"https:\/\/aconteceunovale.com.br\/portal\/index.php?rest_route=%2Fwp%2Fv2%2Fmedia&parent=179309"}],"wp:term":[{"taxonomy":"category","embeddable":true,"href":"https:\/\/aconteceunovale.com.br\/portal\/index.php?rest_route=%2Fwp%2Fv2%2Fcategories&post=179309"},{"taxonomy":"post_tag","embeddable":true,"href":"https:\/\/aconteceunovale.com.br\/portal\/index.php?rest_route=%2Fwp%2Fv2%2Ftags&post=179309"}],"curies":[{"name":"wp","href":"https:\/\/api.w.org\/{rel}","templated":true}]}}