{"id":179302,"date":"2021-06-15T17:56:50","date_gmt":"2021-06-15T20:56:50","guid":{"rendered":"https:\/\/aconteceunovale.com.br\/portal\/?p=179302"},"modified":"2021-09-03T12:08:04","modified_gmt":"2021-09-03T15:08:04","slug":"governador-romeu-zema-recebe-1a-dose-de-vacina-contra-covid-19","status":"publish","type":"post","link":"https:\/\/aconteceunovale.com.br\/portal\/?p=179302","title":{"rendered":"Governador Romeu Zema recebe 1\u00aa dose de vacina contra Covid-19"},"content":{"rendered":"\n<p>O governador Romeu Zema recebeu, nesta ter\u00e7a-feira (15\/6\/2021), a primeira dose de vacina contra a covid-19, no Centro de Sa\u00fade Dom Orione, em Belo Horizonte. Zema, que tem 56 anos, foi vacinado com a Covishield (imunizante produzido atrav\u00e9s de parceria entre a Fiocruz, Universidade de Oxford e a farmac\u00eautica AstraZeneca). A segunda dose est\u00e1 marcada para o dia 7 de setembro.<\/p>\n\n\n\n<figure class=\"wp-block-gallery columns-1 is-cropped wp-block-gallery-1 is-layout-flex wp-block-gallery-is-layout-flex\"><ul class=\"blocks-gallery-grid\"><li class=\"blocks-gallery-item\"><figure><img loading=\"lazy\" decoding=\"async\" width=\"678\" height=\"440\" src=\"https:\/\/aconteceunovale.com.br\/portal\/wp-content\/uploads\/2021\/06\/zema_vacinado.jpg\" alt=\"\" data-id=\"179303\" data-full-url=\"https:\/\/aconteceunovale.com.br\/portal\/wp-content\/uploads\/2021\/06\/zema_vacinado.jpg\" data-link=\"https:\/\/aconteceunovale.com.br\/portal\/?attachment_id=179303\" class=\"wp-image-179303\" srcset=\"https:\/\/aconteceunovale.com.br\/portal\/wp-content\/uploads\/2021\/06\/zema_vacinado.jpg 678w, https:\/\/aconteceunovale.com.br\/portal\/wp-content\/uploads\/2021\/06\/zema_vacinado-300x195.jpg 300w, https:\/\/aconteceunovale.com.br\/portal\/wp-content\/uploads\/2021\/06\/zema_vacinado-647x420.jpg 647w\" sizes=\"auto, (max-width: 678px) 100vw, 678px\" \/><figcaption class=\"blocks-gallery-item__caption\"><em>Foto: Gil Leornardi \/ Imprensa MG<\/em><\/figcaption><\/figure><\/li><\/ul><\/figure>\n\n\n\n<p>O governador ressaltou a import\u00e2ncia da vacina e da conscientiza\u00e7\u00e3o da popula\u00e7\u00e3o para a manuten\u00e7\u00e3o dos cuidados e de preven\u00e7\u00e3o ao coronav\u00edrus, como as medidas de higieniza\u00e7\u00e3o e distanciamento social, at\u00e9 que a imuniza\u00e7\u00e3o da popula\u00e7\u00e3o seja conclu\u00edda.<\/p>\n\n\n\n<p><em>\u201cPara mim \u00e9 muito gratificante, estou muito satisfeito. Acabei de tomar a primeira dose da vacina e o que eu pe\u00e7o \u00e9 que todos os mineiros que j\u00e1 est\u00e3o na data correta tomem a primeira dose, e que n\u00e3o deixem de tomar a segunda dose. Pe\u00e7o a todos que continuem tomando o m\u00e1ximo de cuidado, tanto os n\u00e3o vacinados quanto aqueles que j\u00e1 tomaram a vacina tamb\u00e9m\u201d<\/em>, afirmou o governador em pronunciamento \u00e0 imprensa na sa\u00edda do centro de sa\u00fade.<\/p>\n\n\n\n<p>Zema tamb\u00e9m ressaltou o empenho de seu governo em garantir que a vacina chegue para todos os mineiros. <em>\u201cNosso governo tem feito de tudo que \u00e9 poss\u00edvel para que log\u00edstica e distribui\u00e7\u00e3o sejam o mais \u00e1gil poss\u00edvel\u201d<\/em>, disse.<\/p>\n\n\n\n<p>Minas Gerais j\u00e1 recebeu, at\u00e9 o momento, 11,3 milh\u00f5es de doses de vacinas. Ao todo, at\u00e9 esta ter\u00e7a-feira (15\/6), 5.508.598 pessoas foram vacinadas com uma dose do imunizante. Desse total, segundo dados do Vacin\u00f4metro da SES-MG, 2.570.620 completaram o ciclo vacinal, ou seja, receberam as duas doses de um dos imunizantes distribu\u00eddos pelo Minist\u00e9rio da Sa\u00fade.\u00a0<\/p>\n\n\n\n<p>&#8212;&#8212;&#8212;&#8212;&#8212;&#8212;<br><em>Quer receber as not\u00edcias do <strong>Aconteceu no Vale<\/strong> em primeira m\u00e3o? Siga-nos no Facebook <a rel=\"noreferrer noopener\" href=\"http:\/\/facebook.com\/aconteceunovale\" target=\"_blank\">@aconteceunovale<\/a>, Twitter <a rel=\"noreferrer noopener\" href=\"https:\/\/twitter.com\/noticiadosvales\" target=\"_blank\">@noticiadosvales<\/a> e Instagram <a rel=\"noreferrer noopener\" href=\"https:\/\/www.instagram.com\/aconteceunovale\" target=\"_blank\">@aconteceunovale<\/a>.<\/em><\/p>\n","protected":false},"excerpt":{"rendered":"<p>O governador Romeu Zema recebeu, nesta ter\u00e7a-feira (15\/6\/2021), a primeira dose de vacina contra a covid-19, no Centro de Sa\u00fade Dom Orione, em Belo Horizonte. Zema, que tem 56 anos, foi vacinado com a Covishield (imunizante produzido atrav\u00e9s de parceria entre a Fiocruz, Universidade de Oxford e a farmac\u00eautica AstraZeneca). A segunda dose est\u00e1 marcada [&hellip;]<\/p>\n","protected":false},"author":4,"featured_media":179303,"comment_status":"open","ping_status":"closed","sticky":false,"template":"","format":"standard","meta":{"amp_status":"","footnotes":""},"categories":[123,40240,40242],"tags":[224214,194,1017,146023,24222,246608,246607,250502,246609,246610,250503,125970,178207,181383],"class_list":["post-179302","post","type-post","status-publish","format-standard","has-post-thumbnail","hentry","category-gerais","category-politica-2","category-saude-2","tag-astrazeneca","tag-belo-horizonte","tag-bh","tag-bio-manguinhos","tag-fiocruz","tag-governador-romeu-zema-e-vacinado","tag-governador-romeu-zema-recebe-1a-dose-de-vacina-contra-covid-19","tag-governador-romeu-zema-recebe-2a-dose-de-vacina-contra-covid-19","tag-governador-romeu-zema-recebe-astrazeneca","tag-governador-romeu-zema-recebe-primeira-dose-da-astrazeneca","tag-governador-romeu-zema-recebe-segunda-dose-da-astrazeneca","tag-oxford","tag-romeu-zema","tag-zema"],"_links":{"self":[{"href":"https:\/\/aconteceunovale.com.br\/portal\/index.php?rest_route=\/wp\/v2\/posts\/179302","targetHints":{"allow":["GET"]}}],"collection":[{"href":"https:\/\/aconteceunovale.com.br\/portal\/index.php?rest_route=\/wp\/v2\/posts"}],"about":[{"href":"https:\/\/aconteceunovale.com.br\/portal\/index.php?rest_route=\/wp\/v2\/types\/post"}],"author":[{"embeddable":true,"href":"https:\/\/aconteceunovale.com.br\/portal\/index.php?rest_route=\/wp\/v2\/users\/4"}],"replies":[{"embeddable":true,"href":"https:\/\/aconteceunovale.com.br\/portal\/index.php?rest_route=%2Fwp%2Fv2%2Fcomments&post=179302"}],"version-history":[{"count":1,"href":"https:\/\/aconteceunovale.com.br\/portal\/index.php?rest_route=\/wp\/v2\/posts\/179302\/revisions"}],"predecessor-version":[{"id":179304,"href":"https:\/\/aconteceunovale.com.br\/portal\/index.php?rest_route=\/wp\/v2\/posts\/179302\/revisions\/179304"}],"wp:featuredmedia":[{"embeddable":true,"href":"https:\/\/aconteceunovale.com.br\/portal\/index.php?rest_route=\/wp\/v2\/media\/179303"}],"wp:attachment":[{"href":"https:\/\/aconteceunovale.com.br\/portal\/index.php?rest_route=%2Fwp%2Fv2%2Fmedia&parent=179302"}],"wp:term":[{"taxonomy":"category","embeddable":true,"href":"https:\/\/aconteceunovale.com.br\/portal\/index.php?rest_route=%2Fwp%2Fv2%2Fcategories&post=179302"},{"taxonomy":"post_tag","embeddable":true,"href":"https:\/\/aconteceunovale.com.br\/portal\/index.php?rest_route=%2Fwp%2Fv2%2Ftags&post=179302"}],"curies":[{"name":"wp","href":"https:\/\/api.w.org\/{rel}","templated":true}]}}