{"id":179298,"date":"2021-06-15T08:54:19","date_gmt":"2021-06-15T11:54:19","guid":{"rendered":"https:\/\/aconteceunovale.com.br\/portal\/?p=179298"},"modified":"2021-06-15T08:55:50","modified_gmt":"2021-06-15T11:55:50","slug":"escolas-estaduais-comecam-a-receber-professores-para-o-retorno-das-aulas-presenciais","status":"publish","type":"post","link":"https:\/\/aconteceunovale.com.br\/portal\/?p=179298","title":{"rendered":"Escolas estaduais come\u00e7am a receber professores para o retorno das aulas presenciais"},"content":{"rendered":"\n<p>Professores e demais profissionais que atuam nas escolas da rede estadual dos munic\u00edpios que est\u00e3o nas\u00a0ondas amarela ou verde do plano\u00a0<a rel=\"noreferrer noopener\" href=\"http:\/\/www.mg.gov.br\/minasconsciente\" target=\"_blank\">Minas Consciente<\/a>\u00a0come\u00e7aram a retornar presencialmente \u00e0s atividades. A medida \u00e9 permitida em cidades nas quais tamb\u00e9m n\u00e3o foram apresentadas restri\u00e7\u00f5es pelas prefeituras municipais.<\/p>\n\n\n\n<p>Al\u00e9m de encontrarem um ambiente diferente, adaptado com todas as medidas de seguran\u00e7a sanit\u00e1rias que a situa\u00e7\u00e3o de pandemia exige,\u00a0o acolhimento dos profissionais marca importante passo no in\u00edcio do ensino h\u00edbrido,\u00a0que ser\u00e1 desenvolvido pela\u00a0<a rel=\"noreferrer noopener\" href=\"http:\/\/www.educacao.mg.gov.br\/\" target=\"_blank\">Secretaria de Estado de Educa\u00e7\u00e3o de Minas Gerais (SEE\/MG)<\/a>\u00a0depois de mais de um ano apenas com atividades remotas.<\/p>\n\n\n\n<p>Para garantir o acesso \u00e0s informa\u00e7\u00f5es oficiais e dar mais seguran\u00e7a aos profissionais, foi elaborado um guia para ajudar nesta etapa de retorno,\u00a0com orienta\u00e7\u00f5es para o recebimento\u00a0tanto dos profissionais\u00a0quanto dos alunos. Atualmente, 107 escolas estaduais, localizadas em 37\u00a0munic\u00edpios,\u00a0retomam as atividades presenciais com os professores nesta semana. Com os alunos, a volta est\u00e1 prevista para 21\/6.<\/p>\n\n\n\n<h2 class=\"wp-block-heading\"><strong>Ajustes<\/strong><\/h2>\n\n\n\n<p>Os gestores das unidades realizaram as adapta\u00e7\u00f5es e interven\u00e7\u00f5es necess\u00e1rias nos espa\u00e7os escolares, al\u00e9m da compra de itens de higiene, limpeza e equipamentos de prote\u00e7\u00e3o individual (EPIs), para que a retomada seja segura para todos.\u00a0Um checklist criterioso tamb\u00e9m\u00a0foi aplicado para cumprimento de todos os\u00a0protocolos sanit\u00e1rios da\u00a0<a rel=\"noreferrer noopener\" href=\"http:\/\/www.saude.mg.gov.br\/\" target=\"_blank\">Secretaria de Estado de Sa\u00fade (SES-MG)<\/a>.<\/p>\n\n\n\n<p>A volta ser\u00e1 gradual, come\u00e7ando com as turmas de 1\u00ba ao 5\u00ba ano\u00a0do ensino fundamental. O retorno\u00a0\u00e9\u00a0facultativo \u00e0s fam\u00edlias. Sendo assim, nos casos em que os pais ou respons\u00e1veis optarem por n\u00e3o liberar o estudante ao ensino presencial, ser\u00e1 mantido o regime totalmente remoto, para garantir a continuidade dos estudos. A SEE refor\u00e7a que o\u00a0estudante que optar por\u00a0permanecer com suas atividades de forma remota\u00a0n\u00e3o ter\u00e1 preju\u00edzo em seu desenvolvimento.<\/p>\n\n\n\n<p>No Guia Pr\u00e1tico de Acolhimento est\u00e3o indica\u00e7\u00f5es e orienta\u00e7\u00f5es como a import\u00e2ncia da realiza\u00e7\u00e3o da escuta ativa, a composi\u00e7\u00e3o da equipe que vai receber esses profissionais, como criar uma rede de prote\u00e7\u00e3o social e grupos de apoio e como abordar professores, alunos e fam\u00edlias.\u00a0<\/p>\n\n\n\n<p>De acordo com a superintendente de Pol\u00edticas Pedag\u00f3gicas da SEE\/MG, Esther Augusta Barbosa, este momento de escuta \u00e9 muito importante, sobretudo para acolher sugest\u00f5es de professores e alunos.\u00a0A inten\u00e7\u00e3o \u00e9 que o ensino h\u00edbrido possa ser mais um importante passo para que as dificuldades verificadas possam ser sanadas.<\/p>\n\n\n\n<p>\u201cQue daqui em diante possamos fazer um processo de recupera\u00e7\u00e3o pedag\u00f3gica das aprendizagens para que os estudantes voltem a conviver com seus pares e se desenvolver conjuntamente. E que\u00a0retornem\u00a0\u00e0 escola com a confian\u00e7a que sempre tiveram nos professores e servidores&#8221;, frisa Esther.<\/p>\n\n\n\n<figure class=\"wp-block-gallery columns-1 is-cropped wp-block-gallery-1 is-layout-flex wp-block-gallery-is-layout-flex\"><ul class=\"blocks-gallery-grid\"><li class=\"blocks-gallery-item\"><figure><img loading=\"lazy\" decoding=\"async\" width=\"800\" height=\"448\" src=\"https:\/\/aconteceunovale.com.br\/portal\/wp-content\/uploads\/2021\/06\/volta_aula_mg_1.jpeg\" alt=\"\" data-id=\"179299\" data-full-url=\"https:\/\/aconteceunovale.com.br\/portal\/wp-content\/uploads\/2021\/06\/volta_aula_mg_1.jpeg\" data-link=\"https:\/\/aconteceunovale.com.br\/portal\/?attachment_id=179299\" class=\"wp-image-179299\" srcset=\"https:\/\/aconteceunovale.com.br\/portal\/wp-content\/uploads\/2021\/06\/volta_aula_mg_1.jpeg 800w, https:\/\/aconteceunovale.com.br\/portal\/wp-content\/uploads\/2021\/06\/volta_aula_mg_1-300x168.jpeg 300w, https:\/\/aconteceunovale.com.br\/portal\/wp-content\/uploads\/2021\/06\/volta_aula_mg_1-768x430.jpeg 768w, https:\/\/aconteceunovale.com.br\/portal\/wp-content\/uploads\/2021\/06\/volta_aula_mg_1-696x390.jpeg 696w, https:\/\/aconteceunovale.com.br\/portal\/wp-content\/uploads\/2021\/06\/volta_aula_mg_1-750x420.jpeg 750w\" sizes=\"auto, (max-width: 800px) 100vw, 800px\" \/><figcaption class=\"blocks-gallery-item__caption\"><em>Arquivo \/ E.E. Menino Jesus de Praga<\/em><\/figcaption><\/figure><\/li><\/ul><\/figure>\n\n\n\n<h2 class=\"wp-block-heading\"><strong>De volta<\/strong><\/h2>\n\n\n\n<p>Nas unidades de ensino, a segunda-feira (14\/6) foi utilizada para acolhimento entre dire\u00e7\u00e3o e professores.<\/p>\n\n\n\n<p>Na Escola Estadual Menino Jesus de Praga, em Caratinga, por exemplo, a diretora Maria Laurieves de Miranda recebeu\u00a0os profissionais com uma roda de conversa. \u201cAqui eles foram recepcionados com as orienta\u00e7\u00f5es, com acesso aos protocolos. Passamos a manh\u00e3 toda estudando, conversando e discutindo a retomada\u201d, conta.<\/p>\n\n\n\n<p>Ainda de acordo com a diretora, desde que a SEE\/MG come\u00e7ou os encaminhamentos para esse retorno, o grupo tem feito reuni\u00f5es e discutido o assunto por meio de aplicativos de troca de mensagens. Al\u00e9m disso, \u00e0 medida que a escola ia sendo preparada com o checklist, v\u00eddeos mostrando as etapas foram encaminhados para a comunidade escolar.<\/p>\n\n\n\n<p>&#8220;Essa conversa, com a presen\u00e7a at\u00e9 da nossa superintendente regional, nos ajudou a passar mais seguran\u00e7a\u201d, destaca. A expectativa da escola, segundo levantamento com os pais, \u00e9 de que cerca de 70% dos alunos voltem a estudar presencialmente.<\/p>\n\n\n\n<p>Na Escola Estadual Professor Francisco Letro, em Coronel Fabriciano, a situa\u00e7\u00e3o tamb\u00e9m \u00e9 positiva em rela\u00e7\u00e3o ao encaminhamento.<\/p>\n\n\n\n<p>Segundo a diretora da unidade, Marilene Pimentel,\u00a0outras redes de ensino j\u00e1 voltaram a ter atividades presenciais no munic\u00edpio, o que, para ela, tem contribu\u00eddo para diminuir d\u00favidas sobre os procedimentos. Al\u00e9m disso, Marilene destaca levantamento feito com os pais que apontou que 90% querem o retorno e v\u00e3o enviar os filhos para a modalidade presencial.<\/p>\n\n\n\n<p>\u201cA escola est\u00e1 pronta, com todos os cuidados necess\u00e1rios\u201d, afirma Marilene. Na escola,\u00a0a troca de informa\u00e7\u00f5es\u00a0j\u00e1 vinha ocorrendo antes mesmo do an\u00fancio da retomada, o que ajudou a deixar o processo mais transparente. \u201cTemos a seguran\u00e7a do trabalho que fizemos aqui e preparamos tudo com todo cuidado e carinho para a chegada dos professores e, na sequ\u00eancia, dos alunos\u201d, sinaliza.<\/p>\n\n\n\n<figure class=\"wp-block-gallery columns-1 is-cropped wp-block-gallery-2 is-layout-flex wp-block-gallery-is-layout-flex\"><ul class=\"blocks-gallery-grid\"><li class=\"blocks-gallery-item\"><figure><img loading=\"lazy\" decoding=\"async\" width=\"678\" height=\"437\" src=\"https:\/\/aconteceunovale.com.br\/portal\/wp-content\/uploads\/2021\/06\/volta_aula_mg_2.jpeg\" alt=\"\" data-id=\"179300\" data-full-url=\"https:\/\/aconteceunovale.com.br\/portal\/wp-content\/uploads\/2021\/06\/volta_aula_mg_2.jpeg\" data-link=\"https:\/\/aconteceunovale.com.br\/portal\/?attachment_id=179300\" class=\"wp-image-179300\" srcset=\"https:\/\/aconteceunovale.com.br\/portal\/wp-content\/uploads\/2021\/06\/volta_aula_mg_2.jpeg 678w, https:\/\/aconteceunovale.com.br\/portal\/wp-content\/uploads\/2021\/06\/volta_aula_mg_2-300x193.jpeg 300w, https:\/\/aconteceunovale.com.br\/portal\/wp-content\/uploads\/2021\/06\/volta_aula_mg_2-652x420.jpeg 652w\" sizes=\"auto, (max-width: 678px) 100vw, 678px\" \/><figcaption class=\"blocks-gallery-item__caption\"><em>Arquivo \/ na Escola Estadual Professor Francisco Letro<\/em><\/figcaption><\/figure><\/li><\/ul><\/figure>\n\n\n\n<p>&#8212;&#8212;&#8212;&#8212;&#8212;&#8212;<br><em>Quer receber as not\u00edcias do <strong>Aconteceu no Vale<\/strong> em primeira m\u00e3o? Siga-nos no Facebook <a rel=\"noreferrer noopener\" href=\"http:\/\/facebook.com\/aconteceunovale\" target=\"_blank\">@aconteceunovale<\/a>, Twitter <a rel=\"noreferrer noopener\" href=\"https:\/\/twitter.com\/noticiadosvales\" target=\"_blank\">@noticiadosvales<\/a> e Instagram <a rel=\"noreferrer noopener\" href=\"https:\/\/www.instagram.com\/aconteceunovale\" target=\"_blank\">@aconteceunovale<\/a>.<\/em><\/p>\n","protected":false},"excerpt":{"rendered":"<p>Professores e demais profissionais que atuam nas escolas da rede estadual dos munic\u00edpios que est\u00e3o nas\u00a0ondas amarela ou verde do plano\u00a0Minas Consciente\u00a0come\u00e7aram a retornar presencialmente \u00e0s atividades. A medida \u00e9 permitida em cidades nas quais tamb\u00e9m n\u00e3o foram apresentadas restri\u00e7\u00f5es pelas prefeituras municipais. Al\u00e9m de encontrarem um ambiente diferente, adaptado com todas as medidas de [&hellip;]<\/p>\n","protected":false},"author":4,"featured_media":179299,"comment_status":"open","ping_status":"closed","sticky":false,"template":"","format":"standard","meta":{"amp_status":"","footnotes":""},"categories":[40238,121,123],"tags":[238260,237,1524,144442,112760,246605,246606,220474,246604,133841,229460],"class_list":["post-179298","post","type-post","status-publish","format-standard","has-post-thumbnail","hentry","category-educacao-2","category-leste","category-gerais","tag-aulas-presenciais-em-minas-gerais","tag-caratinga","tag-coronel-fabriciano","tag-escola-estadual-menino-jesus-de-praga","tag-escola-estadual-professor-francisco-letro","tag-maria-laurieves-de-miranda","tag-marilene-pimentel","tag-minas-consciente","tag-retorno-das-aulas-presenciais-em-minas-gerais","tag-see-mg","tag-volta-as-aulas-presenciais-em-minas-gerais"],"_links":{"self":[{"href":"https:\/\/aconteceunovale.com.br\/portal\/index.php?rest_route=\/wp\/v2\/posts\/179298","targetHints":{"allow":["GET"]}}],"collection":[{"href":"https:\/\/aconteceunovale.com.br\/portal\/index.php?rest_route=\/wp\/v2\/posts"}],"about":[{"href":"https:\/\/aconteceunovale.com.br\/portal\/index.php?rest_route=\/wp\/v2\/types\/post"}],"author":[{"embeddable":true,"href":"https:\/\/aconteceunovale.com.br\/portal\/index.php?rest_route=\/wp\/v2\/users\/4"}],"replies":[{"embeddable":true,"href":"https:\/\/aconteceunovale.com.br\/portal\/index.php?rest_route=%2Fwp%2Fv2%2Fcomments&post=179298"}],"version-history":[{"count":1,"href":"https:\/\/aconteceunovale.com.br\/portal\/index.php?rest_route=\/wp\/v2\/posts\/179298\/revisions"}],"predecessor-version":[{"id":179301,"href":"https:\/\/aconteceunovale.com.br\/portal\/index.php?rest_route=\/wp\/v2\/posts\/179298\/revisions\/179301"}],"wp:featuredmedia":[{"embeddable":true,"href":"https:\/\/aconteceunovale.com.br\/portal\/index.php?rest_route=\/wp\/v2\/media\/179299"}],"wp:attachment":[{"href":"https:\/\/aconteceunovale.com.br\/portal\/index.php?rest_route=%2Fwp%2Fv2%2Fmedia&parent=179298"}],"wp:term":[{"taxonomy":"category","embeddable":true,"href":"https:\/\/aconteceunovale.com.br\/portal\/index.php?rest_route=%2Fwp%2Fv2%2Fcategories&post=179298"},{"taxonomy":"post_tag","embeddable":true,"href":"https:\/\/aconteceunovale.com.br\/portal\/index.php?rest_route=%2Fwp%2Fv2%2Ftags&post=179298"}],"curies":[{"name":"wp","href":"https:\/\/api.w.org\/{rel}","templated":true}]}}