{"id":179208,"date":"2021-06-12T13:31:22","date_gmt":"2021-06-12T16:31:22","guid":{"rendered":"https:\/\/aconteceunovale.com.br\/portal\/?p=179208"},"modified":"2021-06-12T13:32:22","modified_gmt":"2021-06-12T16:32:22","slug":"suspeito-de-matar-a-mae-e-a-irma-e-preso-no-norte-de-minas","status":"publish","type":"post","link":"https:\/\/aconteceunovale.com.br\/portal\/?p=179208","title":{"rendered":"Suspeito de matar a m\u00e3e e a irm\u00e3 \u00e9 preso no Norte de Minas"},"content":{"rendered":"\n<p>Um dia ap\u00f3s o crime, a Pol\u00edcia Civil de Minas Gerais (PCMG) cumpriu mandado de pris\u00e3o preventiva de um jovem, de 20 anos, investigado pela pr\u00e1tica de duplo homic\u00eddio qualificado em Monte Azul. Ele \u00e9 suspeito de matar a pr\u00f3pria m\u00e3e e a irm\u00e3, de 12 anos.<\/p>\n\n\n\n<figure class=\"wp-block-gallery columns-1 is-cropped wp-block-gallery-1 is-layout-flex wp-block-gallery-is-layout-flex\"><ul class=\"blocks-gallery-grid\"><li class=\"blocks-gallery-item\"><figure><img loading=\"lazy\" decoding=\"async\" width=\"678\" height=\"427\" src=\"https:\/\/aconteceunovale.com.br\/portal\/wp-content\/uploads\/2021\/06\/delegacia_monte_azul.jpg\" alt=\"\" data-id=\"179209\" data-full-url=\"https:\/\/aconteceunovale.com.br\/portal\/wp-content\/uploads\/2021\/06\/delegacia_monte_azul.jpg\" data-link=\"https:\/\/aconteceunovale.com.br\/portal\/?attachment_id=179209\" class=\"wp-image-179209\" srcset=\"https:\/\/aconteceunovale.com.br\/portal\/wp-content\/uploads\/2021\/06\/delegacia_monte_azul.jpg 678w, https:\/\/aconteceunovale.com.br\/portal\/wp-content\/uploads\/2021\/06\/delegacia_monte_azul-300x189.jpg 300w, https:\/\/aconteceunovale.com.br\/portal\/wp-content\/uploads\/2021\/06\/delegacia_monte_azul-667x420.jpg 667w\" sizes=\"auto, (max-width: 678px) 100vw, 678px\" \/><figcaption class=\"blocks-gallery-item__caption\"><em>Foto: Divulga\u00e7\u00e3o\/PCMG<\/em><\/figcaption><\/figure><\/li><\/ul><\/figure>\n\n\n\n<p>Os fatos ocorreram na \u00faltima quarta-feira (9\/6\/2021), ocasi\u00e3o em que o rapaz desferiu golpes de faca contra as v\u00edtimas enquanto elas dormiam, atingindo-as nas regi\u00f5es do pesco\u00e7o, nuca e t\u00f3rax. Depois de matar a m\u00e3e e a irm\u00e3, o suspeito tentou suic\u00eddio, causando ferimentos nos pr\u00f3prios pulsos e no pesco\u00e7o.<\/p>\n\n\n\n<p>Como n\u00e3o conseguiu o autoexterm\u00ednio, o pr\u00f3prio suspeito acionou a Pol\u00edcia Militar e informou todo o ocorrido, tendo inclusive levado a guarni\u00e7\u00e3o at\u00e9 a resid\u00eancia onde os corpos foram localizados.<\/p>\n\n\n\n<p>Em raz\u00e3o dos ferimentos, o investigado ficou internado em observa\u00e7\u00e3o no hospital local. No dia seguinte, quinta-feira (10\/6), ele obteve alta m\u00e9dica e foi cumprido o mandado de pris\u00e3o. Na Delegacia de Pol\u00edcia Civil, o suspeito prestou declara\u00e7\u00f5es e informou que a motiva\u00e7\u00e3o dos homic\u00eddios est\u00e1 relacionada com desaven\u00e7as familiares.<\/p>\n\n\n\n<p>De acordo com a delegada Luciana Moura, <em>\u201ca a\u00e7\u00e3o foi uma importante resposta \u00e0 sociedade, que clamava pela apura\u00e7\u00e3o dos crimes, bem como pela pris\u00e3o do autor, em raz\u00e3o da gravidade e crueldade envolvidas\u201d.<\/em><\/p>\n\n\n\n<p>Ap\u00f3s a conclus\u00e3o dos procedimentos de pol\u00edcia judici\u00e1ria, o suspeito foi encaminhado para o Sistema Prisional e encontra-se \u00e0 disposi\u00e7\u00e3o da Justi\u00e7a.<\/p>\n\n\n\n<p>&#8212;&#8212;&#8212;&#8212;&#8212;&#8212;<br><em>Quer receber as not\u00edcias do <strong>Aconteceu no Vale<\/strong> em primeira m\u00e3o? Siga-nos no Facebook <a rel=\"noreferrer noopener\" href=\"http:\/\/facebook.com\/aconteceunovale\" target=\"_blank\">@aconteceunovale<\/a>, Twitter <a rel=\"noreferrer noopener\" href=\"https:\/\/twitter.com\/noticiadosvales\" target=\"_blank\">@noticiadosvales<\/a> e Instagram <a rel=\"noreferrer noopener\" href=\"https:\/\/www.instagram.com\/aconteceunovale\" target=\"_blank\">@aconteceunovale<\/a>.<\/em><\/p>\n","protected":false},"excerpt":{"rendered":"<p>Um dia ap\u00f3s o crime, a Pol\u00edcia Civil de Minas Gerais (PCMG) cumpriu mandado de pris\u00e3o preventiva de um jovem, de 20 anos, investigado pela pr\u00e1tica de duplo homic\u00eddio qualificado em Monte Azul. Ele \u00e9 suspeito de matar a pr\u00f3pria m\u00e3e e a irm\u00e3, de 12 anos. Os fatos ocorreram na \u00faltima quarta-feira (9\/6\/2021), ocasi\u00e3o [&hellip;]<\/p>\n","protected":false},"author":4,"featured_media":179209,"comment_status":"open","ping_status":"closed","sticky":false,"template":"","format":"standard","meta":{"amp_status":"","footnotes":""},"categories":[1236],"tags":[246407,245884,1018,204,205,246404,246402,246405,246403,246406,1277,246453,246452],"class_list":["post-179208","post","type-post","status-publish","format-standard","has-post-thumbnail","hentry","category-norte_de_minas","tag-crime-brutal-em-monte-azul","tag-delegada-luciana-moura","tag-destaque","tag-janauba","tag-januaria","tag-jovem-mata-a-mae-e-irma-em-monte-azul","tag-jovem-mata-a-mae-e-irma-no-norte-de-minas","tag-mae-e-filha-assassinadas-em-monte-azul","tag-mae-e-filha-foram-mortas-a-facadas-em-monte-azul","tag-mae-e-filha-mortas-em-monte-azul","tag-monte-azul","tag-suspeito-de-matar-a-mae-e-a-irma-e-preso-em-monte-azul","tag-suspeito-de-matar-a-mae-e-a-irma-e-preso-no-norte-de-minas"],"_links":{"self":[{"href":"https:\/\/aconteceunovale.com.br\/portal\/index.php?rest_route=\/wp\/v2\/posts\/179208","targetHints":{"allow":["GET"]}}],"collection":[{"href":"https:\/\/aconteceunovale.com.br\/portal\/index.php?rest_route=\/wp\/v2\/posts"}],"about":[{"href":"https:\/\/aconteceunovale.com.br\/portal\/index.php?rest_route=\/wp\/v2\/types\/post"}],"author":[{"embeddable":true,"href":"https:\/\/aconteceunovale.com.br\/portal\/index.php?rest_route=\/wp\/v2\/users\/4"}],"replies":[{"embeddable":true,"href":"https:\/\/aconteceunovale.com.br\/portal\/index.php?rest_route=%2Fwp%2Fv2%2Fcomments&post=179208"}],"version-history":[{"count":1,"href":"https:\/\/aconteceunovale.com.br\/portal\/index.php?rest_route=\/wp\/v2\/posts\/179208\/revisions"}],"predecessor-version":[{"id":179210,"href":"https:\/\/aconteceunovale.com.br\/portal\/index.php?rest_route=\/wp\/v2\/posts\/179208\/revisions\/179210"}],"wp:featuredmedia":[{"embeddable":true,"href":"https:\/\/aconteceunovale.com.br\/portal\/index.php?rest_route=\/wp\/v2\/media\/179209"}],"wp:attachment":[{"href":"https:\/\/aconteceunovale.com.br\/portal\/index.php?rest_route=%2Fwp%2Fv2%2Fmedia&parent=179208"}],"wp:term":[{"taxonomy":"category","embeddable":true,"href":"https:\/\/aconteceunovale.com.br\/portal\/index.php?rest_route=%2Fwp%2Fv2%2Fcategories&post=179208"},{"taxonomy":"post_tag","embeddable":true,"href":"https:\/\/aconteceunovale.com.br\/portal\/index.php?rest_route=%2Fwp%2Fv2%2Ftags&post=179208"}],"curies":[{"name":"wp","href":"https:\/\/api.w.org\/{rel}","templated":true}]}}