{"id":179205,"date":"2021-06-12T13:25:07","date_gmt":"2021-06-12T16:25:07","guid":{"rendered":"https:\/\/aconteceunovale.com.br\/portal\/?p=179205"},"modified":"2021-06-12T13:26:20","modified_gmt":"2021-06-12T16:26:20","slug":"operacao-judas-apura-homicidio-no-leste-de-minas","status":"publish","type":"post","link":"https:\/\/aconteceunovale.com.br\/portal\/?p=179205","title":{"rendered":"Opera\u00e7\u00e3o Judas apura homic\u00eddio no Leste de Minas"},"content":{"rendered":"\n<p>A Pol\u00edcia Civil de Minas Gerais (PCMG) deflagrou, na \u00faltima quinta-feira (10\/6\/2021), com apoio da Pol\u00edcia Militar, a opera\u00e7\u00e3o Judas. O objetivo da a\u00e7\u00e3o foi arrecadar provas de motiva\u00e7\u00e3o e autoria de um homic\u00eddio cometido em S\u00e3o Jos\u00e9 da Safira, regi\u00e3o Leste do Estado, no dia 27 de abril deste ano.<\/p>\n\n\n\n<figure class=\"wp-block-gallery columns-1 is-cropped wp-block-gallery-1 is-layout-flex wp-block-gallery-is-layout-flex\"><ul class=\"blocks-gallery-grid\"><li class=\"blocks-gallery-item\"><figure><img loading=\"lazy\" decoding=\"async\" width=\"661\" height=\"450\" src=\"https:\/\/aconteceunovale.com.br\/portal\/wp-content\/uploads\/2021\/06\/operacao_judas.jpeg\" alt=\"\" data-id=\"179206\" data-full-url=\"https:\/\/aconteceunovale.com.br\/portal\/wp-content\/uploads\/2021\/06\/operacao_judas.jpeg\" data-link=\"https:\/\/aconteceunovale.com.br\/portal\/?attachment_id=179206\" class=\"wp-image-179206\" srcset=\"https:\/\/aconteceunovale.com.br\/portal\/wp-content\/uploads\/2021\/06\/operacao_judas.jpeg 661w, https:\/\/aconteceunovale.com.br\/portal\/wp-content\/uploads\/2021\/06\/operacao_judas-300x204.jpeg 300w, https:\/\/aconteceunovale.com.br\/portal\/wp-content\/uploads\/2021\/06\/operacao_judas-617x420.jpeg 617w\" sizes=\"auto, (max-width: 661px) 100vw, 661px\" \/><figcaption class=\"blocks-gallery-item__caption\"><em>Foto: Divulga\u00e7\u00e3o\/PCMG<\/em><\/figcaption><\/figure><\/li><\/ul><\/figure>\n\n\n\n<p>Durante a opera\u00e7\u00e3o conjunta, foram cumpridos seis mandados de busca e apreens\u00e3o, sendo apreendidos aparelhos celulares, arrecadados proj\u00e9teis de arma de fogo que alvejaram resid\u00eancias de testemunhas como forma de retalia\u00e7\u00e3o, al\u00e9m de um menor apreendido com material entorpecente suspeito de integrar a organiza\u00e7\u00e3o criminosa instalada no munic\u00edpio.<\/p>\n\n\n\n<p>As investiga\u00e7\u00f5es iniciaram no dia 28 de abril, desde quando foram colhidas provas materiais do crime, bem como depoimentos de testemunhas. <em>\u201cO inqu\u00e9rito policial que se encontra em fase final de investiga\u00e7\u00e3o, aponta que a v\u00edtima possu\u00eda envolvimento com o tr\u00e1fico de drogas em S\u00e3o Jos\u00e9 da Safira, e a execu\u00e7\u00e3o teria ocorrido por vingan\u00e7a, ap\u00f3s a v\u00edtima ter rompido com a organiza\u00e7\u00e3o criminosa e come\u00e7ar a comercializar drogas em outro ponto por conta pr\u00f3pria\u201d<\/em>, informou a PCMG.<\/p>\n\n\n\n<p>O suspeito de ter executado o crime \u00e9 um adolescente infrator de 15 anos aliciado pelos l\u00edderes da organiza\u00e7\u00e3o que expediram ordem de execu\u00e7\u00e3o da v\u00edtima como forma de manter o controle do tr\u00e1fico no munic\u00edpio.<\/p>\n\n\n\n<p>De acordo com o delegado Douglas Mota, o nome da opera\u00e7\u00e3o faz alus\u00e3o a trai\u00e7\u00e3o. <em>\u201cO adolescente suspeito da execu\u00e7\u00e3o era amigo da v\u00edtima e seus familiares, inclusive frequentava a casa da v\u00edtima e, se valendo de dissimula\u00e7\u00e3o, teria atra\u00eddo a v\u00edtima at\u00e9 o port\u00e3o de casa, fingindo que iria comprar drogas e aproveitando a oportunidade para executar ela0 com diversos disparos de arma de fogo\u201d.<\/em><\/p>\n\n\n\n<p>A opera\u00e7\u00e3o foi realizada pela Delegacia de Pol\u00edcia Civil em Santa Maria do Sua\u00e7u\u00ed, com apoio da Pol\u00edcia Militar, e os elementos de informa\u00e7\u00f5es arrecadados ser\u00e3o utilizados para a conclus\u00e3o das investiga\u00e7\u00f5es.<\/p>\n\n\n\n<p>&#8212;&#8212;&#8212;&#8212;&#8212;&#8212;<br><em>Quer receber as not\u00edcias do <strong>Aconteceu no Vale<\/strong> em primeira m\u00e3o? Siga-nos no Facebook <a rel=\"noreferrer noopener\" href=\"http:\/\/facebook.com\/aconteceunovale\" target=\"_blank\">@aconteceunovale<\/a>, Twitter <a rel=\"noreferrer noopener\" href=\"https:\/\/twitter.com\/noticiadosvales\" target=\"_blank\">@noticiadosvales<\/a> e Instagram <a rel=\"noreferrer noopener\" href=\"https:\/\/www.instagram.com\/aconteceunovale\" target=\"_blank\">@aconteceunovale<\/a>.<\/em><\/p>\n","protected":false},"excerpt":{"rendered":"<p>A Pol\u00edcia Civil de Minas Gerais (PCMG) deflagrou, na \u00faltima quinta-feira (10\/6\/2021), com apoio da Pol\u00edcia Militar, a opera\u00e7\u00e3o Judas. O objetivo da a\u00e7\u00e3o foi arrecadar provas de motiva\u00e7\u00e3o e autoria de um homic\u00eddio cometido em S\u00e3o Jos\u00e9 da Safira, regi\u00e3o Leste do Estado, no dia 27 de abril deste ano. Durante a opera\u00e7\u00e3o conjunta, [&hellip;]<\/p>\n","protected":false},"author":4,"featured_media":179206,"comment_status":"open","ping_status":"closed","sticky":false,"template":"","format":"standard","meta":{"amp_status":"","footnotes":""},"categories":[121],"tags":[226328,220577,1018,168629,246451,200014,246447,246448,604,240,319,246450,246449],"class_list":["post-179205","post","type-post","status-publish","format-standard","has-post-thumbnail","hentry","category-leste","tag-delegacia-de-policia-civil-em-santa-maria-do-suacui","tag-delegado-douglas-mota","tag-destaque","tag-homicidio-em-sao-jose-da-safira","tag-morto-por-traficantes-em-sao-jose-da-safira","tag-operacao-em-sao-jose-da-safira","tag-operacao-judas-apura-homicidio-em-sao-jose-da-safira","tag-operacao-judas-apura-homicidio-no-leste-de-minas","tag-pcmg","tag-santa-maria-do-suacui","tag-sao-jose-da-safira","tag-trafico-de-drogas-em-sao-jose-da-safira","tag-trafico-em-sao-jose-da-safira"],"_links":{"self":[{"href":"https:\/\/aconteceunovale.com.br\/portal\/index.php?rest_route=\/wp\/v2\/posts\/179205","targetHints":{"allow":["GET"]}}],"collection":[{"href":"https:\/\/aconteceunovale.com.br\/portal\/index.php?rest_route=\/wp\/v2\/posts"}],"about":[{"href":"https:\/\/aconteceunovale.com.br\/portal\/index.php?rest_route=\/wp\/v2\/types\/post"}],"author":[{"embeddable":true,"href":"https:\/\/aconteceunovale.com.br\/portal\/index.php?rest_route=\/wp\/v2\/users\/4"}],"replies":[{"embeddable":true,"href":"https:\/\/aconteceunovale.com.br\/portal\/index.php?rest_route=%2Fwp%2Fv2%2Fcomments&post=179205"}],"version-history":[{"count":1,"href":"https:\/\/aconteceunovale.com.br\/portal\/index.php?rest_route=\/wp\/v2\/posts\/179205\/revisions"}],"predecessor-version":[{"id":179207,"href":"https:\/\/aconteceunovale.com.br\/portal\/index.php?rest_route=\/wp\/v2\/posts\/179205\/revisions\/179207"}],"wp:featuredmedia":[{"embeddable":true,"href":"https:\/\/aconteceunovale.com.br\/portal\/index.php?rest_route=\/wp\/v2\/media\/179206"}],"wp:attachment":[{"href":"https:\/\/aconteceunovale.com.br\/portal\/index.php?rest_route=%2Fwp%2Fv2%2Fmedia&parent=179205"}],"wp:term":[{"taxonomy":"category","embeddable":true,"href":"https:\/\/aconteceunovale.com.br\/portal\/index.php?rest_route=%2Fwp%2Fv2%2Fcategories&post=179205"},{"taxonomy":"post_tag","embeddable":true,"href":"https:\/\/aconteceunovale.com.br\/portal\/index.php?rest_route=%2Fwp%2Fv2%2Ftags&post=179205"}],"curies":[{"name":"wp","href":"https:\/\/api.w.org\/{rel}","templated":true}]}}