{"id":179202,"date":"2021-06-11T21:23:29","date_gmt":"2021-06-12T00:23:29","guid":{"rendered":"https:\/\/aconteceunovale.com.br\/portal\/?p=179202"},"modified":"2021-06-11T21:24:32","modified_gmt":"2021-06-12T00:24:32","slug":"ministro-da-saude-diz-que-160-milhoes-serao-vacinados-ate-dezembro-no-brasil","status":"publish","type":"post","link":"https:\/\/aconteceunovale.com.br\/portal\/?p=179202","title":{"rendered":"Ministro da Sa\u00fade diz que 160 milh\u00f5es ser\u00e3o vacinados at\u00e9 dezembro no Brasil"},"content":{"rendered":"\n<p>O ministro da Sa\u00fade, Marcelo Queiroga, disse hoje (11\/6\/2021), em S\u00e3o Paulo, que 160 milh\u00f5es de brasileiros ser\u00e3o vacinados contra a covid-19 at\u00e9 o final deste ano.&nbsp;<\/p>\n\n\n\n<p><em>\u201cVamos nos empenhar fortemente para acelerar a nossa campanha de vacina\u00e7\u00e3o, j\u00e1 distribu\u00edmos mais de 105 milh\u00f5es de doses para estados e munic\u00edpios e mais de 70 milh\u00f5es de doses de vacinas j\u00e1 foram aplicadas, j\u00e1 temos uma cobertura de duas doses de mais de 15% da popula\u00e7\u00e3o brasileira e, em junho, teremos ao menos 40 milh\u00f5es de doses de vacinas. A perspectiva do m\u00eas de julho \u00e9 satisfat\u00f3ria, haja visto a chegada de vacinas. Somente com a Pfizer, at\u00e9 setembro, teremos 100 milh\u00f5es de doses e de setembro a dezembro ser\u00e3o mais 100 milh\u00f5es de doses\u201d<\/em>, afirmou.\u00a0<\/p>\n\n\n\n<figure class=\"wp-block-gallery columns-1 is-cropped wp-block-gallery-1 is-layout-flex wp-block-gallery-is-layout-flex\"><ul class=\"blocks-gallery-grid\"><li class=\"blocks-gallery-item\"><figure><img loading=\"lazy\" decoding=\"async\" width=\"678\" height=\"406\" src=\"https:\/\/aconteceunovale.com.br\/portal\/wp-content\/uploads\/2021\/06\/ministro_saude.jpg\" alt=\"\" data-id=\"179203\" data-full-url=\"https:\/\/aconteceunovale.com.br\/portal\/wp-content\/uploads\/2021\/06\/ministro_saude.jpg\" data-link=\"https:\/\/aconteceunovale.com.br\/portal\/?attachment_id=179203\" class=\"wp-image-179203\" srcset=\"https:\/\/aconteceunovale.com.br\/portal\/wp-content\/uploads\/2021\/06\/ministro_saude.jpg 678w, https:\/\/aconteceunovale.com.br\/portal\/wp-content\/uploads\/2021\/06\/ministro_saude-300x180.jpg 300w\" sizes=\"auto, (max-width: 678px) 100vw, 678px\" \/><figcaption class=\"blocks-gallery-item__caption\"><em>Marcelo Queiroga &#8211; Foto: Marcello Casal Jr \/ Ag\u00eancia Brasil<\/em><\/figcaption><\/figure><\/li><\/ul><\/figure>\n\n\n\n<p>Queiroga participou, ao lado do prefeito de S\u00e3o Paulo, Ricardo Nunes, da inaugura\u00e7\u00e3o de leitos de Unidade de Terapia Intensiva (UTI) e de Enfermaria no Hospital Municipal Guarapiranga (SP). Foram entregues 65 novos leitos (30 de UTI e 35 de enfermaria) exclusivos para o atendimento de pacientes com complica\u00e7\u00f5es decorrentes do novo coronav\u00edrus, no hospital situado na zona sul da capital.&nbsp;<\/p>\n\n\n\n<p>No local, que \u00e9 custeado em parceria com o governo federal, foram investidos R$ 2.638.432,66 para amplia\u00e7\u00e3o. Os novos leitos j\u00e1 poder\u00e3o ser utilizados na pr\u00f3xima semana.<\/p>\n\n\n\n<h2 class=\"wp-block-heading\">Import\u00e2ncia da parceria<\/h2>\n\n\n\n<p>O prefeito Ricardo Nunes, de S\u00e3o Paulo, mostrou preocupa\u00e7\u00e3o com a ocupa\u00e7\u00e3o de leitos de UTI da capital paulista nas \u00faltimas semanas. <em>&#8220;Por isso, essa a\u00e7\u00e3o muito forte da Secretaria Municipal da Sa\u00fade de ampliar os leitos, para n\u00e3o faltar leito para ningu\u00e9m, como n\u00e3o faltou&#8221;,<\/em> disse.<\/p>\n\n\n\n<p><em>&#8220;Quero agradecer ao governo federal por essa parceria. Aqui o custeio \u00e9 de R$ 13 milh\u00f5es por m\u00eas. Metade desse valor \u00e9 arcado pela prefeitura de S\u00e3o Paulo e metade pelo Minist\u00e9rio da Sa\u00fade, o que demonstra a import\u00e2ncia da uni\u00e3o com rela\u00e7\u00e3o a gente trabalhar para poder salvar vidas e dar atendimento \u00e0s pessoas&#8221;,<\/em> completou o prefeito.<\/p>\n\n\n\n<p>A unidade foi entregue em maio do ano passado e iniciou a opera\u00e7\u00e3o com 30 leitos de UTI e dez de enfermaria. Em julho, ela foi ampliada para 140 leitos de UTI e 23 de enfermaria. Em mar\u00e7o, chegou a 160 leitos de UTI e 34 de enfermaria. Com os novos leitos entregues hoje, o hospital passa a contar com 259 leitos, sendo 190 leitos de UTI e 69 de enfermaria.<\/p>\n\n\n\n<p>Os novos leitos implantados no Hospital Municipal Guarapiranga come\u00e7am a ser utilizados na pr\u00f3xima semana e todos ser\u00e3o referenciados pela Central de Regula\u00e7\u00e3o de Vagas do munic\u00edpio. Para a amplia\u00e7\u00e3o desses novos leitos, foram realizadas readequa\u00e7\u00f5es e reestrutura\u00e7\u00f5es de toda rede el\u00e9trica e hidr\u00e1ulica, instala\u00e7\u00e3o da rede l\u00f3gica, instala\u00e7\u00e3o de toda rede de gases medicinais e adequa\u00e7\u00e3o do piso. A obra come\u00e7ou em 19 de abril e foi conclu\u00edda em 9 de junho de 2021, com um investimento de R$ 2,638 milh\u00f5es.<\/p>\n\n\n\n<h2 class=\"wp-block-heading\">Valores<\/h2>\n\n\n\n<p>O secret\u00e1rio municipal da Sa\u00fade, Edson Aparecido, destacou a import\u00e2ncia desse complexo hospitalar. <em>&#8220;Por aqui j\u00e1 passaram&nbsp;3.560 pacientes. Tivemos aqui mais de tr\u00eas mil altas. Para c\u00e1, a nossa regula\u00e7\u00e3o envia os pacientes mais graves de covid-19 na cidade&#8221;,<\/em> disse.<\/p>\n\n\n\n<p>Segundo a prefeitura, desde maio, o custeio mensal do hospital corresponde a R$ 13,440 milh\u00f5es, sendo R$ 6,720 milh\u00f5es por meio do repasse do tesouro municipal e R$ 6,720 milh\u00f5es por meio de transfer\u00eancia federal.<\/p>\n\n\n\n<p><em>&#8220;A sa\u00fade \u00e9 um direito de todos e um dever do estado garantido mediante pol\u00edticas sociais e econ\u00f4micas. Assim prega a nossa Constitui\u00e7\u00e3o Federal e \u00e9 isso que se faz aqui no munic\u00edpio de S\u00e3o Paulo. Tanto \u00e9 verdade que a pr\u00f3pria popula\u00e7\u00e3o do estado de S\u00e3o Paulo considera, atrav\u00e9s de pesquisa, o sistema municipal de sa\u00fade desta cidade como o melhor servi\u00e7o p\u00fablico&#8221;<\/em>, afirmou o ministro da Sa\u00fade, Marcelo Queiroga.<\/p>\n\n\n\n<p>&#8212;&#8212;&#8212;&#8212;&#8212;&#8212;<br><em>Quer receber as not\u00edcias do <strong>Aconteceu no Vale<\/strong> em primeira m\u00e3o? Siga-nos no Facebook <a rel=\"noreferrer noopener\" href=\"http:\/\/facebook.com\/aconteceunovale\" target=\"_blank\">@aconteceunovale<\/a>, Twitter <a rel=\"noreferrer noopener\" href=\"https:\/\/twitter.com\/noticiadosvales\" target=\"_blank\">@noticiadosvales<\/a> e Instagram <a rel=\"noreferrer noopener\" href=\"https:\/\/www.instagram.com\/aconteceunovale\" target=\"_blank\">@aconteceunovale<\/a>.<\/em><\/p>\n","protected":false},"excerpt":{"rendered":"<p>O ministro da Sa\u00fade, Marcelo Queiroga, disse hoje (11\/6\/2021), em S\u00e3o Paulo, que 160 milh\u00f5es de brasileiros ser\u00e3o vacinados contra a covid-19 at\u00e9 o final deste ano.&nbsp; \u201cVamos nos empenhar fortemente para acelerar a nossa campanha de vacina\u00e7\u00e3o, j\u00e1 distribu\u00edmos mais de 105 milh\u00f5es de doses para estados e munic\u00edpios e mais de 70 milh\u00f5es [&hellip;]<\/p>\n","protected":false},"author":4,"featured_media":179203,"comment_status":"open","ping_status":"closed","sticky":false,"template":"","format":"standard","meta":{"amp_status":"","footnotes":""},"categories":[6,40242],"tags":[246444,246445,239762,34259,133892,246446,93703,2382,239472],"class_list":["post-179202","post","type-post","status-publish","format-standard","has-post-thumbnail","hentry","category-br","category-saude-2","tag-160-milhoes-serao-vacinados-ate-dezembro-no-brasil","tag-imunizacao-contra-covid-19-no-brasil","tag-marcelo-queiroga","tag-ministro-da-saude","tag-prefeito-de-sao-paulo","tag-previsao-de-vacinacao-no-brasil","tag-ricardo-nunes","tag-sao-paulo","tag-vacinacao-contra-covid-19-no-brasil"],"_links":{"self":[{"href":"https:\/\/aconteceunovale.com.br\/portal\/index.php?rest_route=\/wp\/v2\/posts\/179202","targetHints":{"allow":["GET"]}}],"collection":[{"href":"https:\/\/aconteceunovale.com.br\/portal\/index.php?rest_route=\/wp\/v2\/posts"}],"about":[{"href":"https:\/\/aconteceunovale.com.br\/portal\/index.php?rest_route=\/wp\/v2\/types\/post"}],"author":[{"embeddable":true,"href":"https:\/\/aconteceunovale.com.br\/portal\/index.php?rest_route=\/wp\/v2\/users\/4"}],"replies":[{"embeddable":true,"href":"https:\/\/aconteceunovale.com.br\/portal\/index.php?rest_route=%2Fwp%2Fv2%2Fcomments&post=179202"}],"version-history":[{"count":1,"href":"https:\/\/aconteceunovale.com.br\/portal\/index.php?rest_route=\/wp\/v2\/posts\/179202\/revisions"}],"predecessor-version":[{"id":179204,"href":"https:\/\/aconteceunovale.com.br\/portal\/index.php?rest_route=\/wp\/v2\/posts\/179202\/revisions\/179204"}],"wp:featuredmedia":[{"embeddable":true,"href":"https:\/\/aconteceunovale.com.br\/portal\/index.php?rest_route=\/wp\/v2\/media\/179203"}],"wp:attachment":[{"href":"https:\/\/aconteceunovale.com.br\/portal\/index.php?rest_route=%2Fwp%2Fv2%2Fmedia&parent=179202"}],"wp:term":[{"taxonomy":"category","embeddable":true,"href":"https:\/\/aconteceunovale.com.br\/portal\/index.php?rest_route=%2Fwp%2Fv2%2Fcategories&post=179202"},{"taxonomy":"post_tag","embeddable":true,"href":"https:\/\/aconteceunovale.com.br\/portal\/index.php?rest_route=%2Fwp%2Fv2%2Ftags&post=179202"}],"curies":[{"name":"wp","href":"https:\/\/api.w.org\/{rel}","templated":true}]}}