{"id":178763,"date":"2021-05-24T17:58:47","date_gmt":"2021-05-24T20:58:47","guid":{"rendered":"https:\/\/aconteceunovale.com.br\/portal\/?p=178763"},"modified":"2021-05-24T20:23:40","modified_gmt":"2021-05-24T23:23:40","slug":"edital-de-convocacao-da-assembleia-geral-ordinaria-para-fundacao-da-associacao-brasileira-de-bares-e-restaurantes-regional-jequitinhonha-abrasel","status":"publish","type":"post","link":"https:\/\/aconteceunovale.com.br\/portal\/?p=178763","title":{"rendered":"Edital de convoca\u00e7\u00e3o da Assembleia Geral Ordin\u00e1ria para Funda\u00e7\u00e3o da Associa\u00e7\u00e3o Brasileira de Bares e Restaurantes \u2013 Regional Jequitinhonha &#8211; ABRASEL"},"content":{"rendered":"\n<p class=\"has-background\" style=\"background-color:#f8fafb\"><em><strong>EDITAL DE CONVOCA\u00c7\u00c3O DA ASSEMBLEIA GERAL ORDIN\u00c1RIA PARA FUNDA\u00c7\u00c3O DA ASSOCIA\u00c7\u00c3O BRASILEIRA DE BARES E RESTAURANTES \u2013 REGIONAL JEQUITINHONHA \u2013 ABRASEL | ELEI\u00c7\u00c3O DO CONSELHO DE ADMINISTRA\u00c7\u00c3O E FISCAL &#8211; TRI\u00caNIO JULHO\/2021 A JULHO\/2024, A SE REALIZAR NO DIA\u00a0 13 DE JULHO DE 2021.<\/strong><br><br><strong>ORDEM DO DIA<\/strong><br><br><strong>A Associa\u00e7\u00e3o Brasileira de Bares e Restaurantes<\/strong> <strong>Seccional Minas Gerais<\/strong>\u00a0 em cumprimento <strong>de seu Estatuto Social<\/strong>, convoca todas os empres\u00e1rios no ramos de AFL \u2013 Alimenta\u00e7\u00e3o Fora do Lar da regi\u00e3o de Jequitinhonha, para a\u00a0 Assembleia Geral Ordin\u00e1ria de Funda\u00e7\u00e3o da Abrasel regional Jequitinhonha no exerc\u00edcio de 2021 a realizar-se no dia 13 de Julho de 2021, ter\u00e7a-feira na <strong>Avenida Jo\u00e3o Antunes de Oliveira 869, bairro cazuza, Diamantina-MG<\/strong>, sendo instalada a primeira convoca\u00e7\u00e3o \u00e0s 16:00 horas, com as presen\u00e7as da maioria absoluta de seus membros e, em segunda convoca\u00e7\u00e3o \u00e0s 16:30 horas com a presen\u00e7a de qualquer n\u00famero de membros para cumprir a seguinte ordem:<br><br>&#8211; Funda\u00e7\u00e3o da Regional Jequitinhonha<br>&#8211; Apresenta\u00e7\u00e3o e aprova\u00e7\u00e3o do estatuto da regional Abrasel Jequitinhonha<br>&#8211; Elei\u00e7\u00e3o do Conselho de Administra\u00e7\u00e3o e Fiscal da Abrasel Jequitinhonha para o tri\u00eanio 2021\/2024<br><br>\u00c9 condi\u00e7\u00e3o para o exerc\u00edcio do direito de voto nas Assembleias Gerais para nova regional que o empres\u00e1rio esteja quite com todas as suas obriga\u00e7\u00f5es societ\u00e1rias, pecuni\u00e1rias e demais imprescind\u00edveis para o regular exerc\u00edcio do direito de associa\u00e7\u00e3o, ou, seja empreendedor legal no ramo de alimenta\u00e7\u00e3o fora do lar h\u00e1 pelo menos 06 (seis) meses.<br><br>Belo Horizonte, 24 de maio de 2021.<\/em><br><br>Matheus Daniel Pires de Moraes <br>Presidente da Abrasel em Minas Gerais<\/p>\n\n\n\n<div class=\"wp-block-file\"><a href=\"https:\/\/aconteceunovale.com.br\/portal\/wp-content\/uploads\/2021\/05\/edital_abrasel.pdf\">\u2022 Edital em PDF<\/a><a href=\"https:\/\/aconteceunovale.com.br\/portal\/wp-content\/uploads\/2021\/05\/edital_abrasel.pdf\" class=\"wp-block-file__button\" download>Clique aqui<\/a><\/div>\n\n\n\n<p><em>Publicado por Aconteceu no Vale \u2013 24\/5\/2021 | 17h58<\/em><\/p>\n","protected":false},"excerpt":{"rendered":"<p>EDITAL DE CONVOCA\u00c7\u00c3O DA ASSEMBLEIA GERAL ORDIN\u00c1RIA PARA FUNDA\u00c7\u00c3O DA ASSOCIA\u00c7\u00c3O BRASILEIRA DE BARES E RESTAURANTES \u2013 REGIONAL JEQUITINHONHA \u2013 ABRASEL | ELEI\u00c7\u00c3O DO CONSELHO DE ADMINISTRA\u00c7\u00c3O E FISCAL &#8211; TRI\u00caNIO JULHO\/2021 A JULHO\/2024, A SE REALIZAR NO DIA\u00a0 13 DE JULHO DE 2021. ORDEM DO DIA A Associa\u00e7\u00e3o Brasileira de Bares e Restaurantes Seccional [&hellip;]<\/p>\n","protected":false},"author":4,"featured_media":178766,"comment_status":"open","ping_status":"closed","sticky":false,"template":"","format":"standard","meta":{"amp_status":"","footnotes":""},"categories":[155260,120],"tags":[245724,245723,245725,245727,245726,198,245731,245722,245732,245728,245729,245730],"class_list":["post-178763","post","type-post","status-publish","format-standard","has-post-thumbnail","hentry","category-editais","category-jequi","tag-abrasel-diamantina","tag-abrasel-jequitinhonha","tag-abrasel-regional-jequitinhonha","tag-associacao-brasileira-de-bares-e-restaurantes-seccional-minas-gerais","tag-convocacao-de-assembleia-abrasel","tag-diamantina","tag-edital-abrasel","tag-edital-de-convocacao-da-assembleia-geral-ordinaria-para-fundacao-da-associacao-brasileira-de-bares-e-restaurantes-regional-jequitinhonha-abrasel","tag-edital-de-convocacao-de-assembleia-abrasel","tag-fundacao-da-regional-jequitinhonha-da-abrasel","tag-matheus-daniel-pires-de-moraes","tag-presidente-da-abrasel-em-minas-gerais"],"_links":{"self":[{"href":"https:\/\/aconteceunovale.com.br\/portal\/index.php?rest_route=\/wp\/v2\/posts\/178763","targetHints":{"allow":["GET"]}}],"collection":[{"href":"https:\/\/aconteceunovale.com.br\/portal\/index.php?rest_route=\/wp\/v2\/posts"}],"about":[{"href":"https:\/\/aconteceunovale.com.br\/portal\/index.php?rest_route=\/wp\/v2\/types\/post"}],"author":[{"embeddable":true,"href":"https:\/\/aconteceunovale.com.br\/portal\/index.php?rest_route=\/wp\/v2\/users\/4"}],"replies":[{"embeddable":true,"href":"https:\/\/aconteceunovale.com.br\/portal\/index.php?rest_route=%2Fwp%2Fv2%2Fcomments&post=178763"}],"version-history":[{"count":1,"href":"https:\/\/aconteceunovale.com.br\/portal\/index.php?rest_route=\/wp\/v2\/posts\/178763\/revisions"}],"predecessor-version":[{"id":178767,"href":"https:\/\/aconteceunovale.com.br\/portal\/index.php?rest_route=\/wp\/v2\/posts\/178763\/revisions\/178767"}],"wp:featuredmedia":[{"embeddable":true,"href":"https:\/\/aconteceunovale.com.br\/portal\/index.php?rest_route=\/wp\/v2\/media\/178766"}],"wp:attachment":[{"href":"https:\/\/aconteceunovale.com.br\/portal\/index.php?rest_route=%2Fwp%2Fv2%2Fmedia&parent=178763"}],"wp:term":[{"taxonomy":"category","embeddable":true,"href":"https:\/\/aconteceunovale.com.br\/portal\/index.php?rest_route=%2Fwp%2Fv2%2Fcategories&post=178763"},{"taxonomy":"post_tag","embeddable":true,"href":"https:\/\/aconteceunovale.com.br\/portal\/index.php?rest_route=%2Fwp%2Fv2%2Ftags&post=178763"}],"curies":[{"name":"wp","href":"https:\/\/api.w.org\/{rel}","templated":true}]}}