{"id":178602,"date":"2021-05-18T23:16:20","date_gmt":"2021-05-19T02:16:20","guid":{"rendered":"https:\/\/aconteceunovale.com.br\/portal\/?p=178602"},"modified":"2021-05-18T23:18:07","modified_gmt":"2021-05-19T02:18:07","slug":"empresaria-de-teofilo-otoni-e-presa-por-receptacao-de-notebooks-furtados","status":"publish","type":"post","link":"https:\/\/aconteceunovale.com.br\/portal\/?p=178602","title":{"rendered":"Empres\u00e1ria de Te\u00f3filo Otoni \u00e9 presa por recepta\u00e7\u00e3o de notebooks furtados"},"content":{"rendered":"\n<p class=\"wp-block-paragraph\">A Pol\u00edcia Civil de Minas Gerais (PCMG) prendeu, nessa segunda-feira (17\/5\/2021), um homem, de 38 anos, e uma mulher, de 36, no bairro Para\u00edso, em Belo Horizonte. Levantamentos apontam que o suspeito, morador do bairro Serra, seria o l\u00edder de um grupo criminoso envolvido no furto de notebooks, e a mulher, empres\u00e1ria em Te\u00f3filo Otoni, uma das principais receptadoras desses equipamentos. Durante a a\u00e7\u00e3o policial, ainda foram recuperados 18 notebooks.<\/p>\n\n\n\n<div class=\"wp-block-image\"><figure class=\"aligncenter size-large\"><img loading=\"lazy\" decoding=\"async\" width=\"678\" height=\"332\" src=\"https:\/\/aconteceunovale.com.br\/portal\/wp-content\/uploads\/2021\/05\/notebooks_teo_3.jpg\" alt=\"\" class=\"wp-image-178603\" srcset=\"https:\/\/aconteceunovale.com.br\/portal\/wp-content\/uploads\/2021\/05\/notebooks_teo_3.jpg 678w, https:\/\/aconteceunovale.com.br\/portal\/wp-content\/uploads\/2021\/05\/notebooks_teo_3-300x147.jpg 300w, https:\/\/aconteceunovale.com.br\/portal\/wp-content\/uploads\/2021\/05\/notebooks_teo_3-324x160.jpg 324w, https:\/\/aconteceunovale.com.br\/portal\/wp-content\/uploads\/2021\/05\/notebooks_teo_3-533x261.jpg 533w\" sizes=\"auto, (max-width: 678px) 100vw, 678px\" \/><figcaption><em>Foto: Divulga\u00e7\u00e3o\/PCMG<\/em><\/figcaption><\/figure><\/div>\n\n\n\n<p class=\"wp-block-paragraph\">Os suspeitos foram identificados durante investiga\u00e7\u00f5es sobre arrombamentos e furtos em ve\u00edculos nos bairros Buritis e Estoril. Conforme apurado, os criminosos agiam quebrando o vidro de carros estacionados em via p\u00fablica para furtar notebooks e outros equipamentos que estivessem dentro dos ve\u00edculos. A pris\u00e3o da dupla ocorreu ap\u00f3s a identifica\u00e7\u00e3o da empres\u00e1ria, a qual possui duas lojas especializadas em equipamentos de uma marca norte-americana. A mulher foi flagrada na capital mineira, onde fazia a compra dos produtos furtados, no momento em que a transa\u00e7\u00e3o estava sendo efetivada. Por meio de monitoramento dessa suspeita, os policiais civis interceptaram dois ve\u00edculos, onde estavam diversos notebooks.<\/p>\n\n\n\n<p class=\"wp-block-paragraph\">O delegado regional R\u00f4mulo Dias ressalta que a organiza\u00e7\u00e3o criminosa, tanto lideran\u00e7a quanto a parte operacional, j\u00e1 foi identificada. <em>\u201cConseguimos apurar que houve a pr\u00e1tica de, mais ou menos, 50 casos, de janeiro at\u00e9 este m\u00eas. Durante as investiga\u00e7\u00f5es, conseguimos, inclusive, as imagens da atua\u00e7\u00e3o dos grupos\u201d<\/em>, conta.<\/p>\n\n\n\n<p class=\"wp-block-paragraph\">A pol\u00edcia j\u00e1 iniciou os levantamentos para identifica\u00e7\u00e3o dos propriet\u00e1rios dos notebooks recuperados para a posterior restitui\u00e7\u00e3o dos bens. As investiga\u00e7\u00f5es foram conduzidas pela 4\u00aa Delegacia de Pol\u00edcia Civil Barreiro.<\/p>\n\n\n\n<div class=\"wp-block-image\"><figure class=\"aligncenter size-large\"><img loading=\"lazy\" decoding=\"async\" width=\"678\" height=\"336\" src=\"https:\/\/aconteceunovale.com.br\/portal\/wp-content\/uploads\/2021\/05\/notebooks_teo_2.jpg\" alt=\"\" class=\"wp-image-178604\" srcset=\"https:\/\/aconteceunovale.com.br\/portal\/wp-content\/uploads\/2021\/05\/notebooks_teo_2.jpg 678w, https:\/\/aconteceunovale.com.br\/portal\/wp-content\/uploads\/2021\/05\/notebooks_teo_2-300x149.jpg 300w, https:\/\/aconteceunovale.com.br\/portal\/wp-content\/uploads\/2021\/05\/notebooks_teo_2-324x160.jpg 324w\" sizes=\"auto, (max-width: 678px) 100vw, 678px\" \/><figcaption><em>Foto: Divulga\u00e7\u00e3o\/PCMG<\/em><\/figcaption><\/figure><\/div>\n\n\n\n<p class=\"wp-block-paragraph\">&#8212;&#8212;&#8212;&#8212;&#8212;&#8212;<br><em>Quer receber as not\u00edcias do <strong>Aconteceu no Vale<\/strong> em primeira m\u00e3o? Siga-nos no Facebook <a rel=\"noreferrer noopener\" href=\"http:\/\/facebook.com\/aconteceunovale\" target=\"_blank\">@aconteceunovale<\/a>, Twitter <a rel=\"noreferrer noopener\" href=\"https:\/\/twitter.com\/noticiadosvales\" target=\"_blank\">@noticiadosvales<\/a> e Instagram <a rel=\"noreferrer noopener\" href=\"https:\/\/www.instagram.com\/aconteceunovale\" target=\"_blank\">@aconteceunovale<\/a>.<\/em><\/p>\n","protected":false},"excerpt":{"rendered":"<p>A Pol\u00edcia Civil de Minas Gerais (PCMG) prendeu, nessa segunda-feira (17\/5\/2021), um homem, de 38 anos, e uma mulher, de 36, no bairro Para\u00edso, em Belo Horizonte. Levantamentos apontam que o suspeito, morador do bairro Serra, seria o l\u00edder de um grupo criminoso envolvido no furto de notebooks, e a mulher, empres\u00e1ria em Te\u00f3filo Otoni, [&hellip;]<\/p>\n","protected":false},"author":4,"featured_media":178605,"comment_status":"open","ping_status":"closed","sticky":false,"template":"","format":"standard","meta":{"amp_status":"","footnotes":""},"categories":[123,122],"tags":[194,1017,245428,245362,1018,245421,245424,245423,245420,245429,604,245422,245425,245426,245427,164],"class_list":["post-178602","post","type-post","status-publish","format-standard","has-post-thumbnail","hentry","category-gerais","category-mucuri","tag-belo-horizonte","tag-bh","tag-delegacia-de-policia-civil-barreiro","tag-delegado-romulo-dias","tag-destaque","tag-empresaria-de-teofilo-otoni","tag-empresaria-de-teofilo-otoni-e-presa-em-belo-horizonte","tag-empresaria-de-teofilo-otoni-e-presa-em-bh","tag-empresaria-de-teofilo-otoni-e-presa-por-receptacao-de-notebooks-furtados","tag-notebooks-teofilo-otoni","tag-pcmg","tag-prisao-de-empresaria-de-teofilo-otoni","tag-receptacao-de-notebooks-roubados-em-belo-horizonte","tag-roubo-de-notebooks-no-bairro-buritis","tag-roubo-de-notebooks-no-bairro-estoril","tag-teofilo-otoni"],"yoast_head":"<!-- This site is optimized with the Yoast SEO plugin v28.3 - https:\/\/yoast.com\/product\/yoast-seo-wordpress\/ -->\n<title>Empres\u00e1ria de Te\u00f3filo Otoni \u00e9 presa por recepta\u00e7\u00e3o de notebooks furtados - Aconteceu no Vale<\/title>\n<meta name=\"robots\" content=\"index, follow, max-snippet:-1, max-image-preview:large, max-video-preview:-1\" \/>\n<link rel=\"canonical\" href=\"https:\/\/aconteceunovale.com.br\/portal\/?p=178602\" \/>\n<meta property=\"og:locale\" content=\"pt_BR\" \/>\n<meta property=\"og:type\" content=\"article\" \/>\n<meta property=\"og:title\" content=\"Empres\u00e1ria de Te\u00f3filo Otoni \u00e9 presa por recepta\u00e7\u00e3o de notebooks furtados - Aconteceu no Vale\" \/>\n<meta property=\"og:description\" content=\"A Pol\u00edcia Civil de Minas Gerais (PCMG) prendeu, nessa segunda-feira (17\/5\/2021), um homem, de 38 anos, e uma mulher, de 36, no bairro Para\u00edso, em Belo Horizonte. Levantamentos apontam que o suspeito, morador do bairro Serra, seria o l\u00edder de um grupo criminoso envolvido no furto de notebooks, e a mulher, empres\u00e1ria em Te\u00f3filo Otoni, [&hellip;]\" \/>\n<meta property=\"og:url\" content=\"https:\/\/aconteceunovale.com.br\/portal\/?p=178602\" \/>\n<meta property=\"og:site_name\" content=\"Aconteceu no Vale\" \/>\n<meta property=\"article:publisher\" content=\"https:\/\/www.facebook.com\/aconteceunovale\/\" \/>\n<meta property=\"article:published_time\" content=\"2021-05-19T02:16:20+00:00\" \/>\n<meta property=\"article:modified_time\" content=\"2021-05-19T02:18:07+00:00\" \/>\n<meta property=\"og:image\" content=\"https:\/\/aconteceunovale.com.br\/portal\/wp-content\/uploads\/2021\/05\/notebooks_teo_4.jpg\" \/>\n\t<meta property=\"og:image:width\" content=\"650\" \/>\n\t<meta property=\"og:image:height\" content=\"402\" \/>\n\t<meta property=\"og:image:type\" content=\"image\/jpeg\" \/>\n<meta name=\"author\" content=\"Reda\u00e7\u00e3o Aconteceu no Vale\" \/>\n<meta name=\"twitter:card\" content=\"summary_large_image\" \/>\n<meta name=\"twitter:creator\" content=\"@noticiadosvales\" \/>\n<meta name=\"twitter:site\" content=\"@noticiadosvales\" \/>\n<meta name=\"twitter:label1\" content=\"Escrito por\" \/>\n\t<meta name=\"twitter:data1\" content=\"Reda\u00e7\u00e3o Aconteceu no Vale\" \/>\n\t<meta name=\"twitter:label2\" content=\"Est. tempo de leitura\" \/>\n\t<meta name=\"twitter:data2\" content=\"2 minutos\" \/>\n<script type=\"application\/ld+json\" class=\"yoast-schema-graph\">{\"@context\":\"https:\\\/\\\/schema.org\",\"@graph\":[{\"@type\":\"Article\",\"@id\":\"https:\\\/\\\/aconteceunovale.com.br\\\/portal\\\/?p=178602#article\",\"isPartOf\":{\"@id\":\"https:\\\/\\\/aconteceunovale.com.br\\\/portal\\\/?p=178602\"},\"author\":{\"name\":\"Reda\u00e7\u00e3o Aconteceu no Vale\",\"@id\":\"https:\\\/\\\/aconteceunovale.com.br\\\/portal\\\/#\\\/schema\\\/person\\\/7d2f26d1483f8a63de73da1ee0754d35\"},\"headline\":\"Empres\u00e1ria de Te\u00f3filo Otoni \u00e9 presa por recepta\u00e7\u00e3o de notebooks furtados\",\"datePublished\":\"2021-05-19T02:16:20+00:00\",\"dateModified\":\"2021-05-19T02:18:07+00:00\",\"mainEntityOfPage\":{\"@id\":\"https:\\\/\\\/aconteceunovale.com.br\\\/portal\\\/?p=178602\"},\"wordCount\":318,\"commentCount\":0,\"image\":{\"@id\":\"https:\\\/\\\/aconteceunovale.com.br\\\/portal\\\/?p=178602#primaryimage\"},\"thumbnailUrl\":\"https:\\\/\\\/aconteceunovale.com.br\\\/portal\\\/wp-content\\\/uploads\\\/2021\\\/05\\\/notebooks_teo_4.jpg\",\"keywords\":[\"Belo Horizonte\",\"bh\",\"Delegacia de Pol\u00edcia Civil Barreiro\",\"Delegado R\u00f4mulo Dias\",\"destaque\",\"Empres\u00e1ria de Te\u00f3filo Otoni\",\"Empres\u00e1ria de Te\u00f3filo Otoni \u00e9 presa em Belo Horizonte\",\"Empres\u00e1ria de Te\u00f3filo Otoni \u00e9 presa em BH\",\"Empres\u00e1ria de Te\u00f3filo Otoni \u00e9 presa por recepta\u00e7\u00e3o de notebooks furtados\",\"Notebooks Te\u00f3filo Otoni\",\"PCMG\",\"Pris\u00e3o de Empres\u00e1ria de Te\u00f3filo Otoni\",\"Recepta\u00e7\u00e3o de notebooks roubados em Belo Horizonte\",\"Roubo de notebooks no bairro Buritis\",\"Roubo de notebooks no bairro Estoril\",\"Te\u00f3filo Otoni\"],\"articleSection\":[\"Minas Gerais\",\"Vale do Mucuri\"],\"inLanguage\":\"pt-BR\",\"potentialAction\":[{\"@type\":\"CommentAction\",\"name\":\"Comment\",\"target\":[\"https:\\\/\\\/aconteceunovale.com.br\\\/portal\\\/?p=178602#respond\"]}]},{\"@type\":\"WebPage\",\"@id\":\"https:\\\/\\\/aconteceunovale.com.br\\\/portal\\\/?p=178602\",\"url\":\"https:\\\/\\\/aconteceunovale.com.br\\\/portal\\\/?p=178602\",\"name\":\"Empres\u00e1ria de Te\u00f3filo Otoni \u00e9 presa por recepta\u00e7\u00e3o de notebooks furtados - Aconteceu no Vale\",\"isPartOf\":{\"@id\":\"https:\\\/\\\/aconteceunovale.com.br\\\/portal\\\/#website\"},\"primaryImageOfPage\":{\"@id\":\"https:\\\/\\\/aconteceunovale.com.br\\\/portal\\\/?p=178602#primaryimage\"},\"image\":{\"@id\":\"https:\\\/\\\/aconteceunovale.com.br\\\/portal\\\/?p=178602#primaryimage\"},\"thumbnailUrl\":\"https:\\\/\\\/aconteceunovale.com.br\\\/portal\\\/wp-content\\\/uploads\\\/2021\\\/05\\\/notebooks_teo_4.jpg\",\"datePublished\":\"2021-05-19T02:16:20+00:00\",\"dateModified\":\"2021-05-19T02:18:07+00:00\",\"author\":{\"@id\":\"https:\\\/\\\/aconteceunovale.com.br\\\/portal\\\/#\\\/schema\\\/person\\\/7d2f26d1483f8a63de73da1ee0754d35\"},\"breadcrumb\":{\"@id\":\"https:\\\/\\\/aconteceunovale.com.br\\\/portal\\\/?p=178602#breadcrumb\"},\"inLanguage\":\"pt-BR\",\"potentialAction\":[{\"@type\":\"ReadAction\",\"target\":[\"https:\\\/\\\/aconteceunovale.com.br\\\/portal\\\/?p=178602\"]}]},{\"@type\":\"ImageObject\",\"inLanguage\":\"pt-BR\",\"@id\":\"https:\\\/\\\/aconteceunovale.com.br\\\/portal\\\/?p=178602#primaryimage\",\"url\":\"https:\\\/\\\/aconteceunovale.com.br\\\/portal\\\/wp-content\\\/uploads\\\/2021\\\/05\\\/notebooks_teo_4.jpg\",\"contentUrl\":\"https:\\\/\\\/aconteceunovale.com.br\\\/portal\\\/wp-content\\\/uploads\\\/2021\\\/05\\\/notebooks_teo_4.jpg\",\"width\":650,\"height\":402},{\"@type\":\"BreadcrumbList\",\"@id\":\"https:\\\/\\\/aconteceunovale.com.br\\\/portal\\\/?p=178602#breadcrumb\",\"itemListElement\":[{\"@type\":\"ListItem\",\"position\":1,\"name\":\"In\u00edcio\",\"item\":\"https:\\\/\\\/aconteceunovale.com.br\\\/portal\\\/\"},{\"@type\":\"ListItem\",\"position\":2,\"name\":\"Empres\u00e1ria de Te\u00f3filo Otoni \u00e9 presa por recepta\u00e7\u00e3o de notebooks furtados\"}]},{\"@type\":\"WebSite\",\"@id\":\"https:\\\/\\\/aconteceunovale.com.br\\\/portal\\\/#website\",\"url\":\"https:\\\/\\\/aconteceunovale.com.br\\\/portal\\\/\",\"name\":\"Aconteceu no Vale\",\"description\":\"Portal de Not\u00edcias\",\"potentialAction\":[{\"@type\":\"SearchAction\",\"target\":{\"@type\":\"EntryPoint\",\"urlTemplate\":\"https:\\\/\\\/aconteceunovale.com.br\\\/portal\\\/?s={search_term_string}\"},\"query-input\":{\"@type\":\"PropertyValueSpecification\",\"valueRequired\":true,\"valueName\":\"search_term_string\"}}],\"inLanguage\":\"pt-BR\"},{\"@type\":\"Person\",\"@id\":\"https:\\\/\\\/aconteceunovale.com.br\\\/portal\\\/#\\\/schema\\\/person\\\/7d2f26d1483f8a63de73da1ee0754d35\",\"name\":\"Reda\u00e7\u00e3o Aconteceu no Vale\",\"description\":\"Equipe de reportagem do Aconteceu no Vale, portal de not\u00edcias do Vale do Jequitinhonha, em Minas Gerais. Cobrimos as 51 cidades do Vale desde 2013. Sugest\u00f5es de pauta e pedidos de corre\u00e7\u00e3o: contato@aconteceunovale.com.br\",\"url\":\"https:\\\/\\\/aconteceunovale.com.br\\\/portal\\\/?author=4\"}]}<\/script>\n<!-- \/ Yoast SEO plugin. -->","yoast_head_json":{"title":"Empres\u00e1ria de Te\u00f3filo Otoni \u00e9 presa por recepta\u00e7\u00e3o de notebooks furtados - Aconteceu no Vale","robots":{"index":"index","follow":"follow","max-snippet":"max-snippet:-1","max-image-preview":"max-image-preview:large","max-video-preview":"max-video-preview:-1"},"canonical":"https:\/\/aconteceunovale.com.br\/portal\/?p=178602","og_locale":"pt_BR","og_type":"article","og_title":"Empres\u00e1ria de Te\u00f3filo Otoni \u00e9 presa por recepta\u00e7\u00e3o de notebooks furtados - Aconteceu no Vale","og_description":"A Pol\u00edcia Civil de Minas Gerais (PCMG) prendeu, nessa segunda-feira (17\/5\/2021), um homem, de 38 anos, e uma mulher, de 36, no bairro Para\u00edso, em Belo Horizonte. Levantamentos apontam que o suspeito, morador do bairro Serra, seria o l\u00edder de um grupo criminoso envolvido no furto de notebooks, e a mulher, empres\u00e1ria em Te\u00f3filo Otoni, [&hellip;]","og_url":"https:\/\/aconteceunovale.com.br\/portal\/?p=178602","og_site_name":"Aconteceu no Vale","article_publisher":"https:\/\/www.facebook.com\/aconteceunovale\/","article_published_time":"2021-05-19T02:16:20+00:00","article_modified_time":"2021-05-19T02:18:07+00:00","og_image":[{"width":650,"height":402,"url":"https:\/\/aconteceunovale.com.br\/portal\/wp-content\/uploads\/2021\/05\/notebooks_teo_4.jpg","type":"image\/jpeg"}],"author":"Reda\u00e7\u00e3o Aconteceu no Vale","twitter_card":"summary_large_image","twitter_creator":"@noticiadosvales","twitter_site":"@noticiadosvales","twitter_misc":{"Escrito por":"Reda\u00e7\u00e3o Aconteceu no Vale","Est. tempo de leitura":"2 minutos"},"schema":{"@context":"https:\/\/schema.org","@graph":[{"@type":"Article","@id":"https:\/\/aconteceunovale.com.br\/portal\/?p=178602#article","isPartOf":{"@id":"https:\/\/aconteceunovale.com.br\/portal\/?p=178602"},"author":{"name":"Reda\u00e7\u00e3o Aconteceu no Vale","@id":"https:\/\/aconteceunovale.com.br\/portal\/#\/schema\/person\/7d2f26d1483f8a63de73da1ee0754d35"},"headline":"Empres\u00e1ria de Te\u00f3filo Otoni \u00e9 presa por recepta\u00e7\u00e3o de notebooks furtados","datePublished":"2021-05-19T02:16:20+00:00","dateModified":"2021-05-19T02:18:07+00:00","mainEntityOfPage":{"@id":"https:\/\/aconteceunovale.com.br\/portal\/?p=178602"},"wordCount":318,"commentCount":0,"image":{"@id":"https:\/\/aconteceunovale.com.br\/portal\/?p=178602#primaryimage"},"thumbnailUrl":"https:\/\/aconteceunovale.com.br\/portal\/wp-content\/uploads\/2021\/05\/notebooks_teo_4.jpg","keywords":["Belo Horizonte","bh","Delegacia de Pol\u00edcia Civil Barreiro","Delegado R\u00f4mulo Dias","destaque","Empres\u00e1ria de Te\u00f3filo Otoni","Empres\u00e1ria de Te\u00f3filo Otoni \u00e9 presa em Belo Horizonte","Empres\u00e1ria de Te\u00f3filo Otoni \u00e9 presa em BH","Empres\u00e1ria de Te\u00f3filo Otoni \u00e9 presa por recepta\u00e7\u00e3o de notebooks furtados","Notebooks Te\u00f3filo Otoni","PCMG","Pris\u00e3o de Empres\u00e1ria de Te\u00f3filo Otoni","Recepta\u00e7\u00e3o de notebooks roubados em Belo Horizonte","Roubo de notebooks no bairro Buritis","Roubo de notebooks no bairro Estoril","Te\u00f3filo Otoni"],"articleSection":["Minas Gerais","Vale do Mucuri"],"inLanguage":"pt-BR","potentialAction":[{"@type":"CommentAction","name":"Comment","target":["https:\/\/aconteceunovale.com.br\/portal\/?p=178602#respond"]}]},{"@type":"WebPage","@id":"https:\/\/aconteceunovale.com.br\/portal\/?p=178602","url":"https:\/\/aconteceunovale.com.br\/portal\/?p=178602","name":"Empres\u00e1ria de Te\u00f3filo Otoni \u00e9 presa por recepta\u00e7\u00e3o de notebooks furtados - Aconteceu no Vale","isPartOf":{"@id":"https:\/\/aconteceunovale.com.br\/portal\/#website"},"primaryImageOfPage":{"@id":"https:\/\/aconteceunovale.com.br\/portal\/?p=178602#primaryimage"},"image":{"@id":"https:\/\/aconteceunovale.com.br\/portal\/?p=178602#primaryimage"},"thumbnailUrl":"https:\/\/aconteceunovale.com.br\/portal\/wp-content\/uploads\/2021\/05\/notebooks_teo_4.jpg","datePublished":"2021-05-19T02:16:20+00:00","dateModified":"2021-05-19T02:18:07+00:00","author":{"@id":"https:\/\/aconteceunovale.com.br\/portal\/#\/schema\/person\/7d2f26d1483f8a63de73da1ee0754d35"},"breadcrumb":{"@id":"https:\/\/aconteceunovale.com.br\/portal\/?p=178602#breadcrumb"},"inLanguage":"pt-BR","potentialAction":[{"@type":"ReadAction","target":["https:\/\/aconteceunovale.com.br\/portal\/?p=178602"]}]},{"@type":"ImageObject","inLanguage":"pt-BR","@id":"https:\/\/aconteceunovale.com.br\/portal\/?p=178602#primaryimage","url":"https:\/\/aconteceunovale.com.br\/portal\/wp-content\/uploads\/2021\/05\/notebooks_teo_4.jpg","contentUrl":"https:\/\/aconteceunovale.com.br\/portal\/wp-content\/uploads\/2021\/05\/notebooks_teo_4.jpg","width":650,"height":402},{"@type":"BreadcrumbList","@id":"https:\/\/aconteceunovale.com.br\/portal\/?p=178602#breadcrumb","itemListElement":[{"@type":"ListItem","position":1,"name":"In\u00edcio","item":"https:\/\/aconteceunovale.com.br\/portal\/"},{"@type":"ListItem","position":2,"name":"Empres\u00e1ria de Te\u00f3filo Otoni \u00e9 presa por recepta\u00e7\u00e3o de notebooks furtados"}]},{"@type":"WebSite","@id":"https:\/\/aconteceunovale.com.br\/portal\/#website","url":"https:\/\/aconteceunovale.com.br\/portal\/","name":"Aconteceu no Vale","description":"Portal de Not\u00edcias","potentialAction":[{"@type":"SearchAction","target":{"@type":"EntryPoint","urlTemplate":"https:\/\/aconteceunovale.com.br\/portal\/?s={search_term_string}"},"query-input":{"@type":"PropertyValueSpecification","valueRequired":true,"valueName":"search_term_string"}}],"inLanguage":"pt-BR"},{"@type":"Person","@id":"https:\/\/aconteceunovale.com.br\/portal\/#\/schema\/person\/7d2f26d1483f8a63de73da1ee0754d35","name":"Reda\u00e7\u00e3o Aconteceu no Vale","description":"Equipe de reportagem do Aconteceu no Vale, portal de not\u00edcias do Vale do Jequitinhonha, em Minas Gerais. Cobrimos as 51 cidades do Vale desde 2013. Sugest\u00f5es de pauta e pedidos de corre\u00e7\u00e3o: contato@aconteceunovale.com.br","url":"https:\/\/aconteceunovale.com.br\/portal\/?author=4"}]}},"_links":{"self":[{"href":"https:\/\/aconteceunovale.com.br\/portal\/index.php?rest_route=\/wp\/v2\/posts\/178602","targetHints":{"allow":["GET"]}}],"collection":[{"href":"https:\/\/aconteceunovale.com.br\/portal\/index.php?rest_route=\/wp\/v2\/posts"}],"about":[{"href":"https:\/\/aconteceunovale.com.br\/portal\/index.php?rest_route=\/wp\/v2\/types\/post"}],"author":[{"embeddable":true,"href":"https:\/\/aconteceunovale.com.br\/portal\/index.php?rest_route=\/wp\/v2\/users\/4"}],"replies":[{"embeddable":true,"href":"https:\/\/aconteceunovale.com.br\/portal\/index.php?rest_route=%2Fwp%2Fv2%2Fcomments&post=178602"}],"version-history":[{"count":1,"href":"https:\/\/aconteceunovale.com.br\/portal\/index.php?rest_route=\/wp\/v2\/posts\/178602\/revisions"}],"predecessor-version":[{"id":178606,"href":"https:\/\/aconteceunovale.com.br\/portal\/index.php?rest_route=\/wp\/v2\/posts\/178602\/revisions\/178606"}],"wp:featuredmedia":[{"embeddable":true,"href":"https:\/\/aconteceunovale.com.br\/portal\/index.php?rest_route=\/wp\/v2\/media\/178605"}],"wp:attachment":[{"href":"https:\/\/aconteceunovale.com.br\/portal\/index.php?rest_route=%2Fwp%2Fv2%2Fmedia&parent=178602"}],"wp:term":[{"taxonomy":"category","embeddable":true,"href":"https:\/\/aconteceunovale.com.br\/portal\/index.php?rest_route=%2Fwp%2Fv2%2Fcategories&post=178602"},{"taxonomy":"post_tag","embeddable":true,"href":"https:\/\/aconteceunovale.com.br\/portal\/index.php?rest_route=%2Fwp%2Fv2%2Ftags&post=178602"}],"curies":[{"name":"wp","href":"https:\/\/api.w.org\/{rel}","templated":true}]}}