{"id":178596,"date":"2021-05-18T22:42:59","date_gmt":"2021-05-19T01:42:59","guid":{"rendered":"https:\/\/aconteceunovale.com.br\/portal\/?p=178596"},"modified":"2021-05-18T22:43:44","modified_gmt":"2021-05-19T01:43:44","slug":"nova-remessa-de-vacinas-contra-covid-19-vai-reforcar-a-segunda-dose-dos-grupos-prioritarios-em-minas-gerias","status":"publish","type":"post","link":"https:\/\/aconteceunovale.com.br\/portal\/?p=178596","title":{"rendered":"Nova remessa de vacinas contra Covid-19 vai refor\u00e7ar a segunda dose dos grupos priorit\u00e1rios em Minas Gerias"},"content":{"rendered":"\n<p class=\"wp-block-paragraph\">Minas Gerais recebeu, nesta ter\u00e7a-feira (18\/5\/2021), o 20\u00ba lote de vacinas contra a covid-19. S\u00e3o\u00a0508.050 doses para dar continuidade \u00e0 imuniza\u00e7\u00e3o dos grupos priorit\u00e1rios. Pela manh\u00e3, foram\u00a08.200 doses da CoronaVac e 435.500 doses da AstraZeneca. Os imunizantes desembarcaram no Aeroporto Internacional de Belo Horizonte, em Confins, de onde foram encaminhados para a\u00a0Central Estadual de Rede de Frio da\u00a0Secretaria de Estado de Sa\u00fade (SES-MG).<\/p>\n\n\n\n<figure class=\"wp-block-gallery columns-1 is-cropped wp-block-gallery-1 is-layout-flex wp-block-gallery-is-layout-flex\"><ul class=\"blocks-gallery-grid\"><li class=\"blocks-gallery-item\"><figure><img loading=\"lazy\" decoding=\"async\" width=\"675\" height=\"450\" src=\"https:\/\/aconteceunovale.com.br\/portal\/wp-content\/uploads\/2021\/05\/chegada_vacinas_18maio.jpg\" alt=\"\" data-id=\"178597\" data-full-url=\"https:\/\/aconteceunovale.com.br\/portal\/wp-content\/uploads\/2021\/05\/chegada_vacinas_18maio.jpg\" data-link=\"https:\/\/aconteceunovale.com.br\/portal\/?attachment_id=178597\" class=\"wp-image-178597\" srcset=\"https:\/\/aconteceunovale.com.br\/portal\/wp-content\/uploads\/2021\/05\/chegada_vacinas_18maio.jpg 675w, https:\/\/aconteceunovale.com.br\/portal\/wp-content\/uploads\/2021\/05\/chegada_vacinas_18maio-300x200.jpg 300w, https:\/\/aconteceunovale.com.br\/portal\/wp-content\/uploads\/2021\/05\/chegada_vacinas_18maio-630x420.jpg 630w\" sizes=\"auto, (max-width: 675px) 100vw, 675px\" \/><figcaption class=\"blocks-gallery-item__caption\"><em>Foto: F\u00e1bio Marchetto \/ SES-MG<\/em><\/figcaption><\/figure><\/li><\/ul><\/figure>\n\n\n\n<p class=\"wp-block-paragraph\">\u00c0s 18h, outras 64.350 doses, desta vez da\u00a0Pfizer, chegaram ao aeroporto. Estas vacinas ser\u00e3o\u00a0destinadas \u00e0 vacina\u00e7\u00e3o dos grupos priorit\u00e1rios e, conforme define o Plano Nacional de Imuniza\u00e7\u00e3o (Minist\u00e9rio da Sa\u00fade), dever\u00e3o permanecer na capital do estado. Os imunizantes da\u00a0Pfizer ficar\u00e3o acondicionados \u00e0 temperatura de -70\u00baC, para garantir a durabilidade de at\u00e9 seis meses.<\/p>\n\n\n\n<h3 class=\"wp-block-heading\"><strong>P\u00fablico-alvo<\/strong><\/h3>\n\n\n\n<p class=\"wp-block-paragraph\">As 8.200 doses da CoronaVac ser\u00e3o destinadas a completar a dose 2 (D2) de quem ainda precisa tomar o refor\u00e7o. J\u00e1 os imunizantes\u00a0da AstraZeneca ser\u00e3o utilizados para aplica\u00e7\u00e3o da dose 2 em idosos de 60 a 69 anos. J\u00e1 o imunizante da Pfizer ser\u00e1 destinado \u00e0s pessoas com comorbidades, gr\u00e1vidas, mulheres que acabaram de dar \u00e0 luz e pessoas com defici\u00eancias\u00a0permanentes.<\/p>\n\n\n\n<h3 class=\"wp-block-heading\"><strong>Acompanhe o quantitativo de cada remessa:<\/strong><\/h3>\n\n\n\n<p class=\"wp-block-paragraph\"><strong>1\u00aa remessa<\/strong><br>577.480 doses da CoronaVac em 18\/1\/2021<\/p>\n\n\n\n<p class=\"wp-block-paragraph\"><strong>2\u00aa remessa<\/strong><br>190.500 doses de AstraZeneca em 24\/1\/2021&nbsp;<\/p>\n\n\n\n<p class=\"wp-block-paragraph\"><strong>3\u00aa remessa<\/strong><br>87.600 doses da CoronaVac em 25\/1\/2021<\/p>\n\n\n\n<p class=\"wp-block-paragraph\"><strong>4\u00aa remessa<\/strong><br>315.600 doses da CoronaVac em 7\/2\/2021&nbsp;<\/p>\n\n\n\n<p class=\"wp-block-paragraph\"><strong>5\u00aa remessa<\/strong><br>220.000 doses da AstraZeneca e 137.400 doses da CoronaVac em 23\/2\/2021<\/p>\n\n\n\n<p class=\"wp-block-paragraph\"><strong>6\u00aa remessa<\/strong><br>285.200 doses da CoronaVac em 3\/3\/2021<\/p>\n\n\n\n<p class=\"wp-block-paragraph\"><strong>7\u00aa remessa<\/strong><br>303.600 doses da CoronaVac em 9\/3\/2021<\/p>\n\n\n\n<p class=\"wp-block-paragraph\"><strong>8\u00aa remessa<\/strong><br>509.800 doses de CoronaVac em 17\/3\/2021<\/p>\n\n\n\n<p class=\"wp-block-paragraph\"><strong>9\u00aa remessa<\/strong><br>86.750 doses da AstraZeneca e 455.800 doses da CoronaVac em 20\/3\/2021&nbsp;<\/p>\n\n\n\n<p class=\"wp-block-paragraph\"><strong>10\u00aa remessa<\/strong><br>116.600 doses de AstraZeneca e 359.000 doses de CoronaVac em 26\/3\/2021&nbsp;<\/p>\n\n\n\n<p class=\"wp-block-paragraph\"><strong>11\u00aa remessa<\/strong><br>73.250 doses de AstraZeneca e 943.400 doses de CoronaVac em 1\/4\/2021&nbsp;<\/p>\n\n\n\n<p class=\"wp-block-paragraph\"><strong>12\u00aa remessa<\/strong><br>257.750 da AstraZeneca e 220.400 da CoronaVac em 8\/4\/2021<\/p>\n\n\n\n<p class=\"wp-block-paragraph\"><strong>13\u00aa remessa<\/strong><br>426.000 da AstraZeneca e 275.200 da CoronaVac em 16\/4\/2021<\/p>\n\n\n\n<p class=\"wp-block-paragraph\"><strong>14\u00aa remessa<\/strong><br>316.750 doses da AstraZeneca e 73.800 da CoronaVac em 23\/4\/2021<\/p>\n\n\n\n<p class=\"wp-block-paragraph\"><strong>15\u00aa remessa<\/strong><br>578.000 doses da AstraZeneca e 11.800 doses da CoronaVac em 29\/4\/2021<\/p>\n\n\n\n<p class=\"wp-block-paragraph\"><strong>16\u00aa remessa<\/strong><br>30.400 doses da CoronaVac, em 1\/5\/2021, e 676.250 doses da AstraZeneca, em 3\/5\/2021<\/p>\n\n\n\n<p class=\"wp-block-paragraph\"><strong>17\u00aa remessa<\/strong><br>50.310 doses da Pfizer em 3\/5\/2021<\/p>\n\n\n\n<p class=\"wp-block-paragraph\"><strong>18\u00aa remessa<\/strong><br>396.500 doses da AstraZeneca, em 6\/5\/2021, 100.200 doses da Coronavac, em 8\/5\/2021, e 112.320 doses da Pfizer, em 10\/5\/2021<\/p>\n\n\n\n<p class=\"wp-block-paragraph\"><strong>19\u00aa remessa<\/strong><br>422.750 doses da AstraZeneca e 207.800 doses da CoronaVac, em 13\/5\/2021, e 101.600 doses da Coronavac em 14\/5\/2021.<\/p>\n\n\n\n<p class=\"wp-block-paragraph\"><strong>20\u00aa remessa<\/strong><br>435.500 doses da AstraZeneca, 8.200 doses da Coronavac e 64.350 doses da Pfizer em 18\/5\/2021<\/p>\n\n\n\n<p class=\"wp-block-paragraph\"><strong>Total: <strong>9.427.860 doses<\/strong><\/strong><\/p>\n\n\n\n<p class=\"wp-block-paragraph\">&#8212;&#8212;&#8212;&#8212;&#8212;&#8212;<br><em>Quer receber as not\u00edcias do <strong>Aconteceu no Vale<\/strong> em primeira m\u00e3o? Siga-nos no Facebook <a rel=\"noreferrer noopener\" href=\"http:\/\/facebook.com\/aconteceunovale\" target=\"_blank\">@aconteceunovale<\/a>, Twitter <a rel=\"noreferrer noopener\" href=\"https:\/\/twitter.com\/noticiadosvales\" target=\"_blank\">@noticiadosvales<\/a> e Instagram <a rel=\"noreferrer noopener\" href=\"https:\/\/www.instagram.com\/aconteceunovale\" target=\"_blank\">@aconteceunovale<\/a>.<\/em><\/p>\n","protected":false},"excerpt":{"rendered":"<p>Minas Gerais recebeu, nesta ter\u00e7a-feira (18\/5\/2021), o 20\u00ba lote de vacinas contra a covid-19. S\u00e3o\u00a0508.050 doses para dar continuidade \u00e0 imuniza\u00e7\u00e3o dos grupos priorit\u00e1rios. Pela manh\u00e3, foram\u00a08.200 doses da CoronaVac e 435.500 doses da AstraZeneca. Os imunizantes desembarcaram no Aeroporto Internacional de Belo Horizonte, em Confins, de onde foram encaminhados para a\u00a0Central Estadual de Rede [&hellip;]<\/p>\n","protected":false},"author":4,"featured_media":178597,"comment_status":"open","ping_status":"closed","sticky":false,"template":"","format":"standard","meta":{"amp_status":"","footnotes":""},"categories":[123],"tags":[240692,235100,235104,194,217799,219851,235098,219853,22090,214884,216498,236448,239797,221718,235105,231330,231334,184213,235103,135894,235094,235096,235097,235095,240007,235015,244364,243267,244887,240691,245072,241552,244425,240634,242407,235101,219855,245415,215653,221717,219854,219852,217692,231333,231337,231332,231336,236858,221719,178207,220285,220287,220286,235102,235099,231331,231335],"class_list":["post-178596","post","type-post","status-publish","format-standard","has-post-thumbnail","hentry","category-gerais","tag-6-mil-doses-de-vacinas-contra-covid-19-e-ampliara-imunizacao-para-idosos-de-65-a-69-anos","tag-adileia-pereira-de-jesus-cardoso","tag-adriana-vilella-avila-de-castro","tag-belo-horizonte","tag-casos-de-coronavirus-em-minas-gerais","tag-casos-de-covid-19-em-minas-gerais","tag-cece","tag-cidades-com-casos-de-coronavirus-em-minas-gerais","tag-confins","tag-coronavirus","tag-covid-19","tag-covid-19-minas-gerais-bate-novo-recorde-ao-registrar-mais-de-10-mil-casos-em-24h","tag-covid-19-minas-gerais-tem-recorde-de-mortes-e-de-casos-em-24h","tag-curados-do-coronavirus-em-minas-gerais","tag-distribuicao-da-vacina-em-minas-gerais","tag-governador-detalha-plano-de-contingencia-para-vacinacao-contra-a-covid-19-em-minas-gerais","tag-governador-detalha-plano-de-contingencia-para-vacinacao-contra-o-novo-coronavirus-em-minas-gerais","tag-governador-romeu-zema","tag-hem","tag-hospital-eduardo-de-menezes","tag-iniciada-a-maior-operacao-de-vacinacao-da-historia-de-minas-gerais","tag-maior-operacao-de-vacinacao-da-historia-de-minas-gerais","tag-maria-bom-sucesso-pereira","tag-minas-gerais-inicia-a-maior-operacao-de-vacinacao-da-sua-historia","tag-minas-gerais-recebe-542-550-novas-doses-de-vacinas-contra-covid-19","tag-minas-gerais-recebe-561-mil-doses-da-coronavac","tag-minas-gerais-recebe-hoje-mais-589-800-doses-de-vacinas-contra-covid-19","tag-minas-gerais-recebe-hoje-mais-701-200-doses-de-vacinas-contra-covid-19","tag-minas-gerais-recebe-mais-100-mil-doses-da-coronavac","tag-minas-gerais-recebe-mais-475","tag-minas-gerais-recebe-mais-630-550-doses-de-vacinas-contra-a-covid-19","tag-minas-gerais-recebe-mais-de-1-milhao-de-doses-de-vacinas-contra-covid-19","tag-minas-gerais-recebe-novas-doses-para-ampliar-vacinacao-contra-a-covid-19","tag-minas-gerais-recebera-mais-475-600-doses-de-vacinas-contra-a-covid-19","tag-minas-gerais-recebera-mais-478-150-doses-de-vacinas-contra-covid-19","tag-moises-alves-senra","tag-mortes-por-coronavirus-em-minas-gerais","tag-nova-remessa-de-vacinas-contra-covid-19-vai-reforcar-a-segunda-dose-dos-grupos-prioritarios-em-minas-gerias","tag-novo-coronavirus","tag-numero-de-curados-do-coronavirus-em-minas-gerais","tag-numeros-do-coronavirus-em-minas-gerais","tag-obitos-por-coronavirus-em-minas-gerias","tag-pandemia-de-coronavirus","tag-plano-de-contingencia-para-vacinacao-contra-a-covid-19-em-minas-gerais","tag-plano-de-contingencia-para-vacinacao-contra-o-novo-coronavirus-em-minas-gerais","tag-plano-para-vacinacao-contra-a-covid-19-em-minas-gerais","tag-plano-para-vacinacao-contra-o-novo-coronavirus-em-minas-gerais","tag-primeira-pessoa-vacinada-contra-a-covid-19-em-minas-gerais-recebe-a-segunda-dose","tag-recuperados-do-coronavirus-em-minas-gerais","tag-romeu-zema","tag-secretaria-de-saude-atualiza-numeros-do-coronavirus-em-minas-gerais","tag-secretaria-de-saude-de-minas-gerais-atualiza-numeros-do-coronavirus","tag-ses-mg-atualiza-numeros-do-coronavirus","tag-teresa-gamarano-barros","tag-thiago-liberio-santana-medina","tag-vacinacao-contra-a-covid-19-em-minas-gerais","tag-vacinacao-contra-o-novo-coronavirus-em-minas-gerais"],"yoast_head":"<!-- This site is optimized with the Yoast SEO plugin v28.3 - https:\/\/yoast.com\/product\/yoast-seo-wordpress\/ -->\n<title>Nova remessa de vacinas contra Covid-19 vai refor\u00e7ar a segunda dose dos grupos priorit\u00e1rios em Minas Gerias - Aconteceu no Vale<\/title>\n<meta name=\"robots\" content=\"index, follow, max-snippet:-1, max-image-preview:large, max-video-preview:-1\" \/>\n<link rel=\"canonical\" href=\"https:\/\/aconteceunovale.com.br\/portal\/?p=178596\" \/>\n<meta property=\"og:locale\" content=\"pt_BR\" \/>\n<meta property=\"og:type\" content=\"article\" \/>\n<meta property=\"og:title\" content=\"Nova remessa de vacinas contra Covid-19 vai refor\u00e7ar a segunda dose dos grupos priorit\u00e1rios em Minas Gerias - Aconteceu no Vale\" \/>\n<meta property=\"og:description\" content=\"Minas Gerais recebeu, nesta ter\u00e7a-feira (18\/5\/2021), o 20\u00ba lote de vacinas contra a covid-19. S\u00e3o\u00a0508.050 doses para dar continuidade \u00e0 imuniza\u00e7\u00e3o dos grupos priorit\u00e1rios. Pela manh\u00e3, foram\u00a08.200 doses da CoronaVac e 435.500 doses da AstraZeneca. Os imunizantes desembarcaram no Aeroporto Internacional de Belo Horizonte, em Confins, de onde foram encaminhados para a\u00a0Central Estadual de Rede [&hellip;]\" \/>\n<meta property=\"og:url\" content=\"https:\/\/aconteceunovale.com.br\/portal\/?p=178596\" \/>\n<meta property=\"og:site_name\" content=\"Aconteceu no Vale\" \/>\n<meta property=\"article:publisher\" content=\"https:\/\/www.facebook.com\/aconteceunovale\/\" \/>\n<meta property=\"article:published_time\" content=\"2021-05-19T01:42:59+00:00\" \/>\n<meta property=\"article:modified_time\" content=\"2021-05-19T01:43:44+00:00\" \/>\n<meta property=\"og:image\" content=\"https:\/\/aconteceunovale.com.br\/portal\/wp-content\/uploads\/2021\/05\/chegada_vacinas_18maio.jpg\" \/>\n\t<meta property=\"og:image:width\" content=\"675\" \/>\n\t<meta property=\"og:image:height\" content=\"450\" \/>\n\t<meta property=\"og:image:type\" content=\"image\/jpeg\" \/>\n<meta name=\"author\" content=\"Reda\u00e7\u00e3o Aconteceu no Vale\" \/>\n<meta name=\"twitter:card\" content=\"summary_large_image\" \/>\n<meta name=\"twitter:creator\" content=\"@noticiadosvales\" \/>\n<meta name=\"twitter:site\" content=\"@noticiadosvales\" \/>\n<meta name=\"twitter:label1\" content=\"Escrito por\" \/>\n\t<meta name=\"twitter:data1\" content=\"Reda\u00e7\u00e3o Aconteceu no Vale\" \/>\n\t<meta name=\"twitter:label2\" content=\"Est. tempo de leitura\" \/>\n\t<meta name=\"twitter:data2\" content=\"2 minutos\" \/>\n<script type=\"application\/ld+json\" class=\"yoast-schema-graph\">{\"@context\":\"https:\\\/\\\/schema.org\",\"@graph\":[{\"@type\":\"Article\",\"@id\":\"https:\\\/\\\/aconteceunovale.com.br\\\/portal\\\/?p=178596#article\",\"isPartOf\":{\"@id\":\"https:\\\/\\\/aconteceunovale.com.br\\\/portal\\\/?p=178596\"},\"author\":{\"name\":\"Reda\u00e7\u00e3o Aconteceu no Vale\",\"@id\":\"https:\\\/\\\/aconteceunovale.com.br\\\/portal\\\/#\\\/schema\\\/person\\\/7d2f26d1483f8a63de73da1ee0754d35\"},\"headline\":\"Nova remessa de vacinas contra Covid-19 vai refor\u00e7ar a segunda dose dos grupos priorit\u00e1rios em Minas Gerias\",\"datePublished\":\"2021-05-19T01:42:59+00:00\",\"dateModified\":\"2021-05-19T01:43:44+00:00\",\"mainEntityOfPage\":{\"@id\":\"https:\\\/\\\/aconteceunovale.com.br\\\/portal\\\/?p=178596\"},\"wordCount\":410,\"commentCount\":0,\"image\":{\"@id\":\"https:\\\/\\\/aconteceunovale.com.br\\\/portal\\\/?p=178596#primaryimage\"},\"thumbnailUrl\":\"https:\\\/\\\/aconteceunovale.com.br\\\/portal\\\/wp-content\\\/uploads\\\/2021\\\/05\\\/chegada_vacinas_18maio.jpg\",\"keywords\":[\"6 mil doses de vacinas contra Covid-19 e ampliar\u00e1 imuniza\u00e7\u00e3o para idosos de 65 a 69 anos\",\"Adileia Pereira de Jesus Cardoso\",\"Adriana Vilella \u00c1vila de Castro\",\"Belo Horizonte\",\"Casos de coronav\u00edrus em Minas Gerais\",\"Casos de covid-19 em Minas Gerais\",\"Cec\u00e9\",\"Cidades com casos de coronav\u00edrus em Minas Gerais\",\"Confins\",\"Coronav\u00edrus\",\"COVID-19\",\"Covid-19: Minas Gerais bate novo recorde ao registrar mais de 10 mil casos em 24h\",\"Covid-19: Minas Gerais tem recorde de mortes e de casos em 24h\",\"Curados do coronav\u00edrus em Minas Gerais\",\"Distribui\u00e7\u00e3o da vacina em Minas Gerais\",\"Governador detalha Plano de Conting\u00eancia para Vacina\u00e7\u00e3o contra a Covid-19 em Minas Gerais\",\"Governador detalha Plano de Conting\u00eancia para Vacina\u00e7\u00e3o contra o novo coronav\u00edrus em Minas Gerais\",\"Governador Romeu Zema\",\"HEM\",\"Hospital Eduardo de Menezes\",\"Iniciada a maior opera\u00e7\u00e3o de vacina\u00e7\u00e3o da hist\u00f3ria de Minas Gerais\",\"Maior opera\u00e7\u00e3o de vacina\u00e7\u00e3o da hist\u00f3ria de Minas Gerais\",\"Maria Bom Sucesso Pereira\",\"Minas Gerais inicia a maior opera\u00e7\u00e3o de vacina\u00e7\u00e3o da sua hist\u00f3ria\",\"Minas Gerais recebe 542.550 novas doses de vacinas contra Covid-19\",\"Minas Gerais recebe 561 mil doses da CoronaVac\",\"Minas Gerais recebe hoje mais 589.800 doses de vacinas contra Covid-19\",\"Minas Gerais recebe hoje mais 701.200 doses de vacinas contra Covid-19\",\"Minas Gerais recebe mais 100 mil doses da CoronaVac\",\"Minas Gerais recebe mais 475\",\"Minas Gerais recebe mais 630.550 doses de vacinas contra a Covid-19\",\"Minas Gerais recebe mais de 1 milh\u00e3o de doses de vacinas contra Covid-19\",\"Minas Gerais recebe novas doses para ampliar vacina\u00e7\u00e3o contra a Covid-19\",\"Minas Gerais receber\u00e1 mais 475.600 doses de vacinas contra a Covid-19\",\"Minas Gerais receber\u00e1 mais 478.150 doses de vacinas contra Covid-19\",\"Mois\u00e9s Alves Senra\",\"Mortes por coronav\u00edrus em Minas Gerais\",\"Nova remessa de vacinas contra Covid-19 vai refor\u00e7ar a segunda dose dos grupos priorit\u00e1rios em Minas Gerias\",\"Novo coronav\u00edrus\",\"N\u00famero de curados do coronav\u00edrus em Minas Gerais\",\"N\u00fameros do coronav\u00edrus em Minas Gerais\",\"\u00d3bitos por coronav\u00edrus em Minas Gerias\",\"Pandemia de coronav\u00edrus\",\"Plano de Conting\u00eancia para Vacina\u00e7\u00e3o contra a Covid-19 em Minas Gerais\",\"Plano de Conting\u00eancia para Vacina\u00e7\u00e3o contra o novo coronav\u00edrus em Minas Gerais\",\"Plano para Vacina\u00e7\u00e3o contra a Covid-19 em Minas Gerais\",\"Plano para Vacina\u00e7\u00e3o contra o novo coronav\u00edrus em Minas Gerais\",\"Primeira pessoa vacinada contra a Covid-19 em Minas Gerais recebe a segunda dose\",\"Recuperados do coronav\u00edrus em Minas Gerais\",\"Romeu Zema\",\"Secretaria de Sa\u00fade atualiza n\u00fameros do coronav\u00edrus em Minas Gerais\",\"Secretaria de Sa\u00fade de Minas Gerais atualiza n\u00fameros do coronav\u00edrus\",\"SES-MG atualiza n\u00fameros do coronav\u00edrus\",\"Teresa Gamarano Barros\",\"Thiago Lib\u00e9rio Santana Medina\",\"Vacina\u00e7\u00e3o contra a Covid-19 em Minas Gerais\",\"Vacina\u00e7\u00e3o contra o novo coronav\u00edrus em Minas Gerais\"],\"articleSection\":[\"Minas Gerais\"],\"inLanguage\":\"pt-BR\",\"potentialAction\":[{\"@type\":\"CommentAction\",\"name\":\"Comment\",\"target\":[\"https:\\\/\\\/aconteceunovale.com.br\\\/portal\\\/?p=178596#respond\"]}]},{\"@type\":\"WebPage\",\"@id\":\"https:\\\/\\\/aconteceunovale.com.br\\\/portal\\\/?p=178596\",\"url\":\"https:\\\/\\\/aconteceunovale.com.br\\\/portal\\\/?p=178596\",\"name\":\"Nova remessa de vacinas contra Covid-19 vai refor\u00e7ar a segunda dose dos grupos priorit\u00e1rios em Minas Gerias - Aconteceu no Vale\",\"isPartOf\":{\"@id\":\"https:\\\/\\\/aconteceunovale.com.br\\\/portal\\\/#website\"},\"primaryImageOfPage\":{\"@id\":\"https:\\\/\\\/aconteceunovale.com.br\\\/portal\\\/?p=178596#primaryimage\"},\"image\":{\"@id\":\"https:\\\/\\\/aconteceunovale.com.br\\\/portal\\\/?p=178596#primaryimage\"},\"thumbnailUrl\":\"https:\\\/\\\/aconteceunovale.com.br\\\/portal\\\/wp-content\\\/uploads\\\/2021\\\/05\\\/chegada_vacinas_18maio.jpg\",\"datePublished\":\"2021-05-19T01:42:59+00:00\",\"dateModified\":\"2021-05-19T01:43:44+00:00\",\"author\":{\"@id\":\"https:\\\/\\\/aconteceunovale.com.br\\\/portal\\\/#\\\/schema\\\/person\\\/7d2f26d1483f8a63de73da1ee0754d35\"},\"breadcrumb\":{\"@id\":\"https:\\\/\\\/aconteceunovale.com.br\\\/portal\\\/?p=178596#breadcrumb\"},\"inLanguage\":\"pt-BR\",\"potentialAction\":[{\"@type\":\"ReadAction\",\"target\":[\"https:\\\/\\\/aconteceunovale.com.br\\\/portal\\\/?p=178596\"]}]},{\"@type\":\"ImageObject\",\"inLanguage\":\"pt-BR\",\"@id\":\"https:\\\/\\\/aconteceunovale.com.br\\\/portal\\\/?p=178596#primaryimage\",\"url\":\"https:\\\/\\\/aconteceunovale.com.br\\\/portal\\\/wp-content\\\/uploads\\\/2021\\\/05\\\/chegada_vacinas_18maio.jpg\",\"contentUrl\":\"https:\\\/\\\/aconteceunovale.com.br\\\/portal\\\/wp-content\\\/uploads\\\/2021\\\/05\\\/chegada_vacinas_18maio.jpg\",\"width\":675,\"height\":450},{\"@type\":\"BreadcrumbList\",\"@id\":\"https:\\\/\\\/aconteceunovale.com.br\\\/portal\\\/?p=178596#breadcrumb\",\"itemListElement\":[{\"@type\":\"ListItem\",\"position\":1,\"name\":\"In\u00edcio\",\"item\":\"https:\\\/\\\/aconteceunovale.com.br\\\/portal\\\/\"},{\"@type\":\"ListItem\",\"position\":2,\"name\":\"Nova remessa de vacinas contra Covid-19 vai refor\u00e7ar a segunda dose dos grupos priorit\u00e1rios em Minas Gerias\"}]},{\"@type\":\"WebSite\",\"@id\":\"https:\\\/\\\/aconteceunovale.com.br\\\/portal\\\/#website\",\"url\":\"https:\\\/\\\/aconteceunovale.com.br\\\/portal\\\/\",\"name\":\"Aconteceu no Vale\",\"description\":\"Portal de Not\u00edcias\",\"potentialAction\":[{\"@type\":\"SearchAction\",\"target\":{\"@type\":\"EntryPoint\",\"urlTemplate\":\"https:\\\/\\\/aconteceunovale.com.br\\\/portal\\\/?s={search_term_string}\"},\"query-input\":{\"@type\":\"PropertyValueSpecification\",\"valueRequired\":true,\"valueName\":\"search_term_string\"}}],\"inLanguage\":\"pt-BR\"},{\"@type\":\"Person\",\"@id\":\"https:\\\/\\\/aconteceunovale.com.br\\\/portal\\\/#\\\/schema\\\/person\\\/7d2f26d1483f8a63de73da1ee0754d35\",\"name\":\"Reda\u00e7\u00e3o Aconteceu no Vale\",\"description\":\"Equipe de reportagem do Aconteceu no Vale, portal de not\u00edcias do Vale do Jequitinhonha, em Minas Gerais. Cobrimos as 51 cidades do Vale desde 2013. Sugest\u00f5es de pauta e pedidos de corre\u00e7\u00e3o: contato@aconteceunovale.com.br\",\"url\":\"https:\\\/\\\/aconteceunovale.com.br\\\/portal\\\/?author=4\"}]}<\/script>\n<!-- \/ Yoast SEO plugin. -->","yoast_head_json":{"title":"Nova remessa de vacinas contra Covid-19 vai refor\u00e7ar a segunda dose dos grupos priorit\u00e1rios em Minas Gerias - Aconteceu no Vale","robots":{"index":"index","follow":"follow","max-snippet":"max-snippet:-1","max-image-preview":"max-image-preview:large","max-video-preview":"max-video-preview:-1"},"canonical":"https:\/\/aconteceunovale.com.br\/portal\/?p=178596","og_locale":"pt_BR","og_type":"article","og_title":"Nova remessa de vacinas contra Covid-19 vai refor\u00e7ar a segunda dose dos grupos priorit\u00e1rios em Minas Gerias - Aconteceu no Vale","og_description":"Minas Gerais recebeu, nesta ter\u00e7a-feira (18\/5\/2021), o 20\u00ba lote de vacinas contra a covid-19. S\u00e3o\u00a0508.050 doses para dar continuidade \u00e0 imuniza\u00e7\u00e3o dos grupos priorit\u00e1rios. Pela manh\u00e3, foram\u00a08.200 doses da CoronaVac e 435.500 doses da AstraZeneca. Os imunizantes desembarcaram no Aeroporto Internacional de Belo Horizonte, em Confins, de onde foram encaminhados para a\u00a0Central Estadual de Rede [&hellip;]","og_url":"https:\/\/aconteceunovale.com.br\/portal\/?p=178596","og_site_name":"Aconteceu no Vale","article_publisher":"https:\/\/www.facebook.com\/aconteceunovale\/","article_published_time":"2021-05-19T01:42:59+00:00","article_modified_time":"2021-05-19T01:43:44+00:00","og_image":[{"width":675,"height":450,"url":"https:\/\/aconteceunovale.com.br\/portal\/wp-content\/uploads\/2021\/05\/chegada_vacinas_18maio.jpg","type":"image\/jpeg"}],"author":"Reda\u00e7\u00e3o Aconteceu no Vale","twitter_card":"summary_large_image","twitter_creator":"@noticiadosvales","twitter_site":"@noticiadosvales","twitter_misc":{"Escrito por":"Reda\u00e7\u00e3o Aconteceu no Vale","Est. tempo de leitura":"2 minutos"},"schema":{"@context":"https:\/\/schema.org","@graph":[{"@type":"Article","@id":"https:\/\/aconteceunovale.com.br\/portal\/?p=178596#article","isPartOf":{"@id":"https:\/\/aconteceunovale.com.br\/portal\/?p=178596"},"author":{"name":"Reda\u00e7\u00e3o Aconteceu no Vale","@id":"https:\/\/aconteceunovale.com.br\/portal\/#\/schema\/person\/7d2f26d1483f8a63de73da1ee0754d35"},"headline":"Nova remessa de vacinas contra Covid-19 vai refor\u00e7ar a segunda dose dos grupos priorit\u00e1rios em Minas Gerias","datePublished":"2021-05-19T01:42:59+00:00","dateModified":"2021-05-19T01:43:44+00:00","mainEntityOfPage":{"@id":"https:\/\/aconteceunovale.com.br\/portal\/?p=178596"},"wordCount":410,"commentCount":0,"image":{"@id":"https:\/\/aconteceunovale.com.br\/portal\/?p=178596#primaryimage"},"thumbnailUrl":"https:\/\/aconteceunovale.com.br\/portal\/wp-content\/uploads\/2021\/05\/chegada_vacinas_18maio.jpg","keywords":["6 mil doses de vacinas contra Covid-19 e ampliar\u00e1 imuniza\u00e7\u00e3o para idosos de 65 a 69 anos","Adileia Pereira de Jesus Cardoso","Adriana Vilella \u00c1vila de Castro","Belo Horizonte","Casos de coronav\u00edrus em Minas Gerais","Casos de covid-19 em Minas Gerais","Cec\u00e9","Cidades com casos de coronav\u00edrus em Minas Gerais","Confins","Coronav\u00edrus","COVID-19","Covid-19: Minas Gerais bate novo recorde ao registrar mais de 10 mil casos em 24h","Covid-19: Minas Gerais tem recorde de mortes e de casos em 24h","Curados do coronav\u00edrus em Minas Gerais","Distribui\u00e7\u00e3o da vacina em Minas Gerais","Governador detalha Plano de Conting\u00eancia para Vacina\u00e7\u00e3o contra a Covid-19 em Minas Gerais","Governador detalha Plano de Conting\u00eancia para Vacina\u00e7\u00e3o contra o novo coronav\u00edrus em Minas Gerais","Governador Romeu Zema","HEM","Hospital Eduardo de Menezes","Iniciada a maior opera\u00e7\u00e3o de vacina\u00e7\u00e3o da hist\u00f3ria de Minas Gerais","Maior opera\u00e7\u00e3o de vacina\u00e7\u00e3o da hist\u00f3ria de Minas Gerais","Maria Bom Sucesso Pereira","Minas Gerais inicia a maior opera\u00e7\u00e3o de vacina\u00e7\u00e3o da sua hist\u00f3ria","Minas Gerais recebe 542.550 novas doses de vacinas contra Covid-19","Minas Gerais recebe 561 mil doses da CoronaVac","Minas Gerais recebe hoje mais 589.800 doses de vacinas contra Covid-19","Minas Gerais recebe hoje mais 701.200 doses de vacinas contra Covid-19","Minas Gerais recebe mais 100 mil doses da CoronaVac","Minas Gerais recebe mais 475","Minas Gerais recebe mais 630.550 doses de vacinas contra a Covid-19","Minas Gerais recebe mais de 1 milh\u00e3o de doses de vacinas contra Covid-19","Minas Gerais recebe novas doses para ampliar vacina\u00e7\u00e3o contra a Covid-19","Minas Gerais receber\u00e1 mais 475.600 doses de vacinas contra a Covid-19","Minas Gerais receber\u00e1 mais 478.150 doses de vacinas contra Covid-19","Mois\u00e9s Alves Senra","Mortes por coronav\u00edrus em Minas Gerais","Nova remessa de vacinas contra Covid-19 vai refor\u00e7ar a segunda dose dos grupos priorit\u00e1rios em Minas Gerias","Novo coronav\u00edrus","N\u00famero de curados do coronav\u00edrus em Minas Gerais","N\u00fameros do coronav\u00edrus em Minas Gerais","\u00d3bitos por coronav\u00edrus em Minas Gerias","Pandemia de coronav\u00edrus","Plano de Conting\u00eancia para Vacina\u00e7\u00e3o contra a Covid-19 em Minas Gerais","Plano de Conting\u00eancia para Vacina\u00e7\u00e3o contra o novo coronav\u00edrus em Minas Gerais","Plano para Vacina\u00e7\u00e3o contra a Covid-19 em Minas Gerais","Plano para Vacina\u00e7\u00e3o contra o novo coronav\u00edrus em Minas Gerais","Primeira pessoa vacinada contra a Covid-19 em Minas Gerais recebe a segunda dose","Recuperados do coronav\u00edrus em Minas Gerais","Romeu Zema","Secretaria de Sa\u00fade atualiza n\u00fameros do coronav\u00edrus em Minas Gerais","Secretaria de Sa\u00fade de Minas Gerais atualiza n\u00fameros do coronav\u00edrus","SES-MG atualiza n\u00fameros do coronav\u00edrus","Teresa Gamarano Barros","Thiago Lib\u00e9rio Santana Medina","Vacina\u00e7\u00e3o contra a Covid-19 em Minas Gerais","Vacina\u00e7\u00e3o contra o novo coronav\u00edrus em Minas Gerais"],"articleSection":["Minas Gerais"],"inLanguage":"pt-BR","potentialAction":[{"@type":"CommentAction","name":"Comment","target":["https:\/\/aconteceunovale.com.br\/portal\/?p=178596#respond"]}]},{"@type":"WebPage","@id":"https:\/\/aconteceunovale.com.br\/portal\/?p=178596","url":"https:\/\/aconteceunovale.com.br\/portal\/?p=178596","name":"Nova remessa de vacinas contra Covid-19 vai refor\u00e7ar a segunda dose dos grupos priorit\u00e1rios em Minas Gerias - Aconteceu no Vale","isPartOf":{"@id":"https:\/\/aconteceunovale.com.br\/portal\/#website"},"primaryImageOfPage":{"@id":"https:\/\/aconteceunovale.com.br\/portal\/?p=178596#primaryimage"},"image":{"@id":"https:\/\/aconteceunovale.com.br\/portal\/?p=178596#primaryimage"},"thumbnailUrl":"https:\/\/aconteceunovale.com.br\/portal\/wp-content\/uploads\/2021\/05\/chegada_vacinas_18maio.jpg","datePublished":"2021-05-19T01:42:59+00:00","dateModified":"2021-05-19T01:43:44+00:00","author":{"@id":"https:\/\/aconteceunovale.com.br\/portal\/#\/schema\/person\/7d2f26d1483f8a63de73da1ee0754d35"},"breadcrumb":{"@id":"https:\/\/aconteceunovale.com.br\/portal\/?p=178596#breadcrumb"},"inLanguage":"pt-BR","potentialAction":[{"@type":"ReadAction","target":["https:\/\/aconteceunovale.com.br\/portal\/?p=178596"]}]},{"@type":"ImageObject","inLanguage":"pt-BR","@id":"https:\/\/aconteceunovale.com.br\/portal\/?p=178596#primaryimage","url":"https:\/\/aconteceunovale.com.br\/portal\/wp-content\/uploads\/2021\/05\/chegada_vacinas_18maio.jpg","contentUrl":"https:\/\/aconteceunovale.com.br\/portal\/wp-content\/uploads\/2021\/05\/chegada_vacinas_18maio.jpg","width":675,"height":450},{"@type":"BreadcrumbList","@id":"https:\/\/aconteceunovale.com.br\/portal\/?p=178596#breadcrumb","itemListElement":[{"@type":"ListItem","position":1,"name":"In\u00edcio","item":"https:\/\/aconteceunovale.com.br\/portal\/"},{"@type":"ListItem","position":2,"name":"Nova remessa de vacinas contra Covid-19 vai refor\u00e7ar a segunda dose dos grupos priorit\u00e1rios em Minas Gerias"}]},{"@type":"WebSite","@id":"https:\/\/aconteceunovale.com.br\/portal\/#website","url":"https:\/\/aconteceunovale.com.br\/portal\/","name":"Aconteceu no Vale","description":"Portal de Not\u00edcias","potentialAction":[{"@type":"SearchAction","target":{"@type":"EntryPoint","urlTemplate":"https:\/\/aconteceunovale.com.br\/portal\/?s={search_term_string}"},"query-input":{"@type":"PropertyValueSpecification","valueRequired":true,"valueName":"search_term_string"}}],"inLanguage":"pt-BR"},{"@type":"Person","@id":"https:\/\/aconteceunovale.com.br\/portal\/#\/schema\/person\/7d2f26d1483f8a63de73da1ee0754d35","name":"Reda\u00e7\u00e3o Aconteceu no Vale","description":"Equipe de reportagem do Aconteceu no Vale, portal de not\u00edcias do Vale do Jequitinhonha, em Minas Gerais. Cobrimos as 51 cidades do Vale desde 2013. Sugest\u00f5es de pauta e pedidos de corre\u00e7\u00e3o: contato@aconteceunovale.com.br","url":"https:\/\/aconteceunovale.com.br\/portal\/?author=4"}]}},"_links":{"self":[{"href":"https:\/\/aconteceunovale.com.br\/portal\/index.php?rest_route=\/wp\/v2\/posts\/178596","targetHints":{"allow":["GET"]}}],"collection":[{"href":"https:\/\/aconteceunovale.com.br\/portal\/index.php?rest_route=\/wp\/v2\/posts"}],"about":[{"href":"https:\/\/aconteceunovale.com.br\/portal\/index.php?rest_route=\/wp\/v2\/types\/post"}],"author":[{"embeddable":true,"href":"https:\/\/aconteceunovale.com.br\/portal\/index.php?rest_route=\/wp\/v2\/users\/4"}],"replies":[{"embeddable":true,"href":"https:\/\/aconteceunovale.com.br\/portal\/index.php?rest_route=%2Fwp%2Fv2%2Fcomments&post=178596"}],"version-history":[{"count":1,"href":"https:\/\/aconteceunovale.com.br\/portal\/index.php?rest_route=\/wp\/v2\/posts\/178596\/revisions"}],"predecessor-version":[{"id":178598,"href":"https:\/\/aconteceunovale.com.br\/portal\/index.php?rest_route=\/wp\/v2\/posts\/178596\/revisions\/178598"}],"wp:featuredmedia":[{"embeddable":true,"href":"https:\/\/aconteceunovale.com.br\/portal\/index.php?rest_route=\/wp\/v2\/media\/178597"}],"wp:attachment":[{"href":"https:\/\/aconteceunovale.com.br\/portal\/index.php?rest_route=%2Fwp%2Fv2%2Fmedia&parent=178596"}],"wp:term":[{"taxonomy":"category","embeddable":true,"href":"https:\/\/aconteceunovale.com.br\/portal\/index.php?rest_route=%2Fwp%2Fv2%2Fcategories&post=178596"},{"taxonomy":"post_tag","embeddable":true,"href":"https:\/\/aconteceunovale.com.br\/portal\/index.php?rest_route=%2Fwp%2Fv2%2Ftags&post=178596"}],"curies":[{"name":"wp","href":"https:\/\/api.w.org\/{rel}","templated":true}]}}