{"id":178594,"date":"2021-05-18T22:23:00","date_gmt":"2021-05-19T01:23:00","guid":{"rendered":"https:\/\/aconteceunovale.com.br\/portal\/?p=178594"},"modified":"2021-05-18T22:23:37","modified_gmt":"2021-05-19T01:23:37","slug":"safra-de-graos-tem-estimativa-de-crescimento-de-131-em-minas-gerais","status":"publish","type":"post","link":"https:\/\/aconteceunovale.com.br\/portal\/?p=178594","title":{"rendered":"Safra de gr\u00e3os tem estimativa de crescimento de 13,1% em Minas Gerais"},"content":{"rendered":"\n<p class=\"wp-block-paragraph\">Minas Gerais\u00a0prev\u00ea\u00a0alta de 13,1% na safra 2020\/2021 em compara\u00e7\u00e3o com a safra anterior,\u00a0com previs\u00e3o de uma produ\u00e7\u00e3o de 17,4 milh\u00f5es de toneladas de gr\u00e3os. O n\u00famero foi divulgado no 8\u00ba Levantamento da Safra de Gr\u00e3os da Companhia Nacional de Abastecimento (Conab), na \u00faltima quarta-feira (12\/5).<\/p>\n\n\n\n<figure class=\"wp-block-gallery columns-1 is-cropped wp-block-gallery-1 is-layout-flex wp-block-gallery-is-layout-flex\"><ul class=\"blocks-gallery-grid\"><li class=\"blocks-gallery-item\"><figure><img loading=\"lazy\" decoding=\"async\" width=\"674\" height=\"450\" src=\"https:\/\/aconteceunovale.com.br\/portal\/wp-content\/uploads\/2021\/05\/milho_mg.jpg\" alt=\"\" data-id=\"178181\" data-full-url=\"https:\/\/aconteceunovale.com.br\/portal\/wp-content\/uploads\/2021\/05\/milho_mg.jpg\" data-link=\"https:\/\/aconteceunovale.com.br\/portal\/?attachment_id=178181\" class=\"wp-image-178181\" srcset=\"https:\/\/aconteceunovale.com.br\/portal\/wp-content\/uploads\/2021\/05\/milho_mg.jpg 674w, https:\/\/aconteceunovale.com.br\/portal\/wp-content\/uploads\/2021\/05\/milho_mg-300x200.jpg 300w, https:\/\/aconteceunovale.com.br\/portal\/wp-content\/uploads\/2021\/05\/milho_mg-629x420.jpg 629w\" sizes=\"auto, (max-width: 674px) 100vw, 674px\" \/><figcaption class=\"blocks-gallery-item__caption\"><em>Foto: Divulga\u00e7\u00e3o \/ Seapa-MG<\/em><\/figcaption><\/figure><\/li><\/ul><\/figure>\n\n\n\n<p class=\"wp-block-paragraph\">Al\u00e9m do volume da produ\u00e7\u00e3o, tamb\u00e9m houve aumento na \u00e1rea destinada ao cultivo, que atingiu 4 milh\u00f5es de hectares (+14%). J\u00e1 a produtividade sofreu uma ligeira redu\u00e7\u00e3o, de 0,8%, registrando 4.368 quilos por hectare. De acordo com a assessora t\u00e9cnica da\u00a0Secretaria de Estado de Agricultura, Pecu\u00e1ria e Abastecimento (Seapa)\u00a0Creuma Viana, os principais gr\u00e3os cultivados no estado s\u00e3o milho e soja, que, juntos, representam 90% do total.<\/p>\n\n\n\n<p class=\"wp-block-paragraph\">Ainda conforme o levantamento da Conab, a produ\u00e7\u00e3o total de milho no estado (1\u00aa e 2\u00aa safra) est\u00e1 estimada em 8,7 milh\u00f5es de toneladas, um valor 15,5% superior \u00e0 safra passada. O crescimento se deve \u00e0 amplia\u00e7\u00e3o de 20,5% da \u00e1rea destinada a este cultivo, devendo alcan\u00e7ar 1,4 milh\u00e3o de hectares. Ao mesmo tempo, para a produtividade \u00e9 esperada uma redu\u00e7\u00e3o de 4,1%, registrando 6.161 quilos por hectare.<\/p>\n\n\n\n<p class=\"wp-block-paragraph\">Em Minas Gerais \u00e9 cultivado o milho 1\u00aa e 2\u00aa safra, com estimativas de produ\u00e7\u00e3o de 5 milh\u00f5es e 3,7 milh\u00f5es de toneladas, respectivamente. \u201cOs pre\u00e7os do milho se mant\u00eam elevados no mercado, devido \u00e0 baixa oferta. Segundo o Indicador do milho ESALQ\/BM&amp;F\/BOVESPA, na primeira semana de maio os pre\u00e7os chegaram a patamares recordes, alcan\u00e7ando R$ 101,56 a saca de 60 quilos\u201d, detalha Creuma.<\/p>\n\n\n\n<h2 class=\"wp-block-heading\"><strong>Produ\u00e7\u00e3o recorde de soja<\/strong><\/h2>\n\n\n\n<p class=\"wp-block-paragraph\">Com a colheita j\u00e1 finalizada, a produ\u00e7\u00e3o de soja mineira alcan\u00e7ou 7 milh\u00f5es de toneladas, um recorde hist\u00f3rico com crescimento de 13,8% em rela\u00e7\u00e3o \u00e0 safra 2019\/2020. Este aumento pode ser explicado pela amplia\u00e7\u00e3o de 15,3% na \u00e1rea plantada, que totalizou 1,9 milh\u00e3o de hectares. Entretanto, a produtividade sofreu uma redu\u00e7\u00e3o de 1,3%, com 3.697 quilos por hectare.<\/p>\n\n\n\n<p class=\"wp-block-paragraph\">\u201cOs pre\u00e7os da soja no mercado nacional seguem em alta, influenciados pela alta dos pre\u00e7os internacionais e pela desvaloriza\u00e7\u00e3o do real. Segundo a Conab, em abril, no mercado internacional, houve uma eleva\u00e7\u00e3o dos pre\u00e7os do \u00f3leo de soja, devido \u00e0 forte demanda, principalmente, de biodiesel\u201d, complementa a assessora t\u00e9cnica da Seapa.<\/p>\n\n\n\n<p class=\"wp-block-paragraph\">Somente de janeiro a abril de 2021, Minas j\u00e1 exportou US$ 27,4 milh\u00f5es em \u00f3leo de soja, um crescimento de 1.232% em compara\u00e7\u00e3o ao mesmo per\u00edodo do ano passado. O volume embarcado deste produto foi de 23,5 mil toneladas, um n\u00famero 636,8% superior ao mesmo per\u00edodo de 2020.<\/p>\n\n\n\n<h2 class=\"wp-block-heading\"><strong>Outros produtos<\/strong><\/h2>\n\n\n\n<p class=\"wp-block-paragraph\">Com uma produ\u00e7\u00e3o total (1\u00aa, 2\u00aa e 3\u00aa safras) de 556 mil toneladas, o feij\u00e3o tem previs\u00e3o de crescimento de 0,1% em compara\u00e7\u00e3o \u00e0 safra 2019\/2020. O aumento ocorre apesar da redu\u00e7\u00e3o de 2,1% na \u00e1rea plantada no estado (338,5 mil hectares), uma vez que \u00e9 esperada uma eleva\u00e7\u00e3o de 0,8% na produtividade, com 1.643 quilos por hectare.<\/p>\n\n\n\n<p class=\"wp-block-paragraph\">A produ\u00e7\u00e3o de sorgo na safra 2020\/2021 deve alcan\u00e7ar 812,3 mil toneladas, um crescimento de 3,8% comparado \u00e0 safra anterior. Se confirmada a proje\u00e7\u00e3o, este ser\u00e1 um novo recorde hist\u00f3rico. A \u00e1rea plantada obteve incremento de 5,5%, devendo chegar a 211,7 mil hectares. Para a produtividade \u00e9 esperada uma redu\u00e7\u00e3o de 1,6%.<\/p>\n\n\n\n<p class=\"wp-block-paragraph\">O amendoim tem previs\u00e3o de aumento de 34,7%, com uma estimativa de produ\u00e7\u00e3o de 6,6 mil toneladas. A \u00e1rea plantada teve expans\u00e3o de 29,4%, passando de 1,7 mil hectares na safra 2019\/2020 para 2,2 mil hectares na safra 2020\/2021. A produtividade deve crescer 3,6%, alcan\u00e7ando 3.013 quilos por hectare.<\/p>\n\n\n\n<p class=\"wp-block-paragraph\">Um gr\u00e3o que apresentou previs\u00e3o de incremento de 700% foi o girassol, em uma produ\u00e7\u00e3o que dever\u00e1 atingir 1,6 mil toneladas. Este resultado se deve principalmente ao crescimento, tamb\u00e9m de 700%, na \u00e1rea destinada ao cultivo, que passou de 0,1 mil para 0,8 mil hectares. A produtividade tamb\u00e9m deve subir em 15,2%.<\/p>\n\n\n\n<p class=\"wp-block-paragraph\">Para os demais gr\u00e3os (algod\u00e3o em caro\u00e7o, arroz e trigo) a tend\u00eancia \u00e9 de queda na produ\u00e7\u00e3o em rela\u00e7\u00e3o \u00e0 safra passada. O algod\u00e3o em caro\u00e7o ter\u00e1 redu\u00e7\u00e3o de 20,8% (127,6 mil toneladas); para o arroz, a redu\u00e7\u00e3o da produ\u00e7\u00e3o ser\u00e1 de 20,7% (6,5 mil toneladas); e, para o trigo, estima-se queda de 4,4% na produ\u00e7\u00e3o (217,1 mil toneladas).<\/p>\n\n\n\n<p class=\"wp-block-paragraph\">&#8212;&#8212;&#8212;&#8212;&#8212;&#8212;<br><em>Quer receber as not\u00edcias do <strong>Aconteceu no Vale<\/strong> em primeira m\u00e3o? Siga-nos no Facebook <a rel=\"noreferrer noopener\" href=\"http:\/\/facebook.com\/aconteceunovale\" target=\"_blank\">@aconteceunovale<\/a>, Twitter <a rel=\"noreferrer noopener\" href=\"https:\/\/twitter.com\/noticiadosvales\" target=\"_blank\">@noticiadosvales<\/a> e Instagram <a rel=\"noreferrer noopener\" href=\"https:\/\/www.instagram.com\/aconteceunovale\" target=\"_blank\">@aconteceunovale<\/a>.<\/em><\/p>\n","protected":false},"excerpt":{"rendered":"<p>Minas Gerais\u00a0prev\u00ea\u00a0alta de 13,1% na safra 2020\/2021 em compara\u00e7\u00e3o com a safra anterior,\u00a0com previs\u00e3o de uma produ\u00e7\u00e3o de 17,4 milh\u00f5es de toneladas de gr\u00e3os. O n\u00famero foi divulgado no 8\u00ba Levantamento da Safra de Gr\u00e3os da Companhia Nacional de Abastecimento (Conab), na \u00faltima quarta-feira (12\/5). Al\u00e9m do volume da produ\u00e7\u00e3o, tamb\u00e9m houve aumento na \u00e1rea [&hellip;]<\/p>\n","protected":false},"author":4,"featured_media":178181,"comment_status":"open","ping_status":"closed","sticky":false,"template":"","format":"standard","meta":{"amp_status":"","footnotes":""},"categories":[123],"tags":[29827,225389,1018,26494,243001,26493,36030,242997,242996,242998,216336,243000,242999,55307,245414,222564,222562,214588],"class_list":["post-178594","post","type-post","status-publish","format-standard","has-post-thumbnail","hentry","category-gerais","tag-conab","tag-creuma-viana","tag-destaque","tag-producao-de-feijao-em-minas-gerais","tag-producao-de-girassol-em-minas-gerais","tag-producao-de-milho-em-minas-gerais","tag-producao-de-soja-em-minas-gerais","tag-producao-recorde-de-graos-em-minas-gerais","tag-recorde-na-producao-de-graos-em-minas-gerais","tag-safra-2020-2021-em-minas-gerais","tag-safra-de-feijao-em-minas-gerais","tag-safra-de-girassol-em-minas-gerais","tag-safra-de-graos-da-conab","tag-safra-de-graos-em-minas-gerais","tag-safra-de-graos-tem-estimativa-de-crescimento-de-13-em-minas-gerais","tag-safra-de-milho-em-minas-gerais","tag-safra-de-soja-em-minas-gerais","tag-seapa-mg"],"yoast_head":"<!-- This site is optimized with the Yoast SEO plugin v28.3 - https:\/\/yoast.com\/product\/yoast-seo-wordpress\/ -->\n<title>Safra de gr\u00e3os tem estimativa de crescimento de 13,1% em Minas Gerais - Aconteceu no Vale<\/title>\n<meta name=\"robots\" content=\"index, follow, max-snippet:-1, max-image-preview:large, max-video-preview:-1\" \/>\n<link rel=\"canonical\" href=\"https:\/\/aconteceunovale.com.br\/portal\/?p=178594\" \/>\n<meta property=\"og:locale\" content=\"pt_BR\" \/>\n<meta property=\"og:type\" content=\"article\" \/>\n<meta property=\"og:title\" content=\"Safra de gr\u00e3os tem estimativa de crescimento de 13,1% em Minas Gerais - Aconteceu no Vale\" \/>\n<meta property=\"og:description\" content=\"Minas Gerais\u00a0prev\u00ea\u00a0alta de 13,1% na safra 2020\/2021 em compara\u00e7\u00e3o com a safra anterior,\u00a0com previs\u00e3o de uma produ\u00e7\u00e3o de 17,4 milh\u00f5es de toneladas de gr\u00e3os. O n\u00famero foi divulgado no 8\u00ba Levantamento da Safra de Gr\u00e3os da Companhia Nacional de Abastecimento (Conab), na \u00faltima quarta-feira (12\/5). Al\u00e9m do volume da produ\u00e7\u00e3o, tamb\u00e9m houve aumento na \u00e1rea [&hellip;]\" \/>\n<meta property=\"og:url\" content=\"https:\/\/aconteceunovale.com.br\/portal\/?p=178594\" \/>\n<meta property=\"og:site_name\" content=\"Aconteceu no Vale\" \/>\n<meta property=\"article:publisher\" content=\"https:\/\/www.facebook.com\/aconteceunovale\/\" \/>\n<meta property=\"article:published_time\" content=\"2021-05-19T01:23:00+00:00\" \/>\n<meta property=\"article:modified_time\" content=\"2021-05-19T01:23:37+00:00\" \/>\n<meta property=\"og:image\" content=\"https:\/\/aconteceunovale.com.br\/portal\/wp-content\/uploads\/2021\/05\/milho_mg.jpg\" \/>\n\t<meta property=\"og:image:width\" content=\"674\" \/>\n\t<meta property=\"og:image:height\" content=\"450\" \/>\n\t<meta property=\"og:image:type\" content=\"image\/jpeg\" \/>\n<meta name=\"author\" content=\"Reda\u00e7\u00e3o Aconteceu no Vale\" \/>\n<meta name=\"twitter:card\" content=\"summary_large_image\" \/>\n<meta name=\"twitter:creator\" content=\"@noticiadosvales\" \/>\n<meta name=\"twitter:site\" content=\"@noticiadosvales\" \/>\n<meta name=\"twitter:label1\" content=\"Escrito por\" \/>\n\t<meta name=\"twitter:data1\" content=\"Reda\u00e7\u00e3o Aconteceu no Vale\" \/>\n\t<meta name=\"twitter:label2\" content=\"Est. tempo de leitura\" \/>\n\t<meta name=\"twitter:data2\" content=\"4 minutos\" \/>\n<script type=\"application\/ld+json\" class=\"yoast-schema-graph\">{\"@context\":\"https:\\\/\\\/schema.org\",\"@graph\":[{\"@type\":\"Article\",\"@id\":\"https:\\\/\\\/aconteceunovale.com.br\\\/portal\\\/?p=178594#article\",\"isPartOf\":{\"@id\":\"https:\\\/\\\/aconteceunovale.com.br\\\/portal\\\/?p=178594\"},\"author\":{\"name\":\"Reda\u00e7\u00e3o Aconteceu no Vale\",\"@id\":\"https:\\\/\\\/aconteceunovale.com.br\\\/portal\\\/#\\\/schema\\\/person\\\/7d2f26d1483f8a63de73da1ee0754d35\"},\"headline\":\"Safra de gr\u00e3os tem estimativa de crescimento de 13,1% em Minas Gerais\",\"datePublished\":\"2021-05-19T01:23:00+00:00\",\"dateModified\":\"2021-05-19T01:23:37+00:00\",\"mainEntityOfPage\":{\"@id\":\"https:\\\/\\\/aconteceunovale.com.br\\\/portal\\\/?p=178594\"},\"wordCount\":718,\"commentCount\":0,\"image\":{\"@id\":\"https:\\\/\\\/aconteceunovale.com.br\\\/portal\\\/?p=178594#primaryimage\"},\"thumbnailUrl\":\"https:\\\/\\\/aconteceunovale.com.br\\\/portal\\\/wp-content\\\/uploads\\\/2021\\\/05\\\/milho_mg.jpg\",\"keywords\":[\"Conab\",\"Creuma Viana\",\"destaque\",\"produ\u00e7\u00e3o de feij\u00e3o em minas gerais\",\"Produ\u00e7\u00e3o de girassol em Minas Gerais\",\"produ\u00e7\u00e3o de milho em minas gerais\",\"produ\u00e7\u00e3o de soja em minas gerais\",\"Produ\u00e7\u00e3o recorde de gr\u00e3os em Minas Gerais\",\"Recorde na produ\u00e7\u00e3o de gr\u00e3os em Minas Gerais\",\"Safra 2020\\\/2021 em Minas Gerais\",\"Safra de feij\u00e3o em Minas Gerais\",\"Safra de girassol em Minas Gerais\",\"Safra de Gr\u00e3os da Conab\",\"Safra de gr\u00e3os em minas gerais\",\"Safra de gr\u00e3os tem estimativa de crescimento de 13% em Minas Gerais\",\"Safra de milho em Minas Gerais\",\"Safra de soja em Minas Gerais\",\"Seapa-MG\"],\"articleSection\":[\"Minas Gerais\"],\"inLanguage\":\"pt-BR\",\"potentialAction\":[{\"@type\":\"CommentAction\",\"name\":\"Comment\",\"target\":[\"https:\\\/\\\/aconteceunovale.com.br\\\/portal\\\/?p=178594#respond\"]}]},{\"@type\":\"WebPage\",\"@id\":\"https:\\\/\\\/aconteceunovale.com.br\\\/portal\\\/?p=178594\",\"url\":\"https:\\\/\\\/aconteceunovale.com.br\\\/portal\\\/?p=178594\",\"name\":\"Safra de gr\u00e3os tem estimativa de crescimento de 13,1% em Minas Gerais - Aconteceu no Vale\",\"isPartOf\":{\"@id\":\"https:\\\/\\\/aconteceunovale.com.br\\\/portal\\\/#website\"},\"primaryImageOfPage\":{\"@id\":\"https:\\\/\\\/aconteceunovale.com.br\\\/portal\\\/?p=178594#primaryimage\"},\"image\":{\"@id\":\"https:\\\/\\\/aconteceunovale.com.br\\\/portal\\\/?p=178594#primaryimage\"},\"thumbnailUrl\":\"https:\\\/\\\/aconteceunovale.com.br\\\/portal\\\/wp-content\\\/uploads\\\/2021\\\/05\\\/milho_mg.jpg\",\"datePublished\":\"2021-05-19T01:23:00+00:00\",\"dateModified\":\"2021-05-19T01:23:37+00:00\",\"author\":{\"@id\":\"https:\\\/\\\/aconteceunovale.com.br\\\/portal\\\/#\\\/schema\\\/person\\\/7d2f26d1483f8a63de73da1ee0754d35\"},\"breadcrumb\":{\"@id\":\"https:\\\/\\\/aconteceunovale.com.br\\\/portal\\\/?p=178594#breadcrumb\"},\"inLanguage\":\"pt-BR\",\"potentialAction\":[{\"@type\":\"ReadAction\",\"target\":[\"https:\\\/\\\/aconteceunovale.com.br\\\/portal\\\/?p=178594\"]}]},{\"@type\":\"ImageObject\",\"inLanguage\":\"pt-BR\",\"@id\":\"https:\\\/\\\/aconteceunovale.com.br\\\/portal\\\/?p=178594#primaryimage\",\"url\":\"https:\\\/\\\/aconteceunovale.com.br\\\/portal\\\/wp-content\\\/uploads\\\/2021\\\/05\\\/milho_mg.jpg\",\"contentUrl\":\"https:\\\/\\\/aconteceunovale.com.br\\\/portal\\\/wp-content\\\/uploads\\\/2021\\\/05\\\/milho_mg.jpg\",\"width\":674,\"height\":450},{\"@type\":\"BreadcrumbList\",\"@id\":\"https:\\\/\\\/aconteceunovale.com.br\\\/portal\\\/?p=178594#breadcrumb\",\"itemListElement\":[{\"@type\":\"ListItem\",\"position\":1,\"name\":\"In\u00edcio\",\"item\":\"https:\\\/\\\/aconteceunovale.com.br\\\/portal\\\/\"},{\"@type\":\"ListItem\",\"position\":2,\"name\":\"Safra de gr\u00e3os tem estimativa de crescimento de 13,1% em Minas Gerais\"}]},{\"@type\":\"WebSite\",\"@id\":\"https:\\\/\\\/aconteceunovale.com.br\\\/portal\\\/#website\",\"url\":\"https:\\\/\\\/aconteceunovale.com.br\\\/portal\\\/\",\"name\":\"Aconteceu no Vale\",\"description\":\"Portal de Not\u00edcias\",\"potentialAction\":[{\"@type\":\"SearchAction\",\"target\":{\"@type\":\"EntryPoint\",\"urlTemplate\":\"https:\\\/\\\/aconteceunovale.com.br\\\/portal\\\/?s={search_term_string}\"},\"query-input\":{\"@type\":\"PropertyValueSpecification\",\"valueRequired\":true,\"valueName\":\"search_term_string\"}}],\"inLanguage\":\"pt-BR\"},{\"@type\":\"Person\",\"@id\":\"https:\\\/\\\/aconteceunovale.com.br\\\/portal\\\/#\\\/schema\\\/person\\\/7d2f26d1483f8a63de73da1ee0754d35\",\"name\":\"Reda\u00e7\u00e3o Aconteceu no Vale\",\"description\":\"Equipe de reportagem do Aconteceu no Vale, portal de not\u00edcias do Vale do Jequitinhonha, em Minas Gerais. Cobrimos as 51 cidades do Vale desde 2013. Sugest\u00f5es de pauta e pedidos de corre\u00e7\u00e3o: contato@aconteceunovale.com.br\",\"url\":\"https:\\\/\\\/aconteceunovale.com.br\\\/portal\\\/?author=4\"}]}<\/script>\n<!-- \/ Yoast SEO plugin. -->","yoast_head_json":{"title":"Safra de gr\u00e3os tem estimativa de crescimento de 13,1% em Minas Gerais - Aconteceu no Vale","robots":{"index":"index","follow":"follow","max-snippet":"max-snippet:-1","max-image-preview":"max-image-preview:large","max-video-preview":"max-video-preview:-1"},"canonical":"https:\/\/aconteceunovale.com.br\/portal\/?p=178594","og_locale":"pt_BR","og_type":"article","og_title":"Safra de gr\u00e3os tem estimativa de crescimento de 13,1% em Minas Gerais - Aconteceu no Vale","og_description":"Minas Gerais\u00a0prev\u00ea\u00a0alta de 13,1% na safra 2020\/2021 em compara\u00e7\u00e3o com a safra anterior,\u00a0com previs\u00e3o de uma produ\u00e7\u00e3o de 17,4 milh\u00f5es de toneladas de gr\u00e3os. O n\u00famero foi divulgado no 8\u00ba Levantamento da Safra de Gr\u00e3os da Companhia Nacional de Abastecimento (Conab), na \u00faltima quarta-feira (12\/5). Al\u00e9m do volume da produ\u00e7\u00e3o, tamb\u00e9m houve aumento na \u00e1rea [&hellip;]","og_url":"https:\/\/aconteceunovale.com.br\/portal\/?p=178594","og_site_name":"Aconteceu no Vale","article_publisher":"https:\/\/www.facebook.com\/aconteceunovale\/","article_published_time":"2021-05-19T01:23:00+00:00","article_modified_time":"2021-05-19T01:23:37+00:00","og_image":[{"width":674,"height":450,"url":"https:\/\/aconteceunovale.com.br\/portal\/wp-content\/uploads\/2021\/05\/milho_mg.jpg","type":"image\/jpeg"}],"author":"Reda\u00e7\u00e3o Aconteceu no Vale","twitter_card":"summary_large_image","twitter_creator":"@noticiadosvales","twitter_site":"@noticiadosvales","twitter_misc":{"Escrito por":"Reda\u00e7\u00e3o Aconteceu no Vale","Est. tempo de leitura":"4 minutos"},"schema":{"@context":"https:\/\/schema.org","@graph":[{"@type":"Article","@id":"https:\/\/aconteceunovale.com.br\/portal\/?p=178594#article","isPartOf":{"@id":"https:\/\/aconteceunovale.com.br\/portal\/?p=178594"},"author":{"name":"Reda\u00e7\u00e3o Aconteceu no Vale","@id":"https:\/\/aconteceunovale.com.br\/portal\/#\/schema\/person\/7d2f26d1483f8a63de73da1ee0754d35"},"headline":"Safra de gr\u00e3os tem estimativa de crescimento de 13,1% em Minas Gerais","datePublished":"2021-05-19T01:23:00+00:00","dateModified":"2021-05-19T01:23:37+00:00","mainEntityOfPage":{"@id":"https:\/\/aconteceunovale.com.br\/portal\/?p=178594"},"wordCount":718,"commentCount":0,"image":{"@id":"https:\/\/aconteceunovale.com.br\/portal\/?p=178594#primaryimage"},"thumbnailUrl":"https:\/\/aconteceunovale.com.br\/portal\/wp-content\/uploads\/2021\/05\/milho_mg.jpg","keywords":["Conab","Creuma Viana","destaque","produ\u00e7\u00e3o de feij\u00e3o em minas gerais","Produ\u00e7\u00e3o de girassol em Minas Gerais","produ\u00e7\u00e3o de milho em minas gerais","produ\u00e7\u00e3o de soja em minas gerais","Produ\u00e7\u00e3o recorde de gr\u00e3os em Minas Gerais","Recorde na produ\u00e7\u00e3o de gr\u00e3os em Minas Gerais","Safra 2020\/2021 em Minas Gerais","Safra de feij\u00e3o em Minas Gerais","Safra de girassol em Minas Gerais","Safra de Gr\u00e3os da Conab","Safra de gr\u00e3os em minas gerais","Safra de gr\u00e3os tem estimativa de crescimento de 13% em Minas Gerais","Safra de milho em Minas Gerais","Safra de soja em Minas Gerais","Seapa-MG"],"articleSection":["Minas Gerais"],"inLanguage":"pt-BR","potentialAction":[{"@type":"CommentAction","name":"Comment","target":["https:\/\/aconteceunovale.com.br\/portal\/?p=178594#respond"]}]},{"@type":"WebPage","@id":"https:\/\/aconteceunovale.com.br\/portal\/?p=178594","url":"https:\/\/aconteceunovale.com.br\/portal\/?p=178594","name":"Safra de gr\u00e3os tem estimativa de crescimento de 13,1% em Minas Gerais - Aconteceu no Vale","isPartOf":{"@id":"https:\/\/aconteceunovale.com.br\/portal\/#website"},"primaryImageOfPage":{"@id":"https:\/\/aconteceunovale.com.br\/portal\/?p=178594#primaryimage"},"image":{"@id":"https:\/\/aconteceunovale.com.br\/portal\/?p=178594#primaryimage"},"thumbnailUrl":"https:\/\/aconteceunovale.com.br\/portal\/wp-content\/uploads\/2021\/05\/milho_mg.jpg","datePublished":"2021-05-19T01:23:00+00:00","dateModified":"2021-05-19T01:23:37+00:00","author":{"@id":"https:\/\/aconteceunovale.com.br\/portal\/#\/schema\/person\/7d2f26d1483f8a63de73da1ee0754d35"},"breadcrumb":{"@id":"https:\/\/aconteceunovale.com.br\/portal\/?p=178594#breadcrumb"},"inLanguage":"pt-BR","potentialAction":[{"@type":"ReadAction","target":["https:\/\/aconteceunovale.com.br\/portal\/?p=178594"]}]},{"@type":"ImageObject","inLanguage":"pt-BR","@id":"https:\/\/aconteceunovale.com.br\/portal\/?p=178594#primaryimage","url":"https:\/\/aconteceunovale.com.br\/portal\/wp-content\/uploads\/2021\/05\/milho_mg.jpg","contentUrl":"https:\/\/aconteceunovale.com.br\/portal\/wp-content\/uploads\/2021\/05\/milho_mg.jpg","width":674,"height":450},{"@type":"BreadcrumbList","@id":"https:\/\/aconteceunovale.com.br\/portal\/?p=178594#breadcrumb","itemListElement":[{"@type":"ListItem","position":1,"name":"In\u00edcio","item":"https:\/\/aconteceunovale.com.br\/portal\/"},{"@type":"ListItem","position":2,"name":"Safra de gr\u00e3os tem estimativa de crescimento de 13,1% em Minas Gerais"}]},{"@type":"WebSite","@id":"https:\/\/aconteceunovale.com.br\/portal\/#website","url":"https:\/\/aconteceunovale.com.br\/portal\/","name":"Aconteceu no Vale","description":"Portal de Not\u00edcias","potentialAction":[{"@type":"SearchAction","target":{"@type":"EntryPoint","urlTemplate":"https:\/\/aconteceunovale.com.br\/portal\/?s={search_term_string}"},"query-input":{"@type":"PropertyValueSpecification","valueRequired":true,"valueName":"search_term_string"}}],"inLanguage":"pt-BR"},{"@type":"Person","@id":"https:\/\/aconteceunovale.com.br\/portal\/#\/schema\/person\/7d2f26d1483f8a63de73da1ee0754d35","name":"Reda\u00e7\u00e3o Aconteceu no Vale","description":"Equipe de reportagem do Aconteceu no Vale, portal de not\u00edcias do Vale do Jequitinhonha, em Minas Gerais. Cobrimos as 51 cidades do Vale desde 2013. Sugest\u00f5es de pauta e pedidos de corre\u00e7\u00e3o: contato@aconteceunovale.com.br","url":"https:\/\/aconteceunovale.com.br\/portal\/?author=4"}]}},"_links":{"self":[{"href":"https:\/\/aconteceunovale.com.br\/portal\/index.php?rest_route=\/wp\/v2\/posts\/178594","targetHints":{"allow":["GET"]}}],"collection":[{"href":"https:\/\/aconteceunovale.com.br\/portal\/index.php?rest_route=\/wp\/v2\/posts"}],"about":[{"href":"https:\/\/aconteceunovale.com.br\/portal\/index.php?rest_route=\/wp\/v2\/types\/post"}],"author":[{"embeddable":true,"href":"https:\/\/aconteceunovale.com.br\/portal\/index.php?rest_route=\/wp\/v2\/users\/4"}],"replies":[{"embeddable":true,"href":"https:\/\/aconteceunovale.com.br\/portal\/index.php?rest_route=%2Fwp%2Fv2%2Fcomments&post=178594"}],"version-history":[{"count":1,"href":"https:\/\/aconteceunovale.com.br\/portal\/index.php?rest_route=\/wp\/v2\/posts\/178594\/revisions"}],"predecessor-version":[{"id":178595,"href":"https:\/\/aconteceunovale.com.br\/portal\/index.php?rest_route=\/wp\/v2\/posts\/178594\/revisions\/178595"}],"wp:featuredmedia":[{"embeddable":true,"href":"https:\/\/aconteceunovale.com.br\/portal\/index.php?rest_route=\/wp\/v2\/media\/178181"}],"wp:attachment":[{"href":"https:\/\/aconteceunovale.com.br\/portal\/index.php?rest_route=%2Fwp%2Fv2%2Fmedia&parent=178594"}],"wp:term":[{"taxonomy":"category","embeddable":true,"href":"https:\/\/aconteceunovale.com.br\/portal\/index.php?rest_route=%2Fwp%2Fv2%2Fcategories&post=178594"},{"taxonomy":"post_tag","embeddable":true,"href":"https:\/\/aconteceunovale.com.br\/portal\/index.php?rest_route=%2Fwp%2Fv2%2Ftags&post=178594"}],"curies":[{"name":"wp","href":"https:\/\/api.w.org\/{rel}","templated":true}]}}