{"id":178591,"date":"2021-05-18T10:27:45","date_gmt":"2021-05-18T13:27:45","guid":{"rendered":"https:\/\/aconteceunovale.com.br\/portal\/?p=178591"},"modified":"2021-05-18T10:33:23","modified_gmt":"2021-05-18T13:33:23","slug":"sepultado-em-valadares-o-corpo-de-vitima-de-acidente-com-onibus-na-br-381","status":"publish","type":"post","link":"https:\/\/aconteceunovale.com.br\/portal\/?p=178591","title":{"rendered":"Sepultado em Valadares o corpo de v\u00edtima de acidente com \u00f4nibus na BR-381"},"content":{"rendered":"\n<p class=\"wp-block-paragraph\">Foi sepultado em Governador Valadares (MG), na tarde de segunda-feira (17\/5\/2021), o corpo do jovem Jorge Luiz Louren\u00e7o Alves, de 24 anos. Ele residia no bairro Nova Vila Bretas e morreu em um acidente com um \u00f4nibus da empresa Gontijo.<\/p>\n\n\n\n<figure class=\"wp-block-gallery columns-1 is-cropped wp-block-gallery-1 is-layout-flex wp-block-gallery-is-layout-flex\"><ul class=\"blocks-gallery-grid\"><li class=\"blocks-gallery-item\"><figure><img loading=\"lazy\" decoding=\"async\" width=\"678\" height=\"389\" src=\"https:\/\/aconteceunovale.com.br\/portal\/wp-content\/uploads\/2021\/05\/acidente_bus_gontijo_cbmmg_2.png\" alt=\"\" data-id=\"178474\" data-full-url=\"https:\/\/aconteceunovale.com.br\/portal\/wp-content\/uploads\/2021\/05\/acidente_bus_gontijo_cbmmg_2.png\" data-link=\"https:\/\/aconteceunovale.com.br\/portal\/?attachment_id=178474\" class=\"wp-image-178474\" srcset=\"https:\/\/aconteceunovale.com.br\/portal\/wp-content\/uploads\/2021\/05\/acidente_bus_gontijo_cbmmg_2.png 678w, https:\/\/aconteceunovale.com.br\/portal\/wp-content\/uploads\/2021\/05\/acidente_bus_gontijo_cbmmg_2-300x172.png 300w\" sizes=\"auto, (max-width: 678px) 100vw, 678px\" \/><figcaption class=\"blocks-gallery-item__caption\"><em>Foto: Corpo de Bombeiros \/ Divulga\u00e7\u00e3o<\/em><\/figcaption><\/figure><\/li><\/ul><\/figure>\n\n\n\n<p class=\"wp-block-paragraph\">O ve\u00edculo coletivo fazia a linha Governador Valadares\/Belo Horizonte e tombou no km 317 da rodovia, em Nova Era, na madrugada de domingo (16\/5), ap\u00f3s o condutor perder o controle da dire\u00e7\u00e3o.<\/p>\n\n\n\n<p class=\"wp-block-paragraph\">Treze passageiros e o condutor estavam no ve\u00edculo no momento do acidente. Oito deles foram levados para Nova Era com ferimentos leves, uma mulher foi socorrida ao Hospital de Jo\u00e3o Monlevade em estado grave e o passageiro Jorge Luiz veio a \u00f3bito no local.<\/p>\n\n\n\n<p class=\"wp-block-paragraph\">As causas do acidente seguem em apura\u00e7\u00e3o.<\/p>\n\n\n\n<figure class=\"wp-block-gallery columns-1 is-cropped wp-block-gallery-2 is-layout-flex wp-block-gallery-is-layout-flex\"><ul class=\"blocks-gallery-grid\"><li class=\"blocks-gallery-item\"><figure><img loading=\"lazy\" decoding=\"async\" width=\"678\" height=\"387\" src=\"https:\/\/aconteceunovale.com.br\/portal\/wp-content\/uploads\/2021\/05\/acidente_bus_gontijo_cbmmg_3.png\" alt=\"\" data-id=\"178473\" data-full-url=\"https:\/\/aconteceunovale.com.br\/portal\/wp-content\/uploads\/2021\/05\/acidente_bus_gontijo_cbmmg_3.png\" data-link=\"https:\/\/aconteceunovale.com.br\/portal\/?attachment_id=178473\" class=\"wp-image-178473\" srcset=\"https:\/\/aconteceunovale.com.br\/portal\/wp-content\/uploads\/2021\/05\/acidente_bus_gontijo_cbmmg_3.png 678w, https:\/\/aconteceunovale.com.br\/portal\/wp-content\/uploads\/2021\/05\/acidente_bus_gontijo_cbmmg_3-300x171.png 300w\" sizes=\"auto, (max-width: 678px) 100vw, 678px\" \/><figcaption class=\"blocks-gallery-item__caption\"><em>Foto: Corpo de Bombeiros \/ Divulga\u00e7\u00e3o<\/em><\/figcaption><\/figure><\/li><\/ul><\/figure>\n\n\n\n<h3 class=\"wp-block-heading\"><strong>Manifesta\u00e7\u00e3o da Gontijo<\/strong><\/h3>\n\n\n\n<p class=\"wp-block-paragraph\">Em nota, a Gontijo lamentou a ocorr\u00eancia do acidente e afirmou que deu todo o suporte para as v\u00edtimas do acidente. <em>&#8220;A empresa informa que o \u00f4nibus estava em velocidade compat\u00edvel com o permitido no trecho, e que deu todo suporte &#8211; com informa\u00e7\u00f5es e acompanhamento por chefe regional &#8211; \u00e0 fam\u00edlia do passageiro que infelizmente faleceu. Providenciou tamb\u00e9m o socorro aos outros 12 passageiros, dois dos quais est\u00e3o em observa\u00e7\u00e3o em hospitais, e os demais j\u00e1 foram liberados&#8221;<\/em>.<\/p>\n\n\n\n<p class=\"wp-block-paragraph\">A empresa tamb\u00e9m informou que trabalha com <em>&#8220;normas r\u00edgidas de seguran\u00e7a e que, ao iniciar cada viagem, pede a seus clientes que mantenham os cintos de seguran\u00e7a atados durante todo o trajeto&#8221;.<\/em><\/p>\n\n\n\n<figure class=\"wp-block-gallery columns-1 is-cropped wp-block-gallery-3 is-layout-flex wp-block-gallery-is-layout-flex\"><ul class=\"blocks-gallery-grid\"><li class=\"blocks-gallery-item\"><figure><img loading=\"lazy\" decoding=\"async\" width=\"678\" height=\"448\" src=\"https:\/\/aconteceunovale.com.br\/portal\/wp-content\/uploads\/2021\/05\/acidente_bus_gontijo_cbmmg_1.png\" alt=\"\" data-id=\"178475\" data-full-url=\"https:\/\/aconteceunovale.com.br\/portal\/wp-content\/uploads\/2021\/05\/acidente_bus_gontijo_cbmmg_1.png\" data-link=\"https:\/\/aconteceunovale.com.br\/portal\/?attachment_id=178475\" class=\"wp-image-178475\" srcset=\"https:\/\/aconteceunovale.com.br\/portal\/wp-content\/uploads\/2021\/05\/acidente_bus_gontijo_cbmmg_1.png 678w, https:\/\/aconteceunovale.com.br\/portal\/wp-content\/uploads\/2021\/05\/acidente_bus_gontijo_cbmmg_1-300x198.png 300w, https:\/\/aconteceunovale.com.br\/portal\/wp-content\/uploads\/2021\/05\/acidente_bus_gontijo_cbmmg_1-636x420.png 636w\" sizes=\"auto, (max-width: 678px) 100vw, 678px\" \/><figcaption class=\"blocks-gallery-item__caption\"><em>Foto: Corpo de Bombeiros \/ Divulga\u00e7\u00e3o<\/em><\/figcaption><\/figure><\/li><\/ul><\/figure>\n\n\n\n<p class=\"wp-block-paragraph\">&#8212;&#8212;&#8212;&#8212;&#8212;&#8212;<br><em>Quer receber as not\u00edcias do <strong>Aconteceu no Vale<\/strong> em primeira m\u00e3o? Siga-nos no Facebook <a rel=\"noreferrer noopener\" href=\"http:\/\/facebook.com\/aconteceunovale\" target=\"_blank\">@aconteceunovale<\/a>, Twitter <a rel=\"noreferrer noopener\" href=\"https:\/\/twitter.com\/noticiadosvales\" target=\"_blank\">@noticiadosvales<\/a> e Instagram <a rel=\"noreferrer noopener\" href=\"https:\/\/www.instagram.com\/aconteceunovale\" target=\"_blank\">@aconteceunovale<\/a>.<\/em><\/p>\n","protected":false},"excerpt":{"rendered":"<p>Foi sepultado em Governador Valadares (MG), na tarde de segunda-feira (17\/5\/2021), o corpo do jovem Jorge Luiz Louren\u00e7o Alves, de 24 anos. Ele residia no bairro Nova Vila Bretas e morreu em um acidente com um \u00f4nibus da empresa Gontijo. O ve\u00edculo coletivo fazia a linha Governador Valadares\/Belo Horizonte e tombou no km 317 da [&hellip;]<\/p>\n","protected":false},"author":4,"featured_media":178593,"comment_status":"open","ping_status":"closed","sticky":false,"template":"","format":"standard","meta":{"amp_status":"","footnotes":""},"categories":[121],"tags":[45636,245230,209679,25584,8237,194,1017,209677,245228,1018,247,18800,201,245413,1103,163821,245412,245229,18801],"class_list":["post-178591","post","type-post","status-publish","format-standard","has-post-thumbnail","hentry","category-leste","tag-acidente-com-onibus-da-gontijo","tag-acidente-com-onibus-da-gontijo-em-nova-era","tag-acidente-com-onibus-da-gontijo-na-br-381-2","tag-acidente-com-onibus-na-br-381","tag-acidente-na-br-381","tag-belo-horizonte","tag-bh","tag-br-381-2","tag-capotamento-de-onibus-na-br-381","tag-destaque","tag-governador-valadares","tag-gv","tag-ipatinga","tag-jorge-luiz-lourenco-alves","tag-nova-era","tag-onibus-tomba-na-br-381","tag-sepultado-em-valadares-o-corpo-de-vitima-de-acidente-com-onibus-na-br-381","tag-tombamento-de-onibus-na-br-381","tag-valadares"],"yoast_head":"<!-- This site is optimized with the Yoast SEO plugin v28.3 - https:\/\/yoast.com\/product\/yoast-seo-wordpress\/ -->\n<title>Sepultado em Valadares o corpo de v\u00edtima de acidente com \u00f4nibus na BR-381 - Aconteceu no Vale<\/title>\n<meta name=\"robots\" content=\"index, follow, max-snippet:-1, max-image-preview:large, max-video-preview:-1\" \/>\n<link rel=\"canonical\" href=\"https:\/\/aconteceunovale.com.br\/portal\/?p=178591\" \/>\n<meta property=\"og:locale\" content=\"pt_BR\" \/>\n<meta property=\"og:type\" content=\"article\" \/>\n<meta property=\"og:title\" content=\"Sepultado em Valadares o corpo de v\u00edtima de acidente com \u00f4nibus na BR-381 - Aconteceu no Vale\" \/>\n<meta property=\"og:description\" content=\"Foi sepultado em Governador Valadares (MG), na tarde de segunda-feira (17\/5\/2021), o corpo do jovem Jorge Luiz Louren\u00e7o Alves, de 24 anos. Ele residia no bairro Nova Vila Bretas e morreu em um acidente com um \u00f4nibus da empresa Gontijo. O ve\u00edculo coletivo fazia a linha Governador Valadares\/Belo Horizonte e tombou no km 317 da [&hellip;]\" \/>\n<meta property=\"og:url\" content=\"https:\/\/aconteceunovale.com.br\/portal\/?p=178591\" \/>\n<meta property=\"og:site_name\" content=\"Aconteceu no Vale\" \/>\n<meta property=\"article:publisher\" content=\"https:\/\/www.facebook.com\/aconteceunovale\/\" \/>\n<meta property=\"article:published_time\" content=\"2021-05-18T13:27:45+00:00\" \/>\n<meta property=\"article:modified_time\" content=\"2021-05-18T13:33:23+00:00\" \/>\n<meta property=\"og:image\" content=\"https:\/\/aconteceunovale.com.br\/portal\/wp-content\/uploads\/2021\/05\/acidente_bus_gontijo_cbmmg_10.png\" \/>\n\t<meta property=\"og:image:width\" content=\"678\" \/>\n\t<meta property=\"og:image:height\" content=\"389\" \/>\n\t<meta property=\"og:image:type\" content=\"image\/png\" \/>\n<meta name=\"author\" content=\"Reda\u00e7\u00e3o Aconteceu no Vale\" \/>\n<meta name=\"twitter:card\" content=\"summary_large_image\" \/>\n<meta name=\"twitter:creator\" content=\"@noticiadosvales\" \/>\n<meta name=\"twitter:site\" content=\"@noticiadosvales\" \/>\n<meta name=\"twitter:label1\" content=\"Escrito por\" \/>\n\t<meta name=\"twitter:data1\" content=\"Reda\u00e7\u00e3o Aconteceu no Vale\" \/>\n\t<meta name=\"twitter:label2\" content=\"Est. tempo de leitura\" \/>\n\t<meta name=\"twitter:data2\" content=\"1 minuto\" \/>\n<script type=\"application\/ld+json\" class=\"yoast-schema-graph\">{\"@context\":\"https:\\\/\\\/schema.org\",\"@graph\":[{\"@type\":\"Article\",\"@id\":\"https:\\\/\\\/aconteceunovale.com.br\\\/portal\\\/?p=178591#article\",\"isPartOf\":{\"@id\":\"https:\\\/\\\/aconteceunovale.com.br\\\/portal\\\/?p=178591\"},\"author\":{\"name\":\"Reda\u00e7\u00e3o Aconteceu no Vale\",\"@id\":\"https:\\\/\\\/aconteceunovale.com.br\\\/portal\\\/#\\\/schema\\\/person\\\/7d2f26d1483f8a63de73da1ee0754d35\"},\"headline\":\"Sepultado em Valadares o corpo de v\u00edtima de acidente com \u00f4nibus na BR-381\",\"datePublished\":\"2021-05-18T13:27:45+00:00\",\"dateModified\":\"2021-05-18T13:33:23+00:00\",\"mainEntityOfPage\":{\"@id\":\"https:\\\/\\\/aconteceunovale.com.br\\\/portal\\\/?p=178591\"},\"wordCount\":307,\"commentCount\":0,\"image\":{\"@id\":\"https:\\\/\\\/aconteceunovale.com.br\\\/portal\\\/?p=178591#primaryimage\"},\"thumbnailUrl\":\"https:\\\/\\\/aconteceunovale.com.br\\\/portal\\\/wp-content\\\/uploads\\\/2021\\\/05\\\/acidente_bus_gontijo_cbmmg_10.png\",\"keywords\":[\"Acidente com \u00f4nibus da Gontijo\",\"Acidente com \u00f4nibus da Gontijo em Nova Era\",\"Acidente com \u00f4nibus da Gontijo na BR-381\",\"acidente com \u00f4nibus na br 381\",\"acidente na BR-381\",\"Belo Horizonte\",\"bh\",\"BR-381\",\"Capotamento de \u00f4nibus na BR-381\",\"destaque\",\"Governador Valadares\",\"gv\",\"Ipatinga\",\"Jorge Luiz Louren\u00e7o Alves\",\"Nova Era\",\"\u00d4nibus tomba na BR-381\",\"Sepultado em Valadares o corpo de v\u00edtima de acidente com \u00f4nibus na BR-381\",\"Tombamento de \u00f4nibus na BR-381\",\"valadares\"],\"articleSection\":[\"Leste de Minas\"],\"inLanguage\":\"pt-BR\",\"potentialAction\":[{\"@type\":\"CommentAction\",\"name\":\"Comment\",\"target\":[\"https:\\\/\\\/aconteceunovale.com.br\\\/portal\\\/?p=178591#respond\"]}]},{\"@type\":\"WebPage\",\"@id\":\"https:\\\/\\\/aconteceunovale.com.br\\\/portal\\\/?p=178591\",\"url\":\"https:\\\/\\\/aconteceunovale.com.br\\\/portal\\\/?p=178591\",\"name\":\"Sepultado em Valadares o corpo de v\u00edtima de acidente com \u00f4nibus na BR-381 - Aconteceu no Vale\",\"isPartOf\":{\"@id\":\"https:\\\/\\\/aconteceunovale.com.br\\\/portal\\\/#website\"},\"primaryImageOfPage\":{\"@id\":\"https:\\\/\\\/aconteceunovale.com.br\\\/portal\\\/?p=178591#primaryimage\"},\"image\":{\"@id\":\"https:\\\/\\\/aconteceunovale.com.br\\\/portal\\\/?p=178591#primaryimage\"},\"thumbnailUrl\":\"https:\\\/\\\/aconteceunovale.com.br\\\/portal\\\/wp-content\\\/uploads\\\/2021\\\/05\\\/acidente_bus_gontijo_cbmmg_10.png\",\"datePublished\":\"2021-05-18T13:27:45+00:00\",\"dateModified\":\"2021-05-18T13:33:23+00:00\",\"author\":{\"@id\":\"https:\\\/\\\/aconteceunovale.com.br\\\/portal\\\/#\\\/schema\\\/person\\\/7d2f26d1483f8a63de73da1ee0754d35\"},\"breadcrumb\":{\"@id\":\"https:\\\/\\\/aconteceunovale.com.br\\\/portal\\\/?p=178591#breadcrumb\"},\"inLanguage\":\"pt-BR\",\"potentialAction\":[{\"@type\":\"ReadAction\",\"target\":[\"https:\\\/\\\/aconteceunovale.com.br\\\/portal\\\/?p=178591\"]}]},{\"@type\":\"ImageObject\",\"inLanguage\":\"pt-BR\",\"@id\":\"https:\\\/\\\/aconteceunovale.com.br\\\/portal\\\/?p=178591#primaryimage\",\"url\":\"https:\\\/\\\/aconteceunovale.com.br\\\/portal\\\/wp-content\\\/uploads\\\/2021\\\/05\\\/acidente_bus_gontijo_cbmmg_10.png\",\"contentUrl\":\"https:\\\/\\\/aconteceunovale.com.br\\\/portal\\\/wp-content\\\/uploads\\\/2021\\\/05\\\/acidente_bus_gontijo_cbmmg_10.png\",\"width\":678,\"height\":389},{\"@type\":\"BreadcrumbList\",\"@id\":\"https:\\\/\\\/aconteceunovale.com.br\\\/portal\\\/?p=178591#breadcrumb\",\"itemListElement\":[{\"@type\":\"ListItem\",\"position\":1,\"name\":\"In\u00edcio\",\"item\":\"https:\\\/\\\/aconteceunovale.com.br\\\/portal\\\/\"},{\"@type\":\"ListItem\",\"position\":2,\"name\":\"Sepultado em Valadares o corpo de v\u00edtima de acidente com \u00f4nibus na BR-381\"}]},{\"@type\":\"WebSite\",\"@id\":\"https:\\\/\\\/aconteceunovale.com.br\\\/portal\\\/#website\",\"url\":\"https:\\\/\\\/aconteceunovale.com.br\\\/portal\\\/\",\"name\":\"Aconteceu no Vale\",\"description\":\"Portal de Not\u00edcias\",\"potentialAction\":[{\"@type\":\"SearchAction\",\"target\":{\"@type\":\"EntryPoint\",\"urlTemplate\":\"https:\\\/\\\/aconteceunovale.com.br\\\/portal\\\/?s={search_term_string}\"},\"query-input\":{\"@type\":\"PropertyValueSpecification\",\"valueRequired\":true,\"valueName\":\"search_term_string\"}}],\"inLanguage\":\"pt-BR\"},{\"@type\":\"Person\",\"@id\":\"https:\\\/\\\/aconteceunovale.com.br\\\/portal\\\/#\\\/schema\\\/person\\\/7d2f26d1483f8a63de73da1ee0754d35\",\"name\":\"Reda\u00e7\u00e3o Aconteceu no Vale\",\"description\":\"Equipe de reportagem do Aconteceu no Vale, portal de not\u00edcias do Vale do Jequitinhonha, em Minas Gerais. Cobrimos as 51 cidades do Vale desde 2013. Sugest\u00f5es de pauta e pedidos de corre\u00e7\u00e3o: contato@aconteceunovale.com.br\",\"url\":\"https:\\\/\\\/aconteceunovale.com.br\\\/portal\\\/?author=4\"}]}<\/script>\n<!-- \/ Yoast SEO plugin. -->","yoast_head_json":{"title":"Sepultado em Valadares o corpo de v\u00edtima de acidente com \u00f4nibus na BR-381 - Aconteceu no Vale","robots":{"index":"index","follow":"follow","max-snippet":"max-snippet:-1","max-image-preview":"max-image-preview:large","max-video-preview":"max-video-preview:-1"},"canonical":"https:\/\/aconteceunovale.com.br\/portal\/?p=178591","og_locale":"pt_BR","og_type":"article","og_title":"Sepultado em Valadares o corpo de v\u00edtima de acidente com \u00f4nibus na BR-381 - Aconteceu no Vale","og_description":"Foi sepultado em Governador Valadares (MG), na tarde de segunda-feira (17\/5\/2021), o corpo do jovem Jorge Luiz Louren\u00e7o Alves, de 24 anos. Ele residia no bairro Nova Vila Bretas e morreu em um acidente com um \u00f4nibus da empresa Gontijo. O ve\u00edculo coletivo fazia a linha Governador Valadares\/Belo Horizonte e tombou no km 317 da [&hellip;]","og_url":"https:\/\/aconteceunovale.com.br\/portal\/?p=178591","og_site_name":"Aconteceu no Vale","article_publisher":"https:\/\/www.facebook.com\/aconteceunovale\/","article_published_time":"2021-05-18T13:27:45+00:00","article_modified_time":"2021-05-18T13:33:23+00:00","og_image":[{"width":678,"height":389,"url":"https:\/\/aconteceunovale.com.br\/portal\/wp-content\/uploads\/2021\/05\/acidente_bus_gontijo_cbmmg_10.png","type":"image\/png"}],"author":"Reda\u00e7\u00e3o Aconteceu no Vale","twitter_card":"summary_large_image","twitter_creator":"@noticiadosvales","twitter_site":"@noticiadosvales","twitter_misc":{"Escrito por":"Reda\u00e7\u00e3o Aconteceu no Vale","Est. tempo de leitura":"1 minuto"},"schema":{"@context":"https:\/\/schema.org","@graph":[{"@type":"Article","@id":"https:\/\/aconteceunovale.com.br\/portal\/?p=178591#article","isPartOf":{"@id":"https:\/\/aconteceunovale.com.br\/portal\/?p=178591"},"author":{"name":"Reda\u00e7\u00e3o Aconteceu no Vale","@id":"https:\/\/aconteceunovale.com.br\/portal\/#\/schema\/person\/7d2f26d1483f8a63de73da1ee0754d35"},"headline":"Sepultado em Valadares o corpo de v\u00edtima de acidente com \u00f4nibus na BR-381","datePublished":"2021-05-18T13:27:45+00:00","dateModified":"2021-05-18T13:33:23+00:00","mainEntityOfPage":{"@id":"https:\/\/aconteceunovale.com.br\/portal\/?p=178591"},"wordCount":307,"commentCount":0,"image":{"@id":"https:\/\/aconteceunovale.com.br\/portal\/?p=178591#primaryimage"},"thumbnailUrl":"https:\/\/aconteceunovale.com.br\/portal\/wp-content\/uploads\/2021\/05\/acidente_bus_gontijo_cbmmg_10.png","keywords":["Acidente com \u00f4nibus da Gontijo","Acidente com \u00f4nibus da Gontijo em Nova Era","Acidente com \u00f4nibus da Gontijo na BR-381","acidente com \u00f4nibus na br 381","acidente na BR-381","Belo Horizonte","bh","BR-381","Capotamento de \u00f4nibus na BR-381","destaque","Governador Valadares","gv","Ipatinga","Jorge Luiz Louren\u00e7o Alves","Nova Era","\u00d4nibus tomba na BR-381","Sepultado em Valadares o corpo de v\u00edtima de acidente com \u00f4nibus na BR-381","Tombamento de \u00f4nibus na BR-381","valadares"],"articleSection":["Leste de Minas"],"inLanguage":"pt-BR","potentialAction":[{"@type":"CommentAction","name":"Comment","target":["https:\/\/aconteceunovale.com.br\/portal\/?p=178591#respond"]}]},{"@type":"WebPage","@id":"https:\/\/aconteceunovale.com.br\/portal\/?p=178591","url":"https:\/\/aconteceunovale.com.br\/portal\/?p=178591","name":"Sepultado em Valadares o corpo de v\u00edtima de acidente com \u00f4nibus na BR-381 - Aconteceu no Vale","isPartOf":{"@id":"https:\/\/aconteceunovale.com.br\/portal\/#website"},"primaryImageOfPage":{"@id":"https:\/\/aconteceunovale.com.br\/portal\/?p=178591#primaryimage"},"image":{"@id":"https:\/\/aconteceunovale.com.br\/portal\/?p=178591#primaryimage"},"thumbnailUrl":"https:\/\/aconteceunovale.com.br\/portal\/wp-content\/uploads\/2021\/05\/acidente_bus_gontijo_cbmmg_10.png","datePublished":"2021-05-18T13:27:45+00:00","dateModified":"2021-05-18T13:33:23+00:00","author":{"@id":"https:\/\/aconteceunovale.com.br\/portal\/#\/schema\/person\/7d2f26d1483f8a63de73da1ee0754d35"},"breadcrumb":{"@id":"https:\/\/aconteceunovale.com.br\/portal\/?p=178591#breadcrumb"},"inLanguage":"pt-BR","potentialAction":[{"@type":"ReadAction","target":["https:\/\/aconteceunovale.com.br\/portal\/?p=178591"]}]},{"@type":"ImageObject","inLanguage":"pt-BR","@id":"https:\/\/aconteceunovale.com.br\/portal\/?p=178591#primaryimage","url":"https:\/\/aconteceunovale.com.br\/portal\/wp-content\/uploads\/2021\/05\/acidente_bus_gontijo_cbmmg_10.png","contentUrl":"https:\/\/aconteceunovale.com.br\/portal\/wp-content\/uploads\/2021\/05\/acidente_bus_gontijo_cbmmg_10.png","width":678,"height":389},{"@type":"BreadcrumbList","@id":"https:\/\/aconteceunovale.com.br\/portal\/?p=178591#breadcrumb","itemListElement":[{"@type":"ListItem","position":1,"name":"In\u00edcio","item":"https:\/\/aconteceunovale.com.br\/portal\/"},{"@type":"ListItem","position":2,"name":"Sepultado em Valadares o corpo de v\u00edtima de acidente com \u00f4nibus na BR-381"}]},{"@type":"WebSite","@id":"https:\/\/aconteceunovale.com.br\/portal\/#website","url":"https:\/\/aconteceunovale.com.br\/portal\/","name":"Aconteceu no Vale","description":"Portal de Not\u00edcias","potentialAction":[{"@type":"SearchAction","target":{"@type":"EntryPoint","urlTemplate":"https:\/\/aconteceunovale.com.br\/portal\/?s={search_term_string}"},"query-input":{"@type":"PropertyValueSpecification","valueRequired":true,"valueName":"search_term_string"}}],"inLanguage":"pt-BR"},{"@type":"Person","@id":"https:\/\/aconteceunovale.com.br\/portal\/#\/schema\/person\/7d2f26d1483f8a63de73da1ee0754d35","name":"Reda\u00e7\u00e3o Aconteceu no Vale","description":"Equipe de reportagem do Aconteceu no Vale, portal de not\u00edcias do Vale do Jequitinhonha, em Minas Gerais. Cobrimos as 51 cidades do Vale desde 2013. Sugest\u00f5es de pauta e pedidos de corre\u00e7\u00e3o: contato@aconteceunovale.com.br","url":"https:\/\/aconteceunovale.com.br\/portal\/?author=4"}]}},"_links":{"self":[{"href":"https:\/\/aconteceunovale.com.br\/portal\/index.php?rest_route=\/wp\/v2\/posts\/178591","targetHints":{"allow":["GET"]}}],"collection":[{"href":"https:\/\/aconteceunovale.com.br\/portal\/index.php?rest_route=\/wp\/v2\/posts"}],"about":[{"href":"https:\/\/aconteceunovale.com.br\/portal\/index.php?rest_route=\/wp\/v2\/types\/post"}],"author":[{"embeddable":true,"href":"https:\/\/aconteceunovale.com.br\/portal\/index.php?rest_route=\/wp\/v2\/users\/4"}],"replies":[{"embeddable":true,"href":"https:\/\/aconteceunovale.com.br\/portal\/index.php?rest_route=%2Fwp%2Fv2%2Fcomments&post=178591"}],"version-history":[{"count":1,"href":"https:\/\/aconteceunovale.com.br\/portal\/index.php?rest_route=\/wp\/v2\/posts\/178591\/revisions"}],"predecessor-version":[{"id":178592,"href":"https:\/\/aconteceunovale.com.br\/portal\/index.php?rest_route=\/wp\/v2\/posts\/178591\/revisions\/178592"}],"wp:featuredmedia":[{"embeddable":true,"href":"https:\/\/aconteceunovale.com.br\/portal\/index.php?rest_route=\/wp\/v2\/media\/178593"}],"wp:attachment":[{"href":"https:\/\/aconteceunovale.com.br\/portal\/index.php?rest_route=%2Fwp%2Fv2%2Fmedia&parent=178591"}],"wp:term":[{"taxonomy":"category","embeddable":true,"href":"https:\/\/aconteceunovale.com.br\/portal\/index.php?rest_route=%2Fwp%2Fv2%2Fcategories&post=178591"},{"taxonomy":"post_tag","embeddable":true,"href":"https:\/\/aconteceunovale.com.br\/portal\/index.php?rest_route=%2Fwp%2Fv2%2Ftags&post=178591"}],"curies":[{"name":"wp","href":"https:\/\/api.w.org\/{rel}","templated":true}]}}