{"id":178566,"date":"2021-05-17T21:12:05","date_gmt":"2021-05-18T00:12:05","guid":{"rendered":"https:\/\/aconteceunovale.com.br\/portal\/?p=178566"},"modified":"2021-05-17T21:13:52","modified_gmt":"2021-05-18T00:13:52","slug":"suspeitos-de-executar-empresario-no-norte-do-brasil-sao-presos-em-minas-gerais","status":"publish","type":"post","link":"https:\/\/aconteceunovale.com.br\/portal\/?p=178566","title":{"rendered":"Suspeitos de executar empres\u00e1rio no Norte do Brasil s\u00e3o presos em Minas Gerais"},"content":{"rendered":"\n<p class=\"wp-block-paragraph\">A Pol\u00edcia Civil (PCMG) e o Minist\u00e9rio P\u00fablico de Minas Gerais (MPMG), em apoio \u00e0 Pol\u00edcia Civil do Tocantins, participaram de uma a\u00e7\u00e3o conjunta, na manh\u00e3 desta segunda-feira (17\/5\/2021), que resultou na pris\u00e3o de dois homens suspeitos de tentar executar uma fam\u00edlia de ciganos na cidade de Para\u00edso do Tocantins. As pris\u00f5es fazem parte da opera\u00e7\u00e3o Gipsy Kings, deflagrada nos estados do Par\u00e1 e Minas Gerais, para cumprimento de tr\u00eas mandados de pris\u00f5es preventivas e de busca e apreens\u00e3o.<\/p>\n\n\n\n<figure class=\"wp-block-gallery columns-1 is-cropped wp-block-gallery-1 is-layout-flex wp-block-gallery-is-layout-flex\"><ul class=\"blocks-gallery-grid\"><li class=\"blocks-gallery-item\"><figure><img loading=\"lazy\" decoding=\"async\" width=\"650\" height=\"430\" src=\"https:\/\/aconteceunovale.com.br\/portal\/wp-content\/uploads\/2021\/05\/preso_mg_to.jpeg\" alt=\"\" data-id=\"178567\" data-full-url=\"https:\/\/aconteceunovale.com.br\/portal\/wp-content\/uploads\/2021\/05\/preso_mg_to.jpeg\" data-link=\"https:\/\/aconteceunovale.com.br\/portal\/?attachment_id=178567\" class=\"wp-image-178567\" srcset=\"https:\/\/aconteceunovale.com.br\/portal\/wp-content\/uploads\/2021\/05\/preso_mg_to.jpeg 650w, https:\/\/aconteceunovale.com.br\/portal\/wp-content\/uploads\/2021\/05\/preso_mg_to-300x198.jpeg 300w, https:\/\/aconteceunovale.com.br\/portal\/wp-content\/uploads\/2021\/05\/preso_mg_to-635x420.jpeg 635w\" sizes=\"auto, (max-width: 650px) 100vw, 650px\" \/><figcaption class=\"blocks-gallery-item__caption\"><em>Armas apreendidas em Minas &#8211; Foto: Divulga\u00e7\u00e3o\/PCMG<\/em><\/figcaption><\/figure><\/li><\/ul><\/figure>\n\n\n\n<p class=\"wp-block-paragraph\">Conforme apurado, os homens presos s\u00e3o o suposto mandante e o intermedi\u00e1rio do crime. Eles foram localizados nas cidades de Erv\u00e1lia e Aimor\u00e9s, em Minas Gerais. No curso das investiga\u00e7\u00f5es, realizadas em parceria com o Grupo de Atua\u00e7\u00e3o Especial de Repress\u00e3o ao Crime Organizado (Gaeco-MG), foi identificado que o intermedi\u00e1rio do crime preso em Aimor\u00e9s \u00e9 suspeito de integrar um grupo criminoso especializado em homic\u00eddios cometidos a mando.<\/p>\n\n\n\n<p class=\"wp-block-paragraph\">Um terceiro suspeito, outro pistoleiro que deu suporte \u00e0 fuga do principal executor do crime, \u00e9 procurado pela pol\u00edcia. A equipe policial compareceu \u00e0 casa do indiv\u00edduo, em Altamira (PA), mas ele n\u00e3o foi localizado. No entanto, o ve\u00edculo utilizado no dia do crime foi apreendido.<\/p>\n\n\n\n<p class=\"wp-block-paragraph\">A a\u00e7\u00e3o conjunta realizada hoje foi conduzida pela 6\u00aa Divis\u00e3o Especializada de Repress\u00e3o ao Crime Organizado (Deic &#8211; Para\u00edso do Tocantins), com o apoio das Pol\u00edcias Civil e Militar do Par\u00e1, do Gaeco de Governador Valadares e da Zona da Mata e das pol\u00edcias Civil e Militar de Minas Gerais.<\/p>\n\n\n\n<figure class=\"wp-block-gallery columns-1 is-cropped wp-block-gallery-2 is-layout-flex wp-block-gallery-is-layout-flex\"><ul class=\"blocks-gallery-grid\"><li class=\"blocks-gallery-item\"><figure><img loading=\"lazy\" decoding=\"async\" width=\"678\" height=\"419\" src=\"https:\/\/aconteceunovale.com.br\/portal\/wp-content\/uploads\/2021\/05\/preso_mg_to_2.jpg\" alt=\"\" data-id=\"178568\" data-link=\"https:\/\/aconteceunovale.com.br\/portal\/?attachment_id=178568\" class=\"wp-image-178568\" srcset=\"https:\/\/aconteceunovale.com.br\/portal\/wp-content\/uploads\/2021\/05\/preso_mg_to_2.jpg 678w, https:\/\/aconteceunovale.com.br\/portal\/wp-content\/uploads\/2021\/05\/preso_mg_to_2-300x185.jpg 300w, https:\/\/aconteceunovale.com.br\/portal\/wp-content\/uploads\/2021\/05\/preso_mg_to_2-356x220.jpg 356w\" sizes=\"auto, (max-width: 678px) 100vw, 678px\" \/><figcaption class=\"blocks-gallery-item__caption\"><em>Carro apreendido em Altamira &#8211; Foto: Divulga\u00e7\u00e3o \/ Governo do Tocantins<\/em><\/figcaption><\/figure><\/li><li class=\"blocks-gallery-item\"><figure><img loading=\"lazy\" decoding=\"async\" width=\"565\" height=\"349\" src=\"https:\/\/aconteceunovale.com.br\/portal\/wp-content\/uploads\/2021\/05\/preso_mg_to_1.jpg\" alt=\"\" data-id=\"178569\" data-full-url=\"https:\/\/aconteceunovale.com.br\/portal\/wp-content\/uploads\/2021\/05\/preso_mg_to_1.jpg\" data-link=\"https:\/\/aconteceunovale.com.br\/portal\/?attachment_id=178569\" class=\"wp-image-178569\" srcset=\"https:\/\/aconteceunovale.com.br\/portal\/wp-content\/uploads\/2021\/05\/preso_mg_to_1.jpg 565w, https:\/\/aconteceunovale.com.br\/portal\/wp-content\/uploads\/2021\/05\/preso_mg_to_1-300x185.jpg 300w, https:\/\/aconteceunovale.com.br\/portal\/wp-content\/uploads\/2021\/05\/preso_mg_to_1-356x220.jpg 356w\" sizes=\"auto, (max-width: 565px) 100vw, 565px\" \/><figcaption class=\"blocks-gallery-item__caption\"><em>Arma apreendida em Minas &#8211; Foto: Divulga\u00e7\u00e3o \/ Governo do Tocantins<\/em><\/figcaption><\/figure><\/li><\/ul><\/figure>\n\n\n\n<h2 class=\"wp-block-heading\"><strong>O crime<\/strong><\/h2>\n\n\n\n<p class=\"wp-block-paragraph\">De acordo com o delegado respons\u00e1vel pelo caso, no dia 8 de fevereiro deste ano, dois homens chegaram \u00e0 casa de uma fam\u00edlia de ciganos, na cidade de Para\u00edso do Tocantins, e efetuaram disparos de arma de fogo. Um homem, que seria o pai da fam\u00edlia, foi atingido e morreu. Os dois enteados tentaram prestar socorro \u00e0 v\u00edtima e tamb\u00e9m foram atingidos, mas receberam atendimento m\u00e9dico e sobreviveram.<\/p>\n\n\n\n<p class=\"wp-block-paragraph\">As investiga\u00e7\u00f5es apontaram que a v\u00edtima fatal teria mantido um relacionamento amoroso com a esposa do mandante do crime, motivando o ocorrido.<\/p>\n\n\n\n<p class=\"wp-block-paragraph\">Na manh\u00e3 de hoje, o mandante do crime foi preso em flagrante delito pelo crime de posse de arma de fogo na cidade de Erv\u00e1lia, na Zona da Mata mineira. Em Altamira, a pol\u00edcia encontrou armas de fogo e diversas muni\u00e7\u00f5es.<\/p>\n\n\n\n<p class=\"wp-block-paragraph\">&#8212;&#8212;&#8212;&#8212;&#8212;&#8212;<br><em>Quer receber as not\u00edcias do <strong>Aconteceu no Vale<\/strong> em primeira m\u00e3o? Siga-nos no Facebook <a rel=\"noreferrer noopener\" href=\"http:\/\/facebook.com\/aconteceunovale\" target=\"_blank\">@aconteceunovale<\/a>, Twitter <a rel=\"noreferrer noopener\" href=\"https:\/\/twitter.com\/noticiadosvales\" target=\"_blank\">@noticiadosvales<\/a> e Instagram <a rel=\"noreferrer noopener\" href=\"https:\/\/www.instagram.com\/aconteceunovale\" target=\"_blank\">@aconteceunovale<\/a>.<\/em><\/p>\n","protected":false},"excerpt":{"rendered":"<p>A Pol\u00edcia Civil (PCMG) e o Minist\u00e9rio P\u00fablico de Minas Gerais (MPMG), em apoio \u00e0 Pol\u00edcia Civil do Tocantins, participaram de uma a\u00e7\u00e3o conjunta, na manh\u00e3 desta segunda-feira (17\/5\/2021), que resultou na pris\u00e3o de dois homens suspeitos de tentar executar uma fam\u00edlia de ciganos na cidade de Para\u00edso do Tocantins. As pris\u00f5es fazem parte da [&hellip;]<\/p>\n","protected":false},"author":4,"featured_media":178568,"comment_status":"open","ping_status":"closed","sticky":false,"template":"","format":"standard","meta":{"amp_status":"","footnotes":""},"categories":[6,121,123],"tags":[44109,245370,95303,224208,131,19675,15362,245367,604,245369,245368,38187,245366,95810,245365,245364,245371,1577],"class_list":["post-178566","post","type-post","status-publish","format-standard","has-post-thumbnail","hentry","category-br","category-leste","category-gerais","tag-altamira","tag-deic-de-paraiso-do-tocantins","tag-gaeco-de-governador-valadares","tag-gaeco-mg","tag-minas-gerais","tag-mpmg","tag-para","tag-paraiso-do-tocantins","tag-pcmg","tag-pistoleiro-preso-em-aimores","tag-pistoleiro-preso-em-ervalia","tag-pmmg","tag-policia-civil-do-tocantins","tag-policia-militar-do-para","tag-suspeitos-de-executar-empresario-em-paraiso-do-tocantins-sao-presos-em-minas-gerais","tag-suspeitos-de-executar-empresario-no-norte-do-brasil-sao-presos-em-minas-gerais","tag-suspeitos-de-matar-cigano-em-paraiso-do-tocantins","tag-tocantins"],"yoast_head":"<!-- This site is optimized with the Yoast SEO plugin v28.3 - https:\/\/yoast.com\/product\/yoast-seo-wordpress\/ -->\n<title>Suspeitos de executar empres\u00e1rio no Norte do Brasil s\u00e3o presos em Minas Gerais - Aconteceu no Vale<\/title>\n<meta name=\"robots\" content=\"index, follow, max-snippet:-1, max-image-preview:large, max-video-preview:-1\" \/>\n<link rel=\"canonical\" href=\"https:\/\/aconteceunovale.com.br\/portal\/?p=178566\" \/>\n<meta property=\"og:locale\" content=\"pt_BR\" \/>\n<meta property=\"og:type\" content=\"article\" \/>\n<meta property=\"og:title\" content=\"Suspeitos de executar empres\u00e1rio no Norte do Brasil s\u00e3o presos em Minas Gerais - Aconteceu no Vale\" \/>\n<meta property=\"og:description\" content=\"A Pol\u00edcia Civil (PCMG) e o Minist\u00e9rio P\u00fablico de Minas Gerais (MPMG), em apoio \u00e0 Pol\u00edcia Civil do Tocantins, participaram de uma a\u00e7\u00e3o conjunta, na manh\u00e3 desta segunda-feira (17\/5\/2021), que resultou na pris\u00e3o de dois homens suspeitos de tentar executar uma fam\u00edlia de ciganos na cidade de Para\u00edso do Tocantins. As pris\u00f5es fazem parte da [&hellip;]\" \/>\n<meta property=\"og:url\" content=\"https:\/\/aconteceunovale.com.br\/portal\/?p=178566\" \/>\n<meta property=\"og:site_name\" content=\"Aconteceu no Vale\" \/>\n<meta property=\"article:publisher\" content=\"https:\/\/www.facebook.com\/aconteceunovale\/\" \/>\n<meta property=\"article:published_time\" content=\"2021-05-18T00:12:05+00:00\" \/>\n<meta property=\"article:modified_time\" content=\"2021-05-18T00:13:52+00:00\" \/>\n<meta property=\"og:image\" content=\"https:\/\/aconteceunovale.com.br\/portal\/wp-content\/uploads\/2021\/05\/preso_mg_to_2.jpg\" \/>\n\t<meta property=\"og:image:width\" content=\"678\" \/>\n\t<meta property=\"og:image:height\" content=\"419\" \/>\n\t<meta property=\"og:image:type\" content=\"image\/jpeg\" \/>\n<meta name=\"author\" content=\"Reda\u00e7\u00e3o Aconteceu no Vale\" \/>\n<meta name=\"twitter:card\" content=\"summary_large_image\" \/>\n<meta name=\"twitter:creator\" content=\"@noticiadosvales\" \/>\n<meta name=\"twitter:site\" content=\"@noticiadosvales\" \/>\n<meta name=\"twitter:label1\" content=\"Escrito por\" \/>\n\t<meta name=\"twitter:data1\" content=\"Reda\u00e7\u00e3o Aconteceu no Vale\" \/>\n\t<meta name=\"twitter:label2\" content=\"Est. tempo de leitura\" \/>\n\t<meta name=\"twitter:data2\" content=\"2 minutos\" \/>\n<script type=\"application\/ld+json\" class=\"yoast-schema-graph\">{\"@context\":\"https:\\\/\\\/schema.org\",\"@graph\":[{\"@type\":\"Article\",\"@id\":\"https:\\\/\\\/aconteceunovale.com.br\\\/portal\\\/?p=178566#article\",\"isPartOf\":{\"@id\":\"https:\\\/\\\/aconteceunovale.com.br\\\/portal\\\/?p=178566\"},\"author\":{\"name\":\"Reda\u00e7\u00e3o Aconteceu no Vale\",\"@id\":\"https:\\\/\\\/aconteceunovale.com.br\\\/portal\\\/#\\\/schema\\\/person\\\/7d2f26d1483f8a63de73da1ee0754d35\"},\"headline\":\"Suspeitos de executar empres\u00e1rio no Norte do Brasil s\u00e3o presos em Minas Gerais\",\"datePublished\":\"2021-05-18T00:12:05+00:00\",\"dateModified\":\"2021-05-18T00:13:52+00:00\",\"mainEntityOfPage\":{\"@id\":\"https:\\\/\\\/aconteceunovale.com.br\\\/portal\\\/?p=178566\"},\"wordCount\":480,\"commentCount\":0,\"image\":{\"@id\":\"https:\\\/\\\/aconteceunovale.com.br\\\/portal\\\/?p=178566#primaryimage\"},\"thumbnailUrl\":\"https:\\\/\\\/aconteceunovale.com.br\\\/portal\\\/wp-content\\\/uploads\\\/2021\\\/05\\\/preso_mg_to_2.jpg\",\"keywords\":[\"Altamira\",\"Deic de Para\u00edso do Tocantins\",\"Gaeco de Governador Valadares\",\"Gaeco-MG\",\"Minas Gerais\",\"MPMG\",\"Par\u00e1\",\"Para\u00edso do Tocantins\",\"PCMG\",\"Pistoleiro preso em Aimor\u00e9s\",\"Pistoleiro preso em Erv\u00e1lia\",\"PMMG\",\"Pol\u00edcia Civil do Tocantins\",\"Pol\u00edcia Militar do Par\u00e1\",\"Suspeitos de executar empres\u00e1rio em Para\u00edso do Tocantins s\u00e3o presos em Minas Gerais\",\"Suspeitos de executar empres\u00e1rio no Norte do Brasil s\u00e3o presos em Minas Gerais\",\"Suspeitos de matar cigano em Para\u00edso do Tocantins\",\"Tocantins\"],\"articleSection\":[\"Brasil\",\"Leste de Minas\",\"Minas Gerais\"],\"inLanguage\":\"pt-BR\",\"potentialAction\":[{\"@type\":\"CommentAction\",\"name\":\"Comment\",\"target\":[\"https:\\\/\\\/aconteceunovale.com.br\\\/portal\\\/?p=178566#respond\"]}]},{\"@type\":\"WebPage\",\"@id\":\"https:\\\/\\\/aconteceunovale.com.br\\\/portal\\\/?p=178566\",\"url\":\"https:\\\/\\\/aconteceunovale.com.br\\\/portal\\\/?p=178566\",\"name\":\"Suspeitos de executar empres\u00e1rio no Norte do Brasil s\u00e3o presos em Minas Gerais - Aconteceu no Vale\",\"isPartOf\":{\"@id\":\"https:\\\/\\\/aconteceunovale.com.br\\\/portal\\\/#website\"},\"primaryImageOfPage\":{\"@id\":\"https:\\\/\\\/aconteceunovale.com.br\\\/portal\\\/?p=178566#primaryimage\"},\"image\":{\"@id\":\"https:\\\/\\\/aconteceunovale.com.br\\\/portal\\\/?p=178566#primaryimage\"},\"thumbnailUrl\":\"https:\\\/\\\/aconteceunovale.com.br\\\/portal\\\/wp-content\\\/uploads\\\/2021\\\/05\\\/preso_mg_to_2.jpg\",\"datePublished\":\"2021-05-18T00:12:05+00:00\",\"dateModified\":\"2021-05-18T00:13:52+00:00\",\"author\":{\"@id\":\"https:\\\/\\\/aconteceunovale.com.br\\\/portal\\\/#\\\/schema\\\/person\\\/7d2f26d1483f8a63de73da1ee0754d35\"},\"breadcrumb\":{\"@id\":\"https:\\\/\\\/aconteceunovale.com.br\\\/portal\\\/?p=178566#breadcrumb\"},\"inLanguage\":\"pt-BR\",\"potentialAction\":[{\"@type\":\"ReadAction\",\"target\":[\"https:\\\/\\\/aconteceunovale.com.br\\\/portal\\\/?p=178566\"]}]},{\"@type\":\"ImageObject\",\"inLanguage\":\"pt-BR\",\"@id\":\"https:\\\/\\\/aconteceunovale.com.br\\\/portal\\\/?p=178566#primaryimage\",\"url\":\"https:\\\/\\\/aconteceunovale.com.br\\\/portal\\\/wp-content\\\/uploads\\\/2021\\\/05\\\/preso_mg_to_2.jpg\",\"contentUrl\":\"https:\\\/\\\/aconteceunovale.com.br\\\/portal\\\/wp-content\\\/uploads\\\/2021\\\/05\\\/preso_mg_to_2.jpg\",\"width\":678,\"height\":419},{\"@type\":\"BreadcrumbList\",\"@id\":\"https:\\\/\\\/aconteceunovale.com.br\\\/portal\\\/?p=178566#breadcrumb\",\"itemListElement\":[{\"@type\":\"ListItem\",\"position\":1,\"name\":\"In\u00edcio\",\"item\":\"https:\\\/\\\/aconteceunovale.com.br\\\/portal\\\/\"},{\"@type\":\"ListItem\",\"position\":2,\"name\":\"Suspeitos de executar empres\u00e1rio no Norte do Brasil s\u00e3o presos em Minas Gerais\"}]},{\"@type\":\"WebSite\",\"@id\":\"https:\\\/\\\/aconteceunovale.com.br\\\/portal\\\/#website\",\"url\":\"https:\\\/\\\/aconteceunovale.com.br\\\/portal\\\/\",\"name\":\"Aconteceu no Vale\",\"description\":\"Portal de Not\u00edcias\",\"potentialAction\":[{\"@type\":\"SearchAction\",\"target\":{\"@type\":\"EntryPoint\",\"urlTemplate\":\"https:\\\/\\\/aconteceunovale.com.br\\\/portal\\\/?s={search_term_string}\"},\"query-input\":{\"@type\":\"PropertyValueSpecification\",\"valueRequired\":true,\"valueName\":\"search_term_string\"}}],\"inLanguage\":\"pt-BR\"},{\"@type\":\"Person\",\"@id\":\"https:\\\/\\\/aconteceunovale.com.br\\\/portal\\\/#\\\/schema\\\/person\\\/7d2f26d1483f8a63de73da1ee0754d35\",\"name\":\"Reda\u00e7\u00e3o Aconteceu no Vale\",\"description\":\"Equipe de reportagem do Aconteceu no Vale, portal de not\u00edcias do Vale do Jequitinhonha, em Minas Gerais. Cobrimos as 51 cidades do Vale desde 2013. Sugest\u00f5es de pauta e pedidos de corre\u00e7\u00e3o: contato@aconteceunovale.com.br\",\"url\":\"https:\\\/\\\/aconteceunovale.com.br\\\/portal\\\/?author=4\"}]}<\/script>\n<!-- \/ Yoast SEO plugin. -->","yoast_head_json":{"title":"Suspeitos de executar empres\u00e1rio no Norte do Brasil s\u00e3o presos em Minas Gerais - Aconteceu no Vale","robots":{"index":"index","follow":"follow","max-snippet":"max-snippet:-1","max-image-preview":"max-image-preview:large","max-video-preview":"max-video-preview:-1"},"canonical":"https:\/\/aconteceunovale.com.br\/portal\/?p=178566","og_locale":"pt_BR","og_type":"article","og_title":"Suspeitos de executar empres\u00e1rio no Norte do Brasil s\u00e3o presos em Minas Gerais - Aconteceu no Vale","og_description":"A Pol\u00edcia Civil (PCMG) e o Minist\u00e9rio P\u00fablico de Minas Gerais (MPMG), em apoio \u00e0 Pol\u00edcia Civil do Tocantins, participaram de uma a\u00e7\u00e3o conjunta, na manh\u00e3 desta segunda-feira (17\/5\/2021), que resultou na pris\u00e3o de dois homens suspeitos de tentar executar uma fam\u00edlia de ciganos na cidade de Para\u00edso do Tocantins. As pris\u00f5es fazem parte da [&hellip;]","og_url":"https:\/\/aconteceunovale.com.br\/portal\/?p=178566","og_site_name":"Aconteceu no Vale","article_publisher":"https:\/\/www.facebook.com\/aconteceunovale\/","article_published_time":"2021-05-18T00:12:05+00:00","article_modified_time":"2021-05-18T00:13:52+00:00","og_image":[{"width":678,"height":419,"url":"https:\/\/aconteceunovale.com.br\/portal\/wp-content\/uploads\/2021\/05\/preso_mg_to_2.jpg","type":"image\/jpeg"}],"author":"Reda\u00e7\u00e3o Aconteceu no Vale","twitter_card":"summary_large_image","twitter_creator":"@noticiadosvales","twitter_site":"@noticiadosvales","twitter_misc":{"Escrito por":"Reda\u00e7\u00e3o Aconteceu no Vale","Est. tempo de leitura":"2 minutos"},"schema":{"@context":"https:\/\/schema.org","@graph":[{"@type":"Article","@id":"https:\/\/aconteceunovale.com.br\/portal\/?p=178566#article","isPartOf":{"@id":"https:\/\/aconteceunovale.com.br\/portal\/?p=178566"},"author":{"name":"Reda\u00e7\u00e3o Aconteceu no Vale","@id":"https:\/\/aconteceunovale.com.br\/portal\/#\/schema\/person\/7d2f26d1483f8a63de73da1ee0754d35"},"headline":"Suspeitos de executar empres\u00e1rio no Norte do Brasil s\u00e3o presos em Minas Gerais","datePublished":"2021-05-18T00:12:05+00:00","dateModified":"2021-05-18T00:13:52+00:00","mainEntityOfPage":{"@id":"https:\/\/aconteceunovale.com.br\/portal\/?p=178566"},"wordCount":480,"commentCount":0,"image":{"@id":"https:\/\/aconteceunovale.com.br\/portal\/?p=178566#primaryimage"},"thumbnailUrl":"https:\/\/aconteceunovale.com.br\/portal\/wp-content\/uploads\/2021\/05\/preso_mg_to_2.jpg","keywords":["Altamira","Deic de Para\u00edso do Tocantins","Gaeco de Governador Valadares","Gaeco-MG","Minas Gerais","MPMG","Par\u00e1","Para\u00edso do Tocantins","PCMG","Pistoleiro preso em Aimor\u00e9s","Pistoleiro preso em Erv\u00e1lia","PMMG","Pol\u00edcia Civil do Tocantins","Pol\u00edcia Militar do Par\u00e1","Suspeitos de executar empres\u00e1rio em Para\u00edso do Tocantins s\u00e3o presos em Minas Gerais","Suspeitos de executar empres\u00e1rio no Norte do Brasil s\u00e3o presos em Minas Gerais","Suspeitos de matar cigano em Para\u00edso do Tocantins","Tocantins"],"articleSection":["Brasil","Leste de Minas","Minas Gerais"],"inLanguage":"pt-BR","potentialAction":[{"@type":"CommentAction","name":"Comment","target":["https:\/\/aconteceunovale.com.br\/portal\/?p=178566#respond"]}]},{"@type":"WebPage","@id":"https:\/\/aconteceunovale.com.br\/portal\/?p=178566","url":"https:\/\/aconteceunovale.com.br\/portal\/?p=178566","name":"Suspeitos de executar empres\u00e1rio no Norte do Brasil s\u00e3o presos em Minas Gerais - Aconteceu no Vale","isPartOf":{"@id":"https:\/\/aconteceunovale.com.br\/portal\/#website"},"primaryImageOfPage":{"@id":"https:\/\/aconteceunovale.com.br\/portal\/?p=178566#primaryimage"},"image":{"@id":"https:\/\/aconteceunovale.com.br\/portal\/?p=178566#primaryimage"},"thumbnailUrl":"https:\/\/aconteceunovale.com.br\/portal\/wp-content\/uploads\/2021\/05\/preso_mg_to_2.jpg","datePublished":"2021-05-18T00:12:05+00:00","dateModified":"2021-05-18T00:13:52+00:00","author":{"@id":"https:\/\/aconteceunovale.com.br\/portal\/#\/schema\/person\/7d2f26d1483f8a63de73da1ee0754d35"},"breadcrumb":{"@id":"https:\/\/aconteceunovale.com.br\/portal\/?p=178566#breadcrumb"},"inLanguage":"pt-BR","potentialAction":[{"@type":"ReadAction","target":["https:\/\/aconteceunovale.com.br\/portal\/?p=178566"]}]},{"@type":"ImageObject","inLanguage":"pt-BR","@id":"https:\/\/aconteceunovale.com.br\/portal\/?p=178566#primaryimage","url":"https:\/\/aconteceunovale.com.br\/portal\/wp-content\/uploads\/2021\/05\/preso_mg_to_2.jpg","contentUrl":"https:\/\/aconteceunovale.com.br\/portal\/wp-content\/uploads\/2021\/05\/preso_mg_to_2.jpg","width":678,"height":419},{"@type":"BreadcrumbList","@id":"https:\/\/aconteceunovale.com.br\/portal\/?p=178566#breadcrumb","itemListElement":[{"@type":"ListItem","position":1,"name":"In\u00edcio","item":"https:\/\/aconteceunovale.com.br\/portal\/"},{"@type":"ListItem","position":2,"name":"Suspeitos de executar empres\u00e1rio no Norte do Brasil s\u00e3o presos em Minas Gerais"}]},{"@type":"WebSite","@id":"https:\/\/aconteceunovale.com.br\/portal\/#website","url":"https:\/\/aconteceunovale.com.br\/portal\/","name":"Aconteceu no Vale","description":"Portal de Not\u00edcias","potentialAction":[{"@type":"SearchAction","target":{"@type":"EntryPoint","urlTemplate":"https:\/\/aconteceunovale.com.br\/portal\/?s={search_term_string}"},"query-input":{"@type":"PropertyValueSpecification","valueRequired":true,"valueName":"search_term_string"}}],"inLanguage":"pt-BR"},{"@type":"Person","@id":"https:\/\/aconteceunovale.com.br\/portal\/#\/schema\/person\/7d2f26d1483f8a63de73da1ee0754d35","name":"Reda\u00e7\u00e3o Aconteceu no Vale","description":"Equipe de reportagem do Aconteceu no Vale, portal de not\u00edcias do Vale do Jequitinhonha, em Minas Gerais. Cobrimos as 51 cidades do Vale desde 2013. Sugest\u00f5es de pauta e pedidos de corre\u00e7\u00e3o: contato@aconteceunovale.com.br","url":"https:\/\/aconteceunovale.com.br\/portal\/?author=4"}]}},"_links":{"self":[{"href":"https:\/\/aconteceunovale.com.br\/portal\/index.php?rest_route=\/wp\/v2\/posts\/178566","targetHints":{"allow":["GET"]}}],"collection":[{"href":"https:\/\/aconteceunovale.com.br\/portal\/index.php?rest_route=\/wp\/v2\/posts"}],"about":[{"href":"https:\/\/aconteceunovale.com.br\/portal\/index.php?rest_route=\/wp\/v2\/types\/post"}],"author":[{"embeddable":true,"href":"https:\/\/aconteceunovale.com.br\/portal\/index.php?rest_route=\/wp\/v2\/users\/4"}],"replies":[{"embeddable":true,"href":"https:\/\/aconteceunovale.com.br\/portal\/index.php?rest_route=%2Fwp%2Fv2%2Fcomments&post=178566"}],"version-history":[{"count":1,"href":"https:\/\/aconteceunovale.com.br\/portal\/index.php?rest_route=\/wp\/v2\/posts\/178566\/revisions"}],"predecessor-version":[{"id":178570,"href":"https:\/\/aconteceunovale.com.br\/portal\/index.php?rest_route=\/wp\/v2\/posts\/178566\/revisions\/178570"}],"wp:featuredmedia":[{"embeddable":true,"href":"https:\/\/aconteceunovale.com.br\/portal\/index.php?rest_route=\/wp\/v2\/media\/178568"}],"wp:attachment":[{"href":"https:\/\/aconteceunovale.com.br\/portal\/index.php?rest_route=%2Fwp%2Fv2%2Fmedia&parent=178566"}],"wp:term":[{"taxonomy":"category","embeddable":true,"href":"https:\/\/aconteceunovale.com.br\/portal\/index.php?rest_route=%2Fwp%2Fv2%2Fcategories&post=178566"},{"taxonomy":"post_tag","embeddable":true,"href":"https:\/\/aconteceunovale.com.br\/portal\/index.php?rest_route=%2Fwp%2Fv2%2Ftags&post=178566"}],"curies":[{"name":"wp","href":"https:\/\/api.w.org\/{rel}","templated":true}]}}