{"id":178561,"date":"2021-05-17T20:48:39","date_gmt":"2021-05-17T23:48:39","guid":{"rendered":"https:\/\/aconteceunovale.com.br\/portal\/?p=178561"},"modified":"2021-05-17T20:50:57","modified_gmt":"2021-05-17T23:50:57","slug":"suspeito-de-estuprar-e-expor-imagens-de-vitimas-e-preso-pela-pcmg","status":"publish","type":"post","link":"https:\/\/aconteceunovale.com.br\/portal\/?p=178561","title":{"rendered":"Suspeito de estuprar e expor imagens de v\u00edtimas \u00e9 preso pela PCMG"},"content":{"rendered":"\n<p class=\"wp-block-paragraph\">A Pol\u00edcia Civil de Minas Gerais (PCMG) prendeu um homem, de 31 anos, suspeito pelos crimes de crimes de estupro, divulga\u00e7\u00e3o de cena de sexo e nudez sem consentimento e exposi\u00e7\u00e3o de cena pornogr\u00e1fica envolvendo menor de idade. Por meio de investiga\u00e7\u00f5es, iniciadas em mar\u00e7o deste ano, os policiais identificaram tr\u00eas mulheres &#8211; de 18, 24 e 28 anos &#8211; que teriam sido v\u00edtimas do investigado, sendo que a mais jovem tinha 15 anos \u00e0 \u00e9poca do crime.<\/p>\n\n\n\n<figure class=\"wp-block-gallery columns-1 is-cropped wp-block-gallery-1 is-layout-flex wp-block-gallery-is-layout-flex\"><ul class=\"blocks-gallery-grid\"><li class=\"blocks-gallery-item\"><figure><img loading=\"lazy\" decoding=\"async\" width=\"678\" height=\"410\" src=\"https:\/\/aconteceunovale.com.br\/portal\/wp-content\/uploads\/2021\/05\/preso_capital.jpeg\" alt=\"\" data-id=\"178562\" data-full-url=\"https:\/\/aconteceunovale.com.br\/portal\/wp-content\/uploads\/2021\/05\/preso_capital.jpeg\" data-link=\"https:\/\/aconteceunovale.com.br\/portal\/?attachment_id=178562\" class=\"wp-image-178562\" srcset=\"https:\/\/aconteceunovale.com.br\/portal\/wp-content\/uploads\/2021\/05\/preso_capital.jpeg 678w, https:\/\/aconteceunovale.com.br\/portal\/wp-content\/uploads\/2021\/05\/preso_capital-300x181.jpeg 300w\" sizes=\"auto, (max-width: 678px) 100vw, 678px\" \/><figcaption class=\"blocks-gallery-item__caption\"><em>Coletiva sobre o caso &#8211; Foto: Divulga\u00e7\u00e3o\/PCMG<\/em><\/figcaption><\/figure><\/li><\/ul><\/figure>\n\n\n\n<p class=\"wp-block-paragraph\">O homem foi preso preventivamente na \u00faltima sexta-feira (14\/5\/2021), em Contagem, na Regi\u00e3o Metropolitana de Belo Horizonte. Na casa dele, os policiais ainda apreenderam um celular, um chip de mem\u00f3ria, quatro CD\u2019s, duas por\u00e7\u00f5es de maconha e uma balaclava.<\/p>\n\n\n\n<p class=\"wp-block-paragraph\">O delegado T\u00falio Leno conta que as investiga\u00e7\u00f5es iniciaram por meio de den\u00fancia das mulheres, que relataram a forma como o investigado agia. <em>\u201cAtrav\u00e9s de site de encontro, ele [o investigado] identificava as pretensas v\u00edtimas e, ap\u00f3s algumas tratativas, chegava efetivamente a marcar encontros sexuais. \u00c9 bom asseverar que, inicialmente, esse encontro era consentido. Ocorre que, de acordo com relatos das v\u00edtimas, durante o ato sexual o indiv\u00edduo se portava de forma muito violenta, chegando a for\u00e7ar as v\u00edtimas a realizar outros atos sexuais sem consentimento\u201d<\/em>, detalha T\u00falio.<\/p>\n\n\n\n<p class=\"wp-block-paragraph\">Ainda segundo o delegado, o investigado filmava parte da rela\u00e7\u00e3o sexual e compartilhava em diversos grupos de mensagem, com centenas de integrantes, ocasi\u00e3o em que divulgava tamb\u00e9m o perfil das v\u00edtimas. Em um caso espec\u00edfico, o investigado filmou o momento em que for\u00e7ava uma mulher a ingerir a urina dele. Esse v\u00eddeo, com cerca de seis minutos, tamb\u00e9m foi compartilhado em aplicativo de mensagem.<\/p>\n\n\n\n<p class=\"wp-block-paragraph\">Ap\u00f3s trabalho investigativo, a equipe de intelig\u00eancia da 1\u00aa Delegacia de Pol\u00edcia Civil Barreiro identificou o IP de proced\u00eancia das m\u00eddias ilegais e, posteriormente, o autor dos conte\u00fados. De acordo com o delegado regional R\u00f4mulo Dias, <em>\u201cEssa \u00e9 uma segunda atua\u00e7\u00e3o da Pol\u00edcia Civil frente ao mesmo suspeito e pr\u00e1tica criminosa. Esse suspeito j\u00e1 foi preso em 2019 pelos mesmos delitos de estupro e divulga\u00e7\u00e3o de rela\u00e7\u00e3o sexual sem consentimento\u201d<\/em>. O policial ainda explica que o investigado foi colocado em liberdade no final do ano passado. <\/p>\n\n\n\n<p class=\"wp-block-paragraph\">O suspeito foi encaminhado ao sistema prisional, permanecendo \u00e0 disposi\u00e7\u00e3o da Justi\u00e7a. O chefe do 1\u00ba Departamento de Pol\u00edcia Civil em Belo Horizonte, Arlen Bahia, ressalta que est\u00e1 intensificando os trabalhos de investiga\u00e7\u00e3o e combate aos crimes violentos na capital.<\/p>\n\n\n\n<p class=\"wp-block-paragraph\">&#8212;&#8212;&#8212;&#8212;&#8212;&#8212;<br><em>Quer receber as not\u00edcias do <strong>Aconteceu no Vale<\/strong> em primeira m\u00e3o? Siga-nos no Facebook <a rel=\"noreferrer noopener\" href=\"http:\/\/facebook.com\/aconteceunovale\" target=\"_blank\">@aconteceunovale<\/a>, Twitter <a rel=\"noreferrer noopener\" href=\"https:\/\/twitter.com\/noticiadosvales\" target=\"_blank\">@noticiadosvales<\/a> e Instagram <a rel=\"noreferrer noopener\" href=\"https:\/\/www.instagram.com\/aconteceunovale\" target=\"_blank\">@aconteceunovale<\/a>.<\/em><\/p>\n","protected":false},"excerpt":{"rendered":"<p>A Pol\u00edcia Civil de Minas Gerais (PCMG) prendeu um homem, de 31 anos, suspeito pelos crimes de crimes de estupro, divulga\u00e7\u00e3o de cena de sexo e nudez sem consentimento e exposi\u00e7\u00e3o de cena pornogr\u00e1fica envolvendo menor de idade. Por meio de investiga\u00e7\u00f5es, iniciadas em mar\u00e7o deste ano, os policiais identificaram tr\u00eas mulheres &#8211; de 18, [&hellip;]<\/p>\n","protected":false},"author":4,"featured_media":102361,"comment_status":"open","ping_status":"closed","sticky":false,"template":"","format":"standard","meta":{"amp_status":"","footnotes":""},"categories":[123],"tags":[245363,245362,245359,245358,604,161803,245360,245361,245357,245356],"class_list":["post-178561","post","type-post","status-publish","format-standard","has-post-thumbnail","hentry","category-gerais","tag-delegado-arlen-bahia","tag-delegado-romulo-dias","tag-delegado-tulio-leno","tag-estuprador-preso-em-contagem","tag-pcmg","tag-preso-em-contagem","tag-preso-por-estuprar-mulheres-atraves-de-site-de-encontro","tag-preso-por-estupro-atraves-de-site-de-encontro","tag-preso-por-estupro-em-contagem","tag-suspeito-de-estuprar-e-expor-imagens-de-vitimas-em-minas"],"yoast_head":"<!-- This site is optimized with the Yoast SEO plugin v28.3 - https:\/\/yoast.com\/product\/yoast-seo-wordpress\/ -->\n<title>Suspeito de estuprar e expor imagens de v\u00edtimas \u00e9 preso pela PCMG - Aconteceu no Vale<\/title>\n<meta name=\"robots\" content=\"index, follow, max-snippet:-1, max-image-preview:large, max-video-preview:-1\" \/>\n<link rel=\"canonical\" href=\"https:\/\/aconteceunovale.com.br\/portal\/?p=178561\" \/>\n<meta property=\"og:locale\" content=\"pt_BR\" \/>\n<meta property=\"og:type\" content=\"article\" \/>\n<meta property=\"og:title\" content=\"Suspeito de estuprar e expor imagens de v\u00edtimas \u00e9 preso pela PCMG - Aconteceu no Vale\" \/>\n<meta property=\"og:description\" content=\"A Pol\u00edcia Civil de Minas Gerais (PCMG) prendeu um homem, de 31 anos, suspeito pelos crimes de crimes de estupro, divulga\u00e7\u00e3o de cena de sexo e nudez sem consentimento e exposi\u00e7\u00e3o de cena pornogr\u00e1fica envolvendo menor de idade. Por meio de investiga\u00e7\u00f5es, iniciadas em mar\u00e7o deste ano, os policiais identificaram tr\u00eas mulheres &#8211; de 18, [&hellip;]\" \/>\n<meta property=\"og:url\" content=\"https:\/\/aconteceunovale.com.br\/portal\/?p=178561\" \/>\n<meta property=\"og:site_name\" content=\"Aconteceu no Vale\" \/>\n<meta property=\"article:publisher\" content=\"https:\/\/www.facebook.com\/aconteceunovale\/\" \/>\n<meta property=\"article:published_time\" content=\"2021-05-17T23:48:39+00:00\" \/>\n<meta property=\"article:modified_time\" content=\"2021-05-17T23:50:57+00:00\" \/>\n<meta property=\"og:image\" content=\"https:\/\/aconteceunovale.com.br\/portal\/wp-content\/uploads\/2016\/11\/preso.jpg\" \/>\n\t<meta property=\"og:image:width\" content=\"648\" \/>\n\t<meta property=\"og:image:height\" content=\"384\" \/>\n\t<meta property=\"og:image:type\" content=\"image\/jpeg\" \/>\n<meta name=\"author\" content=\"Reda\u00e7\u00e3o Aconteceu no Vale\" \/>\n<meta name=\"twitter:card\" content=\"summary_large_image\" \/>\n<meta name=\"twitter:creator\" content=\"@noticiadosvales\" \/>\n<meta name=\"twitter:site\" content=\"@noticiadosvales\" \/>\n<meta name=\"twitter:label1\" content=\"Escrito por\" \/>\n\t<meta name=\"twitter:data1\" content=\"Reda\u00e7\u00e3o Aconteceu no Vale\" \/>\n\t<meta name=\"twitter:label2\" content=\"Est. tempo de leitura\" \/>\n\t<meta name=\"twitter:data2\" content=\"2 minutos\" \/>\n<script type=\"application\/ld+json\" class=\"yoast-schema-graph\">{\"@context\":\"https:\\\/\\\/schema.org\",\"@graph\":[{\"@type\":\"Article\",\"@id\":\"https:\\\/\\\/aconteceunovale.com.br\\\/portal\\\/?p=178561#article\",\"isPartOf\":{\"@id\":\"https:\\\/\\\/aconteceunovale.com.br\\\/portal\\\/?p=178561\"},\"author\":{\"name\":\"Reda\u00e7\u00e3o Aconteceu no Vale\",\"@id\":\"https:\\\/\\\/aconteceunovale.com.br\\\/portal\\\/#\\\/schema\\\/person\\\/7d2f26d1483f8a63de73da1ee0754d35\"},\"headline\":\"Suspeito de estuprar e expor imagens de v\u00edtimas \u00e9 preso pela PCMG\",\"datePublished\":\"2021-05-17T23:48:39+00:00\",\"dateModified\":\"2021-05-17T23:50:57+00:00\",\"mainEntityOfPage\":{\"@id\":\"https:\\\/\\\/aconteceunovale.com.br\\\/portal\\\/?p=178561\"},\"wordCount\":473,\"commentCount\":0,\"image\":{\"@id\":\"https:\\\/\\\/aconteceunovale.com.br\\\/portal\\\/?p=178561#primaryimage\"},\"thumbnailUrl\":\"https:\\\/\\\/aconteceunovale.com.br\\\/portal\\\/wp-content\\\/uploads\\\/2016\\\/11\\\/preso.jpg\",\"keywords\":[\"Delegado Arlen Bahia\",\"Delegado R\u00f4mulo Dias\",\"Delegado T\u00falio Leno\",\"Estuprador preso em Contagem\",\"PCMG\",\"Preso em Contagem\",\"Preso por estuprar mulheres atrav\u00e9s de site de encontro\",\"Preso por estupro atrav\u00e9s de site de encontro\",\"Preso por estupro em Contagem\",\"Suspeito de estuprar e expor imagens de v\u00edtimas em Minas\"],\"articleSection\":[\"Minas Gerais\"],\"inLanguage\":\"pt-BR\",\"potentialAction\":[{\"@type\":\"CommentAction\",\"name\":\"Comment\",\"target\":[\"https:\\\/\\\/aconteceunovale.com.br\\\/portal\\\/?p=178561#respond\"]}]},{\"@type\":\"WebPage\",\"@id\":\"https:\\\/\\\/aconteceunovale.com.br\\\/portal\\\/?p=178561\",\"url\":\"https:\\\/\\\/aconteceunovale.com.br\\\/portal\\\/?p=178561\",\"name\":\"Suspeito de estuprar e expor imagens de v\u00edtimas \u00e9 preso pela PCMG - Aconteceu no Vale\",\"isPartOf\":{\"@id\":\"https:\\\/\\\/aconteceunovale.com.br\\\/portal\\\/#website\"},\"primaryImageOfPage\":{\"@id\":\"https:\\\/\\\/aconteceunovale.com.br\\\/portal\\\/?p=178561#primaryimage\"},\"image\":{\"@id\":\"https:\\\/\\\/aconteceunovale.com.br\\\/portal\\\/?p=178561#primaryimage\"},\"thumbnailUrl\":\"https:\\\/\\\/aconteceunovale.com.br\\\/portal\\\/wp-content\\\/uploads\\\/2016\\\/11\\\/preso.jpg\",\"datePublished\":\"2021-05-17T23:48:39+00:00\",\"dateModified\":\"2021-05-17T23:50:57+00:00\",\"author\":{\"@id\":\"https:\\\/\\\/aconteceunovale.com.br\\\/portal\\\/#\\\/schema\\\/person\\\/7d2f26d1483f8a63de73da1ee0754d35\"},\"breadcrumb\":{\"@id\":\"https:\\\/\\\/aconteceunovale.com.br\\\/portal\\\/?p=178561#breadcrumb\"},\"inLanguage\":\"pt-BR\",\"potentialAction\":[{\"@type\":\"ReadAction\",\"target\":[\"https:\\\/\\\/aconteceunovale.com.br\\\/portal\\\/?p=178561\"]}]},{\"@type\":\"ImageObject\",\"inLanguage\":\"pt-BR\",\"@id\":\"https:\\\/\\\/aconteceunovale.com.br\\\/portal\\\/?p=178561#primaryimage\",\"url\":\"https:\\\/\\\/aconteceunovale.com.br\\\/portal\\\/wp-content\\\/uploads\\\/2016\\\/11\\\/preso.jpg\",\"contentUrl\":\"https:\\\/\\\/aconteceunovale.com.br\\\/portal\\\/wp-content\\\/uploads\\\/2016\\\/11\\\/preso.jpg\",\"width\":648,\"height\":384},{\"@type\":\"BreadcrumbList\",\"@id\":\"https:\\\/\\\/aconteceunovale.com.br\\\/portal\\\/?p=178561#breadcrumb\",\"itemListElement\":[{\"@type\":\"ListItem\",\"position\":1,\"name\":\"In\u00edcio\",\"item\":\"https:\\\/\\\/aconteceunovale.com.br\\\/portal\\\/\"},{\"@type\":\"ListItem\",\"position\":2,\"name\":\"Suspeito de estuprar e expor imagens de v\u00edtimas \u00e9 preso pela PCMG\"}]},{\"@type\":\"WebSite\",\"@id\":\"https:\\\/\\\/aconteceunovale.com.br\\\/portal\\\/#website\",\"url\":\"https:\\\/\\\/aconteceunovale.com.br\\\/portal\\\/\",\"name\":\"Aconteceu no Vale\",\"description\":\"Portal de Not\u00edcias\",\"potentialAction\":[{\"@type\":\"SearchAction\",\"target\":{\"@type\":\"EntryPoint\",\"urlTemplate\":\"https:\\\/\\\/aconteceunovale.com.br\\\/portal\\\/?s={search_term_string}\"},\"query-input\":{\"@type\":\"PropertyValueSpecification\",\"valueRequired\":true,\"valueName\":\"search_term_string\"}}],\"inLanguage\":\"pt-BR\"},{\"@type\":\"Person\",\"@id\":\"https:\\\/\\\/aconteceunovale.com.br\\\/portal\\\/#\\\/schema\\\/person\\\/7d2f26d1483f8a63de73da1ee0754d35\",\"name\":\"Reda\u00e7\u00e3o Aconteceu no Vale\",\"description\":\"Equipe de reportagem do Aconteceu no Vale, portal de not\u00edcias do Vale do Jequitinhonha, em Minas Gerais. Cobrimos as 51 cidades do Vale desde 2013. Sugest\u00f5es de pauta e pedidos de corre\u00e7\u00e3o: contato@aconteceunovale.com.br\",\"url\":\"https:\\\/\\\/aconteceunovale.com.br\\\/portal\\\/?author=4\"}]}<\/script>\n<!-- \/ Yoast SEO plugin. -->","yoast_head_json":{"title":"Suspeito de estuprar e expor imagens de v\u00edtimas \u00e9 preso pela PCMG - Aconteceu no Vale","robots":{"index":"index","follow":"follow","max-snippet":"max-snippet:-1","max-image-preview":"max-image-preview:large","max-video-preview":"max-video-preview:-1"},"canonical":"https:\/\/aconteceunovale.com.br\/portal\/?p=178561","og_locale":"pt_BR","og_type":"article","og_title":"Suspeito de estuprar e expor imagens de v\u00edtimas \u00e9 preso pela PCMG - Aconteceu no Vale","og_description":"A Pol\u00edcia Civil de Minas Gerais (PCMG) prendeu um homem, de 31 anos, suspeito pelos crimes de crimes de estupro, divulga\u00e7\u00e3o de cena de sexo e nudez sem consentimento e exposi\u00e7\u00e3o de cena pornogr\u00e1fica envolvendo menor de idade. Por meio de investiga\u00e7\u00f5es, iniciadas em mar\u00e7o deste ano, os policiais identificaram tr\u00eas mulheres &#8211; de 18, [&hellip;]","og_url":"https:\/\/aconteceunovale.com.br\/portal\/?p=178561","og_site_name":"Aconteceu no Vale","article_publisher":"https:\/\/www.facebook.com\/aconteceunovale\/","article_published_time":"2021-05-17T23:48:39+00:00","article_modified_time":"2021-05-17T23:50:57+00:00","og_image":[{"width":648,"height":384,"url":"https:\/\/aconteceunovale.com.br\/portal\/wp-content\/uploads\/2016\/11\/preso.jpg","type":"image\/jpeg"}],"author":"Reda\u00e7\u00e3o Aconteceu no Vale","twitter_card":"summary_large_image","twitter_creator":"@noticiadosvales","twitter_site":"@noticiadosvales","twitter_misc":{"Escrito por":"Reda\u00e7\u00e3o Aconteceu no Vale","Est. tempo de leitura":"2 minutos"},"schema":{"@context":"https:\/\/schema.org","@graph":[{"@type":"Article","@id":"https:\/\/aconteceunovale.com.br\/portal\/?p=178561#article","isPartOf":{"@id":"https:\/\/aconteceunovale.com.br\/portal\/?p=178561"},"author":{"name":"Reda\u00e7\u00e3o Aconteceu no Vale","@id":"https:\/\/aconteceunovale.com.br\/portal\/#\/schema\/person\/7d2f26d1483f8a63de73da1ee0754d35"},"headline":"Suspeito de estuprar e expor imagens de v\u00edtimas \u00e9 preso pela PCMG","datePublished":"2021-05-17T23:48:39+00:00","dateModified":"2021-05-17T23:50:57+00:00","mainEntityOfPage":{"@id":"https:\/\/aconteceunovale.com.br\/portal\/?p=178561"},"wordCount":473,"commentCount":0,"image":{"@id":"https:\/\/aconteceunovale.com.br\/portal\/?p=178561#primaryimage"},"thumbnailUrl":"https:\/\/aconteceunovale.com.br\/portal\/wp-content\/uploads\/2016\/11\/preso.jpg","keywords":["Delegado Arlen Bahia","Delegado R\u00f4mulo Dias","Delegado T\u00falio Leno","Estuprador preso em Contagem","PCMG","Preso em Contagem","Preso por estuprar mulheres atrav\u00e9s de site de encontro","Preso por estupro atrav\u00e9s de site de encontro","Preso por estupro em Contagem","Suspeito de estuprar e expor imagens de v\u00edtimas em Minas"],"articleSection":["Minas Gerais"],"inLanguage":"pt-BR","potentialAction":[{"@type":"CommentAction","name":"Comment","target":["https:\/\/aconteceunovale.com.br\/portal\/?p=178561#respond"]}]},{"@type":"WebPage","@id":"https:\/\/aconteceunovale.com.br\/portal\/?p=178561","url":"https:\/\/aconteceunovale.com.br\/portal\/?p=178561","name":"Suspeito de estuprar e expor imagens de v\u00edtimas \u00e9 preso pela PCMG - Aconteceu no Vale","isPartOf":{"@id":"https:\/\/aconteceunovale.com.br\/portal\/#website"},"primaryImageOfPage":{"@id":"https:\/\/aconteceunovale.com.br\/portal\/?p=178561#primaryimage"},"image":{"@id":"https:\/\/aconteceunovale.com.br\/portal\/?p=178561#primaryimage"},"thumbnailUrl":"https:\/\/aconteceunovale.com.br\/portal\/wp-content\/uploads\/2016\/11\/preso.jpg","datePublished":"2021-05-17T23:48:39+00:00","dateModified":"2021-05-17T23:50:57+00:00","author":{"@id":"https:\/\/aconteceunovale.com.br\/portal\/#\/schema\/person\/7d2f26d1483f8a63de73da1ee0754d35"},"breadcrumb":{"@id":"https:\/\/aconteceunovale.com.br\/portal\/?p=178561#breadcrumb"},"inLanguage":"pt-BR","potentialAction":[{"@type":"ReadAction","target":["https:\/\/aconteceunovale.com.br\/portal\/?p=178561"]}]},{"@type":"ImageObject","inLanguage":"pt-BR","@id":"https:\/\/aconteceunovale.com.br\/portal\/?p=178561#primaryimage","url":"https:\/\/aconteceunovale.com.br\/portal\/wp-content\/uploads\/2016\/11\/preso.jpg","contentUrl":"https:\/\/aconteceunovale.com.br\/portal\/wp-content\/uploads\/2016\/11\/preso.jpg","width":648,"height":384},{"@type":"BreadcrumbList","@id":"https:\/\/aconteceunovale.com.br\/portal\/?p=178561#breadcrumb","itemListElement":[{"@type":"ListItem","position":1,"name":"In\u00edcio","item":"https:\/\/aconteceunovale.com.br\/portal\/"},{"@type":"ListItem","position":2,"name":"Suspeito de estuprar e expor imagens de v\u00edtimas \u00e9 preso pela PCMG"}]},{"@type":"WebSite","@id":"https:\/\/aconteceunovale.com.br\/portal\/#website","url":"https:\/\/aconteceunovale.com.br\/portal\/","name":"Aconteceu no Vale","description":"Portal de Not\u00edcias","potentialAction":[{"@type":"SearchAction","target":{"@type":"EntryPoint","urlTemplate":"https:\/\/aconteceunovale.com.br\/portal\/?s={search_term_string}"},"query-input":{"@type":"PropertyValueSpecification","valueRequired":true,"valueName":"search_term_string"}}],"inLanguage":"pt-BR"},{"@type":"Person","@id":"https:\/\/aconteceunovale.com.br\/portal\/#\/schema\/person\/7d2f26d1483f8a63de73da1ee0754d35","name":"Reda\u00e7\u00e3o Aconteceu no Vale","description":"Equipe de reportagem do Aconteceu no Vale, portal de not\u00edcias do Vale do Jequitinhonha, em Minas Gerais. Cobrimos as 51 cidades do Vale desde 2013. Sugest\u00f5es de pauta e pedidos de corre\u00e7\u00e3o: contato@aconteceunovale.com.br","url":"https:\/\/aconteceunovale.com.br\/portal\/?author=4"}]}},"_links":{"self":[{"href":"https:\/\/aconteceunovale.com.br\/portal\/index.php?rest_route=\/wp\/v2\/posts\/178561","targetHints":{"allow":["GET"]}}],"collection":[{"href":"https:\/\/aconteceunovale.com.br\/portal\/index.php?rest_route=\/wp\/v2\/posts"}],"about":[{"href":"https:\/\/aconteceunovale.com.br\/portal\/index.php?rest_route=\/wp\/v2\/types\/post"}],"author":[{"embeddable":true,"href":"https:\/\/aconteceunovale.com.br\/portal\/index.php?rest_route=\/wp\/v2\/users\/4"}],"replies":[{"embeddable":true,"href":"https:\/\/aconteceunovale.com.br\/portal\/index.php?rest_route=%2Fwp%2Fv2%2Fcomments&post=178561"}],"version-history":[{"count":2,"href":"https:\/\/aconteceunovale.com.br\/portal\/index.php?rest_route=\/wp\/v2\/posts\/178561\/revisions"}],"predecessor-version":[{"id":178565,"href":"https:\/\/aconteceunovale.com.br\/portal\/index.php?rest_route=\/wp\/v2\/posts\/178561\/revisions\/178565"}],"wp:featuredmedia":[{"embeddable":true,"href":"https:\/\/aconteceunovale.com.br\/portal\/index.php?rest_route=\/wp\/v2\/media\/102361"}],"wp:attachment":[{"href":"https:\/\/aconteceunovale.com.br\/portal\/index.php?rest_route=%2Fwp%2Fv2%2Fmedia&parent=178561"}],"wp:term":[{"taxonomy":"category","embeddable":true,"href":"https:\/\/aconteceunovale.com.br\/portal\/index.php?rest_route=%2Fwp%2Fv2%2Fcategories&post=178561"},{"taxonomy":"post_tag","embeddable":true,"href":"https:\/\/aconteceunovale.com.br\/portal\/index.php?rest_route=%2Fwp%2Fv2%2Ftags&post=178561"}],"curies":[{"name":"wp","href":"https:\/\/api.w.org\/{rel}","templated":true}]}}