{"id":178555,"date":"2021-05-17T20:03:15","date_gmt":"2021-05-17T23:03:15","guid":{"rendered":"https:\/\/aconteceunovale.com.br\/portal\/?p=178555"},"modified":"2021-05-17T20:14:34","modified_gmt":"2021-05-17T23:14:34","slug":"adolescente-planejava-massacre-em-escola-mineira","status":"publish","type":"post","link":"https:\/\/aconteceunovale.com.br\/portal\/?p=178555","title":{"rendered":"Adolescente planejava massacre em escola mineira"},"content":{"rendered":"\n<p class=\"wp-block-paragraph\">Uma amea\u00e7a de massacre escolar e atentados contra fam\u00edlias foi o ponto de partida para a opera\u00e7\u00e3o \u201cMale Adversus\u201d, da Pol\u00edcia Civil de Minas Gerais (PCMG), realizada na semana passada. Durante cumprimento de mandados de busca e apreens\u00e3o, na Regi\u00e3o Metropolitana de Belo Horizonte, foram arrecadadas armas brancas. As informa\u00e7\u00f5es foram divulgadas nesta segunda-feira (17\/5\/2021).<\/p>\n\n\n\n<figure class=\"wp-block-gallery columns-1 is-cropped wp-block-gallery-1 is-layout-flex wp-block-gallery-is-layout-flex\"><ul class=\"blocks-gallery-grid\"><li class=\"blocks-gallery-item\"><figure><img loading=\"lazy\" decoding=\"async\" width=\"678\" height=\"400\" src=\"https:\/\/aconteceunovale.com.br\/portal\/wp-content\/uploads\/2021\/05\/operacao_bh_escola.jpeg\" alt=\"\" data-id=\"178556\" data-full-url=\"https:\/\/aconteceunovale.com.br\/portal\/wp-content\/uploads\/2021\/05\/operacao_bh_escola.jpeg\" data-link=\"https:\/\/aconteceunovale.com.br\/portal\/?attachment_id=178556\" class=\"wp-image-178556\" srcset=\"https:\/\/aconteceunovale.com.br\/portal\/wp-content\/uploads\/2021\/05\/operacao_bh_escola.jpeg 678w, https:\/\/aconteceunovale.com.br\/portal\/wp-content\/uploads\/2021\/05\/operacao_bh_escola-300x177.jpeg 300w\" sizes=\"auto, (max-width: 678px) 100vw, 678px\" \/><figcaption class=\"blocks-gallery-item__caption\"><em>Delegados Danielle Aguiar e Agnelo Baeta (Foto: Divulga\u00e7\u00e3o\/PCMG)<\/em><\/figcaption><\/figure><\/li><\/ul><\/figure>\n\n\n\n<p class=\"wp-block-paragraph\">As investiga\u00e7\u00f5es, ainda em andamento, apontam que uma adolescente seria a suspeita de realizar as postagens. Por isso, o chefe do Departamento Estadual de Combate \u00e0 Corrup\u00e7\u00e3o e a Fraudes, delegado Agnelo Baeta, alerta pais e respons\u00e1veis a se atentarem quanto ao comportamento de adolescentes. <em>&#8220;Queremos tornar p\u00fablico para que os pais fiquem atentos a situa\u00e7\u00f5es em que os filhos, de repente, possam estar envolvidos&#8221;<\/em>, refor\u00e7a.<\/p>\n\n\n\n<p class=\"wp-block-paragraph\">A delegada Danielle Aguiar pontua a import\u00e2ncia de os respons\u00e1veis estarem atentos \u00e0 conduta dos filhos na internet e aos objetos que possuem nos quartos. <em>&#8220;O comportamento dos adolescentes tem mudado, sobretudo no panorama atual, e requer aten\u00e7\u00e3o dos familiares e dos pais, que sejam diligentes na condu\u00e7\u00e3o da educa\u00e7\u00e3o, na fiscaliza\u00e7\u00e3o dos atos&#8221;<\/em>, declara. <\/p>\n\n\n\n<p class=\"wp-block-paragraph\">Danielle Aguiar orienta o acompanhamento das redes sociais dos filhos, os grupos que est\u00e3o participando dentro de aplicativos de mensagens e os assuntos que possuem interesse. <em>&#8220;\u00c9 importante que os pais fa\u00e7am essa fiscaliza\u00e7\u00e3o, estejam atentos a qualquer mudan\u00e7a de comportamento. \u00c0s vezes, o adolescente, do nada, come\u00e7a a ficar introspectivo, a se isolar da fam\u00edlia, n\u00e3o tem amigos. Ent\u00e3o o pai tem que buscar sobretudo manter o di\u00e1logo saud\u00e1vel com os filhos e, al\u00e9m disso (de mostrar que est\u00e1 ali como um amigo), tem que exercer sua autoridade&#8221;<\/em>, afirma ao completar que, se necess\u00e1rio, os pais devem buscar ajuda profissional.<\/p>\n\n\n\n<h3 class=\"wp-block-heading\"><strong>Orienta\u00e7\u00f5es<\/strong><\/h3>\n\n\n\n<figure class=\"wp-block-embed is-type-rich is-provider-incorporar-manipulador wp-block-embed-incorporar-manipulador wp-embed-aspect-16-9 wp-has-aspect-ratio\"><div class=\"wp-block-embed__wrapper\">\n<iframe loading=\"lazy\" title=\"Delegada da PCMG orienta pais a observarem comportamento dos filhos\" width=\"696\" height=\"392\" src=\"https:\/\/www.youtube.com\/embed\/Zl6ynBnsqlY?feature=oembed\" frameborder=\"0\" allow=\"accelerometer; autoplay; clipboard-write; encrypted-media; gyroscope; picture-in-picture\" allowfullscreen><\/iframe>\n<\/div><\/figure>\n\n\n\n<p class=\"wp-block-paragraph\">&#8212;&#8212;&#8212;&#8212;&#8212;&#8212;<br><em>Quer receber as not\u00edcias do <strong>Aconteceu no Vale<\/strong> em primeira m\u00e3o? Siga-nos no Facebook <a rel=\"noreferrer noopener\" href=\"http:\/\/facebook.com\/aconteceunovale\" target=\"_blank\">@aconteceunovale<\/a>, Twitter <a rel=\"noreferrer noopener\" href=\"https:\/\/twitter.com\/noticiadosvales\" target=\"_blank\">@noticiadosvales<\/a> e Instagram <a rel=\"noreferrer noopener\" href=\"https:\/\/www.instagram.com\/aconteceunovale\" target=\"_blank\">@aconteceunovale<\/a>.<\/em><\/p>\n","protected":false},"excerpt":{"rendered":"<p>Uma amea\u00e7a de massacre escolar e atentados contra fam\u00edlias foi o ponto de partida para a opera\u00e7\u00e3o \u201cMale Adversus\u201d, da Pol\u00edcia Civil de Minas Gerais (PCMG), realizada na semana passada. Durante cumprimento de mandados de busca e apreens\u00e3o, na Regi\u00e3o Metropolitana de Belo Horizonte, foram arrecadadas armas brancas. As informa\u00e7\u00f5es foram divulgadas nesta segunda-feira (17\/5\/2021). [&hellip;]<\/p>\n","protected":false},"author":4,"featured_media":178556,"comment_status":"open","ping_status":"closed","sticky":false,"template":"","format":"standard","meta":{"amp_status":"","footnotes":""},"categories":[40238,123],"tags":[245351,245349,194,1017,245355,245354,245353,245350,245352,604,44644],"class_list":["post-178555","post","type-post","status-publish","format-standard","has-post-thumbnail","hentry","category-educacao-2","category-gerais","tag-adolescente-planejava-massacre-em-escola-de-minas-gerais","tag-adolescente-planejava-massacre-em-escola-mineira","tag-belo-horizonte","tag-bh","tag-comportamento-de-filhos","tag-delegada-danielle-aguiar","tag-delegado-agnelo-baeta","tag-investigacao-de-ameaca-de-massacre-em-escola-mineira","tag-operacao-male-adversus","tag-pcmg","tag-policia-civil-de-minas-gerais"],"yoast_head":"<!-- This site is optimized with the Yoast SEO plugin v28.3 - https:\/\/yoast.com\/product\/yoast-seo-wordpress\/ -->\n<title>Adolescente planejava massacre em escola mineira - Aconteceu no Vale<\/title>\n<meta name=\"robots\" content=\"index, follow, max-snippet:-1, max-image-preview:large, max-video-preview:-1\" \/>\n<link rel=\"canonical\" href=\"https:\/\/aconteceunovale.com.br\/portal\/?p=178555\" \/>\n<meta property=\"og:locale\" content=\"pt_BR\" \/>\n<meta property=\"og:type\" content=\"article\" \/>\n<meta property=\"og:title\" content=\"Adolescente planejava massacre em escola mineira - Aconteceu no Vale\" \/>\n<meta property=\"og:description\" content=\"Uma amea\u00e7a de massacre escolar e atentados contra fam\u00edlias foi o ponto de partida para a opera\u00e7\u00e3o \u201cMale Adversus\u201d, da Pol\u00edcia Civil de Minas Gerais (PCMG), realizada na semana passada. Durante cumprimento de mandados de busca e apreens\u00e3o, na Regi\u00e3o Metropolitana de Belo Horizonte, foram arrecadadas armas brancas. As informa\u00e7\u00f5es foram divulgadas nesta segunda-feira (17\/5\/2021). [&hellip;]\" \/>\n<meta property=\"og:url\" content=\"https:\/\/aconteceunovale.com.br\/portal\/?p=178555\" \/>\n<meta property=\"og:site_name\" content=\"Aconteceu no Vale\" \/>\n<meta property=\"article:publisher\" content=\"https:\/\/www.facebook.com\/aconteceunovale\/\" \/>\n<meta property=\"article:published_time\" content=\"2021-05-17T23:03:15+00:00\" \/>\n<meta property=\"article:modified_time\" content=\"2021-05-17T23:14:34+00:00\" \/>\n<meta property=\"og:image\" content=\"https:\/\/aconteceunovale.com.br\/portal\/wp-content\/uploads\/2021\/05\/operacao_bh_escola.jpeg\" \/>\n\t<meta property=\"og:image:width\" content=\"678\" \/>\n\t<meta property=\"og:image:height\" content=\"400\" \/>\n\t<meta property=\"og:image:type\" content=\"image\/jpeg\" \/>\n<meta name=\"author\" content=\"Reda\u00e7\u00e3o Aconteceu no Vale\" \/>\n<meta name=\"twitter:card\" content=\"summary_large_image\" \/>\n<meta name=\"twitter:creator\" content=\"@noticiadosvales\" \/>\n<meta name=\"twitter:site\" content=\"@noticiadosvales\" \/>\n<meta name=\"twitter:label1\" content=\"Escrito por\" \/>\n\t<meta name=\"twitter:data1\" content=\"Reda\u00e7\u00e3o Aconteceu no Vale\" \/>\n\t<meta name=\"twitter:label2\" content=\"Est. tempo de leitura\" \/>\n\t<meta name=\"twitter:data2\" content=\"2 minutos\" \/>\n<script type=\"application\/ld+json\" class=\"yoast-schema-graph\">{\"@context\":\"https:\\\/\\\/schema.org\",\"@graph\":[{\"@type\":\"Article\",\"@id\":\"https:\\\/\\\/aconteceunovale.com.br\\\/portal\\\/?p=178555#article\",\"isPartOf\":{\"@id\":\"https:\\\/\\\/aconteceunovale.com.br\\\/portal\\\/?p=178555\"},\"author\":{\"name\":\"Reda\u00e7\u00e3o Aconteceu no Vale\",\"@id\":\"https:\\\/\\\/aconteceunovale.com.br\\\/portal\\\/#\\\/schema\\\/person\\\/7d2f26d1483f8a63de73da1ee0754d35\"},\"headline\":\"Adolescente planejava massacre em escola mineira\",\"datePublished\":\"2021-05-17T23:03:15+00:00\",\"dateModified\":\"2021-05-17T23:14:34+00:00\",\"mainEntityOfPage\":{\"@id\":\"https:\\\/\\\/aconteceunovale.com.br\\\/portal\\\/?p=178555\"},\"wordCount\":352,\"commentCount\":0,\"image\":{\"@id\":\"https:\\\/\\\/aconteceunovale.com.br\\\/portal\\\/?p=178555#primaryimage\"},\"thumbnailUrl\":\"https:\\\/\\\/aconteceunovale.com.br\\\/portal\\\/wp-content\\\/uploads\\\/2021\\\/05\\\/operacao_bh_escola.jpeg\",\"keywords\":[\"Adolescente planejava massacre em escola de Minas Gerais\",\"Adolescente planejava massacre em escola mineira\",\"Belo Horizonte\",\"bh\",\"Comportamento de filhos\",\"Delegada Danielle Aguiar\",\"Delegado Agnelo Baeta\",\"Investiga\u00e7\u00e3o de amea\u00e7a de massacre em escola mineira\",\"Opera\u00e7\u00e3o Male Adversus\",\"PCMG\",\"Pol\u00edcia Civil de Minas Gerais\"],\"articleSection\":[\"Educa\u00e7\u00e3o\",\"Minas Gerais\"],\"inLanguage\":\"pt-BR\",\"potentialAction\":[{\"@type\":\"CommentAction\",\"name\":\"Comment\",\"target\":[\"https:\\\/\\\/aconteceunovale.com.br\\\/portal\\\/?p=178555#respond\"]}]},{\"@type\":\"WebPage\",\"@id\":\"https:\\\/\\\/aconteceunovale.com.br\\\/portal\\\/?p=178555\",\"url\":\"https:\\\/\\\/aconteceunovale.com.br\\\/portal\\\/?p=178555\",\"name\":\"Adolescente planejava massacre em escola mineira - Aconteceu no Vale\",\"isPartOf\":{\"@id\":\"https:\\\/\\\/aconteceunovale.com.br\\\/portal\\\/#website\"},\"primaryImageOfPage\":{\"@id\":\"https:\\\/\\\/aconteceunovale.com.br\\\/portal\\\/?p=178555#primaryimage\"},\"image\":{\"@id\":\"https:\\\/\\\/aconteceunovale.com.br\\\/portal\\\/?p=178555#primaryimage\"},\"thumbnailUrl\":\"https:\\\/\\\/aconteceunovale.com.br\\\/portal\\\/wp-content\\\/uploads\\\/2021\\\/05\\\/operacao_bh_escola.jpeg\",\"datePublished\":\"2021-05-17T23:03:15+00:00\",\"dateModified\":\"2021-05-17T23:14:34+00:00\",\"author\":{\"@id\":\"https:\\\/\\\/aconteceunovale.com.br\\\/portal\\\/#\\\/schema\\\/person\\\/7d2f26d1483f8a63de73da1ee0754d35\"},\"breadcrumb\":{\"@id\":\"https:\\\/\\\/aconteceunovale.com.br\\\/portal\\\/?p=178555#breadcrumb\"},\"inLanguage\":\"pt-BR\",\"potentialAction\":[{\"@type\":\"ReadAction\",\"target\":[\"https:\\\/\\\/aconteceunovale.com.br\\\/portal\\\/?p=178555\"]}]},{\"@type\":\"ImageObject\",\"inLanguage\":\"pt-BR\",\"@id\":\"https:\\\/\\\/aconteceunovale.com.br\\\/portal\\\/?p=178555#primaryimage\",\"url\":\"https:\\\/\\\/aconteceunovale.com.br\\\/portal\\\/wp-content\\\/uploads\\\/2021\\\/05\\\/operacao_bh_escola.jpeg\",\"contentUrl\":\"https:\\\/\\\/aconteceunovale.com.br\\\/portal\\\/wp-content\\\/uploads\\\/2021\\\/05\\\/operacao_bh_escola.jpeg\",\"width\":678,\"height\":400},{\"@type\":\"BreadcrumbList\",\"@id\":\"https:\\\/\\\/aconteceunovale.com.br\\\/portal\\\/?p=178555#breadcrumb\",\"itemListElement\":[{\"@type\":\"ListItem\",\"position\":1,\"name\":\"In\u00edcio\",\"item\":\"https:\\\/\\\/aconteceunovale.com.br\\\/portal\\\/\"},{\"@type\":\"ListItem\",\"position\":2,\"name\":\"Adolescente planejava massacre em escola mineira\"}]},{\"@type\":\"WebSite\",\"@id\":\"https:\\\/\\\/aconteceunovale.com.br\\\/portal\\\/#website\",\"url\":\"https:\\\/\\\/aconteceunovale.com.br\\\/portal\\\/\",\"name\":\"Aconteceu no Vale\",\"description\":\"Portal de Not\u00edcias\",\"potentialAction\":[{\"@type\":\"SearchAction\",\"target\":{\"@type\":\"EntryPoint\",\"urlTemplate\":\"https:\\\/\\\/aconteceunovale.com.br\\\/portal\\\/?s={search_term_string}\"},\"query-input\":{\"@type\":\"PropertyValueSpecification\",\"valueRequired\":true,\"valueName\":\"search_term_string\"}}],\"inLanguage\":\"pt-BR\"},{\"@type\":\"Person\",\"@id\":\"https:\\\/\\\/aconteceunovale.com.br\\\/portal\\\/#\\\/schema\\\/person\\\/7d2f26d1483f8a63de73da1ee0754d35\",\"name\":\"Reda\u00e7\u00e3o Aconteceu no Vale\",\"description\":\"Equipe de reportagem do Aconteceu no Vale, portal de not\u00edcias do Vale do Jequitinhonha, em Minas Gerais. Cobrimos as 51 cidades do Vale desde 2013. Sugest\u00f5es de pauta e pedidos de corre\u00e7\u00e3o: contato@aconteceunovale.com.br\",\"url\":\"https:\\\/\\\/aconteceunovale.com.br\\\/portal\\\/?author=4\"}]}<\/script>\n<!-- \/ Yoast SEO plugin. -->","yoast_head_json":{"title":"Adolescente planejava massacre em escola mineira - Aconteceu no Vale","robots":{"index":"index","follow":"follow","max-snippet":"max-snippet:-1","max-image-preview":"max-image-preview:large","max-video-preview":"max-video-preview:-1"},"canonical":"https:\/\/aconteceunovale.com.br\/portal\/?p=178555","og_locale":"pt_BR","og_type":"article","og_title":"Adolescente planejava massacre em escola mineira - Aconteceu no Vale","og_description":"Uma amea\u00e7a de massacre escolar e atentados contra fam\u00edlias foi o ponto de partida para a opera\u00e7\u00e3o \u201cMale Adversus\u201d, da Pol\u00edcia Civil de Minas Gerais (PCMG), realizada na semana passada. Durante cumprimento de mandados de busca e apreens\u00e3o, na Regi\u00e3o Metropolitana de Belo Horizonte, foram arrecadadas armas brancas. As informa\u00e7\u00f5es foram divulgadas nesta segunda-feira (17\/5\/2021). [&hellip;]","og_url":"https:\/\/aconteceunovale.com.br\/portal\/?p=178555","og_site_name":"Aconteceu no Vale","article_publisher":"https:\/\/www.facebook.com\/aconteceunovale\/","article_published_time":"2021-05-17T23:03:15+00:00","article_modified_time":"2021-05-17T23:14:34+00:00","og_image":[{"width":678,"height":400,"url":"https:\/\/aconteceunovale.com.br\/portal\/wp-content\/uploads\/2021\/05\/operacao_bh_escola.jpeg","type":"image\/jpeg"}],"author":"Reda\u00e7\u00e3o Aconteceu no Vale","twitter_card":"summary_large_image","twitter_creator":"@noticiadosvales","twitter_site":"@noticiadosvales","twitter_misc":{"Escrito por":"Reda\u00e7\u00e3o Aconteceu no Vale","Est. tempo de leitura":"2 minutos"},"schema":{"@context":"https:\/\/schema.org","@graph":[{"@type":"Article","@id":"https:\/\/aconteceunovale.com.br\/portal\/?p=178555#article","isPartOf":{"@id":"https:\/\/aconteceunovale.com.br\/portal\/?p=178555"},"author":{"name":"Reda\u00e7\u00e3o Aconteceu no Vale","@id":"https:\/\/aconteceunovale.com.br\/portal\/#\/schema\/person\/7d2f26d1483f8a63de73da1ee0754d35"},"headline":"Adolescente planejava massacre em escola mineira","datePublished":"2021-05-17T23:03:15+00:00","dateModified":"2021-05-17T23:14:34+00:00","mainEntityOfPage":{"@id":"https:\/\/aconteceunovale.com.br\/portal\/?p=178555"},"wordCount":352,"commentCount":0,"image":{"@id":"https:\/\/aconteceunovale.com.br\/portal\/?p=178555#primaryimage"},"thumbnailUrl":"https:\/\/aconteceunovale.com.br\/portal\/wp-content\/uploads\/2021\/05\/operacao_bh_escola.jpeg","keywords":["Adolescente planejava massacre em escola de Minas Gerais","Adolescente planejava massacre em escola mineira","Belo Horizonte","bh","Comportamento de filhos","Delegada Danielle Aguiar","Delegado Agnelo Baeta","Investiga\u00e7\u00e3o de amea\u00e7a de massacre em escola mineira","Opera\u00e7\u00e3o Male Adversus","PCMG","Pol\u00edcia Civil de Minas Gerais"],"articleSection":["Educa\u00e7\u00e3o","Minas Gerais"],"inLanguage":"pt-BR","potentialAction":[{"@type":"CommentAction","name":"Comment","target":["https:\/\/aconteceunovale.com.br\/portal\/?p=178555#respond"]}]},{"@type":"WebPage","@id":"https:\/\/aconteceunovale.com.br\/portal\/?p=178555","url":"https:\/\/aconteceunovale.com.br\/portal\/?p=178555","name":"Adolescente planejava massacre em escola mineira - Aconteceu no Vale","isPartOf":{"@id":"https:\/\/aconteceunovale.com.br\/portal\/#website"},"primaryImageOfPage":{"@id":"https:\/\/aconteceunovale.com.br\/portal\/?p=178555#primaryimage"},"image":{"@id":"https:\/\/aconteceunovale.com.br\/portal\/?p=178555#primaryimage"},"thumbnailUrl":"https:\/\/aconteceunovale.com.br\/portal\/wp-content\/uploads\/2021\/05\/operacao_bh_escola.jpeg","datePublished":"2021-05-17T23:03:15+00:00","dateModified":"2021-05-17T23:14:34+00:00","author":{"@id":"https:\/\/aconteceunovale.com.br\/portal\/#\/schema\/person\/7d2f26d1483f8a63de73da1ee0754d35"},"breadcrumb":{"@id":"https:\/\/aconteceunovale.com.br\/portal\/?p=178555#breadcrumb"},"inLanguage":"pt-BR","potentialAction":[{"@type":"ReadAction","target":["https:\/\/aconteceunovale.com.br\/portal\/?p=178555"]}]},{"@type":"ImageObject","inLanguage":"pt-BR","@id":"https:\/\/aconteceunovale.com.br\/portal\/?p=178555#primaryimage","url":"https:\/\/aconteceunovale.com.br\/portal\/wp-content\/uploads\/2021\/05\/operacao_bh_escola.jpeg","contentUrl":"https:\/\/aconteceunovale.com.br\/portal\/wp-content\/uploads\/2021\/05\/operacao_bh_escola.jpeg","width":678,"height":400},{"@type":"BreadcrumbList","@id":"https:\/\/aconteceunovale.com.br\/portal\/?p=178555#breadcrumb","itemListElement":[{"@type":"ListItem","position":1,"name":"In\u00edcio","item":"https:\/\/aconteceunovale.com.br\/portal\/"},{"@type":"ListItem","position":2,"name":"Adolescente planejava massacre em escola mineira"}]},{"@type":"WebSite","@id":"https:\/\/aconteceunovale.com.br\/portal\/#website","url":"https:\/\/aconteceunovale.com.br\/portal\/","name":"Aconteceu no Vale","description":"Portal de Not\u00edcias","potentialAction":[{"@type":"SearchAction","target":{"@type":"EntryPoint","urlTemplate":"https:\/\/aconteceunovale.com.br\/portal\/?s={search_term_string}"},"query-input":{"@type":"PropertyValueSpecification","valueRequired":true,"valueName":"search_term_string"}}],"inLanguage":"pt-BR"},{"@type":"Person","@id":"https:\/\/aconteceunovale.com.br\/portal\/#\/schema\/person\/7d2f26d1483f8a63de73da1ee0754d35","name":"Reda\u00e7\u00e3o Aconteceu no Vale","description":"Equipe de reportagem do Aconteceu no Vale, portal de not\u00edcias do Vale do Jequitinhonha, em Minas Gerais. Cobrimos as 51 cidades do Vale desde 2013. Sugest\u00f5es de pauta e pedidos de corre\u00e7\u00e3o: contato@aconteceunovale.com.br","url":"https:\/\/aconteceunovale.com.br\/portal\/?author=4"}]}},"_links":{"self":[{"href":"https:\/\/aconteceunovale.com.br\/portal\/index.php?rest_route=\/wp\/v2\/posts\/178555","targetHints":{"allow":["GET"]}}],"collection":[{"href":"https:\/\/aconteceunovale.com.br\/portal\/index.php?rest_route=\/wp\/v2\/posts"}],"about":[{"href":"https:\/\/aconteceunovale.com.br\/portal\/index.php?rest_route=\/wp\/v2\/types\/post"}],"author":[{"embeddable":true,"href":"https:\/\/aconteceunovale.com.br\/portal\/index.php?rest_route=\/wp\/v2\/users\/4"}],"replies":[{"embeddable":true,"href":"https:\/\/aconteceunovale.com.br\/portal\/index.php?rest_route=%2Fwp%2Fv2%2Fcomments&post=178555"}],"version-history":[{"count":2,"href":"https:\/\/aconteceunovale.com.br\/portal\/index.php?rest_route=\/wp\/v2\/posts\/178555\/revisions"}],"predecessor-version":[{"id":178560,"href":"https:\/\/aconteceunovale.com.br\/portal\/index.php?rest_route=\/wp\/v2\/posts\/178555\/revisions\/178560"}],"wp:featuredmedia":[{"embeddable":true,"href":"https:\/\/aconteceunovale.com.br\/portal\/index.php?rest_route=\/wp\/v2\/media\/178556"}],"wp:attachment":[{"href":"https:\/\/aconteceunovale.com.br\/portal\/index.php?rest_route=%2Fwp%2Fv2%2Fmedia&parent=178555"}],"wp:term":[{"taxonomy":"category","embeddable":true,"href":"https:\/\/aconteceunovale.com.br\/portal\/index.php?rest_route=%2Fwp%2Fv2%2Fcategories&post=178555"},{"taxonomy":"post_tag","embeddable":true,"href":"https:\/\/aconteceunovale.com.br\/portal\/index.php?rest_route=%2Fwp%2Fv2%2Ftags&post=178555"}],"curies":[{"name":"wp","href":"https:\/\/api.w.org\/{rel}","templated":true}]}}