{"id":178553,"date":"2021-05-17T19:41:04","date_gmt":"2021-05-17T22:41:04","guid":{"rendered":"https:\/\/aconteceunovale.com.br\/portal\/?p=178553"},"modified":"2021-05-17T19:42:06","modified_gmt":"2021-05-17T22:42:06","slug":"inscricoes-abertas-para-obtencao-de-novo-titulo-na-ufvjm","status":"publish","type":"post","link":"https:\/\/aconteceunovale.com.br\/portal\/?p=178553","title":{"rendered":"Inscri\u00e7\u00f5es abertas para obten\u00e7\u00e3o de novo t\u00edtulo na UFVJM"},"content":{"rendered":"\n<p class=\"wp-block-paragraph\">Est\u00e3o abertas as inscri\u00e7\u00f5es para obten\u00e7\u00e3o de novo t\u00edtulo na Universidade Federal dos Vales do Jequitinhonha e Mucuri (UFVJM).\u00a0Podem participar do processo seletivo quem j\u00e1 concluiu uma gradua\u00e7\u00e3o e deseja fazer um novo curso na institui\u00e7\u00e3o. S\u00e3o oferecidas oportunidades para os campi de Diamantina, Jana\u00faba, Te\u00f3filo Otoni e Una\u00ed, al\u00e9m da modalidade a dist\u00e2ncia.<\/p>\n\n\n\n<p class=\"wp-block-paragraph\">As inscri\u00e7\u00f5es devem ser feitas pela internet, em formul\u00e1rio on-line dispon\u00edvel no\u00a0<a href=\"http:\/\/www.ufvjm.edu.br\/copese\/vagas-remanescentes\/520-vagas-remanescentes-2021.html\" target=\"_blank\" rel=\"noreferrer noopener\">site da Coordena\u00e7\u00e3o de Processos Seletivos (Copese)<\/a>\u00a0da UFVJM, at\u00e9 as 23h59 da pr\u00f3xima quarta-feira (19\/5\/2021). O quadro com a quantidade de vagas e cursos pode ser conferido\u00a0<a href=\"http:\/\/www.ufvjm.edu.br\/copese\/vagas-remanescentes\/520-vagas-remanescentes-2021.html\" target=\"_blank\" rel=\"noreferrer noopener\">aqui<\/a>.<\/p>\n\n\n\n<p class=\"wp-block-paragraph\">O processo seletivo integra o edital de vagas remanescentes (<a href=\"http:\/\/www.ufvjm.edu.br\/copese\/vagas-remanescentes\/520-vagas-remanescentes-2021.html\" target=\"_blank\" rel=\"noreferrer noopener\">confira aqui<\/a>). No documento constam todos os crit\u00e9rios para participa\u00e7\u00e3o e cronograma.<\/p>\n\n\n\n<p class=\"wp-block-paragraph\">D\u00favidas? Entre em contato atrav\u00e9s do e-mail\u00a0<strong>copese@ufvjm.edu.br<\/strong>\u00a0ou telefone <strong>(38) 3532-1277<\/strong>.<\/p>\n\n\n\n<p class=\"wp-block-paragraph\">&#8212;&#8212;&#8212;&#8212;&#8212;&#8212;<br><em>Quer receber as not\u00edcias do <strong>Aconteceu no Vale<\/strong> em primeira m\u00e3o? Siga-nos no Facebook <a rel=\"noreferrer noopener\" href=\"http:\/\/facebook.com\/aconteceunovale\" target=\"_blank\">@aconteceunovale<\/a>, Twitter <a rel=\"noreferrer noopener\" href=\"https:\/\/twitter.com\/noticiadosvales\" target=\"_blank\">@noticiadosvales<\/a> e Instagram <a rel=\"noreferrer noopener\" href=\"https:\/\/www.instagram.com\/aconteceunovale\" target=\"_blank\">@aconteceunovale<\/a>.<\/em><\/p>\n","protected":false},"excerpt":{"rendered":"<p>Est\u00e3o abertas as inscri\u00e7\u00f5es para obten\u00e7\u00e3o de novo t\u00edtulo na Universidade Federal dos Vales do Jequitinhonha e Mucuri (UFVJM).\u00a0Podem participar do processo seletivo quem j\u00e1 concluiu uma gradua\u00e7\u00e3o e deseja fazer um novo curso na institui\u00e7\u00e3o. S\u00e3o oferecidas oportunidades para os campi de Diamantina, Jana\u00faba, Te\u00f3filo Otoni e Una\u00ed, al\u00e9m da modalidade a dist\u00e2ncia. As [&hellip;]<\/p>\n","protected":false},"author":4,"featured_media":174774,"comment_status":"open","ping_status":"closed","sticky":false,"template":"","format":"standard","meta":{"amp_status":"","footnotes":""},"categories":[40238,120,122],"tags":[245346,198,245348,245342,204,245343,245345,245347,164,245344,222,7129],"class_list":["post-178553","post","type-post","status-publish","format-standard","has-post-thumbnail","hentry","category-educacao-2","category-jequi","category-mucuri","tag-copese-ufvjm","tag-diamantina","tag-e-mail-ufvjm","tag-inscricoes-abertas-para-obtencao-de-novo-titulo-na-ufvjm","tag-janauba","tag-obtencao-de-novo-titulo-na-ufvjm","tag-processo-seletivo-ufvjm","tag-telefone-ufvjm","tag-teofilo-otoni","tag-transferencia-externa-ufvjm","tag-unai","tag-universidade-federal-dos-vales-do-jequitinhonha-e-mucuri"],"yoast_head":"<!-- This site is optimized with the Yoast SEO plugin v28.3 - https:\/\/yoast.com\/product\/yoast-seo-wordpress\/ -->\n<title>Inscri\u00e7\u00f5es abertas para obten\u00e7\u00e3o de novo t\u00edtulo na UFVJM - Aconteceu no Vale<\/title>\n<meta name=\"robots\" content=\"index, follow, max-snippet:-1, max-image-preview:large, max-video-preview:-1\" \/>\n<link rel=\"canonical\" href=\"https:\/\/aconteceunovale.com.br\/portal\/?p=178553\" \/>\n<meta property=\"og:locale\" content=\"pt_BR\" \/>\n<meta property=\"og:type\" content=\"article\" \/>\n<meta property=\"og:title\" content=\"Inscri\u00e7\u00f5es abertas para obten\u00e7\u00e3o de novo t\u00edtulo na UFVJM - Aconteceu no Vale\" \/>\n<meta property=\"og:description\" content=\"Est\u00e3o abertas as inscri\u00e7\u00f5es para obten\u00e7\u00e3o de novo t\u00edtulo na Universidade Federal dos Vales do Jequitinhonha e Mucuri (UFVJM).\u00a0Podem participar do processo seletivo quem j\u00e1 concluiu uma gradua\u00e7\u00e3o e deseja fazer um novo curso na institui\u00e7\u00e3o. S\u00e3o oferecidas oportunidades para os campi de Diamantina, Jana\u00faba, Te\u00f3filo Otoni e Una\u00ed, al\u00e9m da modalidade a dist\u00e2ncia. As [&hellip;]\" \/>\n<meta property=\"og:url\" content=\"https:\/\/aconteceunovale.com.br\/portal\/?p=178553\" \/>\n<meta property=\"og:site_name\" content=\"Aconteceu no Vale\" \/>\n<meta property=\"article:publisher\" content=\"https:\/\/www.facebook.com\/aconteceunovale\/\" \/>\n<meta property=\"article:published_time\" content=\"2021-05-17T22:41:04+00:00\" \/>\n<meta property=\"article:modified_time\" content=\"2021-05-17T22:42:06+00:00\" \/>\n<meta property=\"og:image\" content=\"https:\/\/aconteceunovale.com.br\/portal\/wp-content\/uploads\/2021\/03\/ufvjm.jpg\" \/>\n\t<meta property=\"og:image:width\" content=\"750\" \/>\n\t<meta property=\"og:image:height\" content=\"450\" \/>\n\t<meta property=\"og:image:type\" content=\"image\/jpeg\" \/>\n<meta name=\"author\" content=\"Reda\u00e7\u00e3o Aconteceu no Vale\" \/>\n<meta name=\"twitter:card\" content=\"summary_large_image\" \/>\n<meta name=\"twitter:creator\" content=\"@noticiadosvales\" \/>\n<meta name=\"twitter:site\" content=\"@noticiadosvales\" \/>\n<meta name=\"twitter:label1\" content=\"Escrito por\" \/>\n\t<meta name=\"twitter:data1\" content=\"Reda\u00e7\u00e3o Aconteceu no Vale\" \/>\n\t<meta name=\"twitter:label2\" content=\"Est. tempo de leitura\" \/>\n\t<meta name=\"twitter:data2\" content=\"1 minuto\" \/>\n<script type=\"application\/ld+json\" class=\"yoast-schema-graph\">{\"@context\":\"https:\\\/\\\/schema.org\",\"@graph\":[{\"@type\":\"Article\",\"@id\":\"https:\\\/\\\/aconteceunovale.com.br\\\/portal\\\/?p=178553#article\",\"isPartOf\":{\"@id\":\"https:\\\/\\\/aconteceunovale.com.br\\\/portal\\\/?p=178553\"},\"author\":{\"name\":\"Reda\u00e7\u00e3o Aconteceu no Vale\",\"@id\":\"https:\\\/\\\/aconteceunovale.com.br\\\/portal\\\/#\\\/schema\\\/person\\\/7d2f26d1483f8a63de73da1ee0754d35\"},\"headline\":\"Inscri\u00e7\u00f5es abertas para obten\u00e7\u00e3o de novo t\u00edtulo na UFVJM\",\"datePublished\":\"2021-05-17T22:41:04+00:00\",\"dateModified\":\"2021-05-17T22:42:06+00:00\",\"mainEntityOfPage\":{\"@id\":\"https:\\\/\\\/aconteceunovale.com.br\\\/portal\\\/?p=178553\"},\"wordCount\":185,\"commentCount\":0,\"image\":{\"@id\":\"https:\\\/\\\/aconteceunovale.com.br\\\/portal\\\/?p=178553#primaryimage\"},\"thumbnailUrl\":\"https:\\\/\\\/aconteceunovale.com.br\\\/portal\\\/wp-content\\\/uploads\\\/2021\\\/03\\\/ufvjm.jpg\",\"keywords\":[\"Copese UFVJM\",\"Diamantina\",\"E-mail UFVJM\",\"Inscri\u00e7\u00f5es abertas para obten\u00e7\u00e3o de novo t\u00edtulo na UFVJM\",\"Jana\u00faba\",\"Obten\u00e7\u00e3o de novo t\u00edtulo na UFVJM\",\"Processo seletivo UFVJM\",\"Telefone UFVJM\",\"Te\u00f3filo Otoni\",\"Transfer\u00eancia externa UFVJM\",\"Una\u00ed\",\"Universidade Federal dos Vales do Jequitinhonha e Mucuri\"],\"articleSection\":[\"Educa\u00e7\u00e3o\",\"Vale do Jequitinhonha\",\"Vale do Mucuri\"],\"inLanguage\":\"pt-BR\",\"potentialAction\":[{\"@type\":\"CommentAction\",\"name\":\"Comment\",\"target\":[\"https:\\\/\\\/aconteceunovale.com.br\\\/portal\\\/?p=178553#respond\"]}]},{\"@type\":\"WebPage\",\"@id\":\"https:\\\/\\\/aconteceunovale.com.br\\\/portal\\\/?p=178553\",\"url\":\"https:\\\/\\\/aconteceunovale.com.br\\\/portal\\\/?p=178553\",\"name\":\"Inscri\u00e7\u00f5es abertas para obten\u00e7\u00e3o de novo t\u00edtulo na UFVJM - Aconteceu no Vale\",\"isPartOf\":{\"@id\":\"https:\\\/\\\/aconteceunovale.com.br\\\/portal\\\/#website\"},\"primaryImageOfPage\":{\"@id\":\"https:\\\/\\\/aconteceunovale.com.br\\\/portal\\\/?p=178553#primaryimage\"},\"image\":{\"@id\":\"https:\\\/\\\/aconteceunovale.com.br\\\/portal\\\/?p=178553#primaryimage\"},\"thumbnailUrl\":\"https:\\\/\\\/aconteceunovale.com.br\\\/portal\\\/wp-content\\\/uploads\\\/2021\\\/03\\\/ufvjm.jpg\",\"datePublished\":\"2021-05-17T22:41:04+00:00\",\"dateModified\":\"2021-05-17T22:42:06+00:00\",\"author\":{\"@id\":\"https:\\\/\\\/aconteceunovale.com.br\\\/portal\\\/#\\\/schema\\\/person\\\/7d2f26d1483f8a63de73da1ee0754d35\"},\"breadcrumb\":{\"@id\":\"https:\\\/\\\/aconteceunovale.com.br\\\/portal\\\/?p=178553#breadcrumb\"},\"inLanguage\":\"pt-BR\",\"potentialAction\":[{\"@type\":\"ReadAction\",\"target\":[\"https:\\\/\\\/aconteceunovale.com.br\\\/portal\\\/?p=178553\"]}]},{\"@type\":\"ImageObject\",\"inLanguage\":\"pt-BR\",\"@id\":\"https:\\\/\\\/aconteceunovale.com.br\\\/portal\\\/?p=178553#primaryimage\",\"url\":\"https:\\\/\\\/aconteceunovale.com.br\\\/portal\\\/wp-content\\\/uploads\\\/2021\\\/03\\\/ufvjm.jpg\",\"contentUrl\":\"https:\\\/\\\/aconteceunovale.com.br\\\/portal\\\/wp-content\\\/uploads\\\/2021\\\/03\\\/ufvjm.jpg\",\"width\":750,\"height\":450},{\"@type\":\"BreadcrumbList\",\"@id\":\"https:\\\/\\\/aconteceunovale.com.br\\\/portal\\\/?p=178553#breadcrumb\",\"itemListElement\":[{\"@type\":\"ListItem\",\"position\":1,\"name\":\"In\u00edcio\",\"item\":\"https:\\\/\\\/aconteceunovale.com.br\\\/portal\\\/\"},{\"@type\":\"ListItem\",\"position\":2,\"name\":\"Inscri\u00e7\u00f5es abertas para obten\u00e7\u00e3o de novo t\u00edtulo na UFVJM\"}]},{\"@type\":\"WebSite\",\"@id\":\"https:\\\/\\\/aconteceunovale.com.br\\\/portal\\\/#website\",\"url\":\"https:\\\/\\\/aconteceunovale.com.br\\\/portal\\\/\",\"name\":\"Aconteceu no Vale\",\"description\":\"Portal de Not\u00edcias\",\"potentialAction\":[{\"@type\":\"SearchAction\",\"target\":{\"@type\":\"EntryPoint\",\"urlTemplate\":\"https:\\\/\\\/aconteceunovale.com.br\\\/portal\\\/?s={search_term_string}\"},\"query-input\":{\"@type\":\"PropertyValueSpecification\",\"valueRequired\":true,\"valueName\":\"search_term_string\"}}],\"inLanguage\":\"pt-BR\"},{\"@type\":\"Person\",\"@id\":\"https:\\\/\\\/aconteceunovale.com.br\\\/portal\\\/#\\\/schema\\\/person\\\/7d2f26d1483f8a63de73da1ee0754d35\",\"name\":\"Reda\u00e7\u00e3o Aconteceu no Vale\",\"description\":\"Equipe de reportagem do Aconteceu no Vale, portal de not\u00edcias do Vale do Jequitinhonha, em Minas Gerais. Cobrimos as 51 cidades do Vale desde 2013. Sugest\u00f5es de pauta e pedidos de corre\u00e7\u00e3o: contato@aconteceunovale.com.br\",\"url\":\"https:\\\/\\\/aconteceunovale.com.br\\\/portal\\\/?author=4\"}]}<\/script>\n<!-- \/ Yoast SEO plugin. -->","yoast_head_json":{"title":"Inscri\u00e7\u00f5es abertas para obten\u00e7\u00e3o de novo t\u00edtulo na UFVJM - Aconteceu no Vale","robots":{"index":"index","follow":"follow","max-snippet":"max-snippet:-1","max-image-preview":"max-image-preview:large","max-video-preview":"max-video-preview:-1"},"canonical":"https:\/\/aconteceunovale.com.br\/portal\/?p=178553","og_locale":"pt_BR","og_type":"article","og_title":"Inscri\u00e7\u00f5es abertas para obten\u00e7\u00e3o de novo t\u00edtulo na UFVJM - Aconteceu no Vale","og_description":"Est\u00e3o abertas as inscri\u00e7\u00f5es para obten\u00e7\u00e3o de novo t\u00edtulo na Universidade Federal dos Vales do Jequitinhonha e Mucuri (UFVJM).\u00a0Podem participar do processo seletivo quem j\u00e1 concluiu uma gradua\u00e7\u00e3o e deseja fazer um novo curso na institui\u00e7\u00e3o. S\u00e3o oferecidas oportunidades para os campi de Diamantina, Jana\u00faba, Te\u00f3filo Otoni e Una\u00ed, al\u00e9m da modalidade a dist\u00e2ncia. As [&hellip;]","og_url":"https:\/\/aconteceunovale.com.br\/portal\/?p=178553","og_site_name":"Aconteceu no Vale","article_publisher":"https:\/\/www.facebook.com\/aconteceunovale\/","article_published_time":"2021-05-17T22:41:04+00:00","article_modified_time":"2021-05-17T22:42:06+00:00","og_image":[{"width":750,"height":450,"url":"https:\/\/aconteceunovale.com.br\/portal\/wp-content\/uploads\/2021\/03\/ufvjm.jpg","type":"image\/jpeg"}],"author":"Reda\u00e7\u00e3o Aconteceu no Vale","twitter_card":"summary_large_image","twitter_creator":"@noticiadosvales","twitter_site":"@noticiadosvales","twitter_misc":{"Escrito por":"Reda\u00e7\u00e3o Aconteceu no Vale","Est. tempo de leitura":"1 minuto"},"schema":{"@context":"https:\/\/schema.org","@graph":[{"@type":"Article","@id":"https:\/\/aconteceunovale.com.br\/portal\/?p=178553#article","isPartOf":{"@id":"https:\/\/aconteceunovale.com.br\/portal\/?p=178553"},"author":{"name":"Reda\u00e7\u00e3o Aconteceu no Vale","@id":"https:\/\/aconteceunovale.com.br\/portal\/#\/schema\/person\/7d2f26d1483f8a63de73da1ee0754d35"},"headline":"Inscri\u00e7\u00f5es abertas para obten\u00e7\u00e3o de novo t\u00edtulo na UFVJM","datePublished":"2021-05-17T22:41:04+00:00","dateModified":"2021-05-17T22:42:06+00:00","mainEntityOfPage":{"@id":"https:\/\/aconteceunovale.com.br\/portal\/?p=178553"},"wordCount":185,"commentCount":0,"image":{"@id":"https:\/\/aconteceunovale.com.br\/portal\/?p=178553#primaryimage"},"thumbnailUrl":"https:\/\/aconteceunovale.com.br\/portal\/wp-content\/uploads\/2021\/03\/ufvjm.jpg","keywords":["Copese UFVJM","Diamantina","E-mail UFVJM","Inscri\u00e7\u00f5es abertas para obten\u00e7\u00e3o de novo t\u00edtulo na UFVJM","Jana\u00faba","Obten\u00e7\u00e3o de novo t\u00edtulo na UFVJM","Processo seletivo UFVJM","Telefone UFVJM","Te\u00f3filo Otoni","Transfer\u00eancia externa UFVJM","Una\u00ed","Universidade Federal dos Vales do Jequitinhonha e Mucuri"],"articleSection":["Educa\u00e7\u00e3o","Vale do Jequitinhonha","Vale do Mucuri"],"inLanguage":"pt-BR","potentialAction":[{"@type":"CommentAction","name":"Comment","target":["https:\/\/aconteceunovale.com.br\/portal\/?p=178553#respond"]}]},{"@type":"WebPage","@id":"https:\/\/aconteceunovale.com.br\/portal\/?p=178553","url":"https:\/\/aconteceunovale.com.br\/portal\/?p=178553","name":"Inscri\u00e7\u00f5es abertas para obten\u00e7\u00e3o de novo t\u00edtulo na UFVJM - Aconteceu no Vale","isPartOf":{"@id":"https:\/\/aconteceunovale.com.br\/portal\/#website"},"primaryImageOfPage":{"@id":"https:\/\/aconteceunovale.com.br\/portal\/?p=178553#primaryimage"},"image":{"@id":"https:\/\/aconteceunovale.com.br\/portal\/?p=178553#primaryimage"},"thumbnailUrl":"https:\/\/aconteceunovale.com.br\/portal\/wp-content\/uploads\/2021\/03\/ufvjm.jpg","datePublished":"2021-05-17T22:41:04+00:00","dateModified":"2021-05-17T22:42:06+00:00","author":{"@id":"https:\/\/aconteceunovale.com.br\/portal\/#\/schema\/person\/7d2f26d1483f8a63de73da1ee0754d35"},"breadcrumb":{"@id":"https:\/\/aconteceunovale.com.br\/portal\/?p=178553#breadcrumb"},"inLanguage":"pt-BR","potentialAction":[{"@type":"ReadAction","target":["https:\/\/aconteceunovale.com.br\/portal\/?p=178553"]}]},{"@type":"ImageObject","inLanguage":"pt-BR","@id":"https:\/\/aconteceunovale.com.br\/portal\/?p=178553#primaryimage","url":"https:\/\/aconteceunovale.com.br\/portal\/wp-content\/uploads\/2021\/03\/ufvjm.jpg","contentUrl":"https:\/\/aconteceunovale.com.br\/portal\/wp-content\/uploads\/2021\/03\/ufvjm.jpg","width":750,"height":450},{"@type":"BreadcrumbList","@id":"https:\/\/aconteceunovale.com.br\/portal\/?p=178553#breadcrumb","itemListElement":[{"@type":"ListItem","position":1,"name":"In\u00edcio","item":"https:\/\/aconteceunovale.com.br\/portal\/"},{"@type":"ListItem","position":2,"name":"Inscri\u00e7\u00f5es abertas para obten\u00e7\u00e3o de novo t\u00edtulo na UFVJM"}]},{"@type":"WebSite","@id":"https:\/\/aconteceunovale.com.br\/portal\/#website","url":"https:\/\/aconteceunovale.com.br\/portal\/","name":"Aconteceu no Vale","description":"Portal de Not\u00edcias","potentialAction":[{"@type":"SearchAction","target":{"@type":"EntryPoint","urlTemplate":"https:\/\/aconteceunovale.com.br\/portal\/?s={search_term_string}"},"query-input":{"@type":"PropertyValueSpecification","valueRequired":true,"valueName":"search_term_string"}}],"inLanguage":"pt-BR"},{"@type":"Person","@id":"https:\/\/aconteceunovale.com.br\/portal\/#\/schema\/person\/7d2f26d1483f8a63de73da1ee0754d35","name":"Reda\u00e7\u00e3o Aconteceu no Vale","description":"Equipe de reportagem do Aconteceu no Vale, portal de not\u00edcias do Vale do Jequitinhonha, em Minas Gerais. Cobrimos as 51 cidades do Vale desde 2013. Sugest\u00f5es de pauta e pedidos de corre\u00e7\u00e3o: contato@aconteceunovale.com.br","url":"https:\/\/aconteceunovale.com.br\/portal\/?author=4"}]}},"_links":{"self":[{"href":"https:\/\/aconteceunovale.com.br\/portal\/index.php?rest_route=\/wp\/v2\/posts\/178553","targetHints":{"allow":["GET"]}}],"collection":[{"href":"https:\/\/aconteceunovale.com.br\/portal\/index.php?rest_route=\/wp\/v2\/posts"}],"about":[{"href":"https:\/\/aconteceunovale.com.br\/portal\/index.php?rest_route=\/wp\/v2\/types\/post"}],"author":[{"embeddable":true,"href":"https:\/\/aconteceunovale.com.br\/portal\/index.php?rest_route=\/wp\/v2\/users\/4"}],"replies":[{"embeddable":true,"href":"https:\/\/aconteceunovale.com.br\/portal\/index.php?rest_route=%2Fwp%2Fv2%2Fcomments&post=178553"}],"version-history":[{"count":1,"href":"https:\/\/aconteceunovale.com.br\/portal\/index.php?rest_route=\/wp\/v2\/posts\/178553\/revisions"}],"predecessor-version":[{"id":178554,"href":"https:\/\/aconteceunovale.com.br\/portal\/index.php?rest_route=\/wp\/v2\/posts\/178553\/revisions\/178554"}],"wp:featuredmedia":[{"embeddable":true,"href":"https:\/\/aconteceunovale.com.br\/portal\/index.php?rest_route=\/wp\/v2\/media\/174774"}],"wp:attachment":[{"href":"https:\/\/aconteceunovale.com.br\/portal\/index.php?rest_route=%2Fwp%2Fv2%2Fmedia&parent=178553"}],"wp:term":[{"taxonomy":"category","embeddable":true,"href":"https:\/\/aconteceunovale.com.br\/portal\/index.php?rest_route=%2Fwp%2Fv2%2Fcategories&post=178553"},{"taxonomy":"post_tag","embeddable":true,"href":"https:\/\/aconteceunovale.com.br\/portal\/index.php?rest_route=%2Fwp%2Fv2%2Ftags&post=178553"}],"curies":[{"name":"wp","href":"https:\/\/api.w.org\/{rel}","templated":true}]}}