{"id":178545,"date":"2021-05-17T18:56:54","date_gmt":"2021-05-17T21:56:54","guid":{"rendered":"https:\/\/aconteceunovale.com.br\/portal\/?p=178545"},"modified":"2021-05-17T19:07:47","modified_gmt":"2021-05-17T22:07:47","slug":"mais-de-90-da-populacao-indigena-mineira-ja-foi-vacinada-contra-a-covid-19","status":"publish","type":"post","link":"https:\/\/aconteceunovale.com.br\/portal\/?p=178545","title":{"rendered":"Mais de 90% da popula\u00e7\u00e3o ind\u00edgena mineira j\u00e1 foi vacinada contra a Covid-19"},"content":{"rendered":"\n<p class=\"wp-block-paragraph\">Mais de 90% da popula\u00e7\u00e3o ind\u00edgena que vive em Minas Gerais j\u00e1 foi imunizada com duas doses de vacina contra a Covid-19. Ao todo, 6.871 moradores de 85 comunidades, espalhadas em 19 munic\u00edpios mineiros, completaram o ciclo de imuniza\u00e7\u00e3o. Os dados, apurados nesta segunda-feira (17\/5\/2021), s\u00e3o da Secretaria de Estado de Sa\u00fade (SES-MG). O percentual de vacina\u00e7\u00e3o deste p\u00fablico com a primeira dose chegou a 97,19%.<\/p>\n\n\n\n<figure class=\"wp-block-gallery columns-1 is-cropped wp-block-gallery-1 is-layout-flex wp-block-gallery-is-layout-flex\"><ul class=\"blocks-gallery-grid\"><li class=\"blocks-gallery-item\"><figure><img loading=\"lazy\" decoding=\"async\" width=\"675\" height=\"450\" src=\"https:\/\/aconteceunovale.com.br\/portal\/wp-content\/uploads\/2021\/05\/vacinacao_aldeia_nao_xoha_sao_joaquim_de_bicas.jpg\" alt=\"\" data-id=\"178546\" data-full-url=\"https:\/\/aconteceunovale.com.br\/portal\/wp-content\/uploads\/2021\/05\/vacinacao_aldeia_nao_xoha_sao_joaquim_de_bicas.jpg\" data-link=\"https:\/\/aconteceunovale.com.br\/portal\/?attachment_id=178546\" class=\"wp-image-178546\" srcset=\"https:\/\/aconteceunovale.com.br\/portal\/wp-content\/uploads\/2021\/05\/vacinacao_aldeia_nao_xoha_sao_joaquim_de_bicas.jpg 675w, https:\/\/aconteceunovale.com.br\/portal\/wp-content\/uploads\/2021\/05\/vacinacao_aldeia_nao_xoha_sao_joaquim_de_bicas-300x200.jpg 300w, https:\/\/aconteceunovale.com.br\/portal\/wp-content\/uploads\/2021\/05\/vacinacao_aldeia_nao_xoha_sao_joaquim_de_bicas-630x420.jpg 630w\" sizes=\"auto, (max-width: 675px) 100vw, 675px\" \/><figcaption class=\"blocks-gallery-item__caption\"><em>Vacina\u00e7\u00e3o contra a Covid-19 na Aldeia Na\u00f4 Xoh\u00e3, do povo Patax\u00f3 H\u00e3-h\u00e3-h\u00e3e, em S\u00e3o Joaquim de Bicas &#8211; Foto: Pedro Gontijo \/ Imprensa MG<\/em><\/figcaption><\/figure><\/li><\/ul><\/figure>\n\n\n\n<p class=\"wp-block-paragraph\">A imuniza\u00e7\u00e3o de ind\u00edgenas, com mais de 18 anos, come\u00e7ou no dia 20 de janeiro e contou com a atua\u00e7\u00e3o de mais de 400 profissionais de sa\u00fade em Minas Gerais. A coordenadora estadual do Programa de imuniza\u00e7\u00f5es da SES-MG, Josianne Dias Gusm\u00e3o, destacou a import\u00e2ncia da vacina\u00e7\u00e3o desta popula\u00e7\u00e3o devido \u00e0 alta vulnerabilidade.<\/p>\n\n\n\n<p class=\"wp-block-paragraph\"><em>\u201cEstes grupos apresentam riscos a doen\u00e7as respirat\u00f3rias graves, com mais chances de agravamento da doen\u00e7a, at\u00e9 mesmo por&nbsp;viverem aldeados, bem pr\u00f3ximos. A vacina\u00e7\u00e3o \u00e9 muito importante para proteg\u00ea-los de surtos de casos nas comunidades, diminuindo o risco de complica\u00e7\u00f5es, casos e \u00f3bitos\u201d<\/em>, afirma Josianne.<\/p>\n\n\n\n<p class=\"wp-block-paragraph\">Ainda segundo a coordenadora, o percentual m\u00ednimo de cobertura vacinal estabelecido pelo Plano Nacional de Imuniza\u00e7\u00e3o (PNI) \u00e9 de 90%, mas ela ressalta a import\u00e2ncia de toda&nbsp;a popula\u00e7\u00e3o ind\u00edgena receber a segunda dose dos imunizantes.<\/p>\n\n\n\n<h2 class=\"wp-block-heading\"><strong>Territ\u00f3rios<\/strong><\/h2>\n\n\n\n<p class=\"wp-block-paragraph\">As terras ind\u00edgenas homologadas est\u00e3o espalhadas por 19 munic\u00edpios mineiros: A\u00e7ucena, Ara\u00e7ua\u00ed, Bert\u00f3polis, Caldas, Campan\u00e1rio, Carm\u00e9sia, Coronel Murta, Guanh\u00e3es, Itacarambi, Itapecerica, Ladainha, Martinho Campos, Pomp\u00e9u, Presidente Oleg\u00e1rio, Resplendor, Santa Helena de Minas, S\u00e3o Jo\u00e3o das Miss\u00f5es, S\u00e3o Joaquim de Bicas e Te\u00f3filo Otoni.&nbsp;<\/p>\n\n\n\n<p class=\"wp-block-paragraph\">A vacina\u00e7\u00e3o de ind\u00edgenas contra a covid-19 em Minas Gerais come\u00e7ou em 20 de janeiro deste ano, com a popula\u00e7\u00e3o da aldeia Brejo Mata Fome, no munic\u00edpio de S\u00e3o Jo\u00e3o das Miss\u00f5es. O cacique Domingos Xakriab\u00e1 foi o primeiro ind\u00edgena a ser vacinado no Estado.<\/p>\n\n\n\n<p class=\"wp-block-paragraph\">&#8212;&#8212;&#8212;&#8212;&#8212;&#8212;<br><em>Quer receber as not\u00edcias do <strong>Aconteceu no Vale<\/strong> em primeira m\u00e3o? Siga-nos no Facebook <a rel=\"noreferrer noopener\" href=\"http:\/\/facebook.com\/aconteceunovale\" target=\"_blank\">@aconteceunovale<\/a>, Twitter <a rel=\"noreferrer noopener\" href=\"https:\/\/twitter.com\/noticiadosvales\" target=\"_blank\">@noticiadosvales<\/a> e Instagram <a rel=\"noreferrer noopener\" href=\"https:\/\/www.instagram.com\/aconteceunovale\" target=\"_blank\">@aconteceunovale<\/a>.<\/em><\/p>\n","protected":false},"excerpt":{"rendered":"<p>Mais de 90% da popula\u00e7\u00e3o ind\u00edgena que vive em Minas Gerais j\u00e1 foi imunizada com duas doses de vacina contra a Covid-19. Ao todo, 6.871 moradores de 85 comunidades, espalhadas em 19 munic\u00edpios mineiros, completaram o ciclo de imuniza\u00e7\u00e3o. Os dados, apurados nesta segunda-feira (17\/5\/2021), s\u00e3o da Secretaria de Estado de Sa\u00fade (SES-MG). O percentual [&hellip;]<\/p>\n","protected":false},"author":4,"featured_media":178546,"comment_status":"open","ping_status":"closed","sticky":false,"template":"","format":"standard","meta":{"amp_status":"","footnotes":""},"categories":[121,123,1236,40242,120,122],"tags":[971,52790,245334,186,1798,3686,277,280,483,1018,245341,155,1705,17303,216144,344,53395,245335,25032,1519,309,990,1810,10113,52113,164,245337,245338,245339,245340,245336],"class_list":["post-178545","post","type-post","status-publish","format-standard","has-post-thumbnail","hentry","category-leste","category-gerais","category-norte_de_minas","category-saude-2","category-jequi","category-mucuri","tag-acucena","tag-aldeia-brejo-mata-fome","tag-aldeia-nao-xoha","tag-aracuai","tag-bertopolis","tag-caldas","tag-campanario","tag-carmesia","tag-coronel-murta","tag-destaque","tag-domingos-xakriaba","tag-guanhaes","tag-itacarambi","tag-itapecerica","tag-josianne-dias-gusmao","tag-ladainha","tag-martinho-campos","tag-pataxo-ha-ha-hae","tag-pompeu","tag-presidente-olegario","tag-resplendor","tag-santa-helena-de-minas","tag-sao-joao-das-missoes","tag-sao-joaquim-de-bicas","tag-ses-mg","tag-teofilo-otoni","tag-vacinacao-da-populacao-indigena-de-minas-gerais","tag-vacinacao-da-populacao-indigena-mineira","tag-vacinacao-de-indigenas-contra-a-covid-19","tag-vacinacao-de-indigenas-contra-o-coronavirus","tag-vacinacao-dos-povos-indigenas-em-minas-gerais"],"yoast_head":"<!-- This site is optimized with the Yoast SEO plugin v28.3 - https:\/\/yoast.com\/product\/yoast-seo-wordpress\/ -->\n<title>Mais de 90% da popula\u00e7\u00e3o ind\u00edgena mineira j\u00e1 foi vacinada contra a Covid-19 - Aconteceu no Vale<\/title>\n<meta name=\"robots\" content=\"index, follow, max-snippet:-1, max-image-preview:large, max-video-preview:-1\" \/>\n<link rel=\"canonical\" href=\"https:\/\/aconteceunovale.com.br\/portal\/?p=178545\" \/>\n<meta property=\"og:locale\" content=\"pt_BR\" \/>\n<meta property=\"og:type\" content=\"article\" \/>\n<meta property=\"og:title\" content=\"Mais de 90% da popula\u00e7\u00e3o ind\u00edgena mineira j\u00e1 foi vacinada contra a Covid-19 - Aconteceu no Vale\" \/>\n<meta property=\"og:description\" content=\"Mais de 90% da popula\u00e7\u00e3o ind\u00edgena que vive em Minas Gerais j\u00e1 foi imunizada com duas doses de vacina contra a Covid-19. Ao todo, 6.871 moradores de 85 comunidades, espalhadas em 19 munic\u00edpios mineiros, completaram o ciclo de imuniza\u00e7\u00e3o. Os dados, apurados nesta segunda-feira (17\/5\/2021), s\u00e3o da Secretaria de Estado de Sa\u00fade (SES-MG). O percentual [&hellip;]\" \/>\n<meta property=\"og:url\" content=\"https:\/\/aconteceunovale.com.br\/portal\/?p=178545\" \/>\n<meta property=\"og:site_name\" content=\"Aconteceu no Vale\" \/>\n<meta property=\"article:publisher\" content=\"https:\/\/www.facebook.com\/aconteceunovale\/\" \/>\n<meta property=\"article:published_time\" content=\"2021-05-17T21:56:54+00:00\" \/>\n<meta property=\"article:modified_time\" content=\"2021-05-17T22:07:47+00:00\" \/>\n<meta property=\"og:image\" content=\"https:\/\/aconteceunovale.com.br\/portal\/wp-content\/uploads\/2021\/05\/vacinacao_aldeia_nao_xoha_sao_joaquim_de_bicas.jpg\" \/>\n\t<meta property=\"og:image:width\" content=\"675\" \/>\n\t<meta property=\"og:image:height\" content=\"450\" \/>\n\t<meta property=\"og:image:type\" content=\"image\/jpeg\" \/>\n<meta name=\"author\" content=\"Reda\u00e7\u00e3o Aconteceu no Vale\" \/>\n<meta name=\"twitter:card\" content=\"summary_large_image\" \/>\n<meta name=\"twitter:creator\" content=\"@noticiadosvales\" \/>\n<meta name=\"twitter:site\" content=\"@noticiadosvales\" \/>\n<meta name=\"twitter:label1\" content=\"Escrito por\" \/>\n\t<meta name=\"twitter:data1\" content=\"Reda\u00e7\u00e3o Aconteceu no Vale\" \/>\n\t<meta name=\"twitter:label2\" content=\"Est. tempo de leitura\" \/>\n\t<meta name=\"twitter:data2\" content=\"2 minutos\" \/>\n<script type=\"application\/ld+json\" class=\"yoast-schema-graph\">{\"@context\":\"https:\\\/\\\/schema.org\",\"@graph\":[{\"@type\":\"Article\",\"@id\":\"https:\\\/\\\/aconteceunovale.com.br\\\/portal\\\/?p=178545#article\",\"isPartOf\":{\"@id\":\"https:\\\/\\\/aconteceunovale.com.br\\\/portal\\\/?p=178545\"},\"author\":{\"name\":\"Reda\u00e7\u00e3o Aconteceu no Vale\",\"@id\":\"https:\\\/\\\/aconteceunovale.com.br\\\/portal\\\/#\\\/schema\\\/person\\\/7d2f26d1483f8a63de73da1ee0754d35\"},\"headline\":\"Mais de 90% da popula\u00e7\u00e3o ind\u00edgena mineira j\u00e1 foi vacinada contra a Covid-19\",\"datePublished\":\"2021-05-17T21:56:54+00:00\",\"dateModified\":\"2021-05-17T22:07:47+00:00\",\"mainEntityOfPage\":{\"@id\":\"https:\\\/\\\/aconteceunovale.com.br\\\/portal\\\/?p=178545\"},\"wordCount\":398,\"commentCount\":0,\"image\":{\"@id\":\"https:\\\/\\\/aconteceunovale.com.br\\\/portal\\\/?p=178545#primaryimage\"},\"thumbnailUrl\":\"https:\\\/\\\/aconteceunovale.com.br\\\/portal\\\/wp-content\\\/uploads\\\/2021\\\/05\\\/vacinacao_aldeia_nao_xoha_sao_joaquim_de_bicas.jpg\",\"keywords\":[\"A\u00e7ucena\",\"aldeia Brejo Mata Fome\",\"Aldeia Na\u00f4 Xoh\u00e3\",\"Ara\u00e7ua\u00ed\",\"Bert\u00f3polis\",\"Caldas\",\"Campan\u00e1rio\",\"Carm\u00e9sia\",\"Coronel Murta\",\"destaque\",\"Domingos Xakriab\u00e1\",\"Guanh\u00e3es\",\"Itacarambi\",\"Itapecerica\",\"Josianne Dias Gusm\u00e3o\",\"ladainha\",\"Martinho Campos\",\"Patax\u00f3 H\u00e3-h\u00e3-h\u00e3e\",\"Pompeu\",\"Presidente Oleg\u00e1rio\",\"Resplendor\",\"santa helena de minas\",\"S\u00e3o Jo\u00e3o das Miss\u00f5es\",\"S\u00e3o Joaquim de Bicas\",\"SES-MG\",\"Te\u00f3filo Otoni\",\"Vacina\u00e7\u00e3o da popula\u00e7\u00e3o ind\u00edgena de Minas Gerais\",\"Vacina\u00e7\u00e3o da popula\u00e7\u00e3o ind\u00edgena mineira\",\"Vacina\u00e7\u00e3o de ind\u00edgenas contra a covid-19\",\"Vacina\u00e7\u00e3o de ind\u00edgenas contra o coronav\u00edrus\",\"Vacina\u00e7\u00e3o dos povos ind\u00edgenas em Minas Gerais\"],\"articleSection\":[\"Leste de Minas\",\"Minas Gerais\",\"Norte de Minas\",\"Sa\u00fade\",\"Vale do Jequitinhonha\",\"Vale do Mucuri\"],\"inLanguage\":\"pt-BR\",\"potentialAction\":[{\"@type\":\"CommentAction\",\"name\":\"Comment\",\"target\":[\"https:\\\/\\\/aconteceunovale.com.br\\\/portal\\\/?p=178545#respond\"]}]},{\"@type\":\"WebPage\",\"@id\":\"https:\\\/\\\/aconteceunovale.com.br\\\/portal\\\/?p=178545\",\"url\":\"https:\\\/\\\/aconteceunovale.com.br\\\/portal\\\/?p=178545\",\"name\":\"Mais de 90% da popula\u00e7\u00e3o ind\u00edgena mineira j\u00e1 foi vacinada contra a Covid-19 - Aconteceu no Vale\",\"isPartOf\":{\"@id\":\"https:\\\/\\\/aconteceunovale.com.br\\\/portal\\\/#website\"},\"primaryImageOfPage\":{\"@id\":\"https:\\\/\\\/aconteceunovale.com.br\\\/portal\\\/?p=178545#primaryimage\"},\"image\":{\"@id\":\"https:\\\/\\\/aconteceunovale.com.br\\\/portal\\\/?p=178545#primaryimage\"},\"thumbnailUrl\":\"https:\\\/\\\/aconteceunovale.com.br\\\/portal\\\/wp-content\\\/uploads\\\/2021\\\/05\\\/vacinacao_aldeia_nao_xoha_sao_joaquim_de_bicas.jpg\",\"datePublished\":\"2021-05-17T21:56:54+00:00\",\"dateModified\":\"2021-05-17T22:07:47+00:00\",\"author\":{\"@id\":\"https:\\\/\\\/aconteceunovale.com.br\\\/portal\\\/#\\\/schema\\\/person\\\/7d2f26d1483f8a63de73da1ee0754d35\"},\"breadcrumb\":{\"@id\":\"https:\\\/\\\/aconteceunovale.com.br\\\/portal\\\/?p=178545#breadcrumb\"},\"inLanguage\":\"pt-BR\",\"potentialAction\":[{\"@type\":\"ReadAction\",\"target\":[\"https:\\\/\\\/aconteceunovale.com.br\\\/portal\\\/?p=178545\"]}]},{\"@type\":\"ImageObject\",\"inLanguage\":\"pt-BR\",\"@id\":\"https:\\\/\\\/aconteceunovale.com.br\\\/portal\\\/?p=178545#primaryimage\",\"url\":\"https:\\\/\\\/aconteceunovale.com.br\\\/portal\\\/wp-content\\\/uploads\\\/2021\\\/05\\\/vacinacao_aldeia_nao_xoha_sao_joaquim_de_bicas.jpg\",\"contentUrl\":\"https:\\\/\\\/aconteceunovale.com.br\\\/portal\\\/wp-content\\\/uploads\\\/2021\\\/05\\\/vacinacao_aldeia_nao_xoha_sao_joaquim_de_bicas.jpg\",\"width\":675,\"height\":450,\"caption\":\"S\u00e3o_Joaquim_de_Bicas_MG, 21 de Janeiro de 2021 Vacina\u00e7\u00e3o contra o Corona V\u00edrus na Aldeia Na\u00f4 Xoh\u00e3, do povo Patax\u00f3 H\u00e3-h\u00e3-h\u00e3e como parte do programa Estadual de Imuniza\u00e7\u00e3o. Aplica\u00e7\u00e3o da primeira dose da vacina contra o Corona V\u00edrus. Foto: Pedro Gontijo \\\/ Imprensa MG\"},{\"@type\":\"BreadcrumbList\",\"@id\":\"https:\\\/\\\/aconteceunovale.com.br\\\/portal\\\/?p=178545#breadcrumb\",\"itemListElement\":[{\"@type\":\"ListItem\",\"position\":1,\"name\":\"In\u00edcio\",\"item\":\"https:\\\/\\\/aconteceunovale.com.br\\\/portal\\\/\"},{\"@type\":\"ListItem\",\"position\":2,\"name\":\"Mais de 90% da popula\u00e7\u00e3o ind\u00edgena mineira j\u00e1 foi vacinada contra a Covid-19\"}]},{\"@type\":\"WebSite\",\"@id\":\"https:\\\/\\\/aconteceunovale.com.br\\\/portal\\\/#website\",\"url\":\"https:\\\/\\\/aconteceunovale.com.br\\\/portal\\\/\",\"name\":\"Aconteceu no Vale\",\"description\":\"Portal de Not\u00edcias\",\"potentialAction\":[{\"@type\":\"SearchAction\",\"target\":{\"@type\":\"EntryPoint\",\"urlTemplate\":\"https:\\\/\\\/aconteceunovale.com.br\\\/portal\\\/?s={search_term_string}\"},\"query-input\":{\"@type\":\"PropertyValueSpecification\",\"valueRequired\":true,\"valueName\":\"search_term_string\"}}],\"inLanguage\":\"pt-BR\"},{\"@type\":\"Person\",\"@id\":\"https:\\\/\\\/aconteceunovale.com.br\\\/portal\\\/#\\\/schema\\\/person\\\/7d2f26d1483f8a63de73da1ee0754d35\",\"name\":\"Reda\u00e7\u00e3o Aconteceu no Vale\",\"description\":\"Equipe de reportagem do Aconteceu no Vale, portal de not\u00edcias do Vale do Jequitinhonha, em Minas Gerais. Cobrimos as 51 cidades do Vale desde 2013. Sugest\u00f5es de pauta e pedidos de corre\u00e7\u00e3o: contato@aconteceunovale.com.br\",\"url\":\"https:\\\/\\\/aconteceunovale.com.br\\\/portal\\\/?author=4\"}]}<\/script>\n<!-- \/ Yoast SEO plugin. -->","yoast_head_json":{"title":"Mais de 90% da popula\u00e7\u00e3o ind\u00edgena mineira j\u00e1 foi vacinada contra a Covid-19 - Aconteceu no Vale","robots":{"index":"index","follow":"follow","max-snippet":"max-snippet:-1","max-image-preview":"max-image-preview:large","max-video-preview":"max-video-preview:-1"},"canonical":"https:\/\/aconteceunovale.com.br\/portal\/?p=178545","og_locale":"pt_BR","og_type":"article","og_title":"Mais de 90% da popula\u00e7\u00e3o ind\u00edgena mineira j\u00e1 foi vacinada contra a Covid-19 - Aconteceu no Vale","og_description":"Mais de 90% da popula\u00e7\u00e3o ind\u00edgena que vive em Minas Gerais j\u00e1 foi imunizada com duas doses de vacina contra a Covid-19. Ao todo, 6.871 moradores de 85 comunidades, espalhadas em 19 munic\u00edpios mineiros, completaram o ciclo de imuniza\u00e7\u00e3o. Os dados, apurados nesta segunda-feira (17\/5\/2021), s\u00e3o da Secretaria de Estado de Sa\u00fade (SES-MG). O percentual [&hellip;]","og_url":"https:\/\/aconteceunovale.com.br\/portal\/?p=178545","og_site_name":"Aconteceu no Vale","article_publisher":"https:\/\/www.facebook.com\/aconteceunovale\/","article_published_time":"2021-05-17T21:56:54+00:00","article_modified_time":"2021-05-17T22:07:47+00:00","og_image":[{"width":675,"height":450,"url":"https:\/\/aconteceunovale.com.br\/portal\/wp-content\/uploads\/2021\/05\/vacinacao_aldeia_nao_xoha_sao_joaquim_de_bicas.jpg","type":"image\/jpeg"}],"author":"Reda\u00e7\u00e3o Aconteceu no Vale","twitter_card":"summary_large_image","twitter_creator":"@noticiadosvales","twitter_site":"@noticiadosvales","twitter_misc":{"Escrito por":"Reda\u00e7\u00e3o Aconteceu no Vale","Est. tempo de leitura":"2 minutos"},"schema":{"@context":"https:\/\/schema.org","@graph":[{"@type":"Article","@id":"https:\/\/aconteceunovale.com.br\/portal\/?p=178545#article","isPartOf":{"@id":"https:\/\/aconteceunovale.com.br\/portal\/?p=178545"},"author":{"name":"Reda\u00e7\u00e3o Aconteceu no Vale","@id":"https:\/\/aconteceunovale.com.br\/portal\/#\/schema\/person\/7d2f26d1483f8a63de73da1ee0754d35"},"headline":"Mais de 90% da popula\u00e7\u00e3o ind\u00edgena mineira j\u00e1 foi vacinada contra a Covid-19","datePublished":"2021-05-17T21:56:54+00:00","dateModified":"2021-05-17T22:07:47+00:00","mainEntityOfPage":{"@id":"https:\/\/aconteceunovale.com.br\/portal\/?p=178545"},"wordCount":398,"commentCount":0,"image":{"@id":"https:\/\/aconteceunovale.com.br\/portal\/?p=178545#primaryimage"},"thumbnailUrl":"https:\/\/aconteceunovale.com.br\/portal\/wp-content\/uploads\/2021\/05\/vacinacao_aldeia_nao_xoha_sao_joaquim_de_bicas.jpg","keywords":["A\u00e7ucena","aldeia Brejo Mata Fome","Aldeia Na\u00f4 Xoh\u00e3","Ara\u00e7ua\u00ed","Bert\u00f3polis","Caldas","Campan\u00e1rio","Carm\u00e9sia","Coronel Murta","destaque","Domingos Xakriab\u00e1","Guanh\u00e3es","Itacarambi","Itapecerica","Josianne Dias Gusm\u00e3o","ladainha","Martinho Campos","Patax\u00f3 H\u00e3-h\u00e3-h\u00e3e","Pompeu","Presidente Oleg\u00e1rio","Resplendor","santa helena de minas","S\u00e3o Jo\u00e3o das Miss\u00f5es","S\u00e3o Joaquim de Bicas","SES-MG","Te\u00f3filo Otoni","Vacina\u00e7\u00e3o da popula\u00e7\u00e3o ind\u00edgena de Minas Gerais","Vacina\u00e7\u00e3o da popula\u00e7\u00e3o ind\u00edgena mineira","Vacina\u00e7\u00e3o de ind\u00edgenas contra a covid-19","Vacina\u00e7\u00e3o de ind\u00edgenas contra o coronav\u00edrus","Vacina\u00e7\u00e3o dos povos ind\u00edgenas em Minas Gerais"],"articleSection":["Leste de Minas","Minas Gerais","Norte de Minas","Sa\u00fade","Vale do Jequitinhonha","Vale do Mucuri"],"inLanguage":"pt-BR","potentialAction":[{"@type":"CommentAction","name":"Comment","target":["https:\/\/aconteceunovale.com.br\/portal\/?p=178545#respond"]}]},{"@type":"WebPage","@id":"https:\/\/aconteceunovale.com.br\/portal\/?p=178545","url":"https:\/\/aconteceunovale.com.br\/portal\/?p=178545","name":"Mais de 90% da popula\u00e7\u00e3o ind\u00edgena mineira j\u00e1 foi vacinada contra a Covid-19 - Aconteceu no Vale","isPartOf":{"@id":"https:\/\/aconteceunovale.com.br\/portal\/#website"},"primaryImageOfPage":{"@id":"https:\/\/aconteceunovale.com.br\/portal\/?p=178545#primaryimage"},"image":{"@id":"https:\/\/aconteceunovale.com.br\/portal\/?p=178545#primaryimage"},"thumbnailUrl":"https:\/\/aconteceunovale.com.br\/portal\/wp-content\/uploads\/2021\/05\/vacinacao_aldeia_nao_xoha_sao_joaquim_de_bicas.jpg","datePublished":"2021-05-17T21:56:54+00:00","dateModified":"2021-05-17T22:07:47+00:00","author":{"@id":"https:\/\/aconteceunovale.com.br\/portal\/#\/schema\/person\/7d2f26d1483f8a63de73da1ee0754d35"},"breadcrumb":{"@id":"https:\/\/aconteceunovale.com.br\/portal\/?p=178545#breadcrumb"},"inLanguage":"pt-BR","potentialAction":[{"@type":"ReadAction","target":["https:\/\/aconteceunovale.com.br\/portal\/?p=178545"]}]},{"@type":"ImageObject","inLanguage":"pt-BR","@id":"https:\/\/aconteceunovale.com.br\/portal\/?p=178545#primaryimage","url":"https:\/\/aconteceunovale.com.br\/portal\/wp-content\/uploads\/2021\/05\/vacinacao_aldeia_nao_xoha_sao_joaquim_de_bicas.jpg","contentUrl":"https:\/\/aconteceunovale.com.br\/portal\/wp-content\/uploads\/2021\/05\/vacinacao_aldeia_nao_xoha_sao_joaquim_de_bicas.jpg","width":675,"height":450,"caption":"S\u00e3o_Joaquim_de_Bicas_MG, 21 de Janeiro de 2021 Vacina\u00e7\u00e3o contra o Corona V\u00edrus na Aldeia Na\u00f4 Xoh\u00e3, do povo Patax\u00f3 H\u00e3-h\u00e3-h\u00e3e como parte do programa Estadual de Imuniza\u00e7\u00e3o. Aplica\u00e7\u00e3o da primeira dose da vacina contra o Corona V\u00edrus. Foto: Pedro Gontijo \/ Imprensa MG"},{"@type":"BreadcrumbList","@id":"https:\/\/aconteceunovale.com.br\/portal\/?p=178545#breadcrumb","itemListElement":[{"@type":"ListItem","position":1,"name":"In\u00edcio","item":"https:\/\/aconteceunovale.com.br\/portal\/"},{"@type":"ListItem","position":2,"name":"Mais de 90% da popula\u00e7\u00e3o ind\u00edgena mineira j\u00e1 foi vacinada contra a Covid-19"}]},{"@type":"WebSite","@id":"https:\/\/aconteceunovale.com.br\/portal\/#website","url":"https:\/\/aconteceunovale.com.br\/portal\/","name":"Aconteceu no Vale","description":"Portal de Not\u00edcias","potentialAction":[{"@type":"SearchAction","target":{"@type":"EntryPoint","urlTemplate":"https:\/\/aconteceunovale.com.br\/portal\/?s={search_term_string}"},"query-input":{"@type":"PropertyValueSpecification","valueRequired":true,"valueName":"search_term_string"}}],"inLanguage":"pt-BR"},{"@type":"Person","@id":"https:\/\/aconteceunovale.com.br\/portal\/#\/schema\/person\/7d2f26d1483f8a63de73da1ee0754d35","name":"Reda\u00e7\u00e3o Aconteceu no Vale","description":"Equipe de reportagem do Aconteceu no Vale, portal de not\u00edcias do Vale do Jequitinhonha, em Minas Gerais. Cobrimos as 51 cidades do Vale desde 2013. Sugest\u00f5es de pauta e pedidos de corre\u00e7\u00e3o: contato@aconteceunovale.com.br","url":"https:\/\/aconteceunovale.com.br\/portal\/?author=4"}]}},"_links":{"self":[{"href":"https:\/\/aconteceunovale.com.br\/portal\/index.php?rest_route=\/wp\/v2\/posts\/178545","targetHints":{"allow":["GET"]}}],"collection":[{"href":"https:\/\/aconteceunovale.com.br\/portal\/index.php?rest_route=\/wp\/v2\/posts"}],"about":[{"href":"https:\/\/aconteceunovale.com.br\/portal\/index.php?rest_route=\/wp\/v2\/types\/post"}],"author":[{"embeddable":true,"href":"https:\/\/aconteceunovale.com.br\/portal\/index.php?rest_route=\/wp\/v2\/users\/4"}],"replies":[{"embeddable":true,"href":"https:\/\/aconteceunovale.com.br\/portal\/index.php?rest_route=%2Fwp%2Fv2%2Fcomments&post=178545"}],"version-history":[{"count":1,"href":"https:\/\/aconteceunovale.com.br\/portal\/index.php?rest_route=\/wp\/v2\/posts\/178545\/revisions"}],"predecessor-version":[{"id":178547,"href":"https:\/\/aconteceunovale.com.br\/portal\/index.php?rest_route=\/wp\/v2\/posts\/178545\/revisions\/178547"}],"wp:featuredmedia":[{"embeddable":true,"href":"https:\/\/aconteceunovale.com.br\/portal\/index.php?rest_route=\/wp\/v2\/media\/178546"}],"wp:attachment":[{"href":"https:\/\/aconteceunovale.com.br\/portal\/index.php?rest_route=%2Fwp%2Fv2%2Fmedia&parent=178545"}],"wp:term":[{"taxonomy":"category","embeddable":true,"href":"https:\/\/aconteceunovale.com.br\/portal\/index.php?rest_route=%2Fwp%2Fv2%2Fcategories&post=178545"},{"taxonomy":"post_tag","embeddable":true,"href":"https:\/\/aconteceunovale.com.br\/portal\/index.php?rest_route=%2Fwp%2Fv2%2Ftags&post=178545"}],"curies":[{"name":"wp","href":"https:\/\/api.w.org\/{rel}","templated":true}]}}