{"id":178533,"date":"2021-05-17T13:30:53","date_gmt":"2021-05-17T16:30:53","guid":{"rendered":"https:\/\/aconteceunovale.com.br\/portal\/?p=178533"},"modified":"2021-05-17T13:32:40","modified_gmt":"2021-05-17T16:32:40","slug":"ministerio-da-saude-distribuira-mais-64-milhoes-de-doses-de-vacinas-contra-covid-19","status":"publish","type":"post","link":"https:\/\/aconteceunovale.com.br\/portal\/?p=178533","title":{"rendered":"Minist\u00e9rio da Sa\u00fade distribuir\u00e1 mais 6,4 milh\u00f5es de doses de vacinas contra Covid-19"},"content":{"rendered":"\n<p class=\"wp-block-paragraph\">O Minist\u00e9rio da Sa\u00fade come\u00e7a a distribuir, amanh\u00e3 (18\/5\/2021), um novo lote de vacinas contra a covid-19. Os 26 estados e o Distrito Federal devem receber pouco mais de 6,4 milh\u00f5es de doses de imunizantes, sendo 4,7 milh\u00f5es da AstraZeneca\/Oxford, produzidas pela Fiocruz; 1,08 milh\u00e3o da CoronaVac, do Instituto Butantan, e 647 mil doses do imunizante da Pfizer\/BioNTech.<\/p>\n\n\n\n<p class=\"wp-block-paragraph\">Segundo o minist\u00e9rio, o lote de CoronaVac ser\u00e1 enviado a 12 estados que pediram o produto do Instituto Butantan a fim de aplicar a segunda dose da vacina em pessoas que j\u00e1 receberam a primeira dose e precisam concluir o ciclo vacinal.<\/p>\n\n\n\n<p class=\"wp-block-paragraph\">A BioNTech, da Pfizer, ser\u00e1 destinada para aplica\u00e7\u00e3o da primeira dose em quem tem uma defici\u00eancia permanente e pessoas com comorbidades &#8211; incluindo gestantes e pu\u00e9rperas (mulheres que deram \u00e0 luz nos \u00faltimos 45 dias) com comorbidades, que tamb\u00e9m podem receber a CoronaVac.<\/p>\n\n\n\n<p class=\"wp-block-paragraph\">Segundo recomenda\u00e7\u00f5es dos fabricantes, a segunda dose da CoronaVac deve ser aplicada em um espa\u00e7o de quatro semanas ap\u00f3s a pessoa ter recebido a primeira dose. A AstraZeneca\/Oxford e a BioNTech, em 12 semanas. O Minist\u00e9rio da Sa\u00fade orienta a popula\u00e7\u00e3o a tomar a segunda dose da vacina mesmo ap\u00f3s estes prazos.<\/p>\n\n\n\n<p class=\"wp-block-paragraph\">Segundo a pasta, mais de 89,4 milh\u00f5es de doses de imunizantes j\u00e1 foram distribu\u00eddas para todo o pa\u00eds, e mais de 52,7 milh\u00f5es delas j\u00e1 tinham sido aplicadas at\u00e9 ontem (16).<\/p>\n\n\n\n<p class=\"wp-block-paragraph\">&#8212;&#8212;&#8212;&#8212;&#8212;&#8212;<br><em>Quer receber as not\u00edcias do <strong>Aconteceu no Vale<\/strong> em primeira m\u00e3o? Siga-nos no Facebook <a rel=\"noreferrer noopener\" href=\"http:\/\/facebook.com\/aconteceunovale\" target=\"_blank\">@aconteceunovale<\/a>, Twitter <a rel=\"noreferrer noopener\" href=\"https:\/\/twitter.com\/noticiadosvales\" target=\"_blank\">@noticiadosvales<\/a> e Instagram <a rel=\"noreferrer noopener\" href=\"https:\/\/www.instagram.com\/aconteceunovale\" target=\"_blank\">@aconteceunovale<\/a>.<\/em><\/p>\n","protected":false},"excerpt":{"rendered":"<p>O Minist\u00e9rio da Sa\u00fade come\u00e7a a distribuir, amanh\u00e3 (18\/5\/2021), um novo lote de vacinas contra a covid-19. Os 26 estados e o Distrito Federal devem receber pouco mais de 6,4 milh\u00f5es de doses de imunizantes, sendo 4,7 milh\u00f5es da AstraZeneca\/Oxford, produzidas pela Fiocruz; 1,08 milh\u00e3o da CoronaVac, do Instituto Butantan, e 647 mil doses do [&hellip;]<\/p>\n","protected":false},"author":4,"featured_media":176789,"comment_status":"open","ping_status":"closed","sticky":false,"template":"","format":"standard","meta":{"amp_status":"","footnotes":""},"categories":[6,40242],"tags":[224214,146023,231973,223371,245333,236554,223372,214884,216498,245331,24222,43376,19326,125970,140166,39755,238945,134903,245332],"class_list":["post-178533","post","type-post","status-publish","format-standard","has-post-thumbnail","hentry","category-br","category-saude-2","tag-astrazeneca","tag-bio-manguinhos","tag-biontech","tag-butantan","tag-campanha-de-vacinacao-contra-a-covid-19","tag-comirnaty","tag-coronavac","tag-coronavirus","tag-covid-19","tag-distribuicao-de-vacinas-contra-covid-19","tag-fiocruz","tag-instituto-butantan","tag-ministerio-da-saude","tag-oxford","tag-pandemia","tag-pfizer","tag-plano-nacional-de-imunizacao","tag-pni","tag-vacinas-distribuidas-pelo-ministerio-da-saude"],"yoast_head":"<!-- This site is optimized with the Yoast SEO plugin v28.3 - https:\/\/yoast.com\/product\/yoast-seo-wordpress\/ -->\n<title>Minist\u00e9rio da Sa\u00fade distribuir\u00e1 mais 6,4 milh\u00f5es de doses de vacinas contra Covid-19 - Aconteceu no Vale<\/title>\n<meta name=\"robots\" content=\"index, follow, max-snippet:-1, max-image-preview:large, max-video-preview:-1\" \/>\n<link rel=\"canonical\" href=\"https:\/\/aconteceunovale.com.br\/portal\/?p=178533\" \/>\n<meta property=\"og:locale\" content=\"pt_BR\" \/>\n<meta property=\"og:type\" content=\"article\" \/>\n<meta property=\"og:title\" content=\"Minist\u00e9rio da Sa\u00fade distribuir\u00e1 mais 6,4 milh\u00f5es de doses de vacinas contra Covid-19 - Aconteceu no Vale\" \/>\n<meta property=\"og:description\" content=\"O Minist\u00e9rio da Sa\u00fade come\u00e7a a distribuir, amanh\u00e3 (18\/5\/2021), um novo lote de vacinas contra a covid-19. Os 26 estados e o Distrito Federal devem receber pouco mais de 6,4 milh\u00f5es de doses de imunizantes, sendo 4,7 milh\u00f5es da AstraZeneca\/Oxford, produzidas pela Fiocruz; 1,08 milh\u00e3o da CoronaVac, do Instituto Butantan, e 647 mil doses do [&hellip;]\" \/>\n<meta property=\"og:url\" content=\"https:\/\/aconteceunovale.com.br\/portal\/?p=178533\" \/>\n<meta property=\"og:site_name\" content=\"Aconteceu no Vale\" \/>\n<meta property=\"article:publisher\" content=\"https:\/\/www.facebook.com\/aconteceunovale\/\" \/>\n<meta property=\"article:published_time\" content=\"2021-05-17T16:30:53+00:00\" \/>\n<meta property=\"article:modified_time\" content=\"2021-05-17T16:32:40+00:00\" \/>\n<meta property=\"og:image\" content=\"https:\/\/aconteceunovale.com.br\/portal\/wp-content\/uploads\/2021\/04\/vacina_oxford.jpg\" \/>\n\t<meta property=\"og:image:width\" content=\"678\" \/>\n\t<meta property=\"og:image:height\" content=\"406\" \/>\n\t<meta property=\"og:image:type\" content=\"image\/jpeg\" \/>\n<meta name=\"author\" content=\"Reda\u00e7\u00e3o Aconteceu no Vale\" \/>\n<meta name=\"twitter:card\" content=\"summary_large_image\" \/>\n<meta name=\"twitter:creator\" content=\"@noticiadosvales\" \/>\n<meta name=\"twitter:site\" content=\"@noticiadosvales\" \/>\n<meta name=\"twitter:label1\" content=\"Escrito por\" \/>\n\t<meta name=\"twitter:data1\" content=\"Reda\u00e7\u00e3o Aconteceu no Vale\" \/>\n\t<meta name=\"twitter:label2\" content=\"Est. tempo de leitura\" \/>\n\t<meta name=\"twitter:data2\" content=\"1 minuto\" \/>\n<script type=\"application\/ld+json\" class=\"yoast-schema-graph\">{\"@context\":\"https:\\\/\\\/schema.org\",\"@graph\":[{\"@type\":\"Article\",\"@id\":\"https:\\\/\\\/aconteceunovale.com.br\\\/portal\\\/?p=178533#article\",\"isPartOf\":{\"@id\":\"https:\\\/\\\/aconteceunovale.com.br\\\/portal\\\/?p=178533\"},\"author\":{\"name\":\"Reda\u00e7\u00e3o Aconteceu no Vale\",\"@id\":\"https:\\\/\\\/aconteceunovale.com.br\\\/portal\\\/#\\\/schema\\\/person\\\/7d2f26d1483f8a63de73da1ee0754d35\"},\"headline\":\"Minist\u00e9rio da Sa\u00fade distribuir\u00e1 mais 6,4 milh\u00f5es de doses de vacinas contra Covid-19\",\"datePublished\":\"2021-05-17T16:30:53+00:00\",\"dateModified\":\"2021-05-17T16:32:40+00:00\",\"mainEntityOfPage\":{\"@id\":\"https:\\\/\\\/aconteceunovale.com.br\\\/portal\\\/?p=178533\"},\"wordCount\":276,\"commentCount\":0,\"image\":{\"@id\":\"https:\\\/\\\/aconteceunovale.com.br\\\/portal\\\/?p=178533#primaryimage\"},\"thumbnailUrl\":\"https:\\\/\\\/aconteceunovale.com.br\\\/portal\\\/wp-content\\\/uploads\\\/2021\\\/04\\\/vacina_oxford.jpg\",\"keywords\":[\"AstraZeneca\",\"Bio-Manguinhos\",\"Biontech\",\"Butantan\",\"Campanha de vacina\u00e7\u00e3o contra a Covid-19\",\"Comirnaty\",\"CoronaVac\",\"Coronav\u00edrus\",\"COVID-19\",\"Distribui\u00e7\u00e3o de vacinas contra Covid-19\",\"Fiocruz\",\"Instituto Butantan\",\"Minist\u00e9rio da Sa\u00fade\",\"Oxford\",\"pandemia\",\"Pfizer\",\"Plano Nacional de Imuniza\u00e7\u00e3o\",\"PNI\",\"Vacinas distribu\u00eddas pelo Minist\u00e9rio da Sa\u00fade\"],\"articleSection\":[\"Brasil\",\"Sa\u00fade\"],\"inLanguage\":\"pt-BR\",\"potentialAction\":[{\"@type\":\"CommentAction\",\"name\":\"Comment\",\"target\":[\"https:\\\/\\\/aconteceunovale.com.br\\\/portal\\\/?p=178533#respond\"]}]},{\"@type\":\"WebPage\",\"@id\":\"https:\\\/\\\/aconteceunovale.com.br\\\/portal\\\/?p=178533\",\"url\":\"https:\\\/\\\/aconteceunovale.com.br\\\/portal\\\/?p=178533\",\"name\":\"Minist\u00e9rio da Sa\u00fade distribuir\u00e1 mais 6,4 milh\u00f5es de doses de vacinas contra Covid-19 - Aconteceu no Vale\",\"isPartOf\":{\"@id\":\"https:\\\/\\\/aconteceunovale.com.br\\\/portal\\\/#website\"},\"primaryImageOfPage\":{\"@id\":\"https:\\\/\\\/aconteceunovale.com.br\\\/portal\\\/?p=178533#primaryimage\"},\"image\":{\"@id\":\"https:\\\/\\\/aconteceunovale.com.br\\\/portal\\\/?p=178533#primaryimage\"},\"thumbnailUrl\":\"https:\\\/\\\/aconteceunovale.com.br\\\/portal\\\/wp-content\\\/uploads\\\/2021\\\/04\\\/vacina_oxford.jpg\",\"datePublished\":\"2021-05-17T16:30:53+00:00\",\"dateModified\":\"2021-05-17T16:32:40+00:00\",\"author\":{\"@id\":\"https:\\\/\\\/aconteceunovale.com.br\\\/portal\\\/#\\\/schema\\\/person\\\/7d2f26d1483f8a63de73da1ee0754d35\"},\"breadcrumb\":{\"@id\":\"https:\\\/\\\/aconteceunovale.com.br\\\/portal\\\/?p=178533#breadcrumb\"},\"inLanguage\":\"pt-BR\",\"potentialAction\":[{\"@type\":\"ReadAction\",\"target\":[\"https:\\\/\\\/aconteceunovale.com.br\\\/portal\\\/?p=178533\"]}]},{\"@type\":\"ImageObject\",\"inLanguage\":\"pt-BR\",\"@id\":\"https:\\\/\\\/aconteceunovale.com.br\\\/portal\\\/?p=178533#primaryimage\",\"url\":\"https:\\\/\\\/aconteceunovale.com.br\\\/portal\\\/wp-content\\\/uploads\\\/2021\\\/04\\\/vacina_oxford.jpg\",\"contentUrl\":\"https:\\\/\\\/aconteceunovale.com.br\\\/portal\\\/wp-content\\\/uploads\\\/2021\\\/04\\\/vacina_oxford.jpg\",\"width\":678,\"height\":406,\"caption\":\"Vacina\u00e7\u00e3o dos profissionais de sa\u00fade, veterin\u00e1rios e agentes funer\u00e1rios com 60 anos ou mais de idade, que estam na ativa, na Cl\u00ednica da Fam\u00edlia Est\u00e1cio de S\u00e1, na regi\u00e3o central da cidade. O munic\u00edpio do Rio de Janeiro ampliou hoje (27) o p\u00fablico-alvo da campanha de vacina\u00e7\u00e3o contra a covid-19.\"},{\"@type\":\"BreadcrumbList\",\"@id\":\"https:\\\/\\\/aconteceunovale.com.br\\\/portal\\\/?p=178533#breadcrumb\",\"itemListElement\":[{\"@type\":\"ListItem\",\"position\":1,\"name\":\"In\u00edcio\",\"item\":\"https:\\\/\\\/aconteceunovale.com.br\\\/portal\\\/\"},{\"@type\":\"ListItem\",\"position\":2,\"name\":\"Minist\u00e9rio da Sa\u00fade distribuir\u00e1 mais 6,4 milh\u00f5es de doses de vacinas contra Covid-19\"}]},{\"@type\":\"WebSite\",\"@id\":\"https:\\\/\\\/aconteceunovale.com.br\\\/portal\\\/#website\",\"url\":\"https:\\\/\\\/aconteceunovale.com.br\\\/portal\\\/\",\"name\":\"Aconteceu no Vale\",\"description\":\"Portal de Not\u00edcias\",\"potentialAction\":[{\"@type\":\"SearchAction\",\"target\":{\"@type\":\"EntryPoint\",\"urlTemplate\":\"https:\\\/\\\/aconteceunovale.com.br\\\/portal\\\/?s={search_term_string}\"},\"query-input\":{\"@type\":\"PropertyValueSpecification\",\"valueRequired\":true,\"valueName\":\"search_term_string\"}}],\"inLanguage\":\"pt-BR\"},{\"@type\":\"Person\",\"@id\":\"https:\\\/\\\/aconteceunovale.com.br\\\/portal\\\/#\\\/schema\\\/person\\\/7d2f26d1483f8a63de73da1ee0754d35\",\"name\":\"Reda\u00e7\u00e3o Aconteceu no Vale\",\"description\":\"Equipe de reportagem do Aconteceu no Vale, portal de not\u00edcias do Vale do Jequitinhonha, em Minas Gerais. Cobrimos as 51 cidades do Vale desde 2013. Sugest\u00f5es de pauta e pedidos de corre\u00e7\u00e3o: contato@aconteceunovale.com.br\",\"url\":\"https:\\\/\\\/aconteceunovale.com.br\\\/portal\\\/?author=4\"}]}<\/script>\n<!-- \/ Yoast SEO plugin. -->","yoast_head_json":{"title":"Minist\u00e9rio da Sa\u00fade distribuir\u00e1 mais 6,4 milh\u00f5es de doses de vacinas contra Covid-19 - Aconteceu no Vale","robots":{"index":"index","follow":"follow","max-snippet":"max-snippet:-1","max-image-preview":"max-image-preview:large","max-video-preview":"max-video-preview:-1"},"canonical":"https:\/\/aconteceunovale.com.br\/portal\/?p=178533","og_locale":"pt_BR","og_type":"article","og_title":"Minist\u00e9rio da Sa\u00fade distribuir\u00e1 mais 6,4 milh\u00f5es de doses de vacinas contra Covid-19 - Aconteceu no Vale","og_description":"O Minist\u00e9rio da Sa\u00fade come\u00e7a a distribuir, amanh\u00e3 (18\/5\/2021), um novo lote de vacinas contra a covid-19. Os 26 estados e o Distrito Federal devem receber pouco mais de 6,4 milh\u00f5es de doses de imunizantes, sendo 4,7 milh\u00f5es da AstraZeneca\/Oxford, produzidas pela Fiocruz; 1,08 milh\u00e3o da CoronaVac, do Instituto Butantan, e 647 mil doses do [&hellip;]","og_url":"https:\/\/aconteceunovale.com.br\/portal\/?p=178533","og_site_name":"Aconteceu no Vale","article_publisher":"https:\/\/www.facebook.com\/aconteceunovale\/","article_published_time":"2021-05-17T16:30:53+00:00","article_modified_time":"2021-05-17T16:32:40+00:00","og_image":[{"width":678,"height":406,"url":"https:\/\/aconteceunovale.com.br\/portal\/wp-content\/uploads\/2021\/04\/vacina_oxford.jpg","type":"image\/jpeg"}],"author":"Reda\u00e7\u00e3o Aconteceu no Vale","twitter_card":"summary_large_image","twitter_creator":"@noticiadosvales","twitter_site":"@noticiadosvales","twitter_misc":{"Escrito por":"Reda\u00e7\u00e3o Aconteceu no Vale","Est. tempo de leitura":"1 minuto"},"schema":{"@context":"https:\/\/schema.org","@graph":[{"@type":"Article","@id":"https:\/\/aconteceunovale.com.br\/portal\/?p=178533#article","isPartOf":{"@id":"https:\/\/aconteceunovale.com.br\/portal\/?p=178533"},"author":{"name":"Reda\u00e7\u00e3o Aconteceu no Vale","@id":"https:\/\/aconteceunovale.com.br\/portal\/#\/schema\/person\/7d2f26d1483f8a63de73da1ee0754d35"},"headline":"Minist\u00e9rio da Sa\u00fade distribuir\u00e1 mais 6,4 milh\u00f5es de doses de vacinas contra Covid-19","datePublished":"2021-05-17T16:30:53+00:00","dateModified":"2021-05-17T16:32:40+00:00","mainEntityOfPage":{"@id":"https:\/\/aconteceunovale.com.br\/portal\/?p=178533"},"wordCount":276,"commentCount":0,"image":{"@id":"https:\/\/aconteceunovale.com.br\/portal\/?p=178533#primaryimage"},"thumbnailUrl":"https:\/\/aconteceunovale.com.br\/portal\/wp-content\/uploads\/2021\/04\/vacina_oxford.jpg","keywords":["AstraZeneca","Bio-Manguinhos","Biontech","Butantan","Campanha de vacina\u00e7\u00e3o contra a Covid-19","Comirnaty","CoronaVac","Coronav\u00edrus","COVID-19","Distribui\u00e7\u00e3o de vacinas contra Covid-19","Fiocruz","Instituto Butantan","Minist\u00e9rio da Sa\u00fade","Oxford","pandemia","Pfizer","Plano Nacional de Imuniza\u00e7\u00e3o","PNI","Vacinas distribu\u00eddas pelo Minist\u00e9rio da Sa\u00fade"],"articleSection":["Brasil","Sa\u00fade"],"inLanguage":"pt-BR","potentialAction":[{"@type":"CommentAction","name":"Comment","target":["https:\/\/aconteceunovale.com.br\/portal\/?p=178533#respond"]}]},{"@type":"WebPage","@id":"https:\/\/aconteceunovale.com.br\/portal\/?p=178533","url":"https:\/\/aconteceunovale.com.br\/portal\/?p=178533","name":"Minist\u00e9rio da Sa\u00fade distribuir\u00e1 mais 6,4 milh\u00f5es de doses de vacinas contra Covid-19 - Aconteceu no Vale","isPartOf":{"@id":"https:\/\/aconteceunovale.com.br\/portal\/#website"},"primaryImageOfPage":{"@id":"https:\/\/aconteceunovale.com.br\/portal\/?p=178533#primaryimage"},"image":{"@id":"https:\/\/aconteceunovale.com.br\/portal\/?p=178533#primaryimage"},"thumbnailUrl":"https:\/\/aconteceunovale.com.br\/portal\/wp-content\/uploads\/2021\/04\/vacina_oxford.jpg","datePublished":"2021-05-17T16:30:53+00:00","dateModified":"2021-05-17T16:32:40+00:00","author":{"@id":"https:\/\/aconteceunovale.com.br\/portal\/#\/schema\/person\/7d2f26d1483f8a63de73da1ee0754d35"},"breadcrumb":{"@id":"https:\/\/aconteceunovale.com.br\/portal\/?p=178533#breadcrumb"},"inLanguage":"pt-BR","potentialAction":[{"@type":"ReadAction","target":["https:\/\/aconteceunovale.com.br\/portal\/?p=178533"]}]},{"@type":"ImageObject","inLanguage":"pt-BR","@id":"https:\/\/aconteceunovale.com.br\/portal\/?p=178533#primaryimage","url":"https:\/\/aconteceunovale.com.br\/portal\/wp-content\/uploads\/2021\/04\/vacina_oxford.jpg","contentUrl":"https:\/\/aconteceunovale.com.br\/portal\/wp-content\/uploads\/2021\/04\/vacina_oxford.jpg","width":678,"height":406,"caption":"Vacina\u00e7\u00e3o dos profissionais de sa\u00fade, veterin\u00e1rios e agentes funer\u00e1rios com 60 anos ou mais de idade, que estam na ativa, na Cl\u00ednica da Fam\u00edlia Est\u00e1cio de S\u00e1, na regi\u00e3o central da cidade. O munic\u00edpio do Rio de Janeiro ampliou hoje (27) o p\u00fablico-alvo da campanha de vacina\u00e7\u00e3o contra a covid-19."},{"@type":"BreadcrumbList","@id":"https:\/\/aconteceunovale.com.br\/portal\/?p=178533#breadcrumb","itemListElement":[{"@type":"ListItem","position":1,"name":"In\u00edcio","item":"https:\/\/aconteceunovale.com.br\/portal\/"},{"@type":"ListItem","position":2,"name":"Minist\u00e9rio da Sa\u00fade distribuir\u00e1 mais 6,4 milh\u00f5es de doses de vacinas contra Covid-19"}]},{"@type":"WebSite","@id":"https:\/\/aconteceunovale.com.br\/portal\/#website","url":"https:\/\/aconteceunovale.com.br\/portal\/","name":"Aconteceu no Vale","description":"Portal de Not\u00edcias","potentialAction":[{"@type":"SearchAction","target":{"@type":"EntryPoint","urlTemplate":"https:\/\/aconteceunovale.com.br\/portal\/?s={search_term_string}"},"query-input":{"@type":"PropertyValueSpecification","valueRequired":true,"valueName":"search_term_string"}}],"inLanguage":"pt-BR"},{"@type":"Person","@id":"https:\/\/aconteceunovale.com.br\/portal\/#\/schema\/person\/7d2f26d1483f8a63de73da1ee0754d35","name":"Reda\u00e7\u00e3o Aconteceu no Vale","description":"Equipe de reportagem do Aconteceu no Vale, portal de not\u00edcias do Vale do Jequitinhonha, em Minas Gerais. Cobrimos as 51 cidades do Vale desde 2013. Sugest\u00f5es de pauta e pedidos de corre\u00e7\u00e3o: contato@aconteceunovale.com.br","url":"https:\/\/aconteceunovale.com.br\/portal\/?author=4"}]}},"_links":{"self":[{"href":"https:\/\/aconteceunovale.com.br\/portal\/index.php?rest_route=\/wp\/v2\/posts\/178533","targetHints":{"allow":["GET"]}}],"collection":[{"href":"https:\/\/aconteceunovale.com.br\/portal\/index.php?rest_route=\/wp\/v2\/posts"}],"about":[{"href":"https:\/\/aconteceunovale.com.br\/portal\/index.php?rest_route=\/wp\/v2\/types\/post"}],"author":[{"embeddable":true,"href":"https:\/\/aconteceunovale.com.br\/portal\/index.php?rest_route=\/wp\/v2\/users\/4"}],"replies":[{"embeddable":true,"href":"https:\/\/aconteceunovale.com.br\/portal\/index.php?rest_route=%2Fwp%2Fv2%2Fcomments&post=178533"}],"version-history":[{"count":1,"href":"https:\/\/aconteceunovale.com.br\/portal\/index.php?rest_route=\/wp\/v2\/posts\/178533\/revisions"}],"predecessor-version":[{"id":178534,"href":"https:\/\/aconteceunovale.com.br\/portal\/index.php?rest_route=\/wp\/v2\/posts\/178533\/revisions\/178534"}],"wp:featuredmedia":[{"embeddable":true,"href":"https:\/\/aconteceunovale.com.br\/portal\/index.php?rest_route=\/wp\/v2\/media\/176789"}],"wp:attachment":[{"href":"https:\/\/aconteceunovale.com.br\/portal\/index.php?rest_route=%2Fwp%2Fv2%2Fmedia&parent=178533"}],"wp:term":[{"taxonomy":"category","embeddable":true,"href":"https:\/\/aconteceunovale.com.br\/portal\/index.php?rest_route=%2Fwp%2Fv2%2Fcategories&post=178533"},{"taxonomy":"post_tag","embeddable":true,"href":"https:\/\/aconteceunovale.com.br\/portal\/index.php?rest_route=%2Fwp%2Fv2%2Ftags&post=178533"}],"curies":[{"name":"wp","href":"https:\/\/api.w.org\/{rel}","templated":true}]}}