{"id":178508,"date":"2021-05-17T08:27:19","date_gmt":"2021-05-17T11:27:19","guid":{"rendered":"https:\/\/aconteceunovale.com.br\/portal\/?p=178508"},"modified":"2021-05-17T08:27:38","modified_gmt":"2021-05-17T11:27:38","slug":"saiba-como-e-feito-o-descarte-correto-de-lixo-eletronico","status":"publish","type":"post","link":"https:\/\/aconteceunovale.com.br\/portal\/?p=178508","title":{"rendered":"Saiba como \u00e9 feito o descarte correto de lixo eletr\u00f4nico"},"content":{"rendered":"\n<p class=\"wp-block-paragraph\">O que fazer com o aparelho eletr\u00f4nico que n\u00e3o funciona mais? Essa \u00e9 uma d\u00favida muito comum. Pode ir para o lixo ou deve\u00a0ter\u00a0algum tipo de destino espec\u00edfico? Entenda como \u00e9 preciso\u00a0ter\u00a0cuidado com os equipamentos e dar um destino correto a eles para evitar problemas.<\/p>\n\n\n\n<figure class=\"wp-block-gallery columns-1 is-cropped wp-block-gallery-1 is-layout-flex wp-block-gallery-is-layout-flex\"><ul class=\"blocks-gallery-grid\"><li class=\"blocks-gallery-item\"><figure><img loading=\"lazy\" decoding=\"async\" width=\"678\" height=\"406\" src=\"https:\/\/aconteceunovale.com.br\/portal\/wp-content\/uploads\/2021\/05\/eletronicos.jpg\" alt=\"\" data-id=\"178509\" data-full-url=\"https:\/\/aconteceunovale.com.br\/portal\/wp-content\/uploads\/2021\/05\/eletronicos.jpg\" data-link=\"https:\/\/aconteceunovale.com.br\/portal\/?attachment_id=178509\" class=\"wp-image-178509\" srcset=\"https:\/\/aconteceunovale.com.br\/portal\/wp-content\/uploads\/2021\/05\/eletronicos.jpg 678w, https:\/\/aconteceunovale.com.br\/portal\/wp-content\/uploads\/2021\/05\/eletronicos-300x180.jpg 300w\" sizes=\"auto, (max-width: 678px) 100vw, 678px\" \/><figcaption class=\"blocks-gallery-item__caption\"><em>Foto: Emerson Ferraz \/ GPE \/ SECOM<\/em><\/figcaption><\/figure><\/li><\/ul><\/figure>\n\n\n\n<p class=\"wp-block-paragraph\">O lixo eletr\u00f4nico tem o nome t\u00e9cnico de Res\u00edduos de Equipamentos El\u00e9tricos e Eletr\u00f4nicos (REEE). Ele abrange n\u00e3o somente computadores e celulares, mas qualquer tipo de eletrodom\u00e9stico, como micro-ondas, geladeiras e m\u00e1quinas de lavar.<\/p>\n\n\n\n<p class=\"wp-block-paragraph\">Tamb\u00e9m inclui aparelhos menores, como furadeiras, panelas el\u00e9tricas, mixer, processador de alimentos, purificador de \u00e1gua, secador de cabelo, ventiladores e liquidificadores, al\u00e9m de qualquer tipo de pilha ou bateria.<\/p>\n\n\n\n<p class=\"wp-block-paragraph\">Tanto os equipamentos quanto as baterias possuem subst\u00e2ncias que se jogadas no lixo e enviadas a aterros sanit\u00e1rios podem produzir danos importantes ao meio ambiente.<\/p>\n\n\n\n<p class=\"wp-block-paragraph\">\u201cOs produtos eletroeletr\u00f4nicos descartados no lixo comum impossibilitam a reciclagem deles por entidades e claramente prejudicam o meio ambiente. De certa forma, impede que esses produtos tenham uma destina\u00e7\u00e3o correta, como \u00e9 a atividade de entidades gestoras\u201d, explica a gerente executiva da Associa\u00e7\u00e3o Brasileira de Reciclagem de Eletroeletr\u00f4nicos e Eletrodom\u00e9sticos (Abree), Mara Ballam.<\/p>\n\n\n\n<p class=\"wp-block-paragraph\">A\u00a0<a rel=\"noreferrer noopener\" href=\"http:\/\/www.planalto.gov.br\/ccivil_03\/_ato2007-2010\/2010\/lei\/l12305.htm\" target=\"_blank\">Pol\u00edtica Nacional de Res\u00edduos S\u00f3lidos<\/a>\u00a0(Lei 12.305, de 2010) atribui ao fabricante a obriga\u00e7\u00e3o de dar o destino, processo tamb\u00e9m chamado de \u201clog\u00edstica reversa\u201d. Cabe aos propriet\u00e1rios dos equipamentos entreg\u00e1-los para que possam ser corretamente descartados e reciclados.<\/p>\n\n\n\n<p class=\"wp-block-paragraph\">O\u00a0<a rel=\"noreferrer noopener\" href=\"https:\/\/www.in.gov.br\/web\/dou\/-\/decreto-n-10.240-de-12-de-fevereiro-de-2020-243058096\" target=\"_blank\">Decreto N\u00ba 10. 240<\/a>, de\u00a012 de fevereiro\u00a0de 2020, normatizou o sistema de log\u00edstica reversa no Brasil. Ele estabelece um percentual de equipamentos a serem coletados e de munic\u00edpios com servi\u00e7os de log\u00edstica reversa, visando a chegar a 400 at\u00e9 2025. Cada cidade dessas dever\u00e1 instalar um ponto de coleta a cada 25 mil habitantes.<\/p>\n\n\n\n<p class=\"wp-block-paragraph\">H\u00e1 diferentes iniciativas criadas para auxiliar as pessoas a descartar o lixo eletr\u00f4nico corretamente. A\u00a0<a rel=\"noreferrer noopener\" href=\"http:\/\/abree.org.br\/sobre\" target=\"_blank\">Abree<\/a>\u00a0tem em seu\u00a0<em>site<\/em>\u00a0um sistema para consulta de locais que recebem produtos eletr\u00f4nicos e d\u00e3o encaminhamento ambientalmente adequado. A associa\u00e7\u00e3o conta com mais de 1.300 pontos de coleta.<\/p>\n\n\n\n<p class=\"wp-block-paragraph\">A Associa\u00e7\u00e3o Brasileira da Ind\u00fastria Eletroeletr\u00f4nica (<a rel=\"noreferrer noopener\" href=\"http:\/\/www.abinee.org.br\/\" target=\"_blank\">Abinee<\/a>) passou a trabalhar com uma gestora de log\u00edstica reversa chamada \u201cGreeneletron\u201d. No\u00a0<em>site<\/em>\u00a0\u00e9 poss\u00edvel encontrar endere\u00e7os de pontos de entrega de equipamentos.<\/p>\n\n\n\n<p class=\"wp-block-paragraph\">&#8212;&#8212;&#8212;&#8212;&#8212;&#8212;<br><em>Quer receber as not\u00edcias do <strong>Aconteceu no Vale<\/strong> em primeira m\u00e3o? Siga-nos no Facebook <a rel=\"noreferrer noopener\" href=\"http:\/\/facebook.com\/aconteceunovale\" target=\"_blank\">@aconteceunovale<\/a>, Twitter <a rel=\"noreferrer noopener\" href=\"https:\/\/twitter.com\/noticiadosvales\" target=\"_blank\">@noticiadosvales<\/a> e Instagram <a rel=\"noreferrer noopener\" href=\"https:\/\/www.instagram.com\/aconteceunovale\" target=\"_blank\">@aconteceunovale<\/a>.<\/em><\/p>\n","protected":false},"excerpt":{"rendered":"<p>O que fazer com o aparelho eletr\u00f4nico que n\u00e3o funciona mais? Essa \u00e9 uma d\u00favida muito comum. Pode ir para o lixo ou deve\u00a0ter\u00a0algum tipo de destino espec\u00edfico? Entenda como \u00e9 preciso\u00a0ter\u00a0cuidado com os equipamentos e dar um destino correto a eles para evitar problemas. O lixo eletr\u00f4nico tem o nome t\u00e9cnico de Res\u00edduos de [&hellip;]<\/p>\n","protected":false},"author":4,"featured_media":178509,"comment_status":"open","ping_status":"closed","sticky":false,"template":"","format":"standard","meta":{"amp_status":"","footnotes":""},"categories":[6],"tags":[245281,245287,245280,245277,245275,245274,245276,245288,245283,112509,245284,245282,245273,245286,61227,245279,245278,245285],"class_list":["post-178508","post","type-post","status-publish","format-standard","has-post-thumbnail","hentry","category-br","tag-abree","tag-associacao-brasileira-da-industria-eletroeletronica","tag-associacao-brasileira-de-reciclagem-de-eletroeletronicos-e-eletrodomesticos","tag-descarte-correto-de-lixo-eletronico","tag-descarte-de-computador-quebrado","tag-descarte-de-eletronicos","tag-descarte-de-smartphone-quebrado","tag-greeneletron","tag-lei-12-305","tag-lixo-eletronico","tag-logistica-reversa","tag-mara-ballam","tag-o-descarte-do-lixo-eletronico","tag-onde-descartar-lixo-eletronico","tag-politica-nacional-de-residuos-solidos","tag-reee","tag-residuos-de-equipamentos-eletricos-e-eletronicos","tag-saiba-o-que-e-lixo-eletronico"],"yoast_head":"<!-- This site is optimized with the Yoast SEO plugin v28.3 - https:\/\/yoast.com\/product\/yoast-seo-wordpress\/ -->\n<title>Saiba como \u00e9 feito o descarte correto de lixo eletr\u00f4nico - Aconteceu no Vale<\/title>\n<meta name=\"robots\" content=\"index, follow, max-snippet:-1, max-image-preview:large, max-video-preview:-1\" \/>\n<link rel=\"canonical\" href=\"https:\/\/aconteceunovale.com.br\/portal\/?p=178508\" \/>\n<meta property=\"og:locale\" content=\"pt_BR\" \/>\n<meta property=\"og:type\" content=\"article\" \/>\n<meta property=\"og:title\" content=\"Saiba como \u00e9 feito o descarte correto de lixo eletr\u00f4nico - Aconteceu no Vale\" \/>\n<meta property=\"og:description\" content=\"O que fazer com o aparelho eletr\u00f4nico que n\u00e3o funciona mais? Essa \u00e9 uma d\u00favida muito comum. Pode ir para o lixo ou deve\u00a0ter\u00a0algum tipo de destino espec\u00edfico? Entenda como \u00e9 preciso\u00a0ter\u00a0cuidado com os equipamentos e dar um destino correto a eles para evitar problemas. O lixo eletr\u00f4nico tem o nome t\u00e9cnico de Res\u00edduos de [&hellip;]\" \/>\n<meta property=\"og:url\" content=\"https:\/\/aconteceunovale.com.br\/portal\/?p=178508\" \/>\n<meta property=\"og:site_name\" content=\"Aconteceu no Vale\" \/>\n<meta property=\"article:publisher\" content=\"https:\/\/www.facebook.com\/aconteceunovale\/\" \/>\n<meta property=\"article:published_time\" content=\"2021-05-17T11:27:19+00:00\" \/>\n<meta property=\"article:modified_time\" content=\"2021-05-17T11:27:38+00:00\" \/>\n<meta property=\"og:image\" content=\"https:\/\/aconteceunovale.com.br\/portal\/wp-content\/uploads\/2021\/05\/eletronicos.jpg\" \/>\n\t<meta property=\"og:image:width\" content=\"678\" \/>\n\t<meta property=\"og:image:height\" content=\"406\" \/>\n\t<meta property=\"og:image:type\" content=\"image\/jpeg\" \/>\n<meta name=\"author\" content=\"Reda\u00e7\u00e3o Aconteceu no Vale\" \/>\n<meta name=\"twitter:card\" content=\"summary_large_image\" \/>\n<meta name=\"twitter:creator\" content=\"@noticiadosvales\" \/>\n<meta name=\"twitter:site\" content=\"@noticiadosvales\" \/>\n<meta name=\"twitter:label1\" content=\"Escrito por\" \/>\n\t<meta name=\"twitter:data1\" content=\"Reda\u00e7\u00e3o Aconteceu no Vale\" \/>\n\t<meta name=\"twitter:label2\" content=\"Est. tempo de leitura\" \/>\n\t<meta name=\"twitter:data2\" content=\"2 minutos\" \/>\n<script type=\"application\/ld+json\" class=\"yoast-schema-graph\">{\"@context\":\"https:\\\/\\\/schema.org\",\"@graph\":[{\"@type\":\"Article\",\"@id\":\"https:\\\/\\\/aconteceunovale.com.br\\\/portal\\\/?p=178508#article\",\"isPartOf\":{\"@id\":\"https:\\\/\\\/aconteceunovale.com.br\\\/portal\\\/?p=178508\"},\"author\":{\"name\":\"Reda\u00e7\u00e3o Aconteceu no Vale\",\"@id\":\"https:\\\/\\\/aconteceunovale.com.br\\\/portal\\\/#\\\/schema\\\/person\\\/7d2f26d1483f8a63de73da1ee0754d35\"},\"headline\":\"Saiba como \u00e9 feito o descarte correto de lixo eletr\u00f4nico\",\"datePublished\":\"2021-05-17T11:27:19+00:00\",\"dateModified\":\"2021-05-17T11:27:38+00:00\",\"mainEntityOfPage\":{\"@id\":\"https:\\\/\\\/aconteceunovale.com.br\\\/portal\\\/?p=178508\"},\"wordCount\":429,\"commentCount\":0,\"image\":{\"@id\":\"https:\\\/\\\/aconteceunovale.com.br\\\/portal\\\/?p=178508#primaryimage\"},\"thumbnailUrl\":\"https:\\\/\\\/aconteceunovale.com.br\\\/portal\\\/wp-content\\\/uploads\\\/2021\\\/05\\\/eletronicos.jpg\",\"keywords\":[\"Abree\",\"Associa\u00e7\u00e3o Brasileira da Ind\u00fastria Eletroeletr\u00f4nica\",\"Associa\u00e7\u00e3o Brasileira de Reciclagem de Eletroeletr\u00f4nicos e Eletrodom\u00e9sticos\",\"Descarte correto de lixo eletr\u00f4nico\",\"Descarte de computador quebrado\",\"Descarte de eletr\u00f4nicos\",\"Descarte de smartphone quebrado\",\"Greeneletron\",\"Lei 12.305\",\"lixo eletr\u00f4nico\",\"Log\u00edstica reversa\",\"Mara Ballam\",\"O descarte do lixo eletr\u00f4nico\",\"Onde descartar lixo eletr\u00f4nico\",\"Pol\u00edtica Nacional de Res\u00edduos S\u00f3lidos\",\"REEE\",\"Res\u00edduos de Equipamentos El\u00e9tricos e Eletr\u00f4nicos\",\"Saiba o que \u00e9 lixo eletr\u00f4nico\"],\"articleSection\":[\"Brasil\"],\"inLanguage\":\"pt-BR\",\"potentialAction\":[{\"@type\":\"CommentAction\",\"name\":\"Comment\",\"target\":[\"https:\\\/\\\/aconteceunovale.com.br\\\/portal\\\/?p=178508#respond\"]}]},{\"@type\":\"WebPage\",\"@id\":\"https:\\\/\\\/aconteceunovale.com.br\\\/portal\\\/?p=178508\",\"url\":\"https:\\\/\\\/aconteceunovale.com.br\\\/portal\\\/?p=178508\",\"name\":\"Saiba como \u00e9 feito o descarte correto de lixo eletr\u00f4nico - Aconteceu no Vale\",\"isPartOf\":{\"@id\":\"https:\\\/\\\/aconteceunovale.com.br\\\/portal\\\/#website\"},\"primaryImageOfPage\":{\"@id\":\"https:\\\/\\\/aconteceunovale.com.br\\\/portal\\\/?p=178508#primaryimage\"},\"image\":{\"@id\":\"https:\\\/\\\/aconteceunovale.com.br\\\/portal\\\/?p=178508#primaryimage\"},\"thumbnailUrl\":\"https:\\\/\\\/aconteceunovale.com.br\\\/portal\\\/wp-content\\\/uploads\\\/2021\\\/05\\\/eletronicos.jpg\",\"datePublished\":\"2021-05-17T11:27:19+00:00\",\"dateModified\":\"2021-05-17T11:27:38+00:00\",\"author\":{\"@id\":\"https:\\\/\\\/aconteceunovale.com.br\\\/portal\\\/#\\\/schema\\\/person\\\/7d2f26d1483f8a63de73da1ee0754d35\"},\"breadcrumb\":{\"@id\":\"https:\\\/\\\/aconteceunovale.com.br\\\/portal\\\/?p=178508#breadcrumb\"},\"inLanguage\":\"pt-BR\",\"potentialAction\":[{\"@type\":\"ReadAction\",\"target\":[\"https:\\\/\\\/aconteceunovale.com.br\\\/portal\\\/?p=178508\"]}]},{\"@type\":\"ImageObject\",\"inLanguage\":\"pt-BR\",\"@id\":\"https:\\\/\\\/aconteceunovale.com.br\\\/portal\\\/?p=178508#primaryimage\",\"url\":\"https:\\\/\\\/aconteceunovale.com.br\\\/portal\\\/wp-content\\\/uploads\\\/2021\\\/05\\\/eletronicos.jpg\",\"contentUrl\":\"https:\\\/\\\/aconteceunovale.com.br\\\/portal\\\/wp-content\\\/uploads\\\/2021\\\/05\\\/eletronicos.jpg\",\"width\":678,\"height\":406},{\"@type\":\"BreadcrumbList\",\"@id\":\"https:\\\/\\\/aconteceunovale.com.br\\\/portal\\\/?p=178508#breadcrumb\",\"itemListElement\":[{\"@type\":\"ListItem\",\"position\":1,\"name\":\"In\u00edcio\",\"item\":\"https:\\\/\\\/aconteceunovale.com.br\\\/portal\\\/\"},{\"@type\":\"ListItem\",\"position\":2,\"name\":\"Saiba como \u00e9 feito o descarte correto de lixo eletr\u00f4nico\"}]},{\"@type\":\"WebSite\",\"@id\":\"https:\\\/\\\/aconteceunovale.com.br\\\/portal\\\/#website\",\"url\":\"https:\\\/\\\/aconteceunovale.com.br\\\/portal\\\/\",\"name\":\"Aconteceu no Vale\",\"description\":\"Portal de Not\u00edcias\",\"potentialAction\":[{\"@type\":\"SearchAction\",\"target\":{\"@type\":\"EntryPoint\",\"urlTemplate\":\"https:\\\/\\\/aconteceunovale.com.br\\\/portal\\\/?s={search_term_string}\"},\"query-input\":{\"@type\":\"PropertyValueSpecification\",\"valueRequired\":true,\"valueName\":\"search_term_string\"}}],\"inLanguage\":\"pt-BR\"},{\"@type\":\"Person\",\"@id\":\"https:\\\/\\\/aconteceunovale.com.br\\\/portal\\\/#\\\/schema\\\/person\\\/7d2f26d1483f8a63de73da1ee0754d35\",\"name\":\"Reda\u00e7\u00e3o Aconteceu no Vale\",\"description\":\"Equipe de reportagem do Aconteceu no Vale, portal de not\u00edcias do Vale do Jequitinhonha, em Minas Gerais. Cobrimos as 51 cidades do Vale desde 2013. Sugest\u00f5es de pauta e pedidos de corre\u00e7\u00e3o: contato@aconteceunovale.com.br\",\"url\":\"https:\\\/\\\/aconteceunovale.com.br\\\/portal\\\/?author=4\"}]}<\/script>\n<!-- \/ Yoast SEO plugin. -->","yoast_head_json":{"title":"Saiba como \u00e9 feito o descarte correto de lixo eletr\u00f4nico - Aconteceu no Vale","robots":{"index":"index","follow":"follow","max-snippet":"max-snippet:-1","max-image-preview":"max-image-preview:large","max-video-preview":"max-video-preview:-1"},"canonical":"https:\/\/aconteceunovale.com.br\/portal\/?p=178508","og_locale":"pt_BR","og_type":"article","og_title":"Saiba como \u00e9 feito o descarte correto de lixo eletr\u00f4nico - Aconteceu no Vale","og_description":"O que fazer com o aparelho eletr\u00f4nico que n\u00e3o funciona mais? Essa \u00e9 uma d\u00favida muito comum. Pode ir para o lixo ou deve\u00a0ter\u00a0algum tipo de destino espec\u00edfico? Entenda como \u00e9 preciso\u00a0ter\u00a0cuidado com os equipamentos e dar um destino correto a eles para evitar problemas. O lixo eletr\u00f4nico tem o nome t\u00e9cnico de Res\u00edduos de [&hellip;]","og_url":"https:\/\/aconteceunovale.com.br\/portal\/?p=178508","og_site_name":"Aconteceu no Vale","article_publisher":"https:\/\/www.facebook.com\/aconteceunovale\/","article_published_time":"2021-05-17T11:27:19+00:00","article_modified_time":"2021-05-17T11:27:38+00:00","og_image":[{"width":678,"height":406,"url":"https:\/\/aconteceunovale.com.br\/portal\/wp-content\/uploads\/2021\/05\/eletronicos.jpg","type":"image\/jpeg"}],"author":"Reda\u00e7\u00e3o Aconteceu no Vale","twitter_card":"summary_large_image","twitter_creator":"@noticiadosvales","twitter_site":"@noticiadosvales","twitter_misc":{"Escrito por":"Reda\u00e7\u00e3o Aconteceu no Vale","Est. tempo de leitura":"2 minutos"},"schema":{"@context":"https:\/\/schema.org","@graph":[{"@type":"Article","@id":"https:\/\/aconteceunovale.com.br\/portal\/?p=178508#article","isPartOf":{"@id":"https:\/\/aconteceunovale.com.br\/portal\/?p=178508"},"author":{"name":"Reda\u00e7\u00e3o Aconteceu no Vale","@id":"https:\/\/aconteceunovale.com.br\/portal\/#\/schema\/person\/7d2f26d1483f8a63de73da1ee0754d35"},"headline":"Saiba como \u00e9 feito o descarte correto de lixo eletr\u00f4nico","datePublished":"2021-05-17T11:27:19+00:00","dateModified":"2021-05-17T11:27:38+00:00","mainEntityOfPage":{"@id":"https:\/\/aconteceunovale.com.br\/portal\/?p=178508"},"wordCount":429,"commentCount":0,"image":{"@id":"https:\/\/aconteceunovale.com.br\/portal\/?p=178508#primaryimage"},"thumbnailUrl":"https:\/\/aconteceunovale.com.br\/portal\/wp-content\/uploads\/2021\/05\/eletronicos.jpg","keywords":["Abree","Associa\u00e7\u00e3o Brasileira da Ind\u00fastria Eletroeletr\u00f4nica","Associa\u00e7\u00e3o Brasileira de Reciclagem de Eletroeletr\u00f4nicos e Eletrodom\u00e9sticos","Descarte correto de lixo eletr\u00f4nico","Descarte de computador quebrado","Descarte de eletr\u00f4nicos","Descarte de smartphone quebrado","Greeneletron","Lei 12.305","lixo eletr\u00f4nico","Log\u00edstica reversa","Mara Ballam","O descarte do lixo eletr\u00f4nico","Onde descartar lixo eletr\u00f4nico","Pol\u00edtica Nacional de Res\u00edduos S\u00f3lidos","REEE","Res\u00edduos de Equipamentos El\u00e9tricos e Eletr\u00f4nicos","Saiba o que \u00e9 lixo eletr\u00f4nico"],"articleSection":["Brasil"],"inLanguage":"pt-BR","potentialAction":[{"@type":"CommentAction","name":"Comment","target":["https:\/\/aconteceunovale.com.br\/portal\/?p=178508#respond"]}]},{"@type":"WebPage","@id":"https:\/\/aconteceunovale.com.br\/portal\/?p=178508","url":"https:\/\/aconteceunovale.com.br\/portal\/?p=178508","name":"Saiba como \u00e9 feito o descarte correto de lixo eletr\u00f4nico - Aconteceu no Vale","isPartOf":{"@id":"https:\/\/aconteceunovale.com.br\/portal\/#website"},"primaryImageOfPage":{"@id":"https:\/\/aconteceunovale.com.br\/portal\/?p=178508#primaryimage"},"image":{"@id":"https:\/\/aconteceunovale.com.br\/portal\/?p=178508#primaryimage"},"thumbnailUrl":"https:\/\/aconteceunovale.com.br\/portal\/wp-content\/uploads\/2021\/05\/eletronicos.jpg","datePublished":"2021-05-17T11:27:19+00:00","dateModified":"2021-05-17T11:27:38+00:00","author":{"@id":"https:\/\/aconteceunovale.com.br\/portal\/#\/schema\/person\/7d2f26d1483f8a63de73da1ee0754d35"},"breadcrumb":{"@id":"https:\/\/aconteceunovale.com.br\/portal\/?p=178508#breadcrumb"},"inLanguage":"pt-BR","potentialAction":[{"@type":"ReadAction","target":["https:\/\/aconteceunovale.com.br\/portal\/?p=178508"]}]},{"@type":"ImageObject","inLanguage":"pt-BR","@id":"https:\/\/aconteceunovale.com.br\/portal\/?p=178508#primaryimage","url":"https:\/\/aconteceunovale.com.br\/portal\/wp-content\/uploads\/2021\/05\/eletronicos.jpg","contentUrl":"https:\/\/aconteceunovale.com.br\/portal\/wp-content\/uploads\/2021\/05\/eletronicos.jpg","width":678,"height":406},{"@type":"BreadcrumbList","@id":"https:\/\/aconteceunovale.com.br\/portal\/?p=178508#breadcrumb","itemListElement":[{"@type":"ListItem","position":1,"name":"In\u00edcio","item":"https:\/\/aconteceunovale.com.br\/portal\/"},{"@type":"ListItem","position":2,"name":"Saiba como \u00e9 feito o descarte correto de lixo eletr\u00f4nico"}]},{"@type":"WebSite","@id":"https:\/\/aconteceunovale.com.br\/portal\/#website","url":"https:\/\/aconteceunovale.com.br\/portal\/","name":"Aconteceu no Vale","description":"Portal de Not\u00edcias","potentialAction":[{"@type":"SearchAction","target":{"@type":"EntryPoint","urlTemplate":"https:\/\/aconteceunovale.com.br\/portal\/?s={search_term_string}"},"query-input":{"@type":"PropertyValueSpecification","valueRequired":true,"valueName":"search_term_string"}}],"inLanguage":"pt-BR"},{"@type":"Person","@id":"https:\/\/aconteceunovale.com.br\/portal\/#\/schema\/person\/7d2f26d1483f8a63de73da1ee0754d35","name":"Reda\u00e7\u00e3o Aconteceu no Vale","description":"Equipe de reportagem do Aconteceu no Vale, portal de not\u00edcias do Vale do Jequitinhonha, em Minas Gerais. Cobrimos as 51 cidades do Vale desde 2013. Sugest\u00f5es de pauta e pedidos de corre\u00e7\u00e3o: contato@aconteceunovale.com.br","url":"https:\/\/aconteceunovale.com.br\/portal\/?author=4"}]}},"_links":{"self":[{"href":"https:\/\/aconteceunovale.com.br\/portal\/index.php?rest_route=\/wp\/v2\/posts\/178508","targetHints":{"allow":["GET"]}}],"collection":[{"href":"https:\/\/aconteceunovale.com.br\/portal\/index.php?rest_route=\/wp\/v2\/posts"}],"about":[{"href":"https:\/\/aconteceunovale.com.br\/portal\/index.php?rest_route=\/wp\/v2\/types\/post"}],"author":[{"embeddable":true,"href":"https:\/\/aconteceunovale.com.br\/portal\/index.php?rest_route=\/wp\/v2\/users\/4"}],"replies":[{"embeddable":true,"href":"https:\/\/aconteceunovale.com.br\/portal\/index.php?rest_route=%2Fwp%2Fv2%2Fcomments&post=178508"}],"version-history":[{"count":1,"href":"https:\/\/aconteceunovale.com.br\/portal\/index.php?rest_route=\/wp\/v2\/posts\/178508\/revisions"}],"predecessor-version":[{"id":178510,"href":"https:\/\/aconteceunovale.com.br\/portal\/index.php?rest_route=\/wp\/v2\/posts\/178508\/revisions\/178510"}],"wp:featuredmedia":[{"embeddable":true,"href":"https:\/\/aconteceunovale.com.br\/portal\/index.php?rest_route=\/wp\/v2\/media\/178509"}],"wp:attachment":[{"href":"https:\/\/aconteceunovale.com.br\/portal\/index.php?rest_route=%2Fwp%2Fv2%2Fmedia&parent=178508"}],"wp:term":[{"taxonomy":"category","embeddable":true,"href":"https:\/\/aconteceunovale.com.br\/portal\/index.php?rest_route=%2Fwp%2Fv2%2Fcategories&post=178508"},{"taxonomy":"post_tag","embeddable":true,"href":"https:\/\/aconteceunovale.com.br\/portal\/index.php?rest_route=%2Fwp%2Fv2%2Ftags&post=178508"}],"curies":[{"name":"wp","href":"https:\/\/api.w.org\/{rel}","templated":true}]}}