{"id":178502,"date":"2021-05-17T00:15:54","date_gmt":"2021-05-17T03:15:54","guid":{"rendered":"https:\/\/aconteceunovale.com.br\/portal\/?p=178502"},"modified":"2021-05-17T00:17:35","modified_gmt":"2021-05-17T03:17:35","slug":"leia-a-carta-que-bruno-covas-escreveu-dois-dias-antes-de-falecer","status":"publish","type":"post","link":"https:\/\/aconteceunovale.com.br\/portal\/?p=178502","title":{"rendered":"Leia a carta que Bruno Covas escreveu dois dias antes de falecer"},"content":{"rendered":"\n<p class=\"wp-block-paragraph\">Dois dias antes de morrer, Bruno Covas escreveu uma carta a correligion\u00e1rios. Nela, o prefeito falava das consequ\u00eancias catastr\u00f3ficas da pandemia, criticava o governo federal no enfrentamento da Covid-19 e dizia que o momento atual deveria ser de uni\u00e3o.<\/p>\n\n\n\n<figure class=\"wp-block-gallery columns-1 is-cropped wp-block-gallery-1 is-layout-flex wp-block-gallery-is-layout-flex\"><ul class=\"blocks-gallery-grid\"><li class=\"blocks-gallery-item\"><figure><img loading=\"lazy\" decoding=\"async\" width=\"675\" height=\"450\" src=\"https:\/\/aconteceunovale.com.br\/portal\/wp-content\/uploads\/2021\/05\/covas_sp.jpg\" alt=\"\" data-id=\"178503\" data-full-url=\"https:\/\/aconteceunovale.com.br\/portal\/wp-content\/uploads\/2021\/05\/covas_sp.jpg\" data-link=\"https:\/\/aconteceunovale.com.br\/portal\/?attachment_id=178503\" class=\"wp-image-178503\" srcset=\"https:\/\/aconteceunovale.com.br\/portal\/wp-content\/uploads\/2021\/05\/covas_sp.jpg 675w, https:\/\/aconteceunovale.com.br\/portal\/wp-content\/uploads\/2021\/05\/covas_sp-300x200.jpg 300w, https:\/\/aconteceunovale.com.br\/portal\/wp-content\/uploads\/2021\/05\/covas_sp-630x420.jpg 630w\" sizes=\"auto, (max-width: 675px) 100vw, 675px\" \/><figcaption class=\"blocks-gallery-item__caption\"><em>Bruno Covas durante evento em janeiro de 2020 &#8211; Foto: Rovena Rosa\/Ag\u00eancia Brasil<\/em><\/figcaption><\/figure><\/li><\/ul><\/figure>\n\n\n\n<p class=\"wp-block-paragraph\">A carta foi lida no evento de filia\u00e7\u00e3o de Rodrigo Garcia, vice-governador de S\u00e3o Paulo (ex-DEM), ao PSDB, na sexta-feira (14\/5\/2021), mesmo dia em que foi escrita.<\/p>\n\n\n\n<h3 class=\"wp-block-heading\"><strong>Leia a carta na \u00edntegra:<\/strong><\/h3>\n\n\n\n<p class=\"wp-block-paragraph\"><em>&#8220;S\u00e3o Paulo, 14 de maio de 2021<\/em><\/p>\n\n\n\n<p class=\"wp-block-paragraph\"><em>Minhas companheiras e meus companheiros,<\/em><\/p>\n\n\n\n<p class=\"wp-block-paragraph\"><em>Espero que estejam bem e protegidos.<\/em><\/p>\n\n\n\n<p class=\"wp-block-paragraph\"><em>Gostaria de em primeiro lugar agradecer a todo carinho, a todas as ora\u00e7\u00f5es e energia positiva que voc\u00eas t\u00eam me enviado. Lamento n\u00e3o conseguir responder a tantas mensagens, sintam-se todos abra\u00e7ados. O apoio e o suporte de voc\u00eas t\u00eam sido decisivos no meu tratamento. Venho seguindo \u00e0 risca as orienta\u00e7\u00f5es da minha equipe m\u00e9dica e, de cabe\u00e7a erguida, enfrentado os desafios que a vida me imp\u00f5e. A luta \u00e9 dura e \u00e1rdua, mas n\u00e3o esmore\u00e7o e sigo em frente.<\/em><\/p>\n\n\n\n<p class=\"wp-block-paragraph\"><em>Esses \u00faltimos meses t\u00eam sido muito desafiadores para todos n\u00f3s. A pandemia da Covid-19 tem cobrado um pre\u00e7o caro dos brasileiros e vamos caminhando para contabilizar 430 mil mortos. Uma trag\u00e9dia sem precedentes que j\u00e1 deixa e vai deixar muitas marcas na nossa hist\u00f3ria. As consequ\u00eancias s\u00e3o catastr\u00f3ficas: vidas interrompidas, fam\u00edlias em sofrimento, neg\u00f3cios em dificuldade, desemprego, pobreza e, lamentavelmente, a fome. Fa\u00e7o esse preambulo pois \u00e9 exatamente sobre o que se trata o dia de hoje: pol\u00edtica. A solu\u00e7\u00e3o para nossos problemas s\u00f3 ser\u00e1 enfrentada pela via da pol\u00edtica, pela via democr\u00e1tica, pela seriedade com que os governos trabalham e realizam pol\u00edticas p\u00fablicas.<\/em><\/p>\n\n\n\n<p class=\"wp-block-paragraph\"><em>Tucanas e tucanos podem se orgulhar de todo o esfor\u00e7o que nossos governos, no estado de S\u00e3o Paulo e nos munic\u00edpios, incluindo a nossa Capital, t\u00eam feito para enfrentar a pandemia. Das vacinas em produ\u00e7\u00e3o e desenvolvimento pelo Instituto Butantan, \u00e0 expans\u00e3o vertiginosa da infraestrutura hospitalar, o fortalecimento do SUS em nosso estado \u00e9 uma realidade.<\/em><\/p>\n\n\n\n<p class=\"wp-block-paragraph\"><em>Em contraposi\u00e7\u00e3o ao governo federal, que vem desdenhando da vida e da sa\u00fade dos brasileiros ao longo da pandemia, o PSDB de S\u00e3o Paulo e seus aliados v\u00eam demonstrando na pr\u00e1tica aquilo que \u00e9 sua voca\u00e7\u00e3o: responsabilidade p\u00fablica, colocar a popula\u00e7\u00e3o, sobretudo a mais pobre, em primeiro lugar, cuidar de gente, fazer um trabalho t\u00e9cnico e baseado em evid\u00eancias e na ci\u00eancia, tomar atitudes dif\u00edceis e enfrentar as adversidades sempre com respeito, dignidade e defendendo a democracia.<\/em><\/p>\n\n\n\n<p class=\"wp-block-paragraph\"><em>Somos um partido forte, s\u00f3lido, com muitos servi\u00e7os prestados ao nosso pa\u00eds e ao nosso estado. Somos um partido de quadros competentes e que colocam o compromisso p\u00fablico em primeiro lugar.<\/em><\/p>\n\n\n\n<p class=\"wp-block-paragraph\"><em>\u00c9 nesse contexto que quero ressaltar a import\u00e2ncia dessa cerim\u00f4nia de hoje. O momento do Brasil demanda de todos n\u00f3s esp\u00edrito p\u00fablico, unidade, agrega\u00e7\u00e3o, somar e n\u00e3o dividir, n\u00e3o deixar nenhum interesse pessoal sobrepujar o interesse coletivo. Receber em nossos quadros o vice-governador Rodrigo Garcia sinaliza exatamente isso. Ele tem sido incans\u00e1vel na defesa do interesse p\u00fablico. Tenho por ele muito apre\u00e7o e considera\u00e7\u00e3o. Foi decisivo na nossa vit\u00f3ria na elei\u00e7\u00e3o passada aqui na Capital e tem sido aliado hist\u00f3rico dos tucanos. Foi aliado do meu av\u00f4, foi aliado de Geraldo Alckmin, foi aliado de Serra, \u00ea meu parceiro e aliado, \u00e9 aliado do Governador Joao Doria, sempre esteve do nosso lado, nada mais natural do que se juntar a n\u00f3s nessa caminhada.<\/em><\/p>\n\n\n\n<p class=\"wp-block-paragraph\"><em>Vejo nesse ato um resgate da hist\u00f3ria do nosso partido, inclusive para al\u00e9m das razoes que j\u00e1 mencionei, vejo um resgate do nosso manifesto de funda\u00e7\u00e3o.<\/em><\/p>\n\n\n\n<p class=\"wp-block-paragraph\"><em>No sonho de nossos fundadores, o Partido da Social-Democracia Brasileira, seria o partido capaz de juntar as for\u00e7as democr\u00e1ticas ponderadas da rep\u00fablica na luta pelo bem comum. Rodrigo \u00e9 um liberal progressista, um parlamentarista, est\u00e1 afinado com nossos valores e ideais. Sua trajet\u00f3ria e sua experiencia pol\u00edtico administrativa vem contribuir em muito para que nosso partido possa se fortalecer ainda mais e continue a promover as mudan\u00e7as que a popula\u00e7\u00e3o precisa no estado de S\u00e3o Paulo.<\/em><\/p>\n\n\n\n<p class=\"wp-block-paragraph\"><em>Seja bem-vindo Rodrigo Garcia, seja bem-vindo ao ninho tucano, seja bem-vindo a Social-Democracia Brasileira.<\/em><\/p>\n\n\n\n<p class=\"wp-block-paragraph\"><em>Muito Obrigado!<\/em><\/p>\n\n\n\n<p class=\"wp-block-paragraph\"><em>Bruno Covas&#8221;<\/em><\/p>\n","protected":false},"excerpt":{"rendered":"<p>Dois dias antes de morrer, Bruno Covas escreveu uma carta a correligion\u00e1rios. Nela, o prefeito falava das consequ\u00eancias catastr\u00f3ficas da pandemia, criticava o governo federal no enfrentamento da Covid-19 e dizia que o momento atual deveria ser de uni\u00e3o. A carta foi lida no evento de filia\u00e7\u00e3o de Rodrigo Garcia, vice-governador de S\u00e3o Paulo (ex-DEM), [&hellip;]<\/p>\n","protected":false},"author":4,"featured_media":178503,"comment_status":"open","ping_status":"closed","sticky":false,"template":"","format":"standard","meta":{"amp_status":"","footnotes":""},"categories":[6,40240],"tags":[244590,244594,214465,244672,244593,244588,245221,245225,245125,243416,243418,245266,245267,245268,245224,243414,244592,244591,245222,245227,245223,245226,133892,244589,245126,243415,244595,243417],"class_list":["post-178502","post","type-post","status-publish","format-standard","has-post-thumbnail","hentry","category-br","category-politica","tag-afastamento-de-bruno-covas","tag-avanco-do-cancer-de-bruno-covas","tag-bruno-covas","tag-bruno-covas-deixa-uti","tag-bruno-covas-e-internado-em-uti","tag-bruno-covas-e-transferido-para-uti","tag-bruno-covas-morre-aos-41-anos","tag-bruno-covas-morre-em-sao-paulo","tag-bruno-covas-tem-quadro-considerado-irreversivel","tag-cancer-bruno-covas","tag-cancer-prefeito-de-sao-paulo","tag-carta-de-bruno-covas","tag-carta-escrita-por-bruno-covas","tag-carta-escrita-por-bruno-covas-antes-de-morrer","tag-despedida-de-bruno-covas","tag-exames-mostram-que-bruno-covas-tem-dois-novos-pontos-de-cancer","tag-internacao-de-bruno-covas","tag-licenciamento-de-bruno-covas","tag-morre-bruno-covas","tag-morre-o-prefeito-bruno-covas","tag-morte-de-bruno-covas","tag-morte-do-prefeito-bruno-covas","tag-prefeito-de-sao-paulo","tag-prefeito-licenciado-de-sao-paulo","tag-quadro-de-saude-de-bruno-covas","tag-tratamento-bruno-covas","tag-tratamento-do-cancer-de-bruno-covas","tag-tratamento-prefeito-de-sao-paulo"],"yoast_head":"<!-- This site is optimized with the Yoast SEO plugin v28.3 - https:\/\/yoast.com\/product\/yoast-seo-wordpress\/ -->\n<title>Leia a carta que Bruno Covas escreveu dois dias antes de falecer - Aconteceu no Vale<\/title>\n<meta name=\"robots\" content=\"index, follow, max-snippet:-1, max-image-preview:large, max-video-preview:-1\" \/>\n<link rel=\"canonical\" href=\"https:\/\/aconteceunovale.com.br\/portal\/?p=178502\" \/>\n<meta property=\"og:locale\" content=\"pt_BR\" \/>\n<meta property=\"og:type\" content=\"article\" \/>\n<meta property=\"og:title\" content=\"Leia a carta que Bruno Covas escreveu dois dias antes de falecer - Aconteceu no Vale\" \/>\n<meta property=\"og:description\" content=\"Dois dias antes de morrer, Bruno Covas escreveu uma carta a correligion\u00e1rios. Nela, o prefeito falava das consequ\u00eancias catastr\u00f3ficas da pandemia, criticava o governo federal no enfrentamento da Covid-19 e dizia que o momento atual deveria ser de uni\u00e3o. A carta foi lida no evento de filia\u00e7\u00e3o de Rodrigo Garcia, vice-governador de S\u00e3o Paulo (ex-DEM), [&hellip;]\" \/>\n<meta property=\"og:url\" content=\"https:\/\/aconteceunovale.com.br\/portal\/?p=178502\" \/>\n<meta property=\"og:site_name\" content=\"Aconteceu no Vale\" \/>\n<meta property=\"article:publisher\" content=\"https:\/\/www.facebook.com\/aconteceunovale\/\" \/>\n<meta property=\"article:published_time\" content=\"2021-05-17T03:15:54+00:00\" \/>\n<meta property=\"article:modified_time\" content=\"2021-05-17T03:17:35+00:00\" \/>\n<meta property=\"og:image\" content=\"https:\/\/aconteceunovale.com.br\/portal\/wp-content\/uploads\/2021\/05\/covas_sp.jpg\" \/>\n\t<meta property=\"og:image:width\" content=\"675\" \/>\n\t<meta property=\"og:image:height\" content=\"450\" \/>\n\t<meta property=\"og:image:type\" content=\"image\/jpeg\" \/>\n<meta name=\"author\" content=\"Reda\u00e7\u00e3o Aconteceu no Vale\" \/>\n<meta name=\"twitter:card\" content=\"summary_large_image\" \/>\n<meta name=\"twitter:creator\" content=\"@noticiadosvales\" \/>\n<meta name=\"twitter:site\" content=\"@noticiadosvales\" \/>\n<meta name=\"twitter:label1\" content=\"Escrito por\" \/>\n\t<meta name=\"twitter:data1\" content=\"Reda\u00e7\u00e3o Aconteceu no Vale\" \/>\n\t<meta name=\"twitter:label2\" content=\"Est. tempo de leitura\" \/>\n\t<meta name=\"twitter:data2\" content=\"4 minutos\" \/>\n<script type=\"application\/ld+json\" class=\"yoast-schema-graph\">{\"@context\":\"https:\\\/\\\/schema.org\",\"@graph\":[{\"@type\":\"Article\",\"@id\":\"https:\\\/\\\/aconteceunovale.com.br\\\/portal\\\/?p=178502#article\",\"isPartOf\":{\"@id\":\"https:\\\/\\\/aconteceunovale.com.br\\\/portal\\\/?p=178502\"},\"author\":{\"name\":\"Reda\u00e7\u00e3o Aconteceu no Vale\",\"@id\":\"https:\\\/\\\/aconteceunovale.com.br\\\/portal\\\/#\\\/schema\\\/person\\\/7d2f26d1483f8a63de73da1ee0754d35\"},\"headline\":\"Leia a carta que Bruno Covas escreveu dois dias antes de falecer\",\"datePublished\":\"2021-05-17T03:15:54+00:00\",\"dateModified\":\"2021-05-17T03:17:35+00:00\",\"mainEntityOfPage\":{\"@id\":\"https:\\\/\\\/aconteceunovale.com.br\\\/portal\\\/?p=178502\"},\"wordCount\":777,\"commentCount\":0,\"image\":{\"@id\":\"https:\\\/\\\/aconteceunovale.com.br\\\/portal\\\/?p=178502#primaryimage\"},\"thumbnailUrl\":\"https:\\\/\\\/aconteceunovale.com.br\\\/portal\\\/wp-content\\\/uploads\\\/2021\\\/05\\\/covas_sp.jpg\",\"keywords\":[\"Afastamento de Bruno Covas\",\"Avan\u00e7o do c\u00e2ncer de Bruno Covas\",\"Bruno Covas\",\"Bruno Covas deixa UTI\",\"Bruno Covas \u00e9 internado em UTI\",\"Bruno Covas \u00e9 transferido para UTI\",\"Bruno Covas morre aos 41 anos\",\"Bruno Covas morre em S\u00e3o Paulo\",\"Bruno Covas tem quadro considerado irrevers\u00edvel\",\"C\u00e2ncer Bruno Covas\",\"C\u00e2ncer prefeito de S\u00e3o Paulo\",\"Carta de Bruno Covas\",\"Carta escrita por Bruno Covas\",\"Carta escrita por Bruno Covas antes de morrer\",\"Despedida de Bruno Covas\",\"Exames mostram que Bruno Covas tem dois novos pontos de c\u00e2ncer\",\"Interna\u00e7\u00e3o de Bruno Covas\",\"Licenciamento de Bruno Covas\",\"Morre Bruno Covas\",\"Morre o prefeito Bruno Covas\",\"Morte de Bruno Covas\",\"Morte do prefeito Bruno Covas\",\"prefeito de S\u00e3o Paulo\",\"Prefeito licenciado de S\u00e3o Paulo\",\"Quadro de sa\u00fade de Bruno Covas\",\"Tratamento Bruno Covas\",\"Tratamento do c\u00e2ncer de Bruno Covas\",\"Tratamento prefeito de S\u00e3o Paulo\"],\"articleSection\":[\"Brasil\",\"Pol\u00edtica\"],\"inLanguage\":\"pt-BR\",\"potentialAction\":[{\"@type\":\"CommentAction\",\"name\":\"Comment\",\"target\":[\"https:\\\/\\\/aconteceunovale.com.br\\\/portal\\\/?p=178502#respond\"]}]},{\"@type\":\"WebPage\",\"@id\":\"https:\\\/\\\/aconteceunovale.com.br\\\/portal\\\/?p=178502\",\"url\":\"https:\\\/\\\/aconteceunovale.com.br\\\/portal\\\/?p=178502\",\"name\":\"Leia a carta que Bruno Covas escreveu dois dias antes de falecer - Aconteceu no Vale\",\"isPartOf\":{\"@id\":\"https:\\\/\\\/aconteceunovale.com.br\\\/portal\\\/#website\"},\"primaryImageOfPage\":{\"@id\":\"https:\\\/\\\/aconteceunovale.com.br\\\/portal\\\/?p=178502#primaryimage\"},\"image\":{\"@id\":\"https:\\\/\\\/aconteceunovale.com.br\\\/portal\\\/?p=178502#primaryimage\"},\"thumbnailUrl\":\"https:\\\/\\\/aconteceunovale.com.br\\\/portal\\\/wp-content\\\/uploads\\\/2021\\\/05\\\/covas_sp.jpg\",\"datePublished\":\"2021-05-17T03:15:54+00:00\",\"dateModified\":\"2021-05-17T03:17:35+00:00\",\"author\":{\"@id\":\"https:\\\/\\\/aconteceunovale.com.br\\\/portal\\\/#\\\/schema\\\/person\\\/7d2f26d1483f8a63de73da1ee0754d35\"},\"breadcrumb\":{\"@id\":\"https:\\\/\\\/aconteceunovale.com.br\\\/portal\\\/?p=178502#breadcrumb\"},\"inLanguage\":\"pt-BR\",\"potentialAction\":[{\"@type\":\"ReadAction\",\"target\":[\"https:\\\/\\\/aconteceunovale.com.br\\\/portal\\\/?p=178502\"]}]},{\"@type\":\"ImageObject\",\"inLanguage\":\"pt-BR\",\"@id\":\"https:\\\/\\\/aconteceunovale.com.br\\\/portal\\\/?p=178502#primaryimage\",\"url\":\"https:\\\/\\\/aconteceunovale.com.br\\\/portal\\\/wp-content\\\/uploads\\\/2021\\\/05\\\/covas_sp.jpg\",\"contentUrl\":\"https:\\\/\\\/aconteceunovale.com.br\\\/portal\\\/wp-content\\\/uploads\\\/2021\\\/05\\\/covas_sp.jpg\",\"width\":675,\"height\":450},{\"@type\":\"BreadcrumbList\",\"@id\":\"https:\\\/\\\/aconteceunovale.com.br\\\/portal\\\/?p=178502#breadcrumb\",\"itemListElement\":[{\"@type\":\"ListItem\",\"position\":1,\"name\":\"In\u00edcio\",\"item\":\"https:\\\/\\\/aconteceunovale.com.br\\\/portal\\\/\"},{\"@type\":\"ListItem\",\"position\":2,\"name\":\"Leia a carta que Bruno Covas escreveu dois dias antes de falecer\"}]},{\"@type\":\"WebSite\",\"@id\":\"https:\\\/\\\/aconteceunovale.com.br\\\/portal\\\/#website\",\"url\":\"https:\\\/\\\/aconteceunovale.com.br\\\/portal\\\/\",\"name\":\"Aconteceu no Vale\",\"description\":\"Portal de Not\u00edcias\",\"potentialAction\":[{\"@type\":\"SearchAction\",\"target\":{\"@type\":\"EntryPoint\",\"urlTemplate\":\"https:\\\/\\\/aconteceunovale.com.br\\\/portal\\\/?s={search_term_string}\"},\"query-input\":{\"@type\":\"PropertyValueSpecification\",\"valueRequired\":true,\"valueName\":\"search_term_string\"}}],\"inLanguage\":\"pt-BR\"},{\"@type\":\"Person\",\"@id\":\"https:\\\/\\\/aconteceunovale.com.br\\\/portal\\\/#\\\/schema\\\/person\\\/7d2f26d1483f8a63de73da1ee0754d35\",\"name\":\"Reda\u00e7\u00e3o Aconteceu no Vale\",\"description\":\"Equipe de reportagem do Aconteceu no Vale, portal de not\u00edcias do Vale do Jequitinhonha, em Minas Gerais. Cobrimos as 51 cidades do Vale desde 2013. Sugest\u00f5es de pauta e pedidos de corre\u00e7\u00e3o: contato@aconteceunovale.com.br\",\"url\":\"https:\\\/\\\/aconteceunovale.com.br\\\/portal\\\/?author=4\"}]}<\/script>\n<!-- \/ Yoast SEO plugin. -->","yoast_head_json":{"title":"Leia a carta que Bruno Covas escreveu dois dias antes de falecer - Aconteceu no Vale","robots":{"index":"index","follow":"follow","max-snippet":"max-snippet:-1","max-image-preview":"max-image-preview:large","max-video-preview":"max-video-preview:-1"},"canonical":"https:\/\/aconteceunovale.com.br\/portal\/?p=178502","og_locale":"pt_BR","og_type":"article","og_title":"Leia a carta que Bruno Covas escreveu dois dias antes de falecer - Aconteceu no Vale","og_description":"Dois dias antes de morrer, Bruno Covas escreveu uma carta a correligion\u00e1rios. Nela, o prefeito falava das consequ\u00eancias catastr\u00f3ficas da pandemia, criticava o governo federal no enfrentamento da Covid-19 e dizia que o momento atual deveria ser de uni\u00e3o. A carta foi lida no evento de filia\u00e7\u00e3o de Rodrigo Garcia, vice-governador de S\u00e3o Paulo (ex-DEM), [&hellip;]","og_url":"https:\/\/aconteceunovale.com.br\/portal\/?p=178502","og_site_name":"Aconteceu no Vale","article_publisher":"https:\/\/www.facebook.com\/aconteceunovale\/","article_published_time":"2021-05-17T03:15:54+00:00","article_modified_time":"2021-05-17T03:17:35+00:00","og_image":[{"width":675,"height":450,"url":"https:\/\/aconteceunovale.com.br\/portal\/wp-content\/uploads\/2021\/05\/covas_sp.jpg","type":"image\/jpeg"}],"author":"Reda\u00e7\u00e3o Aconteceu no Vale","twitter_card":"summary_large_image","twitter_creator":"@noticiadosvales","twitter_site":"@noticiadosvales","twitter_misc":{"Escrito por":"Reda\u00e7\u00e3o Aconteceu no Vale","Est. tempo de leitura":"4 minutos"},"schema":{"@context":"https:\/\/schema.org","@graph":[{"@type":"Article","@id":"https:\/\/aconteceunovale.com.br\/portal\/?p=178502#article","isPartOf":{"@id":"https:\/\/aconteceunovale.com.br\/portal\/?p=178502"},"author":{"name":"Reda\u00e7\u00e3o Aconteceu no Vale","@id":"https:\/\/aconteceunovale.com.br\/portal\/#\/schema\/person\/7d2f26d1483f8a63de73da1ee0754d35"},"headline":"Leia a carta que Bruno Covas escreveu dois dias antes de falecer","datePublished":"2021-05-17T03:15:54+00:00","dateModified":"2021-05-17T03:17:35+00:00","mainEntityOfPage":{"@id":"https:\/\/aconteceunovale.com.br\/portal\/?p=178502"},"wordCount":777,"commentCount":0,"image":{"@id":"https:\/\/aconteceunovale.com.br\/portal\/?p=178502#primaryimage"},"thumbnailUrl":"https:\/\/aconteceunovale.com.br\/portal\/wp-content\/uploads\/2021\/05\/covas_sp.jpg","keywords":["Afastamento de Bruno Covas","Avan\u00e7o do c\u00e2ncer de Bruno Covas","Bruno Covas","Bruno Covas deixa UTI","Bruno Covas \u00e9 internado em UTI","Bruno Covas \u00e9 transferido para UTI","Bruno Covas morre aos 41 anos","Bruno Covas morre em S\u00e3o Paulo","Bruno Covas tem quadro considerado irrevers\u00edvel","C\u00e2ncer Bruno Covas","C\u00e2ncer prefeito de S\u00e3o Paulo","Carta de Bruno Covas","Carta escrita por Bruno Covas","Carta escrita por Bruno Covas antes de morrer","Despedida de Bruno Covas","Exames mostram que Bruno Covas tem dois novos pontos de c\u00e2ncer","Interna\u00e7\u00e3o de Bruno Covas","Licenciamento de Bruno Covas","Morre Bruno Covas","Morre o prefeito Bruno Covas","Morte de Bruno Covas","Morte do prefeito Bruno Covas","prefeito de S\u00e3o Paulo","Prefeito licenciado de S\u00e3o Paulo","Quadro de sa\u00fade de Bruno Covas","Tratamento Bruno Covas","Tratamento do c\u00e2ncer de Bruno Covas","Tratamento prefeito de S\u00e3o Paulo"],"articleSection":["Brasil","Pol\u00edtica"],"inLanguage":"pt-BR","potentialAction":[{"@type":"CommentAction","name":"Comment","target":["https:\/\/aconteceunovale.com.br\/portal\/?p=178502#respond"]}]},{"@type":"WebPage","@id":"https:\/\/aconteceunovale.com.br\/portal\/?p=178502","url":"https:\/\/aconteceunovale.com.br\/portal\/?p=178502","name":"Leia a carta que Bruno Covas escreveu dois dias antes de falecer - Aconteceu no Vale","isPartOf":{"@id":"https:\/\/aconteceunovale.com.br\/portal\/#website"},"primaryImageOfPage":{"@id":"https:\/\/aconteceunovale.com.br\/portal\/?p=178502#primaryimage"},"image":{"@id":"https:\/\/aconteceunovale.com.br\/portal\/?p=178502#primaryimage"},"thumbnailUrl":"https:\/\/aconteceunovale.com.br\/portal\/wp-content\/uploads\/2021\/05\/covas_sp.jpg","datePublished":"2021-05-17T03:15:54+00:00","dateModified":"2021-05-17T03:17:35+00:00","author":{"@id":"https:\/\/aconteceunovale.com.br\/portal\/#\/schema\/person\/7d2f26d1483f8a63de73da1ee0754d35"},"breadcrumb":{"@id":"https:\/\/aconteceunovale.com.br\/portal\/?p=178502#breadcrumb"},"inLanguage":"pt-BR","potentialAction":[{"@type":"ReadAction","target":["https:\/\/aconteceunovale.com.br\/portal\/?p=178502"]}]},{"@type":"ImageObject","inLanguage":"pt-BR","@id":"https:\/\/aconteceunovale.com.br\/portal\/?p=178502#primaryimage","url":"https:\/\/aconteceunovale.com.br\/portal\/wp-content\/uploads\/2021\/05\/covas_sp.jpg","contentUrl":"https:\/\/aconteceunovale.com.br\/portal\/wp-content\/uploads\/2021\/05\/covas_sp.jpg","width":675,"height":450},{"@type":"BreadcrumbList","@id":"https:\/\/aconteceunovale.com.br\/portal\/?p=178502#breadcrumb","itemListElement":[{"@type":"ListItem","position":1,"name":"In\u00edcio","item":"https:\/\/aconteceunovale.com.br\/portal\/"},{"@type":"ListItem","position":2,"name":"Leia a carta que Bruno Covas escreveu dois dias antes de falecer"}]},{"@type":"WebSite","@id":"https:\/\/aconteceunovale.com.br\/portal\/#website","url":"https:\/\/aconteceunovale.com.br\/portal\/","name":"Aconteceu no Vale","description":"Portal de Not\u00edcias","potentialAction":[{"@type":"SearchAction","target":{"@type":"EntryPoint","urlTemplate":"https:\/\/aconteceunovale.com.br\/portal\/?s={search_term_string}"},"query-input":{"@type":"PropertyValueSpecification","valueRequired":true,"valueName":"search_term_string"}}],"inLanguage":"pt-BR"},{"@type":"Person","@id":"https:\/\/aconteceunovale.com.br\/portal\/#\/schema\/person\/7d2f26d1483f8a63de73da1ee0754d35","name":"Reda\u00e7\u00e3o Aconteceu no Vale","description":"Equipe de reportagem do Aconteceu no Vale, portal de not\u00edcias do Vale do Jequitinhonha, em Minas Gerais. Cobrimos as 51 cidades do Vale desde 2013. Sugest\u00f5es de pauta e pedidos de corre\u00e7\u00e3o: contato@aconteceunovale.com.br","url":"https:\/\/aconteceunovale.com.br\/portal\/?author=4"}]}},"_links":{"self":[{"href":"https:\/\/aconteceunovale.com.br\/portal\/index.php?rest_route=\/wp\/v2\/posts\/178502","targetHints":{"allow":["GET"]}}],"collection":[{"href":"https:\/\/aconteceunovale.com.br\/portal\/index.php?rest_route=\/wp\/v2\/posts"}],"about":[{"href":"https:\/\/aconteceunovale.com.br\/portal\/index.php?rest_route=\/wp\/v2\/types\/post"}],"author":[{"embeddable":true,"href":"https:\/\/aconteceunovale.com.br\/portal\/index.php?rest_route=\/wp\/v2\/users\/4"}],"replies":[{"embeddable":true,"href":"https:\/\/aconteceunovale.com.br\/portal\/index.php?rest_route=%2Fwp%2Fv2%2Fcomments&post=178502"}],"version-history":[{"count":1,"href":"https:\/\/aconteceunovale.com.br\/portal\/index.php?rest_route=\/wp\/v2\/posts\/178502\/revisions"}],"predecessor-version":[{"id":178504,"href":"https:\/\/aconteceunovale.com.br\/portal\/index.php?rest_route=\/wp\/v2\/posts\/178502\/revisions\/178504"}],"wp:featuredmedia":[{"embeddable":true,"href":"https:\/\/aconteceunovale.com.br\/portal\/index.php?rest_route=\/wp\/v2\/media\/178503"}],"wp:attachment":[{"href":"https:\/\/aconteceunovale.com.br\/portal\/index.php?rest_route=%2Fwp%2Fv2%2Fmedia&parent=178502"}],"wp:term":[{"taxonomy":"category","embeddable":true,"href":"https:\/\/aconteceunovale.com.br\/portal\/index.php?rest_route=%2Fwp%2Fv2%2Fcategories&post=178502"},{"taxonomy":"post_tag","embeddable":true,"href":"https:\/\/aconteceunovale.com.br\/portal\/index.php?rest_route=%2Fwp%2Fv2%2Ftags&post=178502"}],"curies":[{"name":"wp","href":"https:\/\/api.w.org\/{rel}","templated":true}]}}