{"id":178481,"date":"2021-05-16T20:35:53","date_gmt":"2021-05-16T23:35:53","guid":{"rendered":"https:\/\/aconteceunovale.com.br\/portal\/?p=178481"},"modified":"2026-08-31T23:11:21","modified_gmt":"2026-09-01T02:11:21","slug":"colisao-entre-carro-e-moto-deixa-um-morto-na-rodovia-entre-capelinha-e-agua-boa","status":"publish","type":"post","link":"https:\/\/aconteceunovale.com.br\/portal\/?p=178481","title":{"rendered":"Colis\u00e3o entre carro e moto deixa um morto na rodovia entre Capelinha e \u00c1gua Boa"},"content":{"rendered":"\n<p class=\"wp-block-paragraph\">Um homem de 37 anos morreu ap\u00f3s a colis\u00e3o frontal entre um carro e uma moto na MGC-120, pr\u00f3ximo ao distrito de Resplendor, entre Capelinha e \u00c1gua Boa, na tarde deste domingo (16\/5\/2021). O acidente aconteceu no km 136 da rodovia e tamb\u00e9m deixou duas pessoas feridas.<\/p>\n\n\n\n<figure class=\"wp-block-gallery columns-1 is-cropped wp-block-gallery-1 is-layout-flex wp-block-gallery-is-layout-flex\"><ul class=\"blocks-gallery-grid\"><li class=\"blocks-gallery-item\"><figure><img loading=\"lazy\" decoding=\"async\" width=\"678\" height=\"429\" src=\"https:\/\/aconteceunovale.com.br\/portal\/wp-content\/uploads\/2021\/05\/acidente_capelinha_4.jpg\" alt=\"\" data-id=\"178482\" data-full-url=\"https:\/\/aconteceunovale.com.br\/portal\/wp-content\/uploads\/2021\/05\/acidente_capelinha_4.jpg\" data-link=\"https:\/\/aconteceunovale.com.br\/portal\/?attachment_id=178482\" class=\"wp-image-178482\" srcset=\"https:\/\/aconteceunovale.com.br\/portal\/wp-content\/uploads\/2021\/05\/acidente_capelinha_4.jpg 678w, https:\/\/aconteceunovale.com.br\/portal\/wp-content\/uploads\/2021\/05\/acidente_capelinha_4-300x190.jpg 300w, https:\/\/aconteceunovale.com.br\/portal\/wp-content\/uploads\/2021\/05\/acidente_capelinha_4-664x420.jpg 664w\" sizes=\"auto, (max-width: 678px) 100vw, 678px\" \/><figcaption class=\"blocks-gallery-item__caption\"><em>Foto: Skillo Produ\u00e7\u00f5es \/ TVC<\/em><\/figcaption><\/figure><\/li><\/ul><\/figure>\n\n\n\n<p class=\"wp-block-paragraph\">A v\u00edtima fatal foi identificada como Valmiro Fiuza de Mello. Segundo informa\u00e7\u00f5es da Pol\u00edcia Militar Rodovi\u00e1ria, ele conduzia uma motocicleta Honda CG 150 Titan, no sentido Capelinha\/\u00c1gua Boa, quando ocorreu a colis\u00e3o frontal contra um VW Gol. Ap\u00f3s a batida, o autom\u00f3vel capotou \u00e0s margens da rodovia.<\/p>\n\n\n\n<p class=\"wp-block-paragraph\">Valmiro n\u00e3o resistiu aos graves ferimentos e morreu no local. Dois passageiros do Gol, de 60 e 66 anos, foram socorridos pelo Samu e encaminhados ao Hospital S\u00e3o Vicente de Paulo, em Capelinha.<\/p>\n\n\n\n<p class=\"wp-block-paragraph\">Ainda segundo a pol\u00edcia, o motorista do carro foi submetido ao teste de etil\u00f4metro, sendo obtidos os resultados de 0,61 mg\/l na primeira medi\u00e7\u00e3o e 0,41 mg\/l na segunda. Ele foi preso e conduzido \u00e0 Delegacia de Pol\u00edcia Civil de Plant\u00e3o.<\/p>\n\n\n\n<p class=\"wp-block-paragraph\">O corpo de Valmiro foi encaminhado ao Instituto M\u00e9dico Legal (IML) de Capelinha. Os dois ve\u00edculos envolvidos no acidente foram apreendidos e rebocados para um p\u00e1tio credenciado.<\/p>\n\n\n\n<p class=\"wp-block-paragraph\">As causas do acidente devem ser apuradas pela Pol\u00edcia Civil.<\/p>\n\n\n\n<figure class=\"wp-block-gallery columns-1 is-cropped wp-block-gallery-2 is-layout-flex wp-block-gallery-is-layout-flex\"><ul class=\"blocks-gallery-grid\"><li class=\"blocks-gallery-item\"><figure><img loading=\"lazy\" decoding=\"async\" width=\"678\" height=\"450\" src=\"https:\/\/aconteceunovale.com.br\/portal\/wp-content\/uploads\/2021\/05\/acidente_capelinha_3.jpg\" alt=\"\" data-id=\"178483\" data-full-url=\"https:\/\/aconteceunovale.com.br\/portal\/wp-content\/uploads\/2021\/05\/acidente_capelinha_3.jpg\" data-link=\"https:\/\/aconteceunovale.com.br\/portal\/?attachment_id=178483\" class=\"wp-image-178483\" srcset=\"https:\/\/aconteceunovale.com.br\/portal\/wp-content\/uploads\/2021\/05\/acidente_capelinha_3.jpg 678w, https:\/\/aconteceunovale.com.br\/portal\/wp-content\/uploads\/2021\/05\/acidente_capelinha_3-300x199.jpg 300w, https:\/\/aconteceunovale.com.br\/portal\/wp-content\/uploads\/2021\/05\/acidente_capelinha_3-633x420.jpg 633w\" sizes=\"auto, (max-width: 678px) 100vw, 678px\" \/><figcaption class=\"blocks-gallery-item__caption\"><em>Foto: Skillo Produ\u00e7\u00f5es \/ TVC<\/em><\/figcaption><\/figure><\/li><li class=\"blocks-gallery-item\"><figure><img loading=\"lazy\" decoding=\"async\" width=\"678\" height=\"450\" src=\"https:\/\/aconteceunovale.com.br\/portal\/wp-content\/uploads\/2021\/05\/acidente_capelinha_2.jpg\" alt=\"\" data-id=\"178484\" data-full-url=\"https:\/\/aconteceunovale.com.br\/portal\/wp-content\/uploads\/2021\/05\/acidente_capelinha_2.jpg\" data-link=\"https:\/\/aconteceunovale.com.br\/portal\/?attachment_id=178484\" class=\"wp-image-178484\" srcset=\"https:\/\/aconteceunovale.com.br\/portal\/wp-content\/uploads\/2021\/05\/acidente_capelinha_2.jpg 678w, https:\/\/aconteceunovale.com.br\/portal\/wp-content\/uploads\/2021\/05\/acidente_capelinha_2-300x199.jpg 300w, https:\/\/aconteceunovale.com.br\/portal\/wp-content\/uploads\/2021\/05\/acidente_capelinha_2-633x420.jpg 633w\" sizes=\"auto, (max-width: 678px) 100vw, 678px\" \/><figcaption class=\"blocks-gallery-item__caption\"><em>Foto: Skillo Produ\u00e7\u00f5es \/ TVC<\/em><\/figcaption><\/figure><\/li><\/ul><\/figure>\n\n\n\n<p class=\"wp-block-paragraph\">&#8212;&#8212;&#8212;&#8212;&#8212;&#8212;<br><em>Quer receber as not\u00edcias do <strong>Aconteceu no Vale<\/strong> em primeira m\u00e3o? Siga-nos no Facebook <a rel=\"noreferrer noopener\" href=\"http:\/\/facebook.com\/aconteceunovale\" target=\"_blank\">@aconteceunovale<\/a>, Twitter <a rel=\"noreferrer noopener\" href=\"https:\/\/twitter.com\/noticiadosvales\" target=\"_blank\">@noticiadosvales<\/a> e Instagram <a rel=\"noreferrer noopener\" href=\"https:\/\/www.instagram.com\/aconteceunovale\" target=\"_blank\">@aconteceunovale<\/a>.<\/em><\/p>\n","protected":false},"excerpt":{"rendered":"<p>Um homem de 37 anos morreu ap\u00f3s a colis\u00e3o frontal entre um carro e uma moto na MGC-120, pr\u00f3ximo ao distrito de Resplendor, entre Capelinha e \u00c1gua Boa, na tarde deste domingo (16\/5\/2021). O acidente aconteceu no km 136 da rodovia e tamb\u00e9m deixou duas pessoas feridas. A v\u00edtima fatal foi identificada como Valmiro Fiuza [&hellip;]<\/p>\n","protected":false},"author":4,"featured_media":178483,"comment_status":"open","ping_status":"closed","sticky":false,"template":"","format":"standard","meta":{"amp_status":"","footnotes":""},"categories":[272535,121,120],"tags":[245252,236076,4598,49088,245239,146425,240694,245238,245236,28814,130,132,245235,1018,245237,309,245251],"class_list":["post-178481","post","type-post","status-publish","format-standard","has-post-thumbnail","hentry","category-capelinha","category-leste","category-jequi","tag-acidente-de-transito-em-resplendor","tag-acidente-em-agua-boa","tag-acidente-em-capelinha","tag-acidente-entre-capelinha-e-agua-boa","tag-acidente-entre-carro-e-moto-em-agua-boa","tag-acidente-entre-carro-e-moto-em-capelinha","tag-acidente-entre-resplendor-e-agua-boa","tag-acidente-na-mgt-120","tag-acidente-perto-de-agua-boa","tag-acidente-perto-de-capelinha","tag-agua-boa","tag-capelinha","tag-colisao-entre-carro-e-moto-deixa-um-morto-na-rodovia-entre-capelinha-e-agua-boa","tag-destaque","tag-mgt-120","tag-resplendor","tag-valmiro-fiuza-de-mello"],"yoast_head":"<!-- This site is optimized with the Yoast SEO plugin v28.3 - https:\/\/yoast.com\/product\/yoast-seo-wordpress\/ -->\n<title>Colis\u00e3o entre carro e moto deixa um morto na rodovia entre Capelinha e \u00c1gua Boa - Aconteceu no Vale<\/title>\n<meta name=\"robots\" content=\"index, follow, max-snippet:-1, max-image-preview:large, max-video-preview:-1\" \/>\n<link rel=\"canonical\" href=\"https:\/\/aconteceunovale.com.br\/portal\/?p=178481\" \/>\n<meta property=\"og:locale\" content=\"pt_BR\" \/>\n<meta property=\"og:type\" content=\"article\" \/>\n<meta property=\"og:title\" content=\"Colis\u00e3o entre carro e moto deixa um morto na rodovia entre Capelinha e \u00c1gua Boa - Aconteceu no Vale\" \/>\n<meta property=\"og:description\" content=\"Um homem de 37 anos morreu ap\u00f3s a colis\u00e3o frontal entre um carro e uma moto na MGC-120, pr\u00f3ximo ao distrito de Resplendor, entre Capelinha e \u00c1gua Boa, na tarde deste domingo (16\/5\/2021). O acidente aconteceu no km 136 da rodovia e tamb\u00e9m deixou duas pessoas feridas. A v\u00edtima fatal foi identificada como Valmiro Fiuza [&hellip;]\" \/>\n<meta property=\"og:url\" content=\"https:\/\/aconteceunovale.com.br\/portal\/?p=178481\" \/>\n<meta property=\"og:site_name\" content=\"Aconteceu no Vale\" \/>\n<meta property=\"article:publisher\" content=\"https:\/\/www.facebook.com\/aconteceunovale\/\" \/>\n<meta property=\"article:published_time\" content=\"2021-05-16T23:35:53+00:00\" \/>\n<meta property=\"article:modified_time\" content=\"2026-09-01T02:11:21+00:00\" \/>\n<meta property=\"og:image\" content=\"https:\/\/aconteceunovale.com.br\/portal\/wp-content\/uploads\/2021\/05\/acidente_capelinha_3.jpg\" \/>\n\t<meta property=\"og:image:width\" content=\"678\" \/>\n\t<meta property=\"og:image:height\" content=\"450\" \/>\n\t<meta property=\"og:image:type\" content=\"image\/jpeg\" \/>\n<meta name=\"author\" content=\"Reda\u00e7\u00e3o Aconteceu no Vale\" \/>\n<meta name=\"twitter:card\" content=\"summary_large_image\" \/>\n<meta name=\"twitter:creator\" content=\"@noticiadosvales\" \/>\n<meta name=\"twitter:site\" content=\"@noticiadosvales\" \/>\n<meta name=\"twitter:label1\" content=\"Escrito por\" \/>\n\t<meta name=\"twitter:data1\" content=\"Reda\u00e7\u00e3o Aconteceu no Vale\" \/>\n\t<meta name=\"twitter:label2\" content=\"Est. tempo de leitura\" \/>\n\t<meta name=\"twitter:data2\" content=\"1 minuto\" \/>\n<script type=\"application\/ld+json\" class=\"yoast-schema-graph\">{\"@context\":\"https:\\\/\\\/schema.org\",\"@graph\":[{\"@type\":\"Article\",\"@id\":\"https:\\\/\\\/aconteceunovale.com.br\\\/portal\\\/?p=178481#article\",\"isPartOf\":{\"@id\":\"https:\\\/\\\/aconteceunovale.com.br\\\/portal\\\/?p=178481\"},\"author\":{\"name\":\"Reda\u00e7\u00e3o Aconteceu no Vale\",\"@id\":\"https:\\\/\\\/aconteceunovale.com.br\\\/portal\\\/#\\\/schema\\\/person\\\/7d2f26d1483f8a63de73da1ee0754d35\"},\"headline\":\"Colis\u00e3o entre carro e moto deixa um morto na rodovia entre Capelinha e \u00c1gua Boa\",\"datePublished\":\"2021-05-16T23:35:53+00:00\",\"dateModified\":\"2026-09-01T02:11:21+00:00\",\"mainEntityOfPage\":{\"@id\":\"https:\\\/\\\/aconteceunovale.com.br\\\/portal\\\/?p=178481\"},\"wordCount\":275,\"commentCount\":0,\"image\":{\"@id\":\"https:\\\/\\\/aconteceunovale.com.br\\\/portal\\\/?p=178481#primaryimage\"},\"thumbnailUrl\":\"https:\\\/\\\/aconteceunovale.com.br\\\/portal\\\/wp-content\\\/uploads\\\/2021\\\/05\\\/acidente_capelinha_3.jpg\",\"keywords\":[\"Acidente de tr\u00e2nsito em Resplendor\",\"Acidente em \u00c1gua Boa\",\"Acidente em Capelinha\",\"acidente entre capelinha e \u00e1gua boa\",\"Acidente entre carro e moto em \u00c1gua Boa\",\"Acidente entre carro e moto em Capelinha\",\"Acidente entre Resplendor e \u00c1gua Boa\",\"Acidente na MGT-120\",\"Acidente perto de \u00c1gua Boa\",\"acidente perto de capelinha\",\"\u00c1gua Boa\",\"Capelinha\",\"Colis\u00e3o entre carro e moto deixa um morto na rodovia entre Capelinha e \u00c1gua Boa\",\"destaque\",\"MGT-120\",\"Resplendor\",\"Valmiro Fiuza de Mello\"],\"articleSection\":[\"Capelinha\",\"Leste de Minas\",\"Vale do Jequitinhonha\"],\"inLanguage\":\"pt-BR\",\"potentialAction\":[{\"@type\":\"CommentAction\",\"name\":\"Comment\",\"target\":[\"https:\\\/\\\/aconteceunovale.com.br\\\/portal\\\/?p=178481#respond\"]}]},{\"@type\":\"WebPage\",\"@id\":\"https:\\\/\\\/aconteceunovale.com.br\\\/portal\\\/?p=178481\",\"url\":\"https:\\\/\\\/aconteceunovale.com.br\\\/portal\\\/?p=178481\",\"name\":\"Colis\u00e3o entre carro e moto deixa um morto na rodovia entre Capelinha e \u00c1gua Boa - Aconteceu no Vale\",\"isPartOf\":{\"@id\":\"https:\\\/\\\/aconteceunovale.com.br\\\/portal\\\/#website\"},\"primaryImageOfPage\":{\"@id\":\"https:\\\/\\\/aconteceunovale.com.br\\\/portal\\\/?p=178481#primaryimage\"},\"image\":{\"@id\":\"https:\\\/\\\/aconteceunovale.com.br\\\/portal\\\/?p=178481#primaryimage\"},\"thumbnailUrl\":\"https:\\\/\\\/aconteceunovale.com.br\\\/portal\\\/wp-content\\\/uploads\\\/2021\\\/05\\\/acidente_capelinha_3.jpg\",\"datePublished\":\"2021-05-16T23:35:53+00:00\",\"dateModified\":\"2026-09-01T02:11:21+00:00\",\"author\":{\"@id\":\"https:\\\/\\\/aconteceunovale.com.br\\\/portal\\\/#\\\/schema\\\/person\\\/7d2f26d1483f8a63de73da1ee0754d35\"},\"breadcrumb\":{\"@id\":\"https:\\\/\\\/aconteceunovale.com.br\\\/portal\\\/?p=178481#breadcrumb\"},\"inLanguage\":\"pt-BR\",\"potentialAction\":[{\"@type\":\"ReadAction\",\"target\":[\"https:\\\/\\\/aconteceunovale.com.br\\\/portal\\\/?p=178481\"]}]},{\"@type\":\"ImageObject\",\"inLanguage\":\"pt-BR\",\"@id\":\"https:\\\/\\\/aconteceunovale.com.br\\\/portal\\\/?p=178481#primaryimage\",\"url\":\"https:\\\/\\\/aconteceunovale.com.br\\\/portal\\\/wp-content\\\/uploads\\\/2021\\\/05\\\/acidente_capelinha_3.jpg\",\"contentUrl\":\"https:\\\/\\\/aconteceunovale.com.br\\\/portal\\\/wp-content\\\/uploads\\\/2021\\\/05\\\/acidente_capelinha_3.jpg\",\"width\":678,\"height\":450},{\"@type\":\"BreadcrumbList\",\"@id\":\"https:\\\/\\\/aconteceunovale.com.br\\\/portal\\\/?p=178481#breadcrumb\",\"itemListElement\":[{\"@type\":\"ListItem\",\"position\":1,\"name\":\"In\u00edcio\",\"item\":\"https:\\\/\\\/aconteceunovale.com.br\\\/portal\\\/\"},{\"@type\":\"ListItem\",\"position\":2,\"name\":\"Colis\u00e3o entre carro e moto deixa um morto na rodovia entre Capelinha e \u00c1gua Boa\"}]},{\"@type\":\"WebSite\",\"@id\":\"https:\\\/\\\/aconteceunovale.com.br\\\/portal\\\/#website\",\"url\":\"https:\\\/\\\/aconteceunovale.com.br\\\/portal\\\/\",\"name\":\"Aconteceu no Vale\",\"description\":\"Portal de Not\u00edcias\",\"potentialAction\":[{\"@type\":\"SearchAction\",\"target\":{\"@type\":\"EntryPoint\",\"urlTemplate\":\"https:\\\/\\\/aconteceunovale.com.br\\\/portal\\\/?s={search_term_string}\"},\"query-input\":{\"@type\":\"PropertyValueSpecification\",\"valueRequired\":true,\"valueName\":\"search_term_string\"}}],\"inLanguage\":\"pt-BR\"},{\"@type\":\"Person\",\"@id\":\"https:\\\/\\\/aconteceunovale.com.br\\\/portal\\\/#\\\/schema\\\/person\\\/7d2f26d1483f8a63de73da1ee0754d35\",\"name\":\"Reda\u00e7\u00e3o Aconteceu no Vale\",\"description\":\"Equipe de reportagem do Aconteceu no Vale, portal de not\u00edcias do Vale do Jequitinhonha, em Minas Gerais. Cobrimos as 51 cidades do Vale desde 2013. Sugest\u00f5es de pauta e pedidos de corre\u00e7\u00e3o: contato@aconteceunovale.com.br\",\"url\":\"https:\\\/\\\/aconteceunovale.com.br\\\/portal\\\/?author=4\"}]}<\/script>\n<!-- \/ Yoast SEO plugin. -->","yoast_head_json":{"title":"Colis\u00e3o entre carro e moto deixa um morto na rodovia entre Capelinha e \u00c1gua Boa - Aconteceu no Vale","robots":{"index":"index","follow":"follow","max-snippet":"max-snippet:-1","max-image-preview":"max-image-preview:large","max-video-preview":"max-video-preview:-1"},"canonical":"https:\/\/aconteceunovale.com.br\/portal\/?p=178481","og_locale":"pt_BR","og_type":"article","og_title":"Colis\u00e3o entre carro e moto deixa um morto na rodovia entre Capelinha e \u00c1gua Boa - Aconteceu no Vale","og_description":"Um homem de 37 anos morreu ap\u00f3s a colis\u00e3o frontal entre um carro e uma moto na MGC-120, pr\u00f3ximo ao distrito de Resplendor, entre Capelinha e \u00c1gua Boa, na tarde deste domingo (16\/5\/2021). O acidente aconteceu no km 136 da rodovia e tamb\u00e9m deixou duas pessoas feridas. A v\u00edtima fatal foi identificada como Valmiro Fiuza [&hellip;]","og_url":"https:\/\/aconteceunovale.com.br\/portal\/?p=178481","og_site_name":"Aconteceu no Vale","article_publisher":"https:\/\/www.facebook.com\/aconteceunovale\/","article_published_time":"2021-05-16T23:35:53+00:00","article_modified_time":"2026-09-01T02:11:21+00:00","og_image":[{"width":678,"height":450,"url":"https:\/\/aconteceunovale.com.br\/portal\/wp-content\/uploads\/2021\/05\/acidente_capelinha_3.jpg","type":"image\/jpeg"}],"author":"Reda\u00e7\u00e3o Aconteceu no Vale","twitter_card":"summary_large_image","twitter_creator":"@noticiadosvales","twitter_site":"@noticiadosvales","twitter_misc":{"Escrito por":"Reda\u00e7\u00e3o Aconteceu no Vale","Est. tempo de leitura":"1 minuto"},"schema":{"@context":"https:\/\/schema.org","@graph":[{"@type":"Article","@id":"https:\/\/aconteceunovale.com.br\/portal\/?p=178481#article","isPartOf":{"@id":"https:\/\/aconteceunovale.com.br\/portal\/?p=178481"},"author":{"name":"Reda\u00e7\u00e3o Aconteceu no Vale","@id":"https:\/\/aconteceunovale.com.br\/portal\/#\/schema\/person\/7d2f26d1483f8a63de73da1ee0754d35"},"headline":"Colis\u00e3o entre carro e moto deixa um morto na rodovia entre Capelinha e \u00c1gua Boa","datePublished":"2021-05-16T23:35:53+00:00","dateModified":"2026-09-01T02:11:21+00:00","mainEntityOfPage":{"@id":"https:\/\/aconteceunovale.com.br\/portal\/?p=178481"},"wordCount":275,"commentCount":0,"image":{"@id":"https:\/\/aconteceunovale.com.br\/portal\/?p=178481#primaryimage"},"thumbnailUrl":"https:\/\/aconteceunovale.com.br\/portal\/wp-content\/uploads\/2021\/05\/acidente_capelinha_3.jpg","keywords":["Acidente de tr\u00e2nsito em Resplendor","Acidente em \u00c1gua Boa","Acidente em Capelinha","acidente entre capelinha e \u00e1gua boa","Acidente entre carro e moto em \u00c1gua Boa","Acidente entre carro e moto em Capelinha","Acidente entre Resplendor e \u00c1gua Boa","Acidente na MGT-120","Acidente perto de \u00c1gua Boa","acidente perto de capelinha","\u00c1gua Boa","Capelinha","Colis\u00e3o entre carro e moto deixa um morto na rodovia entre Capelinha e \u00c1gua Boa","destaque","MGT-120","Resplendor","Valmiro Fiuza de Mello"],"articleSection":["Capelinha","Leste de Minas","Vale do Jequitinhonha"],"inLanguage":"pt-BR","potentialAction":[{"@type":"CommentAction","name":"Comment","target":["https:\/\/aconteceunovale.com.br\/portal\/?p=178481#respond"]}]},{"@type":"WebPage","@id":"https:\/\/aconteceunovale.com.br\/portal\/?p=178481","url":"https:\/\/aconteceunovale.com.br\/portal\/?p=178481","name":"Colis\u00e3o entre carro e moto deixa um morto na rodovia entre Capelinha e \u00c1gua Boa - Aconteceu no Vale","isPartOf":{"@id":"https:\/\/aconteceunovale.com.br\/portal\/#website"},"primaryImageOfPage":{"@id":"https:\/\/aconteceunovale.com.br\/portal\/?p=178481#primaryimage"},"image":{"@id":"https:\/\/aconteceunovale.com.br\/portal\/?p=178481#primaryimage"},"thumbnailUrl":"https:\/\/aconteceunovale.com.br\/portal\/wp-content\/uploads\/2021\/05\/acidente_capelinha_3.jpg","datePublished":"2021-05-16T23:35:53+00:00","dateModified":"2026-09-01T02:11:21+00:00","author":{"@id":"https:\/\/aconteceunovale.com.br\/portal\/#\/schema\/person\/7d2f26d1483f8a63de73da1ee0754d35"},"breadcrumb":{"@id":"https:\/\/aconteceunovale.com.br\/portal\/?p=178481#breadcrumb"},"inLanguage":"pt-BR","potentialAction":[{"@type":"ReadAction","target":["https:\/\/aconteceunovale.com.br\/portal\/?p=178481"]}]},{"@type":"ImageObject","inLanguage":"pt-BR","@id":"https:\/\/aconteceunovale.com.br\/portal\/?p=178481#primaryimage","url":"https:\/\/aconteceunovale.com.br\/portal\/wp-content\/uploads\/2021\/05\/acidente_capelinha_3.jpg","contentUrl":"https:\/\/aconteceunovale.com.br\/portal\/wp-content\/uploads\/2021\/05\/acidente_capelinha_3.jpg","width":678,"height":450},{"@type":"BreadcrumbList","@id":"https:\/\/aconteceunovale.com.br\/portal\/?p=178481#breadcrumb","itemListElement":[{"@type":"ListItem","position":1,"name":"In\u00edcio","item":"https:\/\/aconteceunovale.com.br\/portal\/"},{"@type":"ListItem","position":2,"name":"Colis\u00e3o entre carro e moto deixa um morto na rodovia entre Capelinha e \u00c1gua Boa"}]},{"@type":"WebSite","@id":"https:\/\/aconteceunovale.com.br\/portal\/#website","url":"https:\/\/aconteceunovale.com.br\/portal\/","name":"Aconteceu no Vale","description":"Portal de Not\u00edcias","potentialAction":[{"@type":"SearchAction","target":{"@type":"EntryPoint","urlTemplate":"https:\/\/aconteceunovale.com.br\/portal\/?s={search_term_string}"},"query-input":{"@type":"PropertyValueSpecification","valueRequired":true,"valueName":"search_term_string"}}],"inLanguage":"pt-BR"},{"@type":"Person","@id":"https:\/\/aconteceunovale.com.br\/portal\/#\/schema\/person\/7d2f26d1483f8a63de73da1ee0754d35","name":"Reda\u00e7\u00e3o Aconteceu no Vale","description":"Equipe de reportagem do Aconteceu no Vale, portal de not\u00edcias do Vale do Jequitinhonha, em Minas Gerais. Cobrimos as 51 cidades do Vale desde 2013. Sugest\u00f5es de pauta e pedidos de corre\u00e7\u00e3o: contato@aconteceunovale.com.br","url":"https:\/\/aconteceunovale.com.br\/portal\/?author=4"}]}},"_links":{"self":[{"href":"https:\/\/aconteceunovale.com.br\/portal\/index.php?rest_route=\/wp\/v2\/posts\/178481","targetHints":{"allow":["GET"]}}],"collection":[{"href":"https:\/\/aconteceunovale.com.br\/portal\/index.php?rest_route=\/wp\/v2\/posts"}],"about":[{"href":"https:\/\/aconteceunovale.com.br\/portal\/index.php?rest_route=\/wp\/v2\/types\/post"}],"author":[{"embeddable":true,"href":"https:\/\/aconteceunovale.com.br\/portal\/index.php?rest_route=\/wp\/v2\/users\/4"}],"replies":[{"embeddable":true,"href":"https:\/\/aconteceunovale.com.br\/portal\/index.php?rest_route=%2Fwp%2Fv2%2Fcomments&post=178481"}],"version-history":[{"count":4,"href":"https:\/\/aconteceunovale.com.br\/portal\/index.php?rest_route=\/wp\/v2\/posts\/178481\/revisions"}],"predecessor-version":[{"id":178497,"href":"https:\/\/aconteceunovale.com.br\/portal\/index.php?rest_route=\/wp\/v2\/posts\/178481\/revisions\/178497"}],"wp:featuredmedia":[{"embeddable":true,"href":"https:\/\/aconteceunovale.com.br\/portal\/index.php?rest_route=\/wp\/v2\/media\/178483"}],"wp:attachment":[{"href":"https:\/\/aconteceunovale.com.br\/portal\/index.php?rest_route=%2Fwp%2Fv2%2Fmedia&parent=178481"}],"wp:term":[{"taxonomy":"category","embeddable":true,"href":"https:\/\/aconteceunovale.com.br\/portal\/index.php?rest_route=%2Fwp%2Fv2%2Fcategories&post=178481"},{"taxonomy":"post_tag","embeddable":true,"href":"https:\/\/aconteceunovale.com.br\/portal\/index.php?rest_route=%2Fwp%2Fv2%2Ftags&post=178481"}],"curies":[{"name":"wp","href":"https:\/\/api.w.org\/{rel}","templated":true}]}}