{"id":178460,"date":"2021-05-16T10:15:45","date_gmt":"2021-05-16T13:15:45","guid":{"rendered":"https:\/\/aconteceunovale.com.br\/portal\/?p=178460"},"modified":"2021-05-16T19:37:53","modified_gmt":"2021-05-16T22:37:53","slug":"bruno-covas-morre-aos-41-anos","status":"publish","type":"post","link":"https:\/\/aconteceunovale.com.br\/portal\/?p=178460","title":{"rendered":"Bruno Covas morre aos 41 anos"},"content":{"rendered":"\n<p class=\"wp-block-paragraph\">O prefeito licenciado de S\u00e3o Paulo, Bruno Covas (PSDB), morreu \u00e0s 8h20 deste domingo (16\/5\/2021), em decorr\u00eancia de um c\u00e2ncer da transi\u00e7\u00e3o es\u00f4fago g\u00e1strica e suas complica\u00e7\u00f5es ap\u00f3s longo per\u00edodo de tratamento. Ele estava internado no Hospital S\u00edrio-Liban\u00eas, na capital paulista, desde o dia 2 de maio.<\/p>\n\n\n\n<figure class=\"wp-block-gallery columns-1 is-cropped wp-block-gallery-1 is-layout-flex wp-block-gallery-is-layout-flex\"><ul class=\"blocks-gallery-grid\"><li class=\"blocks-gallery-item\"><figure><img loading=\"lazy\" decoding=\"async\" width=\"678\" height=\"406\" src=\"https:\/\/aconteceunovale.com.br\/portal\/wp-content\/uploads\/2021\/05\/bruno_covas.jpg\" alt=\"\" data-id=\"178110\" data-full-url=\"https:\/\/aconteceunovale.com.br\/portal\/wp-content\/uploads\/2021\/05\/bruno_covas.jpg\" data-link=\"https:\/\/aconteceunovale.com.br\/portal\/?attachment_id=178110\" class=\"wp-image-178110\" srcset=\"https:\/\/aconteceunovale.com.br\/portal\/wp-content\/uploads\/2021\/05\/bruno_covas.jpg 678w, https:\/\/aconteceunovale.com.br\/portal\/wp-content\/uploads\/2021\/05\/bruno_covas-300x180.jpg 300w\" sizes=\"auto, (max-width: 678px) 100vw, 678px\" \/><figcaption class=\"blocks-gallery-item__caption\"><em>Bruno Covas (Foto: Governo do Estado de S\u00e3o Paulo \/ Divulga\u00e7\u00e3o)<\/em><\/figcaption><\/figure><\/li><\/ul><\/figure>\n\n\n\n<p class=\"wp-block-paragraph\">Filho de Pedro Lopes e Renata Covas Lopes e pai do jovem Tom\u00e1s Covas, Bruno nasceu em Santos, no litoral paulista, no dia 7 de abril de 1980, e foi advogado, economista e pol\u00edtico brasileiro.<\/p>\n\n\n\n<p class=\"wp-block-paragraph\">Mudou-se para a capital paulista em 1995 e, dois anos depois, filiou-se ao PSDB, seguindo os passos do av\u00f4, o ex-governador M\u00e1rio Covas (1930-2001), sua grande inspira\u00e7\u00e3o e influ\u00eancia pol\u00edtica. No partido, chegou a ser presidente estadual e nacional da Juventude do PSDB e ocupou cargos na Executiva Estadual.<br><br>Sua carreira na pol\u00edtica come\u00e7ou em 2004, quando se candidatou a vice-prefeito de sua cidade natal. Dois anos depois, foi eleito deputado estadual na Assembleia Legislativa de S\u00e3o Paulo e reeleito para o mesmo cargo em 2010, com mais de 239 mil votos, sendo o mais votado daquele ano.<br><br>No ano seguinte, assumiu a Secretaria Estadual do Meio Ambiente no governo de Geraldo Alckmin, permanecendo no cargo at\u00e9 2014, quando foi eleito deputado federal para o mandato 2015-2019.<\/p>\n\n\n\n<p class=\"wp-block-paragraph\">&#8212;&#8212;&#8212;&#8212;&#8212;&#8212;<br><em>Quer receber as not\u00edcias do <strong>Aconteceu no Vale<\/strong> em primeira m\u00e3o? Siga-nos no Facebook <a rel=\"noreferrer noopener\" href=\"http:\/\/facebook.com\/aconteceunovale\" target=\"_blank\">@aconteceunovale<\/a>, Twitter <a rel=\"noreferrer noopener\" href=\"https:\/\/twitter.com\/noticiadosvales\" target=\"_blank\">@noticiadosvales<\/a> e Instagram <a rel=\"noreferrer noopener\" href=\"https:\/\/www.instagram.com\/aconteceunovale\" target=\"_blank\">@aconteceunovale<\/a>.<\/em><\/p>\n","protected":false},"excerpt":{"rendered":"<p>O prefeito licenciado de S\u00e3o Paulo, Bruno Covas (PSDB), morreu \u00e0s 8h20 deste domingo (16\/5\/2021), em decorr\u00eancia de um c\u00e2ncer da transi\u00e7\u00e3o es\u00f4fago g\u00e1strica e suas complica\u00e7\u00f5es ap\u00f3s longo per\u00edodo de tratamento. Ele estava internado no Hospital S\u00edrio-Liban\u00eas, na capital paulista, desde o dia 2 de maio. Filho de Pedro Lopes e Renata Covas Lopes [&hellip;]<\/p>\n","protected":false},"author":4,"featured_media":178110,"comment_status":"open","ping_status":"closed","sticky":false,"template":"","format":"standard","meta":{"amp_status":"","footnotes":""},"categories":[6,40240],"tags":[244590,244594,214465,244672,244593,244588,245221,245225,245125,243416,243418,245224,1018,243414,244592,244591,245222,245227,245223,245226,133892,244589,245126,243415,244595,243417],"class_list":["post-178460","post","type-post","status-publish","format-standard","has-post-thumbnail","hentry","category-br","category-politica","tag-afastamento-de-bruno-covas","tag-avanco-do-cancer-de-bruno-covas","tag-bruno-covas","tag-bruno-covas-deixa-uti","tag-bruno-covas-e-internado-em-uti","tag-bruno-covas-e-transferido-para-uti","tag-bruno-covas-morre-aos-41-anos","tag-bruno-covas-morre-em-sao-paulo","tag-bruno-covas-tem-quadro-considerado-irreversivel","tag-cancer-bruno-covas","tag-cancer-prefeito-de-sao-paulo","tag-despedida-de-bruno-covas","tag-destaque","tag-exames-mostram-que-bruno-covas-tem-dois-novos-pontos-de-cancer","tag-internacao-de-bruno-covas","tag-licenciamento-de-bruno-covas","tag-morre-bruno-covas","tag-morre-o-prefeito-bruno-covas","tag-morte-de-bruno-covas","tag-morte-do-prefeito-bruno-covas","tag-prefeito-de-sao-paulo","tag-prefeito-licenciado-de-sao-paulo","tag-quadro-de-saude-de-bruno-covas","tag-tratamento-bruno-covas","tag-tratamento-do-cancer-de-bruno-covas","tag-tratamento-prefeito-de-sao-paulo"],"yoast_head":"<!-- This site is optimized with the Yoast SEO plugin v28.3 - https:\/\/yoast.com\/product\/yoast-seo-wordpress\/ -->\n<title>Bruno Covas morre aos 41 anos - Aconteceu no Vale<\/title>\n<meta name=\"robots\" content=\"index, follow, max-snippet:-1, max-image-preview:large, max-video-preview:-1\" \/>\n<link rel=\"canonical\" href=\"https:\/\/aconteceunovale.com.br\/portal\/?p=178460\" \/>\n<meta property=\"og:locale\" content=\"pt_BR\" \/>\n<meta property=\"og:type\" content=\"article\" \/>\n<meta property=\"og:title\" content=\"Bruno Covas morre aos 41 anos - Aconteceu no Vale\" \/>\n<meta property=\"og:description\" content=\"O prefeito licenciado de S\u00e3o Paulo, Bruno Covas (PSDB), morreu \u00e0s 8h20 deste domingo (16\/5\/2021), em decorr\u00eancia de um c\u00e2ncer da transi\u00e7\u00e3o es\u00f4fago g\u00e1strica e suas complica\u00e7\u00f5es ap\u00f3s longo per\u00edodo de tratamento. Ele estava internado no Hospital S\u00edrio-Liban\u00eas, na capital paulista, desde o dia 2 de maio. Filho de Pedro Lopes e Renata Covas Lopes [&hellip;]\" \/>\n<meta property=\"og:url\" content=\"https:\/\/aconteceunovale.com.br\/portal\/?p=178460\" \/>\n<meta property=\"og:site_name\" content=\"Aconteceu no Vale\" \/>\n<meta property=\"article:publisher\" content=\"https:\/\/www.facebook.com\/aconteceunovale\/\" \/>\n<meta property=\"article:published_time\" content=\"2021-05-16T13:15:45+00:00\" \/>\n<meta property=\"article:modified_time\" content=\"2021-05-16T22:37:53+00:00\" \/>\n<meta property=\"og:image\" content=\"https:\/\/aconteceunovale.com.br\/portal\/wp-content\/uploads\/2021\/05\/bruno_covas.jpg\" \/>\n\t<meta property=\"og:image:width\" content=\"678\" \/>\n\t<meta property=\"og:image:height\" content=\"406\" \/>\n\t<meta property=\"og:image:type\" content=\"image\/jpeg\" \/>\n<meta name=\"author\" content=\"Reda\u00e7\u00e3o Aconteceu no Vale\" \/>\n<meta name=\"twitter:card\" content=\"summary_large_image\" \/>\n<meta name=\"twitter:creator\" content=\"@noticiadosvales\" \/>\n<meta name=\"twitter:site\" content=\"@noticiadosvales\" \/>\n<meta name=\"twitter:label1\" content=\"Escrito por\" \/>\n\t<meta name=\"twitter:data1\" content=\"Reda\u00e7\u00e3o Aconteceu no Vale\" \/>\n\t<meta name=\"twitter:label2\" content=\"Est. tempo de leitura\" \/>\n\t<meta name=\"twitter:data2\" content=\"1 minuto\" \/>\n<script type=\"application\/ld+json\" class=\"yoast-schema-graph\">{\"@context\":\"https:\\\/\\\/schema.org\",\"@graph\":[{\"@type\":\"Article\",\"@id\":\"https:\\\/\\\/aconteceunovale.com.br\\\/portal\\\/?p=178460#article\",\"isPartOf\":{\"@id\":\"https:\\\/\\\/aconteceunovale.com.br\\\/portal\\\/?p=178460\"},\"author\":{\"name\":\"Reda\u00e7\u00e3o Aconteceu no Vale\",\"@id\":\"https:\\\/\\\/aconteceunovale.com.br\\\/portal\\\/#\\\/schema\\\/person\\\/7d2f26d1483f8a63de73da1ee0754d35\"},\"headline\":\"Bruno Covas morre aos 41 anos\",\"datePublished\":\"2021-05-16T13:15:45+00:00\",\"dateModified\":\"2021-05-16T22:37:53+00:00\",\"mainEntityOfPage\":{\"@id\":\"https:\\\/\\\/aconteceunovale.com.br\\\/portal\\\/?p=178460\"},\"wordCount\":260,\"commentCount\":0,\"image\":{\"@id\":\"https:\\\/\\\/aconteceunovale.com.br\\\/portal\\\/?p=178460#primaryimage\"},\"thumbnailUrl\":\"https:\\\/\\\/aconteceunovale.com.br\\\/portal\\\/wp-content\\\/uploads\\\/2021\\\/05\\\/bruno_covas.jpg\",\"keywords\":[\"Afastamento de Bruno Covas\",\"Avan\u00e7o do c\u00e2ncer de Bruno Covas\",\"Bruno Covas\",\"Bruno Covas deixa UTI\",\"Bruno Covas \u00e9 internado em UTI\",\"Bruno Covas \u00e9 transferido para UTI\",\"Bruno Covas morre aos 41 anos\",\"Bruno Covas morre em S\u00e3o Paulo\",\"Bruno Covas tem quadro considerado irrevers\u00edvel\",\"C\u00e2ncer Bruno Covas\",\"C\u00e2ncer prefeito de S\u00e3o Paulo\",\"Despedida de Bruno Covas\",\"destaque\",\"Exames mostram que Bruno Covas tem dois novos pontos de c\u00e2ncer\",\"Interna\u00e7\u00e3o de Bruno Covas\",\"Licenciamento de Bruno Covas\",\"Morre Bruno Covas\",\"Morre o prefeito Bruno Covas\",\"Morte de Bruno Covas\",\"Morte do prefeito Bruno Covas\",\"prefeito de S\u00e3o Paulo\",\"Prefeito licenciado de S\u00e3o Paulo\",\"Quadro de sa\u00fade de Bruno Covas\",\"Tratamento Bruno Covas\",\"Tratamento do c\u00e2ncer de Bruno Covas\",\"Tratamento prefeito de S\u00e3o Paulo\"],\"articleSection\":[\"Brasil\",\"Pol\u00edtica\"],\"inLanguage\":\"pt-BR\",\"potentialAction\":[{\"@type\":\"CommentAction\",\"name\":\"Comment\",\"target\":[\"https:\\\/\\\/aconteceunovale.com.br\\\/portal\\\/?p=178460#respond\"]}]},{\"@type\":\"WebPage\",\"@id\":\"https:\\\/\\\/aconteceunovale.com.br\\\/portal\\\/?p=178460\",\"url\":\"https:\\\/\\\/aconteceunovale.com.br\\\/portal\\\/?p=178460\",\"name\":\"Bruno Covas morre aos 41 anos - Aconteceu no Vale\",\"isPartOf\":{\"@id\":\"https:\\\/\\\/aconteceunovale.com.br\\\/portal\\\/#website\"},\"primaryImageOfPage\":{\"@id\":\"https:\\\/\\\/aconteceunovale.com.br\\\/portal\\\/?p=178460#primaryimage\"},\"image\":{\"@id\":\"https:\\\/\\\/aconteceunovale.com.br\\\/portal\\\/?p=178460#primaryimage\"},\"thumbnailUrl\":\"https:\\\/\\\/aconteceunovale.com.br\\\/portal\\\/wp-content\\\/uploads\\\/2021\\\/05\\\/bruno_covas.jpg\",\"datePublished\":\"2021-05-16T13:15:45+00:00\",\"dateModified\":\"2021-05-16T22:37:53+00:00\",\"author\":{\"@id\":\"https:\\\/\\\/aconteceunovale.com.br\\\/portal\\\/#\\\/schema\\\/person\\\/7d2f26d1483f8a63de73da1ee0754d35\"},\"breadcrumb\":{\"@id\":\"https:\\\/\\\/aconteceunovale.com.br\\\/portal\\\/?p=178460#breadcrumb\"},\"inLanguage\":\"pt-BR\",\"potentialAction\":[{\"@type\":\"ReadAction\",\"target\":[\"https:\\\/\\\/aconteceunovale.com.br\\\/portal\\\/?p=178460\"]}]},{\"@type\":\"ImageObject\",\"inLanguage\":\"pt-BR\",\"@id\":\"https:\\\/\\\/aconteceunovale.com.br\\\/portal\\\/?p=178460#primaryimage\",\"url\":\"https:\\\/\\\/aconteceunovale.com.br\\\/portal\\\/wp-content\\\/uploads\\\/2021\\\/05\\\/bruno_covas.jpg\",\"contentUrl\":\"https:\\\/\\\/aconteceunovale.com.br\\\/portal\\\/wp-content\\\/uploads\\\/2021\\\/05\\\/bruno_covas.jpg\",\"width\":678,\"height\":406},{\"@type\":\"BreadcrumbList\",\"@id\":\"https:\\\/\\\/aconteceunovale.com.br\\\/portal\\\/?p=178460#breadcrumb\",\"itemListElement\":[{\"@type\":\"ListItem\",\"position\":1,\"name\":\"In\u00edcio\",\"item\":\"https:\\\/\\\/aconteceunovale.com.br\\\/portal\\\/\"},{\"@type\":\"ListItem\",\"position\":2,\"name\":\"Bruno Covas morre aos 41 anos\"}]},{\"@type\":\"WebSite\",\"@id\":\"https:\\\/\\\/aconteceunovale.com.br\\\/portal\\\/#website\",\"url\":\"https:\\\/\\\/aconteceunovale.com.br\\\/portal\\\/\",\"name\":\"Aconteceu no Vale\",\"description\":\"Portal de Not\u00edcias\",\"potentialAction\":[{\"@type\":\"SearchAction\",\"target\":{\"@type\":\"EntryPoint\",\"urlTemplate\":\"https:\\\/\\\/aconteceunovale.com.br\\\/portal\\\/?s={search_term_string}\"},\"query-input\":{\"@type\":\"PropertyValueSpecification\",\"valueRequired\":true,\"valueName\":\"search_term_string\"}}],\"inLanguage\":\"pt-BR\"},{\"@type\":\"Person\",\"@id\":\"https:\\\/\\\/aconteceunovale.com.br\\\/portal\\\/#\\\/schema\\\/person\\\/7d2f26d1483f8a63de73da1ee0754d35\",\"name\":\"Reda\u00e7\u00e3o Aconteceu no Vale\",\"description\":\"Equipe de reportagem do Aconteceu no Vale, portal de not\u00edcias do Vale do Jequitinhonha, em Minas Gerais. Cobrimos as 51 cidades do Vale desde 2013. Sugest\u00f5es de pauta e pedidos de corre\u00e7\u00e3o: contato@aconteceunovale.com.br\",\"url\":\"https:\\\/\\\/aconteceunovale.com.br\\\/portal\\\/?author=4\"}]}<\/script>\n<!-- \/ Yoast SEO plugin. -->","yoast_head_json":{"title":"Bruno Covas morre aos 41 anos - Aconteceu no Vale","robots":{"index":"index","follow":"follow","max-snippet":"max-snippet:-1","max-image-preview":"max-image-preview:large","max-video-preview":"max-video-preview:-1"},"canonical":"https:\/\/aconteceunovale.com.br\/portal\/?p=178460","og_locale":"pt_BR","og_type":"article","og_title":"Bruno Covas morre aos 41 anos - Aconteceu no Vale","og_description":"O prefeito licenciado de S\u00e3o Paulo, Bruno Covas (PSDB), morreu \u00e0s 8h20 deste domingo (16\/5\/2021), em decorr\u00eancia de um c\u00e2ncer da transi\u00e7\u00e3o es\u00f4fago g\u00e1strica e suas complica\u00e7\u00f5es ap\u00f3s longo per\u00edodo de tratamento. Ele estava internado no Hospital S\u00edrio-Liban\u00eas, na capital paulista, desde o dia 2 de maio. Filho de Pedro Lopes e Renata Covas Lopes [&hellip;]","og_url":"https:\/\/aconteceunovale.com.br\/portal\/?p=178460","og_site_name":"Aconteceu no Vale","article_publisher":"https:\/\/www.facebook.com\/aconteceunovale\/","article_published_time":"2021-05-16T13:15:45+00:00","article_modified_time":"2021-05-16T22:37:53+00:00","og_image":[{"width":678,"height":406,"url":"https:\/\/aconteceunovale.com.br\/portal\/wp-content\/uploads\/2021\/05\/bruno_covas.jpg","type":"image\/jpeg"}],"author":"Reda\u00e7\u00e3o Aconteceu no Vale","twitter_card":"summary_large_image","twitter_creator":"@noticiadosvales","twitter_site":"@noticiadosvales","twitter_misc":{"Escrito por":"Reda\u00e7\u00e3o Aconteceu no Vale","Est. tempo de leitura":"1 minuto"},"schema":{"@context":"https:\/\/schema.org","@graph":[{"@type":"Article","@id":"https:\/\/aconteceunovale.com.br\/portal\/?p=178460#article","isPartOf":{"@id":"https:\/\/aconteceunovale.com.br\/portal\/?p=178460"},"author":{"name":"Reda\u00e7\u00e3o Aconteceu no Vale","@id":"https:\/\/aconteceunovale.com.br\/portal\/#\/schema\/person\/7d2f26d1483f8a63de73da1ee0754d35"},"headline":"Bruno Covas morre aos 41 anos","datePublished":"2021-05-16T13:15:45+00:00","dateModified":"2021-05-16T22:37:53+00:00","mainEntityOfPage":{"@id":"https:\/\/aconteceunovale.com.br\/portal\/?p=178460"},"wordCount":260,"commentCount":0,"image":{"@id":"https:\/\/aconteceunovale.com.br\/portal\/?p=178460#primaryimage"},"thumbnailUrl":"https:\/\/aconteceunovale.com.br\/portal\/wp-content\/uploads\/2021\/05\/bruno_covas.jpg","keywords":["Afastamento de Bruno Covas","Avan\u00e7o do c\u00e2ncer de Bruno Covas","Bruno Covas","Bruno Covas deixa UTI","Bruno Covas \u00e9 internado em UTI","Bruno Covas \u00e9 transferido para UTI","Bruno Covas morre aos 41 anos","Bruno Covas morre em S\u00e3o Paulo","Bruno Covas tem quadro considerado irrevers\u00edvel","C\u00e2ncer Bruno Covas","C\u00e2ncer prefeito de S\u00e3o Paulo","Despedida de Bruno Covas","destaque","Exames mostram que Bruno Covas tem dois novos pontos de c\u00e2ncer","Interna\u00e7\u00e3o de Bruno Covas","Licenciamento de Bruno Covas","Morre Bruno Covas","Morre o prefeito Bruno Covas","Morte de Bruno Covas","Morte do prefeito Bruno Covas","prefeito de S\u00e3o Paulo","Prefeito licenciado de S\u00e3o Paulo","Quadro de sa\u00fade de Bruno Covas","Tratamento Bruno Covas","Tratamento do c\u00e2ncer de Bruno Covas","Tratamento prefeito de S\u00e3o Paulo"],"articleSection":["Brasil","Pol\u00edtica"],"inLanguage":"pt-BR","potentialAction":[{"@type":"CommentAction","name":"Comment","target":["https:\/\/aconteceunovale.com.br\/portal\/?p=178460#respond"]}]},{"@type":"WebPage","@id":"https:\/\/aconteceunovale.com.br\/portal\/?p=178460","url":"https:\/\/aconteceunovale.com.br\/portal\/?p=178460","name":"Bruno Covas morre aos 41 anos - Aconteceu no Vale","isPartOf":{"@id":"https:\/\/aconteceunovale.com.br\/portal\/#website"},"primaryImageOfPage":{"@id":"https:\/\/aconteceunovale.com.br\/portal\/?p=178460#primaryimage"},"image":{"@id":"https:\/\/aconteceunovale.com.br\/portal\/?p=178460#primaryimage"},"thumbnailUrl":"https:\/\/aconteceunovale.com.br\/portal\/wp-content\/uploads\/2021\/05\/bruno_covas.jpg","datePublished":"2021-05-16T13:15:45+00:00","dateModified":"2021-05-16T22:37:53+00:00","author":{"@id":"https:\/\/aconteceunovale.com.br\/portal\/#\/schema\/person\/7d2f26d1483f8a63de73da1ee0754d35"},"breadcrumb":{"@id":"https:\/\/aconteceunovale.com.br\/portal\/?p=178460#breadcrumb"},"inLanguage":"pt-BR","potentialAction":[{"@type":"ReadAction","target":["https:\/\/aconteceunovale.com.br\/portal\/?p=178460"]}]},{"@type":"ImageObject","inLanguage":"pt-BR","@id":"https:\/\/aconteceunovale.com.br\/portal\/?p=178460#primaryimage","url":"https:\/\/aconteceunovale.com.br\/portal\/wp-content\/uploads\/2021\/05\/bruno_covas.jpg","contentUrl":"https:\/\/aconteceunovale.com.br\/portal\/wp-content\/uploads\/2021\/05\/bruno_covas.jpg","width":678,"height":406},{"@type":"BreadcrumbList","@id":"https:\/\/aconteceunovale.com.br\/portal\/?p=178460#breadcrumb","itemListElement":[{"@type":"ListItem","position":1,"name":"In\u00edcio","item":"https:\/\/aconteceunovale.com.br\/portal\/"},{"@type":"ListItem","position":2,"name":"Bruno Covas morre aos 41 anos"}]},{"@type":"WebSite","@id":"https:\/\/aconteceunovale.com.br\/portal\/#website","url":"https:\/\/aconteceunovale.com.br\/portal\/","name":"Aconteceu no Vale","description":"Portal de Not\u00edcias","potentialAction":[{"@type":"SearchAction","target":{"@type":"EntryPoint","urlTemplate":"https:\/\/aconteceunovale.com.br\/portal\/?s={search_term_string}"},"query-input":{"@type":"PropertyValueSpecification","valueRequired":true,"valueName":"search_term_string"}}],"inLanguage":"pt-BR"},{"@type":"Person","@id":"https:\/\/aconteceunovale.com.br\/portal\/#\/schema\/person\/7d2f26d1483f8a63de73da1ee0754d35","name":"Reda\u00e7\u00e3o Aconteceu no Vale","description":"Equipe de reportagem do Aconteceu no Vale, portal de not\u00edcias do Vale do Jequitinhonha, em Minas Gerais. Cobrimos as 51 cidades do Vale desde 2013. Sugest\u00f5es de pauta e pedidos de corre\u00e7\u00e3o: contato@aconteceunovale.com.br","url":"https:\/\/aconteceunovale.com.br\/portal\/?author=4"}]}},"_links":{"self":[{"href":"https:\/\/aconteceunovale.com.br\/portal\/index.php?rest_route=\/wp\/v2\/posts\/178460","targetHints":{"allow":["GET"]}}],"collection":[{"href":"https:\/\/aconteceunovale.com.br\/portal\/index.php?rest_route=\/wp\/v2\/posts"}],"about":[{"href":"https:\/\/aconteceunovale.com.br\/portal\/index.php?rest_route=\/wp\/v2\/types\/post"}],"author":[{"embeddable":true,"href":"https:\/\/aconteceunovale.com.br\/portal\/index.php?rest_route=\/wp\/v2\/users\/4"}],"replies":[{"embeddable":true,"href":"https:\/\/aconteceunovale.com.br\/portal\/index.php?rest_route=%2Fwp%2Fv2%2Fcomments&post=178460"}],"version-history":[{"count":3,"href":"https:\/\/aconteceunovale.com.br\/portal\/index.php?rest_route=\/wp\/v2\/posts\/178460\/revisions"}],"predecessor-version":[{"id":178471,"href":"https:\/\/aconteceunovale.com.br\/portal\/index.php?rest_route=\/wp\/v2\/posts\/178460\/revisions\/178471"}],"wp:featuredmedia":[{"embeddable":true,"href":"https:\/\/aconteceunovale.com.br\/portal\/index.php?rest_route=\/wp\/v2\/media\/178110"}],"wp:attachment":[{"href":"https:\/\/aconteceunovale.com.br\/portal\/index.php?rest_route=%2Fwp%2Fv2%2Fmedia&parent=178460"}],"wp:term":[{"taxonomy":"category","embeddable":true,"href":"https:\/\/aconteceunovale.com.br\/portal\/index.php?rest_route=%2Fwp%2Fv2%2Fcategories&post=178460"},{"taxonomy":"post_tag","embeddable":true,"href":"https:\/\/aconteceunovale.com.br\/portal\/index.php?rest_route=%2Fwp%2Fv2%2Ftags&post=178460"}],"curies":[{"name":"wp","href":"https:\/\/api.w.org\/{rel}","templated":true}]}}