{"id":178455,"date":"2021-05-16T09:53:25","date_gmt":"2021-05-16T12:53:25","guid":{"rendered":"https:\/\/aconteceunovale.com.br\/portal\/?p=178455"},"modified":"2021-05-16T09:54:30","modified_gmt":"2021-05-16T12:54:30","slug":"caixa-comeca-a-pagar-segunda-parcela-do-auxilio-emergencial","status":"publish","type":"post","link":"https:\/\/aconteceunovale.com.br\/portal\/?p=178455","title":{"rendered":"Caixa come\u00e7a a pagar segunda parcela do aux\u00edlio emergencial"},"content":{"rendered":"\n<p class=\"wp-block-paragraph\">Trabalhadores informais nascidos em janeiro recebem hoje (16\/5\/2021) a segunda parcela da nova rodada do aux\u00edlio emergencial. O benef\u00edcio ter\u00e1 parcelas de R$ 150 a R$ 375, dependendo da fam\u00edlia.<\/p>\n\n\n\n<figure class=\"wp-block-gallery columns-1 is-cropped wp-block-gallery-1 is-layout-flex wp-block-gallery-is-layout-flex\"><ul class=\"blocks-gallery-grid\"><li class=\"blocks-gallery-item\"><figure><img loading=\"lazy\" decoding=\"async\" width=\"678\" height=\"406\" src=\"https:\/\/aconteceunovale.com.br\/portal\/wp-content\/uploads\/2021\/05\/auxilio_emergencial.jpg\" alt=\"\" data-id=\"178458\" data-full-url=\"https:\/\/aconteceunovale.com.br\/portal\/wp-content\/uploads\/2021\/05\/auxilio_emergencial.jpg\" data-link=\"https:\/\/aconteceunovale.com.br\/portal\/?attachment_id=178458\" class=\"wp-image-178458\" srcset=\"https:\/\/aconteceunovale.com.br\/portal\/wp-content\/uploads\/2021\/05\/auxilio_emergencial.jpg 678w, https:\/\/aconteceunovale.com.br\/portal\/wp-content\/uploads\/2021\/05\/auxilio_emergencial-300x180.jpg 300w\" sizes=\"auto, (max-width: 678px) 100vw, 678px\" \/><figcaption class=\"blocks-gallery-item__caption\"><em>Foto: Marcello Casal jr\/Ag\u00eancia Brasil<\/em><\/figcaption><\/figure><\/li><\/ul><\/figure>\n\n\n\n<p class=\"wp-block-paragraph\">O pagamento tamb\u00e9m ser\u00e1 feito a inscritos no Cadastro \u00danico de Programas Sociais do Governo Federal (Cad\u00danico) nascidos no mesmo m\u00eas. O dinheiro ser\u00e1 depositado nas contas poupan\u00e7a digitais e poder\u00e1 ser movimentado pelo aplicativo Caixa Tem. Somente de duas a quatro semanas ap\u00f3s o dep\u00f3sito, o dinheiro poder\u00e1 ser sacado em esp\u00e9cie ou transferido para uma conta corrente.<br><br>Na \u00faltima quinta-feira (13), a Caixa anunciou a antecipa\u00e7\u00e3o do pagamento da segunda parcela. O calend\u00e1rio de dep\u00f3sitos, que come\u00e7aria hoje e terminaria em 16 de junho, ser\u00e1 aberto hoje e acabar\u00e1 em 30 de maio.<br><br>Ao todo 45,6 milh\u00f5es de brasileiros ser\u00e3o beneficiados pela nova rodada do aux\u00edlio emergencial. O aux\u00edlio ser\u00e1 pago apenas a quem recebia o benef\u00edcio em dezembro de 2020. Tamb\u00e9m \u00e9 necess\u00e1rio cumprir outros requisitos para ter direito \u00e0 nova rodada.<\/p>\n\n\n\n<div class=\"wp-block-image\"><figure class=\"aligncenter size-large\"><img loading=\"lazy\" decoding=\"async\" width=\"678\" height=\"300\" src=\"https:\/\/aconteceunovale.com.br\/portal\/wp-content\/uploads\/2021\/05\/calendario_auxilio_1.png\" alt=\"\" class=\"wp-image-178456\" srcset=\"https:\/\/aconteceunovale.com.br\/portal\/wp-content\/uploads\/2021\/05\/calendario_auxilio_1.png 678w, https:\/\/aconteceunovale.com.br\/portal\/wp-content\/uploads\/2021\/05\/calendario_auxilio_1-300x133.png 300w\" sizes=\"auto, (max-width: 678px) 100vw, 678px\" \/><figcaption><em>Cr\u00e9ditos: Divulga\u00e7\u00e3o \/ Minist\u00e9rio da Cidadania<\/em><\/figcaption><\/figure><\/div>\n\n\n\n<p class=\"wp-block-paragraph\">Para os benefici\u00e1rios do Bolsa Fam\u00edlia, o pagamento ocorre de forma distinta. Os inscritos podem sacar diretamente o dinheiro nos dez \u00faltimos dias \u00fateis de cada m\u00eas, com base no d\u00edgito final do NIS.<br><br>O pagamento da primeira parcela aos inscritos no Bolsa Fam\u00edlia come\u00e7ou no \u00faltimo dia 16. O aux\u00edlio emergencial somente ser\u00e1 pago quando o valor for superior ao benef\u00edcio do programa social.<\/p>\n\n\n\n<div class=\"wp-block-image\"><figure class=\"aligncenter size-large\"><img loading=\"lazy\" decoding=\"async\" width=\"678\" height=\"388\" src=\"https:\/\/aconteceunovale.com.br\/portal\/wp-content\/uploads\/2021\/05\/calendario_auxilio_2.png\" alt=\"\" class=\"wp-image-178457\" srcset=\"https:\/\/aconteceunovale.com.br\/portal\/wp-content\/uploads\/2021\/05\/calendario_auxilio_2.png 678w, https:\/\/aconteceunovale.com.br\/portal\/wp-content\/uploads\/2021\/05\/calendario_auxilio_2-300x172.png 300w\" sizes=\"auto, (max-width: 678px) 100vw, 678px\" \/><figcaption><em>Cr\u00e9ditos: Divulga\u00e7\u00e3o \/ Minist\u00e9rio da Cidadania<\/em><\/figcaption><\/figure><\/div>\n\n\n\n<p class=\"wp-block-paragraph\">&#8212;&#8212;&#8212;&#8212;&#8212;&#8212;<br><em>Quer receber as not\u00edcias do <strong>Aconteceu no Vale<\/strong> em primeira m\u00e3o? Siga-nos no Facebook <a rel=\"noreferrer noopener\" href=\"http:\/\/facebook.com\/aconteceunovale\" target=\"_blank\">@aconteceunovale<\/a>, Twitter <a rel=\"noreferrer noopener\" href=\"https:\/\/twitter.com\/noticiadosvales\" target=\"_blank\">@noticiadosvales<\/a> e Instagram <a rel=\"noreferrer noopener\" href=\"https:\/\/www.instagram.com\/aconteceunovale\" target=\"_blank\">@aconteceunovale<\/a>.<\/em><\/p>\n","protected":false},"excerpt":{"rendered":"<p>Trabalhadores informais nascidos em janeiro recebem hoje (16\/5\/2021) a segunda parcela da nova rodada do aux\u00edlio emergencial. O benef\u00edcio ter\u00e1 parcelas de R$ 150 a R$ 375, dependendo da fam\u00edlia. O pagamento tamb\u00e9m ser\u00e1 feito a inscritos no Cadastro \u00danico de Programas Sociais do Governo Federal (Cad\u00danico) nascidos no mesmo m\u00eas. O dinheiro ser\u00e1 depositado [&hellip;]<\/p>\n","protected":false},"author":4,"featured_media":178458,"comment_status":"open","ping_status":"closed","sticky":false,"template":"","format":"standard","meta":{"amp_status":"","footnotes":""},"categories":[6],"tags":[219405,219383,241301,225996,219292,225074,225788,225789,225075,225949,219977,100375,225948,245220,227485,227055,226016,228081,225732,243434,223087,226744,241563,241562,225178,225552,225551,20922,225787,241561,225176,239937,239938,20290,241564,240737,225962,226017,226018,1018,221649,223267,184405,4610,241300,26436,225826,184661,236426,225077,225076,219822,238509,225550,239939,225549,225961,225177,239936,239940,225548],"class_list":["post-178455","post","type-post","status-publish","format-standard","has-post-thumbnail","hentry","category-br","tag-auxilio-de-r-600","tag-auxilio-emergencial","tag-auxilio-emergencial-2021","tag-auxilio-emergencial-chega-a-29-milhoes-de-domicilios","tag-auxilio-emergencial-de-r-600","tag-auxilio-emergencial-de-r-600-elevou-padrao-de-vida-em-23-milhoes-de-domicilios","tag-auxilio-emergencial-para-agricultor-familiar","tag-auxilio-para-agricultor-familiar","tag-beneficio-do-auxilio-emergencial-de-r-600","tag-bloqueio-de-contas-da-poupanca-social","tag-bloqueio-do-auxilio-emergencial","tag-bolsonaro","tag-caixa-bloqueia-contas-da-poupanca-social","tag-caixa-comeca-a-pagar-segunda-parcela-do-auxilio-emergencial","tag-caixa-credita-auxilio-emergencial-para-4-milhoes-nascidos-em-agosto","tag-caixa-credita-auxilio-emergencial-para-nascidos-em-junho","tag-caixa-divulga-orientacao-para-desbloqueio-de-contas","tag-caixa-paga-auxilio-emergencial-de-r-600-a-beneficiarios-do-bolsa-familia","tag-caixa-paga-quarta-parcela-do-auxilio-emergencial-a-beneficiarios-do-bolsa-familia","tag-caixa-pode-fazer-novas-antecipacoes-de-saques-do-auxilio-emergencial","tag-caixa-tem","tag-caixa-vai-pagar-auxilio-emergencial-de-r-600-a-805-mil-novos-beneficiarios","tag-calendario-de-pagamentos-do-auxilio-emergencial-2021","tag-calendario-do-auxilio-emergencial-2021","tag-calendario-para-saque-em-dinheiro-do-auxilio-emergencial","tag-calendario-quarta-parcela-do-auxilio-emergencial","tag-calendario-quinta-parcela-do-auxilio-emergencial","tag-camara-dos-deputados","tag-camara-dos-deputados-aprova-auxilio-emergencial-para-agricultor-familiar-durante-a-pandemia","tag-confira-o-calendario-de-pagamentos-do-auxilio-emergencial-2021","tag-confira-o-calendario-para-saque-em-dinheiro-do-auxilio-emergencial-de-r-600","tag-consulta-auxilio-emergencial","tag-consulta-novo-auxilio-emergencial","tag-dataprev","tag-datas-de-pagamento-do-auxilio-emergencial-2021","tag-decreto-regulamenta-o-pagamento-do-auxilio-emergencial-2021","tag-desbloquear-as-contas-digitais-do-auxilio-emergencial","tag-desbloqueio-caixa-tem","tag-desbloqueio-de-contas-caixa-tem","tag-destaque","tag-fraude-no-auxilio-emergencial","tag-fraudes-no-auxilio-emergencial","tag-governo-bolsonaro","tag-governo-federal","tag-inicio-do-pagamento-do-auxilio-emergencial","tag-jair-bolsonaro","tag-mais-de-700-mil-receberao-amanha-primeira-parcela-do-auxilio-emergencial","tag-ministerio-da-economia","tag-novo-auxilio-emergencial","tag-padrao-de-vida-auxilio-emergencial","tag-padrao-de-vida-auxilio-emergencial-de-r-600","tag-pagamento-do-auxilio-emergencial","tag-pagamento-do-novo-auxilio-emergencial","tag-quarta-parcela-auxilio-emergencial","tag-quem-tem-direito-ao-novo-auxilio-emergencial","tag-quinta-parcela-auxilio-emergencial","tag-saiba-como-desbloquear-as-contas-digitais-do-auxilio-emergencial","tag-saque-em-dinheiro-do-auxilio-emergencial","tag-trabalhadores-poderao-consultar-auxilio-emergencial-a-partir-de-abril","tag-valor-do-novo-auxilio-emergencial","tag-veja-os-calendarios-dos-novos-pagamentos-do-auxilio-emergencial-de-r-600"],"yoast_head":"<!-- This site is optimized with the Yoast SEO plugin v28.3 - https:\/\/yoast.com\/product\/yoast-seo-wordpress\/ -->\n<title>Caixa come\u00e7a a pagar segunda parcela do aux\u00edlio emergencial - Aconteceu no Vale<\/title>\n<meta name=\"robots\" content=\"index, follow, max-snippet:-1, max-image-preview:large, max-video-preview:-1\" \/>\n<link rel=\"canonical\" href=\"https:\/\/aconteceunovale.com.br\/portal\/?p=178455\" \/>\n<meta property=\"og:locale\" content=\"pt_BR\" \/>\n<meta property=\"og:type\" content=\"article\" \/>\n<meta property=\"og:title\" content=\"Caixa come\u00e7a a pagar segunda parcela do aux\u00edlio emergencial - Aconteceu no Vale\" \/>\n<meta property=\"og:description\" content=\"Trabalhadores informais nascidos em janeiro recebem hoje (16\/5\/2021) a segunda parcela da nova rodada do aux\u00edlio emergencial. O benef\u00edcio ter\u00e1 parcelas de R$ 150 a R$ 375, dependendo da fam\u00edlia. O pagamento tamb\u00e9m ser\u00e1 feito a inscritos no Cadastro \u00danico de Programas Sociais do Governo Federal (Cad\u00danico) nascidos no mesmo m\u00eas. O dinheiro ser\u00e1 depositado [&hellip;]\" \/>\n<meta property=\"og:url\" content=\"https:\/\/aconteceunovale.com.br\/portal\/?p=178455\" \/>\n<meta property=\"og:site_name\" content=\"Aconteceu no Vale\" \/>\n<meta property=\"article:publisher\" content=\"https:\/\/www.facebook.com\/aconteceunovale\/\" \/>\n<meta property=\"article:published_time\" content=\"2021-05-16T12:53:25+00:00\" \/>\n<meta property=\"article:modified_time\" content=\"2021-05-16T12:54:30+00:00\" \/>\n<meta property=\"og:image\" content=\"https:\/\/aconteceunovale.com.br\/portal\/wp-content\/uploads\/2021\/05\/auxilio_emergencial.jpg\" \/>\n\t<meta property=\"og:image:width\" content=\"678\" \/>\n\t<meta property=\"og:image:height\" content=\"406\" \/>\n\t<meta property=\"og:image:type\" content=\"image\/jpeg\" \/>\n<meta name=\"author\" content=\"Reda\u00e7\u00e3o Aconteceu no Vale\" \/>\n<meta name=\"twitter:card\" content=\"summary_large_image\" \/>\n<meta name=\"twitter:creator\" content=\"@noticiadosvales\" \/>\n<meta name=\"twitter:site\" content=\"@noticiadosvales\" \/>\n<meta name=\"twitter:label1\" content=\"Escrito por\" \/>\n\t<meta name=\"twitter:data1\" content=\"Reda\u00e7\u00e3o Aconteceu no Vale\" \/>\n\t<meta name=\"twitter:label2\" content=\"Est. tempo de leitura\" \/>\n\t<meta name=\"twitter:data2\" content=\"1 minuto\" \/>\n<script type=\"application\/ld+json\" class=\"yoast-schema-graph\">{\"@context\":\"https:\\\/\\\/schema.org\",\"@graph\":[{\"@type\":\"Article\",\"@id\":\"https:\\\/\\\/aconteceunovale.com.br\\\/portal\\\/?p=178455#article\",\"isPartOf\":{\"@id\":\"https:\\\/\\\/aconteceunovale.com.br\\\/portal\\\/?p=178455\"},\"author\":{\"name\":\"Reda\u00e7\u00e3o Aconteceu no Vale\",\"@id\":\"https:\\\/\\\/aconteceunovale.com.br\\\/portal\\\/#\\\/schema\\\/person\\\/7d2f26d1483f8a63de73da1ee0754d35\"},\"headline\":\"Caixa come\u00e7a a pagar segunda parcela do aux\u00edlio emergencial\",\"datePublished\":\"2021-05-16T12:53:25+00:00\",\"dateModified\":\"2021-05-16T12:54:30+00:00\",\"mainEntityOfPage\":{\"@id\":\"https:\\\/\\\/aconteceunovale.com.br\\\/portal\\\/?p=178455\"},\"wordCount\":305,\"commentCount\":0,\"image\":{\"@id\":\"https:\\\/\\\/aconteceunovale.com.br\\\/portal\\\/?p=178455#primaryimage\"},\"thumbnailUrl\":\"https:\\\/\\\/aconteceunovale.com.br\\\/portal\\\/wp-content\\\/uploads\\\/2021\\\/05\\\/auxilio_emergencial.jpg\",\"keywords\":[\"Aux\u00edlio de R$ 600\",\"aux\u00edlio emergencial\",\"Aux\u00edlio emergencial 2021\",\"Aux\u00edlio emergencial chega a 29 milh\u00f5es de domic\u00edlios\",\"Aux\u00edlio emergencial de R$ 600\",\"Aux\u00edlio emergencial de R$ 600 elevou padr\u00e3o de vida em 23 milh\u00f5es de domic\u00edlios\",\"Aux\u00edlio emergencial para agricultor familiar\",\"Aux\u00edlio para agricultor familiar\",\"Benef\u00edcio do Aux\u00edlio emergencial de R$ 600\",\"Bloqueio de contas da poupan\u00e7a social\",\"Bloqueio do aux\u00edlio emergencial\",\"Bolsonaro\",\"Caixa bloqueia contas da poupan\u00e7a social\",\"Caixa come\u00e7a a pagar segunda parcela do aux\u00edlio emergencial\",\"Caixa credita aux\u00edlio emergencial para 4 milh\u00f5es nascidos em agosto\",\"Caixa credita aux\u00edlio emergencial para nascidos em junho\",\"Caixa divulga orienta\u00e7\u00e3o para desbloqueio de contas\",\"Caixa paga aux\u00edlio emergencial de R$ 600 a benefici\u00e1rios do Bolsa Fam\u00edlia\",\"Caixa paga quarta parcela do aux\u00edlio emergencial a benefici\u00e1rios do Bolsa Fam\u00edlia\",\"Caixa pode fazer novas antecipa\u00e7\u00f5es de saques do aux\u00edlio emergencial\",\"Caixa Tem\",\"Caixa vai pagar aux\u00edlio emergencial de R$ 600 a 805 mil novos benefici\u00e1rios\",\"Calend\u00e1rio de pagamentos do aux\u00edlio emergencial 2021\",\"Calend\u00e1rio do aux\u00edlio emergencial 2021\",\"Calend\u00e1rio para saque em dinheiro do aux\u00edlio emergencial\",\"Calend\u00e1rio quarta parcela do aux\u00edlio emergencial\",\"Calend\u00e1rio quinta parcela do aux\u00edlio emergencial\",\"C\u00e2mara dos Deputados\",\"C\u00e2mara dos Deputados aprova aux\u00edlio emergencial para agricultor familiar durante a pandemia\",\"Confira o calend\u00e1rio de pagamentos do aux\u00edlio emergencial 2021\",\"Confira o calend\u00e1rio para saque em dinheiro do aux\u00edlio emergencial de R$ 600\",\"Consulta aux\u00edlio emergencial\",\"Consulta novo aux\u00edlio emergencial\",\"Dataprev\",\"Datas de pagamento do aux\u00edlio emergencial 2021\",\"Decreto regulamenta o pagamento do Aux\u00edlio Emergencial 2021\",\"Desbloquear as contas digitais do aux\u00edlio emergencial\",\"Desbloqueio Caixa Tem\",\"Desbloqueio de contas Caixa Tem\",\"destaque\",\"Fraude no aux\u00edlio emergencial\",\"Fraudes no aux\u00edlio emergencial\",\"Governo Bolsonaro\",\"Governo Federal\",\"In\u00edcio do pagamento do aux\u00edlio emergencial\",\"Jair Bolsonaro\",\"Mais de 700 mil receber\u00e3o amanh\u00e3 primeira parcela do auxilio emergencial\",\"Minist\u00e9rio da Economia\",\"Novo aux\u00edlio emergencial\",\"Padr\u00e3o de vida Aux\u00edlio emergencial\",\"Padr\u00e3o de vida Aux\u00edlio emergencial de R$ 600\",\"Pagamento do Aux\u00edlio emergencial\",\"Pagamento do novo Aux\u00edlio emergencial\",\"Quarta parcela aux\u00edlio emergencial\",\"Quem tem direito ao novo aux\u00edlio emergencial\",\"Quinta parcela aux\u00edlio emergencial\",\"Saiba como desbloquear as contas digitais do aux\u00edlio emergencial\",\"Saque em dinheiro do aux\u00edlio emergencial\",\"Trabalhadores poder\u00e3o consultar aux\u00edlio emergencial a partir de abril\",\"Valor do novo aux\u00edlio emergencial\",\"Veja os calend\u00e1rios dos novos pagamentos do aux\u00edlio emergencial de R$ 600\"],\"articleSection\":[\"Brasil\"],\"inLanguage\":\"pt-BR\",\"potentialAction\":[{\"@type\":\"CommentAction\",\"name\":\"Comment\",\"target\":[\"https:\\\/\\\/aconteceunovale.com.br\\\/portal\\\/?p=178455#respond\"]}]},{\"@type\":\"WebPage\",\"@id\":\"https:\\\/\\\/aconteceunovale.com.br\\\/portal\\\/?p=178455\",\"url\":\"https:\\\/\\\/aconteceunovale.com.br\\\/portal\\\/?p=178455\",\"name\":\"Caixa come\u00e7a a pagar segunda parcela do aux\u00edlio emergencial - Aconteceu no Vale\",\"isPartOf\":{\"@id\":\"https:\\\/\\\/aconteceunovale.com.br\\\/portal\\\/#website\"},\"primaryImageOfPage\":{\"@id\":\"https:\\\/\\\/aconteceunovale.com.br\\\/portal\\\/?p=178455#primaryimage\"},\"image\":{\"@id\":\"https:\\\/\\\/aconteceunovale.com.br\\\/portal\\\/?p=178455#primaryimage\"},\"thumbnailUrl\":\"https:\\\/\\\/aconteceunovale.com.br\\\/portal\\\/wp-content\\\/uploads\\\/2021\\\/05\\\/auxilio_emergencial.jpg\",\"datePublished\":\"2021-05-16T12:53:25+00:00\",\"dateModified\":\"2021-05-16T12:54:30+00:00\",\"author\":{\"@id\":\"https:\\\/\\\/aconteceunovale.com.br\\\/portal\\\/#\\\/schema\\\/person\\\/7d2f26d1483f8a63de73da1ee0754d35\"},\"breadcrumb\":{\"@id\":\"https:\\\/\\\/aconteceunovale.com.br\\\/portal\\\/?p=178455#breadcrumb\"},\"inLanguage\":\"pt-BR\",\"potentialAction\":[{\"@type\":\"ReadAction\",\"target\":[\"https:\\\/\\\/aconteceunovale.com.br\\\/portal\\\/?p=178455\"]}]},{\"@type\":\"ImageObject\",\"inLanguage\":\"pt-BR\",\"@id\":\"https:\\\/\\\/aconteceunovale.com.br\\\/portal\\\/?p=178455#primaryimage\",\"url\":\"https:\\\/\\\/aconteceunovale.com.br\\\/portal\\\/wp-content\\\/uploads\\\/2021\\\/05\\\/auxilio_emergencial.jpg\",\"contentUrl\":\"https:\\\/\\\/aconteceunovale.com.br\\\/portal\\\/wp-content\\\/uploads\\\/2021\\\/05\\\/auxilio_emergencial.jpg\",\"width\":678,\"height\":406,\"caption\":\"Aux\u00edlio emergencial 2021\"},{\"@type\":\"BreadcrumbList\",\"@id\":\"https:\\\/\\\/aconteceunovale.com.br\\\/portal\\\/?p=178455#breadcrumb\",\"itemListElement\":[{\"@type\":\"ListItem\",\"position\":1,\"name\":\"In\u00edcio\",\"item\":\"https:\\\/\\\/aconteceunovale.com.br\\\/portal\\\/\"},{\"@type\":\"ListItem\",\"position\":2,\"name\":\"Caixa come\u00e7a a pagar segunda parcela do aux\u00edlio emergencial\"}]},{\"@type\":\"WebSite\",\"@id\":\"https:\\\/\\\/aconteceunovale.com.br\\\/portal\\\/#website\",\"url\":\"https:\\\/\\\/aconteceunovale.com.br\\\/portal\\\/\",\"name\":\"Aconteceu no Vale\",\"description\":\"Portal de Not\u00edcias\",\"potentialAction\":[{\"@type\":\"SearchAction\",\"target\":{\"@type\":\"EntryPoint\",\"urlTemplate\":\"https:\\\/\\\/aconteceunovale.com.br\\\/portal\\\/?s={search_term_string}\"},\"query-input\":{\"@type\":\"PropertyValueSpecification\",\"valueRequired\":true,\"valueName\":\"search_term_string\"}}],\"inLanguage\":\"pt-BR\"},{\"@type\":\"Person\",\"@id\":\"https:\\\/\\\/aconteceunovale.com.br\\\/portal\\\/#\\\/schema\\\/person\\\/7d2f26d1483f8a63de73da1ee0754d35\",\"name\":\"Reda\u00e7\u00e3o Aconteceu no Vale\",\"description\":\"Equipe de reportagem do Aconteceu no Vale, portal de not\u00edcias do Vale do Jequitinhonha, em Minas Gerais. Cobrimos as 51 cidades do Vale desde 2013. Sugest\u00f5es de pauta e pedidos de corre\u00e7\u00e3o: contato@aconteceunovale.com.br\",\"url\":\"https:\\\/\\\/aconteceunovale.com.br\\\/portal\\\/?author=4\"}]}<\/script>\n<!-- \/ Yoast SEO plugin. -->","yoast_head_json":{"title":"Caixa come\u00e7a a pagar segunda parcela do aux\u00edlio emergencial - Aconteceu no Vale","robots":{"index":"index","follow":"follow","max-snippet":"max-snippet:-1","max-image-preview":"max-image-preview:large","max-video-preview":"max-video-preview:-1"},"canonical":"https:\/\/aconteceunovale.com.br\/portal\/?p=178455","og_locale":"pt_BR","og_type":"article","og_title":"Caixa come\u00e7a a pagar segunda parcela do aux\u00edlio emergencial - Aconteceu no Vale","og_description":"Trabalhadores informais nascidos em janeiro recebem hoje (16\/5\/2021) a segunda parcela da nova rodada do aux\u00edlio emergencial. O benef\u00edcio ter\u00e1 parcelas de R$ 150 a R$ 375, dependendo da fam\u00edlia. O pagamento tamb\u00e9m ser\u00e1 feito a inscritos no Cadastro \u00danico de Programas Sociais do Governo Federal (Cad\u00danico) nascidos no mesmo m\u00eas. O dinheiro ser\u00e1 depositado [&hellip;]","og_url":"https:\/\/aconteceunovale.com.br\/portal\/?p=178455","og_site_name":"Aconteceu no Vale","article_publisher":"https:\/\/www.facebook.com\/aconteceunovale\/","article_published_time":"2021-05-16T12:53:25+00:00","article_modified_time":"2021-05-16T12:54:30+00:00","og_image":[{"width":678,"height":406,"url":"https:\/\/aconteceunovale.com.br\/portal\/wp-content\/uploads\/2021\/05\/auxilio_emergencial.jpg","type":"image\/jpeg"}],"author":"Reda\u00e7\u00e3o Aconteceu no Vale","twitter_card":"summary_large_image","twitter_creator":"@noticiadosvales","twitter_site":"@noticiadosvales","twitter_misc":{"Escrito por":"Reda\u00e7\u00e3o Aconteceu no Vale","Est. tempo de leitura":"1 minuto"},"schema":{"@context":"https:\/\/schema.org","@graph":[{"@type":"Article","@id":"https:\/\/aconteceunovale.com.br\/portal\/?p=178455#article","isPartOf":{"@id":"https:\/\/aconteceunovale.com.br\/portal\/?p=178455"},"author":{"name":"Reda\u00e7\u00e3o Aconteceu no Vale","@id":"https:\/\/aconteceunovale.com.br\/portal\/#\/schema\/person\/7d2f26d1483f8a63de73da1ee0754d35"},"headline":"Caixa come\u00e7a a pagar segunda parcela do aux\u00edlio emergencial","datePublished":"2021-05-16T12:53:25+00:00","dateModified":"2021-05-16T12:54:30+00:00","mainEntityOfPage":{"@id":"https:\/\/aconteceunovale.com.br\/portal\/?p=178455"},"wordCount":305,"commentCount":0,"image":{"@id":"https:\/\/aconteceunovale.com.br\/portal\/?p=178455#primaryimage"},"thumbnailUrl":"https:\/\/aconteceunovale.com.br\/portal\/wp-content\/uploads\/2021\/05\/auxilio_emergencial.jpg","keywords":["Aux\u00edlio de R$ 600","aux\u00edlio emergencial","Aux\u00edlio emergencial 2021","Aux\u00edlio emergencial chega a 29 milh\u00f5es de domic\u00edlios","Aux\u00edlio emergencial de R$ 600","Aux\u00edlio emergencial de R$ 600 elevou padr\u00e3o de vida em 23 milh\u00f5es de domic\u00edlios","Aux\u00edlio emergencial para agricultor familiar","Aux\u00edlio para agricultor familiar","Benef\u00edcio do Aux\u00edlio emergencial de R$ 600","Bloqueio de contas da poupan\u00e7a social","Bloqueio do aux\u00edlio emergencial","Bolsonaro","Caixa bloqueia contas da poupan\u00e7a social","Caixa come\u00e7a a pagar segunda parcela do aux\u00edlio emergencial","Caixa credita aux\u00edlio emergencial para 4 milh\u00f5es nascidos em agosto","Caixa credita aux\u00edlio emergencial para nascidos em junho","Caixa divulga orienta\u00e7\u00e3o para desbloqueio de contas","Caixa paga aux\u00edlio emergencial de R$ 600 a benefici\u00e1rios do Bolsa Fam\u00edlia","Caixa paga quarta parcela do aux\u00edlio emergencial a benefici\u00e1rios do Bolsa Fam\u00edlia","Caixa pode fazer novas antecipa\u00e7\u00f5es de saques do aux\u00edlio emergencial","Caixa Tem","Caixa vai pagar aux\u00edlio emergencial de R$ 600 a 805 mil novos benefici\u00e1rios","Calend\u00e1rio de pagamentos do aux\u00edlio emergencial 2021","Calend\u00e1rio do aux\u00edlio emergencial 2021","Calend\u00e1rio para saque em dinheiro do aux\u00edlio emergencial","Calend\u00e1rio quarta parcela do aux\u00edlio emergencial","Calend\u00e1rio quinta parcela do aux\u00edlio emergencial","C\u00e2mara dos Deputados","C\u00e2mara dos Deputados aprova aux\u00edlio emergencial para agricultor familiar durante a pandemia","Confira o calend\u00e1rio de pagamentos do aux\u00edlio emergencial 2021","Confira o calend\u00e1rio para saque em dinheiro do aux\u00edlio emergencial de R$ 600","Consulta aux\u00edlio emergencial","Consulta novo aux\u00edlio emergencial","Dataprev","Datas de pagamento do aux\u00edlio emergencial 2021","Decreto regulamenta o pagamento do Aux\u00edlio Emergencial 2021","Desbloquear as contas digitais do aux\u00edlio emergencial","Desbloqueio Caixa Tem","Desbloqueio de contas Caixa Tem","destaque","Fraude no aux\u00edlio emergencial","Fraudes no aux\u00edlio emergencial","Governo Bolsonaro","Governo Federal","In\u00edcio do pagamento do aux\u00edlio emergencial","Jair Bolsonaro","Mais de 700 mil receber\u00e3o amanh\u00e3 primeira parcela do auxilio emergencial","Minist\u00e9rio da Economia","Novo aux\u00edlio emergencial","Padr\u00e3o de vida Aux\u00edlio emergencial","Padr\u00e3o de vida Aux\u00edlio emergencial de R$ 600","Pagamento do Aux\u00edlio emergencial","Pagamento do novo Aux\u00edlio emergencial","Quarta parcela aux\u00edlio emergencial","Quem tem direito ao novo aux\u00edlio emergencial","Quinta parcela aux\u00edlio emergencial","Saiba como desbloquear as contas digitais do aux\u00edlio emergencial","Saque em dinheiro do aux\u00edlio emergencial","Trabalhadores poder\u00e3o consultar aux\u00edlio emergencial a partir de abril","Valor do novo aux\u00edlio emergencial","Veja os calend\u00e1rios dos novos pagamentos do aux\u00edlio emergencial de R$ 600"],"articleSection":["Brasil"],"inLanguage":"pt-BR","potentialAction":[{"@type":"CommentAction","name":"Comment","target":["https:\/\/aconteceunovale.com.br\/portal\/?p=178455#respond"]}]},{"@type":"WebPage","@id":"https:\/\/aconteceunovale.com.br\/portal\/?p=178455","url":"https:\/\/aconteceunovale.com.br\/portal\/?p=178455","name":"Caixa come\u00e7a a pagar segunda parcela do aux\u00edlio emergencial - Aconteceu no Vale","isPartOf":{"@id":"https:\/\/aconteceunovale.com.br\/portal\/#website"},"primaryImageOfPage":{"@id":"https:\/\/aconteceunovale.com.br\/portal\/?p=178455#primaryimage"},"image":{"@id":"https:\/\/aconteceunovale.com.br\/portal\/?p=178455#primaryimage"},"thumbnailUrl":"https:\/\/aconteceunovale.com.br\/portal\/wp-content\/uploads\/2021\/05\/auxilio_emergencial.jpg","datePublished":"2021-05-16T12:53:25+00:00","dateModified":"2021-05-16T12:54:30+00:00","author":{"@id":"https:\/\/aconteceunovale.com.br\/portal\/#\/schema\/person\/7d2f26d1483f8a63de73da1ee0754d35"},"breadcrumb":{"@id":"https:\/\/aconteceunovale.com.br\/portal\/?p=178455#breadcrumb"},"inLanguage":"pt-BR","potentialAction":[{"@type":"ReadAction","target":["https:\/\/aconteceunovale.com.br\/portal\/?p=178455"]}]},{"@type":"ImageObject","inLanguage":"pt-BR","@id":"https:\/\/aconteceunovale.com.br\/portal\/?p=178455#primaryimage","url":"https:\/\/aconteceunovale.com.br\/portal\/wp-content\/uploads\/2021\/05\/auxilio_emergencial.jpg","contentUrl":"https:\/\/aconteceunovale.com.br\/portal\/wp-content\/uploads\/2021\/05\/auxilio_emergencial.jpg","width":678,"height":406,"caption":"Aux\u00edlio emergencial 2021"},{"@type":"BreadcrumbList","@id":"https:\/\/aconteceunovale.com.br\/portal\/?p=178455#breadcrumb","itemListElement":[{"@type":"ListItem","position":1,"name":"In\u00edcio","item":"https:\/\/aconteceunovale.com.br\/portal\/"},{"@type":"ListItem","position":2,"name":"Caixa come\u00e7a a pagar segunda parcela do aux\u00edlio emergencial"}]},{"@type":"WebSite","@id":"https:\/\/aconteceunovale.com.br\/portal\/#website","url":"https:\/\/aconteceunovale.com.br\/portal\/","name":"Aconteceu no Vale","description":"Portal de Not\u00edcias","potentialAction":[{"@type":"SearchAction","target":{"@type":"EntryPoint","urlTemplate":"https:\/\/aconteceunovale.com.br\/portal\/?s={search_term_string}"},"query-input":{"@type":"PropertyValueSpecification","valueRequired":true,"valueName":"search_term_string"}}],"inLanguage":"pt-BR"},{"@type":"Person","@id":"https:\/\/aconteceunovale.com.br\/portal\/#\/schema\/person\/7d2f26d1483f8a63de73da1ee0754d35","name":"Reda\u00e7\u00e3o Aconteceu no Vale","description":"Equipe de reportagem do Aconteceu no Vale, portal de not\u00edcias do Vale do Jequitinhonha, em Minas Gerais. Cobrimos as 51 cidades do Vale desde 2013. Sugest\u00f5es de pauta e pedidos de corre\u00e7\u00e3o: contato@aconteceunovale.com.br","url":"https:\/\/aconteceunovale.com.br\/portal\/?author=4"}]}},"_links":{"self":[{"href":"https:\/\/aconteceunovale.com.br\/portal\/index.php?rest_route=\/wp\/v2\/posts\/178455","targetHints":{"allow":["GET"]}}],"collection":[{"href":"https:\/\/aconteceunovale.com.br\/portal\/index.php?rest_route=\/wp\/v2\/posts"}],"about":[{"href":"https:\/\/aconteceunovale.com.br\/portal\/index.php?rest_route=\/wp\/v2\/types\/post"}],"author":[{"embeddable":true,"href":"https:\/\/aconteceunovale.com.br\/portal\/index.php?rest_route=\/wp\/v2\/users\/4"}],"replies":[{"embeddable":true,"href":"https:\/\/aconteceunovale.com.br\/portal\/index.php?rest_route=%2Fwp%2Fv2%2Fcomments&post=178455"}],"version-history":[{"count":1,"href":"https:\/\/aconteceunovale.com.br\/portal\/index.php?rest_route=\/wp\/v2\/posts\/178455\/revisions"}],"predecessor-version":[{"id":178459,"href":"https:\/\/aconteceunovale.com.br\/portal\/index.php?rest_route=\/wp\/v2\/posts\/178455\/revisions\/178459"}],"wp:featuredmedia":[{"embeddable":true,"href":"https:\/\/aconteceunovale.com.br\/portal\/index.php?rest_route=\/wp\/v2\/media\/178458"}],"wp:attachment":[{"href":"https:\/\/aconteceunovale.com.br\/portal\/index.php?rest_route=%2Fwp%2Fv2%2Fmedia&parent=178455"}],"wp:term":[{"taxonomy":"category","embeddable":true,"href":"https:\/\/aconteceunovale.com.br\/portal\/index.php?rest_route=%2Fwp%2Fv2%2Fcategories&post=178455"},{"taxonomy":"post_tag","embeddable":true,"href":"https:\/\/aconteceunovale.com.br\/portal\/index.php?rest_route=%2Fwp%2Fv2%2Ftags&post=178455"}],"curies":[{"name":"wp","href":"https:\/\/api.w.org\/{rel}","templated":true}]}}