{"id":178447,"date":"2021-05-15T23:26:31","date_gmt":"2021-05-16T02:26:31","guid":{"rendered":"https:\/\/aconteceunovale.com.br\/portal\/?p=178447"},"modified":"2021-05-15T23:28:06","modified_gmt":"2021-05-16T02:28:06","slug":"caminhoneiro-morre-em-acidente-no-norte-de-minas-2","status":"publish","type":"post","link":"https:\/\/aconteceunovale.com.br\/portal\/?p=178447","title":{"rendered":"Caminhoneiro morre em acidente no Norte de Minas"},"content":{"rendered":"\n<p class=\"wp-block-paragraph\">Um caminhoneiro de 59 anos morreu em um acidente na BR-251, em Rubelita, na sexta-feira (14\/5\/2021). Segundo informa\u00e7\u00f5es do Corpo de Bombeiros de Salinas, o caminh\u00e3o capotou e caiu em uma ribanceira de 100 metros.<\/p>\n\n\n\n<div class=\"wp-block-image\"><figure class=\"aligncenter size-large\"><img loading=\"lazy\" decoding=\"async\" width=\"411\" height=\"450\" src=\"https:\/\/aconteceunovale.com.br\/portal\/wp-content\/uploads\/2021\/05\/acidente_caminhao_rubelita_1.jpeg\" alt=\"\" class=\"wp-image-178448\" srcset=\"https:\/\/aconteceunovale.com.br\/portal\/wp-content\/uploads\/2021\/05\/acidente_caminhao_rubelita_1.jpeg 411w, https:\/\/aconteceunovale.com.br\/portal\/wp-content\/uploads\/2021\/05\/acidente_caminhao_rubelita_1-274x300.jpeg 274w, https:\/\/aconteceunovale.com.br\/portal\/wp-content\/uploads\/2021\/05\/acidente_caminhao_rubelita_1-384x420.jpeg 384w\" sizes=\"auto, (max-width: 411px) 100vw, 411px\" \/><figcaption><em>Foto: Corpo de Bombeiros \/ Divulga\u00e7\u00e3o<\/em><\/figcaption><\/figure><\/div>\n\n\n\n<p class=\"wp-block-paragraph\">O corpo do motorista Aldo Luiz Ferreira da Silva foi encontrado \u00e0s margens da rodovia. De acordo com os bombeiros, ele pode ter pulado ao perceber que o ve\u00edculo ia cair na ribanceira ou foi arremessado durante o capotamento.<\/p>\n\n\n\n<p class=\"wp-block-paragraph\">A per\u00edcia da Pol\u00edcia Civil esteve no local e as causas do acidente ser\u00e3o investigadas.<\/p>\n\n\n\n<p class=\"wp-block-paragraph\">O caminh\u00e3o estava vazio e seguia sentido Salinas.<\/p>\n\n\n\n<h2 class=\"wp-block-heading\"><strong>Acidente em Salinas<\/strong><\/h2>\n\n\n\n<p class=\"wp-block-paragraph\">Um motorista ficou ferido em um acidente na BR-251, em Salinas, na manh\u00e3 deste s\u00e1bado (15\/5). De acordo com informa\u00e7\u00f5es do Corpo de Bombeiros, ele foi fechado por uma carreta, perdeu o controle e bateu em um bloco de rochas \u00e0s margens da rodovia.<\/p>\n\n\n\n<p class=\"wp-block-paragraph\">Quando os militares chegaram ao local, o homem j\u00e1 tinha sa\u00eddo sozinho do ve\u00edculo e apresentava diversos ferimentos. Ainda segundo os bombeiros, ele foi estabilizado e levado para a UPA de Salinas.<\/p>\n\n\n\n<p class=\"wp-block-paragraph\">O acidente aconteceu na altura do quil\u00f4metro 307 e o motorista seguia para Vit\u00f3ria da Conquista (BA). A rodovia n\u00e3o precisou ser interditada.<\/p>\n\n\n\n<figure class=\"wp-block-gallery columns-1 is-cropped wp-block-gallery-1 is-layout-flex wp-block-gallery-is-layout-flex\"><ul class=\"blocks-gallery-grid\"><li class=\"blocks-gallery-item\"><figure><img loading=\"lazy\" decoding=\"async\" width=\"676\" height=\"450\" src=\"https:\/\/aconteceunovale.com.br\/portal\/wp-content\/uploads\/2021\/05\/acidente_salinas.jpeg\" alt=\"\" data-id=\"178450\" data-full-url=\"https:\/\/aconteceunovale.com.br\/portal\/wp-content\/uploads\/2021\/05\/acidente_salinas.jpeg\" data-link=\"https:\/\/aconteceunovale.com.br\/portal\/?attachment_id=178450\" class=\"wp-image-178450\" srcset=\"https:\/\/aconteceunovale.com.br\/portal\/wp-content\/uploads\/2021\/05\/acidente_salinas.jpeg 676w, https:\/\/aconteceunovale.com.br\/portal\/wp-content\/uploads\/2021\/05\/acidente_salinas-300x200.jpeg 300w, https:\/\/aconteceunovale.com.br\/portal\/wp-content\/uploads\/2021\/05\/acidente_salinas-631x420.jpeg 631w\" sizes=\"auto, (max-width: 676px) 100vw, 676px\" \/><figcaption class=\"blocks-gallery-item__caption\"><em>Foto: Corpo de Bombeiros \/ Divulga\u00e7\u00e3o<\/em><\/figcaption><\/figure><\/li><\/ul><\/figure>\n\n\n\n<p class=\"wp-block-paragraph\">&#8212;&#8212;&#8212;&#8212;&#8212;&#8212;<br><em>Quer receber as not\u00edcias do <strong>Aconteceu no Vale<\/strong> em primeira m\u00e3o? Siga-nos no Facebook <a rel=\"noreferrer noopener\" href=\"http:\/\/facebook.com\/aconteceunovale\" target=\"_blank\">@aconteceunovale<\/a>, Twitter <a rel=\"noreferrer noopener\" href=\"https:\/\/twitter.com\/noticiadosvales\" target=\"_blank\">@noticiadosvales<\/a> e Instagram <a rel=\"noreferrer noopener\" href=\"https:\/\/www.instagram.com\/aconteceunovale\" target=\"_blank\">@aconteceunovale<\/a>.<\/em><\/p>\n","protected":false},"excerpt":{"rendered":"<p>Um caminhoneiro de 59 anos morreu em um acidente na BR-251, em Rubelita, na sexta-feira (14\/5\/2021). Segundo informa\u00e7\u00f5es do Corpo de Bombeiros de Salinas, o caminh\u00e3o capotou e caiu em uma ribanceira de 100 metros. O corpo do motorista Aldo Luiz Ferreira da Silva foi encontrado \u00e0s margens da rodovia. De acordo com os bombeiros, [&hellip;]<\/p>\n","protected":false},"author":4,"featured_media":178449,"comment_status":"open","ping_status":"closed","sticky":false,"template":"","format":"standard","meta":{"amp_status":"","footnotes":""},"categories":[1236],"tags":[245212,111754,175159,13619,206350,60072,245213,206349,208377,197279,1018,852,190],"class_list":["post-178447","post","type-post","status-publish","format-standard","has-post-thumbnail","hentry","category-norte_de_minas","tag-acidente-com-caminhao-em-rubelita","tag-acidente-com-caminhao-na-br-251","tag-acidente-em-rubelita","tag-acidente-em-salinas","tag-acidente-na-br-251-2","tag-acidente-na-br-251-em-salinas","tag-aldo-luiz-ferreira-da-silva","tag-br-251-2","tag-caminhoneiro-morre-em-acidente-no-norte-de-minas","tag-corpo-de-bombeiros-de-salinas","tag-destaque","tag-rubelita","tag-salinas"],"yoast_head":"<!-- This site is optimized with the Yoast SEO plugin v28.3 - https:\/\/yoast.com\/product\/yoast-seo-wordpress\/ -->\n<title>Caminhoneiro morre em acidente no Norte de Minas - Aconteceu no Vale<\/title>\n<meta name=\"robots\" content=\"index, follow, max-snippet:-1, max-image-preview:large, max-video-preview:-1\" \/>\n<link rel=\"canonical\" href=\"https:\/\/aconteceunovale.com.br\/portal\/?p=178447\" \/>\n<meta property=\"og:locale\" content=\"pt_BR\" \/>\n<meta property=\"og:type\" content=\"article\" \/>\n<meta property=\"og:title\" content=\"Caminhoneiro morre em acidente no Norte de Minas - Aconteceu no Vale\" \/>\n<meta property=\"og:description\" content=\"Um caminhoneiro de 59 anos morreu em um acidente na BR-251, em Rubelita, na sexta-feira (14\/5\/2021). Segundo informa\u00e7\u00f5es do Corpo de Bombeiros de Salinas, o caminh\u00e3o capotou e caiu em uma ribanceira de 100 metros. O corpo do motorista Aldo Luiz Ferreira da Silva foi encontrado \u00e0s margens da rodovia. De acordo com os bombeiros, [&hellip;]\" \/>\n<meta property=\"og:url\" content=\"https:\/\/aconteceunovale.com.br\/portal\/?p=178447\" \/>\n<meta property=\"og:site_name\" content=\"Aconteceu no Vale\" \/>\n<meta property=\"article:publisher\" content=\"https:\/\/www.facebook.com\/aconteceunovale\/\" \/>\n<meta property=\"article:published_time\" content=\"2021-05-16T02:26:31+00:00\" \/>\n<meta property=\"article:modified_time\" content=\"2021-05-16T02:28:06+00:00\" \/>\n<meta property=\"og:image\" content=\"https:\/\/aconteceunovale.com.br\/portal\/wp-content\/uploads\/2021\/05\/acidente_caminhao_rubelita_2.jpeg\" \/>\n\t<meta property=\"og:image:width\" content=\"678\" \/>\n\t<meta property=\"og:image:height\" content=\"428\" \/>\n\t<meta property=\"og:image:type\" content=\"image\/jpeg\" \/>\n<meta name=\"author\" content=\"Reda\u00e7\u00e3o Aconteceu no Vale\" \/>\n<meta name=\"twitter:card\" content=\"summary_large_image\" \/>\n<meta name=\"twitter:creator\" content=\"@noticiadosvales\" \/>\n<meta name=\"twitter:site\" content=\"@noticiadosvales\" \/>\n<meta name=\"twitter:label1\" content=\"Escrito por\" \/>\n\t<meta name=\"twitter:data1\" content=\"Reda\u00e7\u00e3o Aconteceu no Vale\" \/>\n\t<meta name=\"twitter:label2\" content=\"Est. tempo de leitura\" \/>\n\t<meta name=\"twitter:data2\" content=\"1 minuto\" \/>\n<script type=\"application\/ld+json\" class=\"yoast-schema-graph\">{\"@context\":\"https:\\\/\\\/schema.org\",\"@graph\":[{\"@type\":\"Article\",\"@id\":\"https:\\\/\\\/aconteceunovale.com.br\\\/portal\\\/?p=178447#article\",\"isPartOf\":{\"@id\":\"https:\\\/\\\/aconteceunovale.com.br\\\/portal\\\/?p=178447\"},\"author\":{\"name\":\"Reda\u00e7\u00e3o Aconteceu no Vale\",\"@id\":\"https:\\\/\\\/aconteceunovale.com.br\\\/portal\\\/#\\\/schema\\\/person\\\/7d2f26d1483f8a63de73da1ee0754d35\"},\"headline\":\"Caminhoneiro morre em acidente no Norte de Minas\",\"datePublished\":\"2021-05-16T02:26:31+00:00\",\"dateModified\":\"2021-05-16T02:28:06+00:00\",\"mainEntityOfPage\":{\"@id\":\"https:\\\/\\\/aconteceunovale.com.br\\\/portal\\\/?p=178447\"},\"wordCount\":251,\"commentCount\":0,\"image\":{\"@id\":\"https:\\\/\\\/aconteceunovale.com.br\\\/portal\\\/?p=178447#primaryimage\"},\"thumbnailUrl\":\"https:\\\/\\\/aconteceunovale.com.br\\\/portal\\\/wp-content\\\/uploads\\\/2021\\\/05\\\/acidente_caminhao_rubelita_2.jpeg\",\"keywords\":[\"Acidente com caminh\u00e3o em Rubelita\",\"Acidente com caminh\u00e3o na BR-251\",\"Acidente em Rubelita\",\"acidente em salinas\",\"Acidente na BR-251\",\"acidente na br-251 em Salinas\",\"Aldo Luiz Ferreira da Silva\",\"BR-251\",\"Caminhoneiro morre em acidente no Norte de Minas\",\"Corpo de Bombeiros de Salinas\",\"destaque\",\"rubelita\",\"Salinas\"],\"articleSection\":[\"Norte de Minas\"],\"inLanguage\":\"pt-BR\",\"potentialAction\":[{\"@type\":\"CommentAction\",\"name\":\"Comment\",\"target\":[\"https:\\\/\\\/aconteceunovale.com.br\\\/portal\\\/?p=178447#respond\"]}]},{\"@type\":\"WebPage\",\"@id\":\"https:\\\/\\\/aconteceunovale.com.br\\\/portal\\\/?p=178447\",\"url\":\"https:\\\/\\\/aconteceunovale.com.br\\\/portal\\\/?p=178447\",\"name\":\"Caminhoneiro morre em acidente no Norte de Minas - Aconteceu no Vale\",\"isPartOf\":{\"@id\":\"https:\\\/\\\/aconteceunovale.com.br\\\/portal\\\/#website\"},\"primaryImageOfPage\":{\"@id\":\"https:\\\/\\\/aconteceunovale.com.br\\\/portal\\\/?p=178447#primaryimage\"},\"image\":{\"@id\":\"https:\\\/\\\/aconteceunovale.com.br\\\/portal\\\/?p=178447#primaryimage\"},\"thumbnailUrl\":\"https:\\\/\\\/aconteceunovale.com.br\\\/portal\\\/wp-content\\\/uploads\\\/2021\\\/05\\\/acidente_caminhao_rubelita_2.jpeg\",\"datePublished\":\"2021-05-16T02:26:31+00:00\",\"dateModified\":\"2021-05-16T02:28:06+00:00\",\"author\":{\"@id\":\"https:\\\/\\\/aconteceunovale.com.br\\\/portal\\\/#\\\/schema\\\/person\\\/7d2f26d1483f8a63de73da1ee0754d35\"},\"breadcrumb\":{\"@id\":\"https:\\\/\\\/aconteceunovale.com.br\\\/portal\\\/?p=178447#breadcrumb\"},\"inLanguage\":\"pt-BR\",\"potentialAction\":[{\"@type\":\"ReadAction\",\"target\":[\"https:\\\/\\\/aconteceunovale.com.br\\\/portal\\\/?p=178447\"]}]},{\"@type\":\"ImageObject\",\"inLanguage\":\"pt-BR\",\"@id\":\"https:\\\/\\\/aconteceunovale.com.br\\\/portal\\\/?p=178447#primaryimage\",\"url\":\"https:\\\/\\\/aconteceunovale.com.br\\\/portal\\\/wp-content\\\/uploads\\\/2021\\\/05\\\/acidente_caminhao_rubelita_2.jpeg\",\"contentUrl\":\"https:\\\/\\\/aconteceunovale.com.br\\\/portal\\\/wp-content\\\/uploads\\\/2021\\\/05\\\/acidente_caminhao_rubelita_2.jpeg\",\"width\":678,\"height\":428},{\"@type\":\"BreadcrumbList\",\"@id\":\"https:\\\/\\\/aconteceunovale.com.br\\\/portal\\\/?p=178447#breadcrumb\",\"itemListElement\":[{\"@type\":\"ListItem\",\"position\":1,\"name\":\"In\u00edcio\",\"item\":\"https:\\\/\\\/aconteceunovale.com.br\\\/portal\\\/\"},{\"@type\":\"ListItem\",\"position\":2,\"name\":\"Caminhoneiro morre em acidente no Norte de Minas\"}]},{\"@type\":\"WebSite\",\"@id\":\"https:\\\/\\\/aconteceunovale.com.br\\\/portal\\\/#website\",\"url\":\"https:\\\/\\\/aconteceunovale.com.br\\\/portal\\\/\",\"name\":\"Aconteceu no Vale\",\"description\":\"Portal de Not\u00edcias\",\"potentialAction\":[{\"@type\":\"SearchAction\",\"target\":{\"@type\":\"EntryPoint\",\"urlTemplate\":\"https:\\\/\\\/aconteceunovale.com.br\\\/portal\\\/?s={search_term_string}\"},\"query-input\":{\"@type\":\"PropertyValueSpecification\",\"valueRequired\":true,\"valueName\":\"search_term_string\"}}],\"inLanguage\":\"pt-BR\"},{\"@type\":\"Person\",\"@id\":\"https:\\\/\\\/aconteceunovale.com.br\\\/portal\\\/#\\\/schema\\\/person\\\/7d2f26d1483f8a63de73da1ee0754d35\",\"name\":\"Reda\u00e7\u00e3o Aconteceu no Vale\",\"description\":\"Equipe de reportagem do Aconteceu no Vale, portal de not\u00edcias do Vale do Jequitinhonha, em Minas Gerais. Cobrimos as 51 cidades do Vale desde 2013. Sugest\u00f5es de pauta e pedidos de corre\u00e7\u00e3o: contato@aconteceunovale.com.br\",\"url\":\"https:\\\/\\\/aconteceunovale.com.br\\\/portal\\\/?author=4\"}]}<\/script>\n<!-- \/ Yoast SEO plugin. -->","yoast_head_json":{"title":"Caminhoneiro morre em acidente no Norte de Minas - Aconteceu no Vale","robots":{"index":"index","follow":"follow","max-snippet":"max-snippet:-1","max-image-preview":"max-image-preview:large","max-video-preview":"max-video-preview:-1"},"canonical":"https:\/\/aconteceunovale.com.br\/portal\/?p=178447","og_locale":"pt_BR","og_type":"article","og_title":"Caminhoneiro morre em acidente no Norte de Minas - Aconteceu no Vale","og_description":"Um caminhoneiro de 59 anos morreu em um acidente na BR-251, em Rubelita, na sexta-feira (14\/5\/2021). Segundo informa\u00e7\u00f5es do Corpo de Bombeiros de Salinas, o caminh\u00e3o capotou e caiu em uma ribanceira de 100 metros. O corpo do motorista Aldo Luiz Ferreira da Silva foi encontrado \u00e0s margens da rodovia. De acordo com os bombeiros, [&hellip;]","og_url":"https:\/\/aconteceunovale.com.br\/portal\/?p=178447","og_site_name":"Aconteceu no Vale","article_publisher":"https:\/\/www.facebook.com\/aconteceunovale\/","article_published_time":"2021-05-16T02:26:31+00:00","article_modified_time":"2021-05-16T02:28:06+00:00","og_image":[{"width":678,"height":428,"url":"https:\/\/aconteceunovale.com.br\/portal\/wp-content\/uploads\/2021\/05\/acidente_caminhao_rubelita_2.jpeg","type":"image\/jpeg"}],"author":"Reda\u00e7\u00e3o Aconteceu no Vale","twitter_card":"summary_large_image","twitter_creator":"@noticiadosvales","twitter_site":"@noticiadosvales","twitter_misc":{"Escrito por":"Reda\u00e7\u00e3o Aconteceu no Vale","Est. tempo de leitura":"1 minuto"},"schema":{"@context":"https:\/\/schema.org","@graph":[{"@type":"Article","@id":"https:\/\/aconteceunovale.com.br\/portal\/?p=178447#article","isPartOf":{"@id":"https:\/\/aconteceunovale.com.br\/portal\/?p=178447"},"author":{"name":"Reda\u00e7\u00e3o Aconteceu no Vale","@id":"https:\/\/aconteceunovale.com.br\/portal\/#\/schema\/person\/7d2f26d1483f8a63de73da1ee0754d35"},"headline":"Caminhoneiro morre em acidente no Norte de Minas","datePublished":"2021-05-16T02:26:31+00:00","dateModified":"2021-05-16T02:28:06+00:00","mainEntityOfPage":{"@id":"https:\/\/aconteceunovale.com.br\/portal\/?p=178447"},"wordCount":251,"commentCount":0,"image":{"@id":"https:\/\/aconteceunovale.com.br\/portal\/?p=178447#primaryimage"},"thumbnailUrl":"https:\/\/aconteceunovale.com.br\/portal\/wp-content\/uploads\/2021\/05\/acidente_caminhao_rubelita_2.jpeg","keywords":["Acidente com caminh\u00e3o em Rubelita","Acidente com caminh\u00e3o na BR-251","Acidente em Rubelita","acidente em salinas","Acidente na BR-251","acidente na br-251 em Salinas","Aldo Luiz Ferreira da Silva","BR-251","Caminhoneiro morre em acidente no Norte de Minas","Corpo de Bombeiros de Salinas","destaque","rubelita","Salinas"],"articleSection":["Norte de Minas"],"inLanguage":"pt-BR","potentialAction":[{"@type":"CommentAction","name":"Comment","target":["https:\/\/aconteceunovale.com.br\/portal\/?p=178447#respond"]}]},{"@type":"WebPage","@id":"https:\/\/aconteceunovale.com.br\/portal\/?p=178447","url":"https:\/\/aconteceunovale.com.br\/portal\/?p=178447","name":"Caminhoneiro morre em acidente no Norte de Minas - Aconteceu no Vale","isPartOf":{"@id":"https:\/\/aconteceunovale.com.br\/portal\/#website"},"primaryImageOfPage":{"@id":"https:\/\/aconteceunovale.com.br\/portal\/?p=178447#primaryimage"},"image":{"@id":"https:\/\/aconteceunovale.com.br\/portal\/?p=178447#primaryimage"},"thumbnailUrl":"https:\/\/aconteceunovale.com.br\/portal\/wp-content\/uploads\/2021\/05\/acidente_caminhao_rubelita_2.jpeg","datePublished":"2021-05-16T02:26:31+00:00","dateModified":"2021-05-16T02:28:06+00:00","author":{"@id":"https:\/\/aconteceunovale.com.br\/portal\/#\/schema\/person\/7d2f26d1483f8a63de73da1ee0754d35"},"breadcrumb":{"@id":"https:\/\/aconteceunovale.com.br\/portal\/?p=178447#breadcrumb"},"inLanguage":"pt-BR","potentialAction":[{"@type":"ReadAction","target":["https:\/\/aconteceunovale.com.br\/portal\/?p=178447"]}]},{"@type":"ImageObject","inLanguage":"pt-BR","@id":"https:\/\/aconteceunovale.com.br\/portal\/?p=178447#primaryimage","url":"https:\/\/aconteceunovale.com.br\/portal\/wp-content\/uploads\/2021\/05\/acidente_caminhao_rubelita_2.jpeg","contentUrl":"https:\/\/aconteceunovale.com.br\/portal\/wp-content\/uploads\/2021\/05\/acidente_caminhao_rubelita_2.jpeg","width":678,"height":428},{"@type":"BreadcrumbList","@id":"https:\/\/aconteceunovale.com.br\/portal\/?p=178447#breadcrumb","itemListElement":[{"@type":"ListItem","position":1,"name":"In\u00edcio","item":"https:\/\/aconteceunovale.com.br\/portal\/"},{"@type":"ListItem","position":2,"name":"Caminhoneiro morre em acidente no Norte de Minas"}]},{"@type":"WebSite","@id":"https:\/\/aconteceunovale.com.br\/portal\/#website","url":"https:\/\/aconteceunovale.com.br\/portal\/","name":"Aconteceu no Vale","description":"Portal de Not\u00edcias","potentialAction":[{"@type":"SearchAction","target":{"@type":"EntryPoint","urlTemplate":"https:\/\/aconteceunovale.com.br\/portal\/?s={search_term_string}"},"query-input":{"@type":"PropertyValueSpecification","valueRequired":true,"valueName":"search_term_string"}}],"inLanguage":"pt-BR"},{"@type":"Person","@id":"https:\/\/aconteceunovale.com.br\/portal\/#\/schema\/person\/7d2f26d1483f8a63de73da1ee0754d35","name":"Reda\u00e7\u00e3o Aconteceu no Vale","description":"Equipe de reportagem do Aconteceu no Vale, portal de not\u00edcias do Vale do Jequitinhonha, em Minas Gerais. Cobrimos as 51 cidades do Vale desde 2013. Sugest\u00f5es de pauta e pedidos de corre\u00e7\u00e3o: contato@aconteceunovale.com.br","url":"https:\/\/aconteceunovale.com.br\/portal\/?author=4"}]}},"_links":{"self":[{"href":"https:\/\/aconteceunovale.com.br\/portal\/index.php?rest_route=\/wp\/v2\/posts\/178447","targetHints":{"allow":["GET"]}}],"collection":[{"href":"https:\/\/aconteceunovale.com.br\/portal\/index.php?rest_route=\/wp\/v2\/posts"}],"about":[{"href":"https:\/\/aconteceunovale.com.br\/portal\/index.php?rest_route=\/wp\/v2\/types\/post"}],"author":[{"embeddable":true,"href":"https:\/\/aconteceunovale.com.br\/portal\/index.php?rest_route=\/wp\/v2\/users\/4"}],"replies":[{"embeddable":true,"href":"https:\/\/aconteceunovale.com.br\/portal\/index.php?rest_route=%2Fwp%2Fv2%2Fcomments&post=178447"}],"version-history":[{"count":1,"href":"https:\/\/aconteceunovale.com.br\/portal\/index.php?rest_route=\/wp\/v2\/posts\/178447\/revisions"}],"predecessor-version":[{"id":178451,"href":"https:\/\/aconteceunovale.com.br\/portal\/index.php?rest_route=\/wp\/v2\/posts\/178447\/revisions\/178451"}],"wp:featuredmedia":[{"embeddable":true,"href":"https:\/\/aconteceunovale.com.br\/portal\/index.php?rest_route=\/wp\/v2\/media\/178449"}],"wp:attachment":[{"href":"https:\/\/aconteceunovale.com.br\/portal\/index.php?rest_route=%2Fwp%2Fv2%2Fmedia&parent=178447"}],"wp:term":[{"taxonomy":"category","embeddable":true,"href":"https:\/\/aconteceunovale.com.br\/portal\/index.php?rest_route=%2Fwp%2Fv2%2Fcategories&post=178447"},{"taxonomy":"post_tag","embeddable":true,"href":"https:\/\/aconteceunovale.com.br\/portal\/index.php?rest_route=%2Fwp%2Fv2%2Ftags&post=178447"}],"curies":[{"name":"wp","href":"https:\/\/api.w.org\/{rel}","templated":true}]}}