{"id":178439,"date":"2021-05-15T22:26:15","date_gmt":"2021-05-16T01:26:15","guid":{"rendered":"https:\/\/aconteceunovale.com.br\/portal\/?p=178439"},"modified":"2021-05-15T22:28:07","modified_gmt":"2021-05-16T01:28:07","slug":"minas-gerais-distribui-mais-de-730-mil-doses-de-vacinas-contra-covid-19","status":"publish","type":"post","link":"https:\/\/aconteceunovale.com.br\/portal\/?p=178439","title":{"rendered":"Minas Gerais distribui mais de 730 mil doses de vacinas contra Covid-19"},"content":{"rendered":"\n<p class=\"wp-block-paragraph\">O&nbsp;Governo de Minas&nbsp;come\u00e7ou, na sexta-feira (14\/5\/2021), o envio de mais um lote de vacinas contra a covid-19 para as 28 Unidades Regionais de Sa\u00fade do Estado. A segunda parte da mesma remessa ser\u00e1 entregue na segunda-feira (17\/5). As 732.150 doses das vacinas contra a covid-19 ser\u00e3o retiradas nas regionais pelos munic\u00edpios, respons\u00e1veis pela execu\u00e7\u00e3o da opera\u00e7\u00e3o de vacina\u00e7\u00e3o.<\/p>\n\n\n\n<figure class=\"wp-block-gallery columns-1 is-cropped wp-block-gallery-1 is-layout-flex wp-block-gallery-is-layout-flex\"><ul class=\"blocks-gallery-grid\"><li class=\"blocks-gallery-item\"><figure><img loading=\"lazy\" decoding=\"async\" width=\"652\" height=\"450\" src=\"https:\/\/aconteceunovale.com.br\/portal\/wp-content\/uploads\/2021\/05\/distribuicao_vacinas.jpeg\" alt=\"\" data-id=\"178441\" data-full-url=\"https:\/\/aconteceunovale.com.br\/portal\/wp-content\/uploads\/2021\/05\/distribuicao_vacinas.jpeg\" data-link=\"https:\/\/aconteceunovale.com.br\/portal\/?attachment_id=178441\" class=\"wp-image-178441\" srcset=\"https:\/\/aconteceunovale.com.br\/portal\/wp-content\/uploads\/2021\/05\/distribuicao_vacinas.jpeg 652w, https:\/\/aconteceunovale.com.br\/portal\/wp-content\/uploads\/2021\/05\/distribuicao_vacinas-300x207.jpeg 300w, https:\/\/aconteceunovale.com.br\/portal\/wp-content\/uploads\/2021\/05\/distribuicao_vacinas-100x70.jpeg 100w, https:\/\/aconteceunovale.com.br\/portal\/wp-content\/uploads\/2021\/05\/distribuicao_vacinas-218x150.jpeg 218w, https:\/\/aconteceunovale.com.br\/portal\/wp-content\/uploads\/2021\/05\/distribuicao_vacinas-609x420.jpeg 609w\" sizes=\"auto, (max-width: 652px) 100vw, 652px\" \/><figcaption class=\"blocks-gallery-item__caption\"><em>Foto: BH Airport \/ via Ag\u00eancia Minas<\/em><\/figcaption><\/figure><\/li><\/ul><\/figure>\n\n\n\n<p class=\"wp-block-paragraph\">Voos comerciais da Azul, caminh\u00e3o refrigerado e ve\u00edculos das unidades regionais de sa\u00fade s\u00e3o utilizados para operacionalizar a distribui\u00e7\u00e3o das vacinas.&nbsp;&nbsp;<\/p>\n\n\n\n<p class=\"wp-block-paragraph\">Esta remessa \u00e9 referente \u00e0 19\u00aa entrega do Minist\u00e9rio da Sa\u00fade (MS), por meio do Programa Nacional de Imuniza\u00e7\u00f5es (PNI), feita na quinta (13\/5) e na sexta-feira (14\/5). Chegaram a Belo Horizonte 422.750 doses da AstraZeneca e 207.800 doses da CoronaVac, no dia 13\/5, e mais 101.600 doses da CoronaVac, no dia 14\/5.<\/p>\n\n\n\n<p class=\"wp-block-paragraph\">Na sexta-feira nove unidades regionais receberam os quantitativos de vacinas de acordo com as estimativas populacionais, feitas pelo Minist\u00e9rio da Sa\u00fade (MS) dos grupos priorit\u00e1rios de cada munic\u00edpio: Barbacena, Belo Horizonte, Diamantina, Divin\u00f3polis, Itabira, Juiz de Fora, Ponte Nova, S\u00e3o Jo\u00e3o del Rei e Sete Lagoas.<\/p>\n\n\n\n<p class=\"wp-block-paragraph\">Na segunda-feira (17\/5) v\u00e3o receber as doses as regionais de: Alfenas, Coronel Fabriciano, Governador Valadares, Ituiutaba, Janu\u00e1ria, Leopoldina, Manhua\u00e7u, Montes Claros, Passos, Patos de Minas, Pedra Azul, Pirapora, Pouso Alegre, Te\u00f3filo Otoni, Ub\u00e1, Uberaba, Uberl\u00e2ndia, Una\u00ed e Varginha.&nbsp;&nbsp;<\/p>\n\n\n\n<p class=\"wp-block-paragraph\">De acordo com as diretrizes do PNI, os imunizantes desta fase ser\u00e3o utilizados da seguinte maneira:<\/p>\n\n\n\n<ul class=\"wp-block-list\"><li><strong>CoronaVac dose 2:\u00a0<\/strong><ul><li>ajuste de esquema ou continuidade do Plano de Operacionaliza\u00e7\u00e3o da Vacina\u00e7\u00e3o contra a covid-19.<\/li><\/ul><\/li><\/ul>\n\n\n\n<ul class=\"wp-block-list\"><li><strong>AstraZeneca dose 1:\u00a0<\/strong><ul><li>2% de pessoas com comorbidades e pessoas com defici\u00eancia permanente, cadastradas no Benef\u00edcio de Presta\u00e7\u00e3o Continuada (BPC).<\/li><\/ul><\/li><\/ul>\n\n\n\n<ul class=\"wp-block-list\"><li><strong>AstraZeneca dose 2:\u00a0<\/strong><ul><li>40% de povos e comunidades quilombolas \u2013 referente a pautas do Minist\u00e9rio da Sa\u00fade e acerto pendentes;<\/li><li>100% de povos e comunidades ribeirinhas \u2013 referente a\u00a0pautas do Minist\u00e9rio da Sa\u00fade e\u00a0acerto pendentes;<\/li><\/ul><ul><li>22% de pessoas com 65 a 69 anos de idade;\u00a0sendo uma\u00a0parte que completa os esquemas iniciados na pauta 13 (falta ainda o restante desse grupo, que era de 47,04%).<\/li><\/ul><\/li><\/ul>\n\n\n\n<div class=\"wp-block-file\"><a href=\"https:\/\/aconteceunovale.com.br\/portal\/wp-content\/uploads\/2021\/05\/vacinas_covid_-19_pauta_de_distribuicao_final_14-05-2021_1.xlsx\"><strong>\u2022 Tabela com o detalhamento da distribui\u00e7\u00e3o<\/strong><\/a><a href=\"https:\/\/aconteceunovale.com.br\/portal\/wp-content\/uploads\/2021\/05\/vacinas_covid_-19_pauta_de_distribuicao_final_14-05-2021_1.xlsx\" class=\"wp-block-file__button\" download>Arquivo em formato .XLS &#8211; clique aqui<\/a><\/div>\n\n\n\n<h2 class=\"wp-block-heading\"><strong>Acompanhe o quantitativo de cada remessa:<\/strong><\/h2>\n\n\n\n<p class=\"wp-block-paragraph\"><strong>1\u00aa remessa<\/strong><br>577.480 doses da CoronaVac em 18\/1\/2021<\/p>\n\n\n\n<p class=\"wp-block-paragraph\"><strong>2\u00aa remessa<\/strong><br>190.500 doses de AstraZeneca em 24\/1\/2021<\/p>\n\n\n\n<p class=\"wp-block-paragraph\"><strong>3\u00aa remessa<\/strong><br>87.600 doses da CoronaVac em 25\/1\/2021<\/p>\n\n\n\n<p class=\"wp-block-paragraph\"><strong>4\u00aa remessa<\/strong><br>315.600 doses da CoronaVac em 7\/2\/2021<\/p>\n\n\n\n<p class=\"wp-block-paragraph\"><strong>5\u00aa remessa<\/strong><br>220.000 doses da AstraZeneca e 137.400 doses da CoronaVac em 23\/2\/2021<\/p>\n\n\n\n<p class=\"wp-block-paragraph\"><strong>6\u00aa remessa<\/strong><br>285.200 doses da CoronaVac em 3\/3\/2021<\/p>\n\n\n\n<p class=\"wp-block-paragraph\"><strong>7\u00aa remessa<\/strong><br>303.600 doses da CoronaVac em 9\/3\/2021<\/p>\n\n\n\n<p class=\"wp-block-paragraph\"><strong>8\u00aa remessa<\/strong><br>509.800 doses de CoronaVac em 17\/3\/2021<\/p>\n\n\n\n<p class=\"wp-block-paragraph\"><strong>9\u00aa remessa<\/strong><br>86.750 doses da AstraZeneca e 455.800 doses da CoronaVac em 20\/3\/2021<\/p>\n\n\n\n<p class=\"wp-block-paragraph\"><strong>10\u00aa remessa<\/strong><br>116.600 doses de AstraZeneca e 359.000 doses de CoronaVac em 26\/3\/2021<\/p>\n\n\n\n<p class=\"wp-block-paragraph\"><strong>11\u00aa remessa<\/strong><br>73.250 doses de AstraZeneca e 943.400 doses de CoronaVac em 1\/4\/2021<\/p>\n\n\n\n<p class=\"wp-block-paragraph\"><strong>12\u00aa remessa<\/strong><br>257.750 da AstraZeneca e 220.400 da CoronaVac em 8\/4\/2021<\/p>\n\n\n\n<p class=\"wp-block-paragraph\"><strong>13\u00aa remessa<\/strong><br>426.000 da AstraZeneca e 275.200 da CoronaVac em 16\/4\/2021<\/p>\n\n\n\n<p class=\"wp-block-paragraph\"><strong>14\u00aa remessa<\/strong><br>316.750 doses da AstraZeneca e 73.800 da CoronaVac em 23\/4\/2021<\/p>\n\n\n\n<p class=\"wp-block-paragraph\"><strong>15\u00aa remessa<\/strong><br>578.000 doses da AstraZeneca e 11.800 doses da CoronaVac em 29\/4\/2021<\/p>\n\n\n\n<p class=\"wp-block-paragraph\"><strong>16\u00aa remessa<\/strong><br>30.400 doses da CoronaVac, em 1\/5\/2021, e 676.250 doses da AstraZeneca, em 3\/5\/2021<\/p>\n\n\n\n<p class=\"wp-block-paragraph\"><strong>17\u00aa remessa<\/strong><br>50.310 doses da Pfizer em 3\/5\/2021<\/p>\n\n\n\n<p class=\"wp-block-paragraph\"><strong>18\u00aa remessa<\/strong><br>396.500 doses da AstraZeneca, em 6\/5\/2021, 100.200 doses da CoronaVac, em 8\/5\/2021, e 112.320 doses da Pfizer, em 10\/5\/2021<\/p>\n\n\n\n<p class=\"wp-block-paragraph\"><strong>19\u00aa remessa<\/strong><br>422.750 doses da AstraZeneca e 207.800 doses da CoronaVac, em 13\/5\/2021, 101.600 doses da Coronavac, em 14\/5\/2021<\/p>\n\n\n\n<p class=\"wp-block-paragraph\"><strong>Total: 8.919.810 doses<\/strong><\/p>\n\n\n\n<p class=\"wp-block-paragraph\">&#8212;&#8212;&#8212;&#8212;&#8212;&#8212;<br><em>Quer receber as not\u00edcias do <strong>Aconteceu no Vale<\/strong> em primeira m\u00e3o? Siga-nos no Facebook <a rel=\"noreferrer noopener\" href=\"http:\/\/facebook.com\/aconteceunovale\" target=\"_blank\">@aconteceunovale<\/a>, Twitter <a rel=\"noreferrer noopener\" href=\"https:\/\/twitter.com\/noticiadosvales\" target=\"_blank\">@noticiadosvales<\/a> e Instagram <a rel=\"noreferrer noopener\" href=\"https:\/\/www.instagram.com\/aconteceunovale\" target=\"_blank\">@aconteceunovale<\/a>.<\/em><\/p>\n","protected":false},"excerpt":{"rendered":"<p>O&nbsp;Governo de Minas&nbsp;come\u00e7ou, na sexta-feira (14\/5\/2021), o envio de mais um lote de vacinas contra a covid-19 para as 28 Unidades Regionais de Sa\u00fade do Estado. A segunda parte da mesma remessa ser\u00e1 entregue na segunda-feira (17\/5). As 732.150 doses das vacinas contra a covid-19 ser\u00e3o retiradas nas regionais pelos munic\u00edpios, respons\u00e1veis pela execu\u00e7\u00e3o da [&hellip;]<\/p>\n","protected":false},"author":4,"featured_media":178441,"comment_status":"open","ping_status":"closed","sticky":false,"template":"","format":"standard","meta":{"amp_status":"","footnotes":""},"categories":[123,40242],"tags":[240692,235100,235104,194,217799,219851,235098,219853,22090,214884,216498,236448,239797,221718,235105,231330,231334,184213,235103,135894,235094,235096,235097,245206,235095,240007,235015,244364,243267,244887,240691,245072,241552,244425,240634,242407,235101,219855,215653,221717,219854,219852,217692,231333,231337,231332,231336,236858,221719,178207,220285,220287,220286,235102,235099,231331,231335],"class_list":["post-178439","post","type-post","status-publish","format-standard","has-post-thumbnail","hentry","category-gerais","category-saude-2","tag-6-mil-doses-de-vacinas-contra-covid-19-e-ampliara-imunizacao-para-idosos-de-65-a-69-anos","tag-adileia-pereira-de-jesus-cardoso","tag-adriana-vilella-avila-de-castro","tag-belo-horizonte","tag-casos-de-coronavirus-em-minas-gerais","tag-casos-de-covid-19-em-minas-gerais","tag-cece","tag-cidades-com-casos-de-coronavirus-em-minas-gerais","tag-confins","tag-coronavirus","tag-covid-19","tag-covid-19-minas-gerais-bate-novo-recorde-ao-registrar-mais-de-10-mil-casos-em-24h","tag-covid-19-minas-gerais-tem-recorde-de-mortes-e-de-casos-em-24h","tag-curados-do-coronavirus-em-minas-gerais","tag-distribuicao-da-vacina-em-minas-gerais","tag-governador-detalha-plano-de-contingencia-para-vacinacao-contra-a-covid-19-em-minas-gerais","tag-governador-detalha-plano-de-contingencia-para-vacinacao-contra-o-novo-coronavirus-em-minas-gerais","tag-governador-romeu-zema","tag-hem","tag-hospital-eduardo-de-menezes","tag-iniciada-a-maior-operacao-de-vacinacao-da-historia-de-minas-gerais","tag-maior-operacao-de-vacinacao-da-historia-de-minas-gerais","tag-maria-bom-sucesso-pereira","tag-minas-gerais-distribui-mais-de-730-mil-doses-de-vacinas-contra-covid-19","tag-minas-gerais-inicia-a-maior-operacao-de-vacinacao-da-sua-historia","tag-minas-gerais-recebe-542-550-novas-doses-de-vacinas-contra-covid-19","tag-minas-gerais-recebe-561-mil-doses-da-coronavac","tag-minas-gerais-recebe-hoje-mais-589-800-doses-de-vacinas-contra-covid-19","tag-minas-gerais-recebe-hoje-mais-701-200-doses-de-vacinas-contra-covid-19","tag-minas-gerais-recebe-mais-100-mil-doses-da-coronavac","tag-minas-gerais-recebe-mais-475","tag-minas-gerais-recebe-mais-630-550-doses-de-vacinas-contra-a-covid-19","tag-minas-gerais-recebe-mais-de-1-milhao-de-doses-de-vacinas-contra-covid-19","tag-minas-gerais-recebe-novas-doses-para-ampliar-vacinacao-contra-a-covid-19","tag-minas-gerais-recebera-mais-475-600-doses-de-vacinas-contra-a-covid-19","tag-minas-gerais-recebera-mais-478-150-doses-de-vacinas-contra-covid-19","tag-moises-alves-senra","tag-mortes-por-coronavirus-em-minas-gerais","tag-novo-coronavirus","tag-numero-de-curados-do-coronavirus-em-minas-gerais","tag-numeros-do-coronavirus-em-minas-gerais","tag-obitos-por-coronavirus-em-minas-gerias","tag-pandemia-de-coronavirus","tag-plano-de-contingencia-para-vacinacao-contra-a-covid-19-em-minas-gerais","tag-plano-de-contingencia-para-vacinacao-contra-o-novo-coronavirus-em-minas-gerais","tag-plano-para-vacinacao-contra-a-covid-19-em-minas-gerais","tag-plano-para-vacinacao-contra-o-novo-coronavirus-em-minas-gerais","tag-primeira-pessoa-vacinada-contra-a-covid-19-em-minas-gerais-recebe-a-segunda-dose","tag-recuperados-do-coronavirus-em-minas-gerais","tag-romeu-zema","tag-secretaria-de-saude-atualiza-numeros-do-coronavirus-em-minas-gerais","tag-secretaria-de-saude-de-minas-gerais-atualiza-numeros-do-coronavirus","tag-ses-mg-atualiza-numeros-do-coronavirus","tag-teresa-gamarano-barros","tag-thiago-liberio-santana-medina","tag-vacinacao-contra-a-covid-19-em-minas-gerais","tag-vacinacao-contra-o-novo-coronavirus-em-minas-gerais"],"yoast_head":"<!-- This site is optimized with the Yoast SEO plugin v28.3 - https:\/\/yoast.com\/product\/yoast-seo-wordpress\/ -->\n<title>Minas Gerais distribui mais de 730 mil doses de vacinas contra Covid-19 - Aconteceu no Vale<\/title>\n<meta name=\"robots\" content=\"index, follow, max-snippet:-1, max-image-preview:large, max-video-preview:-1\" \/>\n<link rel=\"canonical\" href=\"https:\/\/aconteceunovale.com.br\/portal\/?p=178439\" \/>\n<meta property=\"og:locale\" content=\"pt_BR\" \/>\n<meta property=\"og:type\" content=\"article\" \/>\n<meta property=\"og:title\" content=\"Minas Gerais distribui mais de 730 mil doses de vacinas contra Covid-19 - Aconteceu no Vale\" \/>\n<meta property=\"og:description\" content=\"O&nbsp;Governo de Minas&nbsp;come\u00e7ou, na sexta-feira (14\/5\/2021), o envio de mais um lote de vacinas contra a covid-19 para as 28 Unidades Regionais de Sa\u00fade do Estado. A segunda parte da mesma remessa ser\u00e1 entregue na segunda-feira (17\/5). As 732.150 doses das vacinas contra a covid-19 ser\u00e3o retiradas nas regionais pelos munic\u00edpios, respons\u00e1veis pela execu\u00e7\u00e3o da [&hellip;]\" \/>\n<meta property=\"og:url\" content=\"https:\/\/aconteceunovale.com.br\/portal\/?p=178439\" \/>\n<meta property=\"og:site_name\" content=\"Aconteceu no Vale\" \/>\n<meta property=\"article:publisher\" content=\"https:\/\/www.facebook.com\/aconteceunovale\/\" \/>\n<meta property=\"article:published_time\" content=\"2021-05-16T01:26:15+00:00\" \/>\n<meta property=\"article:modified_time\" content=\"2021-05-16T01:28:07+00:00\" \/>\n<meta property=\"og:image\" content=\"https:\/\/aconteceunovale.com.br\/portal\/wp-content\/uploads\/2021\/05\/distribuicao_vacinas.jpeg\" \/>\n\t<meta property=\"og:image:width\" content=\"652\" \/>\n\t<meta property=\"og:image:height\" content=\"450\" \/>\n\t<meta property=\"og:image:type\" content=\"image\/jpeg\" \/>\n<meta name=\"author\" content=\"Reda\u00e7\u00e3o Aconteceu no Vale\" \/>\n<meta name=\"twitter:card\" content=\"summary_large_image\" \/>\n<meta name=\"twitter:creator\" content=\"@noticiadosvales\" \/>\n<meta name=\"twitter:site\" content=\"@noticiadosvales\" \/>\n<meta name=\"twitter:label1\" content=\"Escrito por\" \/>\n\t<meta name=\"twitter:data1\" content=\"Reda\u00e7\u00e3o Aconteceu no Vale\" \/>\n\t<meta name=\"twitter:label2\" content=\"Est. tempo de leitura\" \/>\n\t<meta name=\"twitter:data2\" content=\"3 minutos\" \/>\n<script type=\"application\/ld+json\" class=\"yoast-schema-graph\">{\"@context\":\"https:\\\/\\\/schema.org\",\"@graph\":[{\"@type\":\"Article\",\"@id\":\"https:\\\/\\\/aconteceunovale.com.br\\\/portal\\\/?p=178439#article\",\"isPartOf\":{\"@id\":\"https:\\\/\\\/aconteceunovale.com.br\\\/portal\\\/?p=178439\"},\"author\":{\"name\":\"Reda\u00e7\u00e3o Aconteceu no Vale\",\"@id\":\"https:\\\/\\\/aconteceunovale.com.br\\\/portal\\\/#\\\/schema\\\/person\\\/7d2f26d1483f8a63de73da1ee0754d35\"},\"headline\":\"Minas Gerais distribui mais de 730 mil doses de vacinas contra Covid-19\",\"datePublished\":\"2021-05-16T01:26:15+00:00\",\"dateModified\":\"2021-05-16T01:28:07+00:00\",\"mainEntityOfPage\":{\"@id\":\"https:\\\/\\\/aconteceunovale.com.br\\\/portal\\\/?p=178439\"},\"wordCount\":562,\"commentCount\":0,\"image\":{\"@id\":\"https:\\\/\\\/aconteceunovale.com.br\\\/portal\\\/?p=178439#primaryimage\"},\"thumbnailUrl\":\"https:\\\/\\\/aconteceunovale.com.br\\\/portal\\\/wp-content\\\/uploads\\\/2021\\\/05\\\/distribuicao_vacinas.jpeg\",\"keywords\":[\"6 mil doses de vacinas contra Covid-19 e ampliar\u00e1 imuniza\u00e7\u00e3o para idosos de 65 a 69 anos\",\"Adileia Pereira de Jesus Cardoso\",\"Adriana Vilella \u00c1vila de Castro\",\"Belo Horizonte\",\"Casos de coronav\u00edrus em Minas Gerais\",\"Casos de covid-19 em Minas Gerais\",\"Cec\u00e9\",\"Cidades com casos de coronav\u00edrus em Minas Gerais\",\"Confins\",\"Coronav\u00edrus\",\"COVID-19\",\"Covid-19: Minas Gerais bate novo recorde ao registrar mais de 10 mil casos em 24h\",\"Covid-19: Minas Gerais tem recorde de mortes e de casos em 24h\",\"Curados do coronav\u00edrus em Minas Gerais\",\"Distribui\u00e7\u00e3o da vacina em Minas Gerais\",\"Governador detalha Plano de Conting\u00eancia para Vacina\u00e7\u00e3o contra a Covid-19 em Minas Gerais\",\"Governador detalha Plano de Conting\u00eancia para Vacina\u00e7\u00e3o contra o novo coronav\u00edrus em Minas Gerais\",\"Governador Romeu Zema\",\"HEM\",\"Hospital Eduardo de Menezes\",\"Iniciada a maior opera\u00e7\u00e3o de vacina\u00e7\u00e3o da hist\u00f3ria de Minas Gerais\",\"Maior opera\u00e7\u00e3o de vacina\u00e7\u00e3o da hist\u00f3ria de Minas Gerais\",\"Maria Bom Sucesso Pereira\",\"Minas Gerais distribui mais de 730 mil doses de vacinas contra Covid-19\",\"Minas Gerais inicia a maior opera\u00e7\u00e3o de vacina\u00e7\u00e3o da sua hist\u00f3ria\",\"Minas Gerais recebe 542.550 novas doses de vacinas contra Covid-19\",\"Minas Gerais recebe 561 mil doses da CoronaVac\",\"Minas Gerais recebe hoje mais 589.800 doses de vacinas contra Covid-19\",\"Minas Gerais recebe hoje mais 701.200 doses de vacinas contra Covid-19\",\"Minas Gerais recebe mais 100 mil doses da CoronaVac\",\"Minas Gerais recebe mais 475\",\"Minas Gerais recebe mais 630.550 doses de vacinas contra a Covid-19\",\"Minas Gerais recebe mais de 1 milh\u00e3o de doses de vacinas contra Covid-19\",\"Minas Gerais recebe novas doses para ampliar vacina\u00e7\u00e3o contra a Covid-19\",\"Minas Gerais receber\u00e1 mais 475.600 doses de vacinas contra a Covid-19\",\"Minas Gerais receber\u00e1 mais 478.150 doses de vacinas contra Covid-19\",\"Mois\u00e9s Alves Senra\",\"Mortes por coronav\u00edrus em Minas Gerais\",\"Novo coronav\u00edrus\",\"N\u00famero de curados do coronav\u00edrus em Minas Gerais\",\"N\u00fameros do coronav\u00edrus em Minas Gerais\",\"\u00d3bitos por coronav\u00edrus em Minas Gerias\",\"Pandemia de coronav\u00edrus\",\"Plano de Conting\u00eancia para Vacina\u00e7\u00e3o contra a Covid-19 em Minas Gerais\",\"Plano de Conting\u00eancia para Vacina\u00e7\u00e3o contra o novo coronav\u00edrus em Minas Gerais\",\"Plano para Vacina\u00e7\u00e3o contra a Covid-19 em Minas Gerais\",\"Plano para Vacina\u00e7\u00e3o contra o novo coronav\u00edrus em Minas Gerais\",\"Primeira pessoa vacinada contra a Covid-19 em Minas Gerais recebe a segunda dose\",\"Recuperados do coronav\u00edrus em Minas Gerais\",\"Romeu Zema\",\"Secretaria de Sa\u00fade atualiza n\u00fameros do coronav\u00edrus em Minas Gerais\",\"Secretaria de Sa\u00fade de Minas Gerais atualiza n\u00fameros do coronav\u00edrus\",\"SES-MG atualiza n\u00fameros do coronav\u00edrus\",\"Teresa Gamarano Barros\",\"Thiago Lib\u00e9rio Santana Medina\",\"Vacina\u00e7\u00e3o contra a Covid-19 em Minas Gerais\",\"Vacina\u00e7\u00e3o contra o novo coronav\u00edrus em Minas Gerais\"],\"articleSection\":[\"Minas Gerais\",\"Sa\u00fade\"],\"inLanguage\":\"pt-BR\",\"potentialAction\":[{\"@type\":\"CommentAction\",\"name\":\"Comment\",\"target\":[\"https:\\\/\\\/aconteceunovale.com.br\\\/portal\\\/?p=178439#respond\"]}]},{\"@type\":\"WebPage\",\"@id\":\"https:\\\/\\\/aconteceunovale.com.br\\\/portal\\\/?p=178439\",\"url\":\"https:\\\/\\\/aconteceunovale.com.br\\\/portal\\\/?p=178439\",\"name\":\"Minas Gerais distribui mais de 730 mil doses de vacinas contra Covid-19 - Aconteceu no Vale\",\"isPartOf\":{\"@id\":\"https:\\\/\\\/aconteceunovale.com.br\\\/portal\\\/#website\"},\"primaryImageOfPage\":{\"@id\":\"https:\\\/\\\/aconteceunovale.com.br\\\/portal\\\/?p=178439#primaryimage\"},\"image\":{\"@id\":\"https:\\\/\\\/aconteceunovale.com.br\\\/portal\\\/?p=178439#primaryimage\"},\"thumbnailUrl\":\"https:\\\/\\\/aconteceunovale.com.br\\\/portal\\\/wp-content\\\/uploads\\\/2021\\\/05\\\/distribuicao_vacinas.jpeg\",\"datePublished\":\"2021-05-16T01:26:15+00:00\",\"dateModified\":\"2021-05-16T01:28:07+00:00\",\"author\":{\"@id\":\"https:\\\/\\\/aconteceunovale.com.br\\\/portal\\\/#\\\/schema\\\/person\\\/7d2f26d1483f8a63de73da1ee0754d35\"},\"breadcrumb\":{\"@id\":\"https:\\\/\\\/aconteceunovale.com.br\\\/portal\\\/?p=178439#breadcrumb\"},\"inLanguage\":\"pt-BR\",\"potentialAction\":[{\"@type\":\"ReadAction\",\"target\":[\"https:\\\/\\\/aconteceunovale.com.br\\\/portal\\\/?p=178439\"]}]},{\"@type\":\"ImageObject\",\"inLanguage\":\"pt-BR\",\"@id\":\"https:\\\/\\\/aconteceunovale.com.br\\\/portal\\\/?p=178439#primaryimage\",\"url\":\"https:\\\/\\\/aconteceunovale.com.br\\\/portal\\\/wp-content\\\/uploads\\\/2021\\\/05\\\/distribuicao_vacinas.jpeg\",\"contentUrl\":\"https:\\\/\\\/aconteceunovale.com.br\\\/portal\\\/wp-content\\\/uploads\\\/2021\\\/05\\\/distribuicao_vacinas.jpeg\",\"width\":652,\"height\":450},{\"@type\":\"BreadcrumbList\",\"@id\":\"https:\\\/\\\/aconteceunovale.com.br\\\/portal\\\/?p=178439#breadcrumb\",\"itemListElement\":[{\"@type\":\"ListItem\",\"position\":1,\"name\":\"In\u00edcio\",\"item\":\"https:\\\/\\\/aconteceunovale.com.br\\\/portal\\\/\"},{\"@type\":\"ListItem\",\"position\":2,\"name\":\"Minas Gerais distribui mais de 730 mil doses de vacinas contra Covid-19\"}]},{\"@type\":\"WebSite\",\"@id\":\"https:\\\/\\\/aconteceunovale.com.br\\\/portal\\\/#website\",\"url\":\"https:\\\/\\\/aconteceunovale.com.br\\\/portal\\\/\",\"name\":\"Aconteceu no Vale\",\"description\":\"Portal de Not\u00edcias\",\"potentialAction\":[{\"@type\":\"SearchAction\",\"target\":{\"@type\":\"EntryPoint\",\"urlTemplate\":\"https:\\\/\\\/aconteceunovale.com.br\\\/portal\\\/?s={search_term_string}\"},\"query-input\":{\"@type\":\"PropertyValueSpecification\",\"valueRequired\":true,\"valueName\":\"search_term_string\"}}],\"inLanguage\":\"pt-BR\"},{\"@type\":\"Person\",\"@id\":\"https:\\\/\\\/aconteceunovale.com.br\\\/portal\\\/#\\\/schema\\\/person\\\/7d2f26d1483f8a63de73da1ee0754d35\",\"name\":\"Reda\u00e7\u00e3o Aconteceu no Vale\",\"description\":\"Equipe de reportagem do Aconteceu no Vale, portal de not\u00edcias do Vale do Jequitinhonha, em Minas Gerais. Cobrimos as 51 cidades do Vale desde 2013. Sugest\u00f5es de pauta e pedidos de corre\u00e7\u00e3o: contato@aconteceunovale.com.br\",\"url\":\"https:\\\/\\\/aconteceunovale.com.br\\\/portal\\\/?author=4\"}]}<\/script>\n<!-- \/ Yoast SEO plugin. -->","yoast_head_json":{"title":"Minas Gerais distribui mais de 730 mil doses de vacinas contra Covid-19 - Aconteceu no Vale","robots":{"index":"index","follow":"follow","max-snippet":"max-snippet:-1","max-image-preview":"max-image-preview:large","max-video-preview":"max-video-preview:-1"},"canonical":"https:\/\/aconteceunovale.com.br\/portal\/?p=178439","og_locale":"pt_BR","og_type":"article","og_title":"Minas Gerais distribui mais de 730 mil doses de vacinas contra Covid-19 - Aconteceu no Vale","og_description":"O&nbsp;Governo de Minas&nbsp;come\u00e7ou, na sexta-feira (14\/5\/2021), o envio de mais um lote de vacinas contra a covid-19 para as 28 Unidades Regionais de Sa\u00fade do Estado. A segunda parte da mesma remessa ser\u00e1 entregue na segunda-feira (17\/5). As 732.150 doses das vacinas contra a covid-19 ser\u00e3o retiradas nas regionais pelos munic\u00edpios, respons\u00e1veis pela execu\u00e7\u00e3o da [&hellip;]","og_url":"https:\/\/aconteceunovale.com.br\/portal\/?p=178439","og_site_name":"Aconteceu no Vale","article_publisher":"https:\/\/www.facebook.com\/aconteceunovale\/","article_published_time":"2021-05-16T01:26:15+00:00","article_modified_time":"2021-05-16T01:28:07+00:00","og_image":[{"width":652,"height":450,"url":"https:\/\/aconteceunovale.com.br\/portal\/wp-content\/uploads\/2021\/05\/distribuicao_vacinas.jpeg","type":"image\/jpeg"}],"author":"Reda\u00e7\u00e3o Aconteceu no Vale","twitter_card":"summary_large_image","twitter_creator":"@noticiadosvales","twitter_site":"@noticiadosvales","twitter_misc":{"Escrito por":"Reda\u00e7\u00e3o Aconteceu no Vale","Est. tempo de leitura":"3 minutos"},"schema":{"@context":"https:\/\/schema.org","@graph":[{"@type":"Article","@id":"https:\/\/aconteceunovale.com.br\/portal\/?p=178439#article","isPartOf":{"@id":"https:\/\/aconteceunovale.com.br\/portal\/?p=178439"},"author":{"name":"Reda\u00e7\u00e3o Aconteceu no Vale","@id":"https:\/\/aconteceunovale.com.br\/portal\/#\/schema\/person\/7d2f26d1483f8a63de73da1ee0754d35"},"headline":"Minas Gerais distribui mais de 730 mil doses de vacinas contra Covid-19","datePublished":"2021-05-16T01:26:15+00:00","dateModified":"2021-05-16T01:28:07+00:00","mainEntityOfPage":{"@id":"https:\/\/aconteceunovale.com.br\/portal\/?p=178439"},"wordCount":562,"commentCount":0,"image":{"@id":"https:\/\/aconteceunovale.com.br\/portal\/?p=178439#primaryimage"},"thumbnailUrl":"https:\/\/aconteceunovale.com.br\/portal\/wp-content\/uploads\/2021\/05\/distribuicao_vacinas.jpeg","keywords":["6 mil doses de vacinas contra Covid-19 e ampliar\u00e1 imuniza\u00e7\u00e3o para idosos de 65 a 69 anos","Adileia Pereira de Jesus Cardoso","Adriana Vilella \u00c1vila de Castro","Belo Horizonte","Casos de coronav\u00edrus em Minas Gerais","Casos de covid-19 em Minas Gerais","Cec\u00e9","Cidades com casos de coronav\u00edrus em Minas Gerais","Confins","Coronav\u00edrus","COVID-19","Covid-19: Minas Gerais bate novo recorde ao registrar mais de 10 mil casos em 24h","Covid-19: Minas Gerais tem recorde de mortes e de casos em 24h","Curados do coronav\u00edrus em Minas Gerais","Distribui\u00e7\u00e3o da vacina em Minas Gerais","Governador detalha Plano de Conting\u00eancia para Vacina\u00e7\u00e3o contra a Covid-19 em Minas Gerais","Governador detalha Plano de Conting\u00eancia para Vacina\u00e7\u00e3o contra o novo coronav\u00edrus em Minas Gerais","Governador Romeu Zema","HEM","Hospital Eduardo de Menezes","Iniciada a maior opera\u00e7\u00e3o de vacina\u00e7\u00e3o da hist\u00f3ria de Minas Gerais","Maior opera\u00e7\u00e3o de vacina\u00e7\u00e3o da hist\u00f3ria de Minas Gerais","Maria Bom Sucesso Pereira","Minas Gerais distribui mais de 730 mil doses de vacinas contra Covid-19","Minas Gerais inicia a maior opera\u00e7\u00e3o de vacina\u00e7\u00e3o da sua hist\u00f3ria","Minas Gerais recebe 542.550 novas doses de vacinas contra Covid-19","Minas Gerais recebe 561 mil doses da CoronaVac","Minas Gerais recebe hoje mais 589.800 doses de vacinas contra Covid-19","Minas Gerais recebe hoje mais 701.200 doses de vacinas contra Covid-19","Minas Gerais recebe mais 100 mil doses da CoronaVac","Minas Gerais recebe mais 475","Minas Gerais recebe mais 630.550 doses de vacinas contra a Covid-19","Minas Gerais recebe mais de 1 milh\u00e3o de doses de vacinas contra Covid-19","Minas Gerais recebe novas doses para ampliar vacina\u00e7\u00e3o contra a Covid-19","Minas Gerais receber\u00e1 mais 475.600 doses de vacinas contra a Covid-19","Minas Gerais receber\u00e1 mais 478.150 doses de vacinas contra Covid-19","Mois\u00e9s Alves Senra","Mortes por coronav\u00edrus em Minas Gerais","Novo coronav\u00edrus","N\u00famero de curados do coronav\u00edrus em Minas Gerais","N\u00fameros do coronav\u00edrus em Minas Gerais","\u00d3bitos por coronav\u00edrus em Minas Gerias","Pandemia de coronav\u00edrus","Plano de Conting\u00eancia para Vacina\u00e7\u00e3o contra a Covid-19 em Minas Gerais","Plano de Conting\u00eancia para Vacina\u00e7\u00e3o contra o novo coronav\u00edrus em Minas Gerais","Plano para Vacina\u00e7\u00e3o contra a Covid-19 em Minas Gerais","Plano para Vacina\u00e7\u00e3o contra o novo coronav\u00edrus em Minas Gerais","Primeira pessoa vacinada contra a Covid-19 em Minas Gerais recebe a segunda dose","Recuperados do coronav\u00edrus em Minas Gerais","Romeu Zema","Secretaria de Sa\u00fade atualiza n\u00fameros do coronav\u00edrus em Minas Gerais","Secretaria de Sa\u00fade de Minas Gerais atualiza n\u00fameros do coronav\u00edrus","SES-MG atualiza n\u00fameros do coronav\u00edrus","Teresa Gamarano Barros","Thiago Lib\u00e9rio Santana Medina","Vacina\u00e7\u00e3o contra a Covid-19 em Minas Gerais","Vacina\u00e7\u00e3o contra o novo coronav\u00edrus em Minas Gerais"],"articleSection":["Minas Gerais","Sa\u00fade"],"inLanguage":"pt-BR","potentialAction":[{"@type":"CommentAction","name":"Comment","target":["https:\/\/aconteceunovale.com.br\/portal\/?p=178439#respond"]}]},{"@type":"WebPage","@id":"https:\/\/aconteceunovale.com.br\/portal\/?p=178439","url":"https:\/\/aconteceunovale.com.br\/portal\/?p=178439","name":"Minas Gerais distribui mais de 730 mil doses de vacinas contra Covid-19 - Aconteceu no Vale","isPartOf":{"@id":"https:\/\/aconteceunovale.com.br\/portal\/#website"},"primaryImageOfPage":{"@id":"https:\/\/aconteceunovale.com.br\/portal\/?p=178439#primaryimage"},"image":{"@id":"https:\/\/aconteceunovale.com.br\/portal\/?p=178439#primaryimage"},"thumbnailUrl":"https:\/\/aconteceunovale.com.br\/portal\/wp-content\/uploads\/2021\/05\/distribuicao_vacinas.jpeg","datePublished":"2021-05-16T01:26:15+00:00","dateModified":"2021-05-16T01:28:07+00:00","author":{"@id":"https:\/\/aconteceunovale.com.br\/portal\/#\/schema\/person\/7d2f26d1483f8a63de73da1ee0754d35"},"breadcrumb":{"@id":"https:\/\/aconteceunovale.com.br\/portal\/?p=178439#breadcrumb"},"inLanguage":"pt-BR","potentialAction":[{"@type":"ReadAction","target":["https:\/\/aconteceunovale.com.br\/portal\/?p=178439"]}]},{"@type":"ImageObject","inLanguage":"pt-BR","@id":"https:\/\/aconteceunovale.com.br\/portal\/?p=178439#primaryimage","url":"https:\/\/aconteceunovale.com.br\/portal\/wp-content\/uploads\/2021\/05\/distribuicao_vacinas.jpeg","contentUrl":"https:\/\/aconteceunovale.com.br\/portal\/wp-content\/uploads\/2021\/05\/distribuicao_vacinas.jpeg","width":652,"height":450},{"@type":"BreadcrumbList","@id":"https:\/\/aconteceunovale.com.br\/portal\/?p=178439#breadcrumb","itemListElement":[{"@type":"ListItem","position":1,"name":"In\u00edcio","item":"https:\/\/aconteceunovale.com.br\/portal\/"},{"@type":"ListItem","position":2,"name":"Minas Gerais distribui mais de 730 mil doses de vacinas contra Covid-19"}]},{"@type":"WebSite","@id":"https:\/\/aconteceunovale.com.br\/portal\/#website","url":"https:\/\/aconteceunovale.com.br\/portal\/","name":"Aconteceu no Vale","description":"Portal de Not\u00edcias","potentialAction":[{"@type":"SearchAction","target":{"@type":"EntryPoint","urlTemplate":"https:\/\/aconteceunovale.com.br\/portal\/?s={search_term_string}"},"query-input":{"@type":"PropertyValueSpecification","valueRequired":true,"valueName":"search_term_string"}}],"inLanguage":"pt-BR"},{"@type":"Person","@id":"https:\/\/aconteceunovale.com.br\/portal\/#\/schema\/person\/7d2f26d1483f8a63de73da1ee0754d35","name":"Reda\u00e7\u00e3o Aconteceu no Vale","description":"Equipe de reportagem do Aconteceu no Vale, portal de not\u00edcias do Vale do Jequitinhonha, em Minas Gerais. Cobrimos as 51 cidades do Vale desde 2013. Sugest\u00f5es de pauta e pedidos de corre\u00e7\u00e3o: contato@aconteceunovale.com.br","url":"https:\/\/aconteceunovale.com.br\/portal\/?author=4"}]}},"_links":{"self":[{"href":"https:\/\/aconteceunovale.com.br\/portal\/index.php?rest_route=\/wp\/v2\/posts\/178439","targetHints":{"allow":["GET"]}}],"collection":[{"href":"https:\/\/aconteceunovale.com.br\/portal\/index.php?rest_route=\/wp\/v2\/posts"}],"about":[{"href":"https:\/\/aconteceunovale.com.br\/portal\/index.php?rest_route=\/wp\/v2\/types\/post"}],"author":[{"embeddable":true,"href":"https:\/\/aconteceunovale.com.br\/portal\/index.php?rest_route=\/wp\/v2\/users\/4"}],"replies":[{"embeddable":true,"href":"https:\/\/aconteceunovale.com.br\/portal\/index.php?rest_route=%2Fwp%2Fv2%2Fcomments&post=178439"}],"version-history":[{"count":2,"href":"https:\/\/aconteceunovale.com.br\/portal\/index.php?rest_route=\/wp\/v2\/posts\/178439\/revisions"}],"predecessor-version":[{"id":178443,"href":"https:\/\/aconteceunovale.com.br\/portal\/index.php?rest_route=\/wp\/v2\/posts\/178439\/revisions\/178443"}],"wp:featuredmedia":[{"embeddable":true,"href":"https:\/\/aconteceunovale.com.br\/portal\/index.php?rest_route=\/wp\/v2\/media\/178441"}],"wp:attachment":[{"href":"https:\/\/aconteceunovale.com.br\/portal\/index.php?rest_route=%2Fwp%2Fv2%2Fmedia&parent=178439"}],"wp:term":[{"taxonomy":"category","embeddable":true,"href":"https:\/\/aconteceunovale.com.br\/portal\/index.php?rest_route=%2Fwp%2Fv2%2Fcategories&post=178439"},{"taxonomy":"post_tag","embeddable":true,"href":"https:\/\/aconteceunovale.com.br\/portal\/index.php?rest_route=%2Fwp%2Fv2%2Ftags&post=178439"}],"curies":[{"name":"wp","href":"https:\/\/api.w.org\/{rel}","templated":true}]}}