{"id":178429,"date":"2021-05-15T21:35:26","date_gmt":"2021-05-16T00:35:26","guid":{"rendered":"https:\/\/aconteceunovale.com.br\/portal\/?p=178429"},"modified":"2021-05-15T21:40:37","modified_gmt":"2021-05-16T00:40:37","slug":"vulcabras-inaugura-operacao-logistica-em-minas","status":"publish","type":"post","link":"https:\/\/aconteceunovale.com.br\/portal\/?p=178429","title":{"rendered":"Vulcabras inaugura opera\u00e7\u00e3o log\u00edstica em Minas"},"content":{"rendered":"\n<p class=\"wp-block-paragraph\">O segmento de log\u00edstica e e-commerce de Minas Gerais acaba de ganhar importante refor\u00e7o. A <a href=\"https:\/\/www.vulcabras.com\/\" target=\"_blank\" rel=\"noreferrer noopener\">Vulcabras<\/a>, maior gestora de marcas de artigos esportivos do pa\u00eds &#8211;\u00a0detentora da Mizuno, Olympikus, Under e Armour -,\u00a0acaba de inaugurar um centro de distribui\u00e7\u00e3o em Extrema, na regi\u00e3o Sul do Estado. A nova unidade concentrar\u00e1 principalmente as opera\u00e7\u00f5es de vendas on-line do grupo e vai promover emprego e renda para mineiros da regi\u00e3o.<\/p>\n\n\n\n<figure class=\"wp-block-gallery columns-1 is-cropped wp-block-gallery-1 is-layout-flex wp-block-gallery-is-layout-flex\"><ul class=\"blocks-gallery-grid\"><li class=\"blocks-gallery-item\"><figure><img loading=\"lazy\" decoding=\"async\" width=\"675\" height=\"450\" src=\"https:\/\/aconteceunovale.com.br\/portal\/wp-content\/uploads\/2021\/05\/vulcabras.jpeg\" alt=\"\" data-id=\"178430\" data-full-url=\"https:\/\/aconteceunovale.com.br\/portal\/wp-content\/uploads\/2021\/05\/vulcabras.jpeg\" data-link=\"https:\/\/aconteceunovale.com.br\/portal\/?attachment_id=178430\" class=\"wp-image-178430\" srcset=\"https:\/\/aconteceunovale.com.br\/portal\/wp-content\/uploads\/2021\/05\/vulcabras.jpeg 675w, https:\/\/aconteceunovale.com.br\/portal\/wp-content\/uploads\/2021\/05\/vulcabras-300x200.jpeg 300w, https:\/\/aconteceunovale.com.br\/portal\/wp-content\/uploads\/2021\/05\/vulcabras-630x420.jpeg 630w\" sizes=\"auto, (max-width: 675px) 100vw, 675px\" \/><figcaption class=\"blocks-gallery-item__caption\"><em>Foto: H. Neto \/ Fractal Fotografia Esportiva \/ via Ag\u00eancia Minas<\/em><\/figcaption><\/figure><\/li><\/ul><\/figure>\n\n\n\n<p class=\"wp-block-paragraph\">O governador Romeu Zema destaca que a instala\u00e7\u00e3o refor\u00e7a o potencial mineiro para atrair investimentos no setor de log\u00edstica. <em>&#8220;A pandemia levou novos consumidores ao mercado eletr\u00f4nico, o que garantiu a amplia\u00e7\u00e3o desse tipo de neg\u00f3cio. Com as empresas faturando aqui, o Estado arrecada mais em fun\u00e7\u00e3o do ICMS e pode aplicar esse dinheiro em benef\u00edcios para a popula\u00e7\u00e3o, como Sa\u00fade, Educa\u00e7\u00e3o e Seguran\u00e7a. Refor\u00e7amos mais uma vez que nosso estado \u00e9 amigo de quem investe, gera emprego e renda aos mineiros\u201d<\/em>, diz Zema.<\/p>\n\n\n\n<h2 class=\"wp-block-heading\"><strong>Benef\u00edcios<\/strong><\/h2>\n\n\n\n<p class=\"wp-block-paragraph\">Atualmente, as dez maiores opera\u00e7\u00f5es de e-commerce do Brasil est\u00e3o em Minas Gerais, consolidado&nbsp;como o estado log\u00edstico do pa\u00eds. Nos \u00faltimos anos, o territ\u00f3rio mineiro recebeu unidades de grandes representantes globais desse segmento. Entre as gigantes com maior faturamento est\u00e3o Magazine Luiza, Dafiti, a Netshoes, Via Varejo e Privalia. Recentemente, a Amazon come\u00e7ou as opera\u00e7\u00f5es em Minas e, em breve, a Mercado Livre tamb\u00e9m ter\u00e1 atividades.&nbsp;<\/p>\n\n\n\n<p class=\"wp-block-paragraph\"><em>\u201cO bom ambiente de neg\u00f3cios refor\u00e7a que Minas Gerais \u00e9 o melhor lugar para se investir. At\u00e9 abril, foram mais de R$ 121 bilh\u00f5es atra\u00eddos; sendo 2019 o ano de maior investimento na hist\u00f3ria do Indi, com quase R$ 56 bilh\u00f5es. Ao todo ser\u00e3o quase 60 mil empregos diretos pactuados, fora aqueles indiretos que podem at\u00e9 duplicar esse n\u00famero\u201d<\/em>, ressalta o secret\u00e1rio de\u00a0Desenvolvimento Econ\u00f4mico, Fernando Passalio.<\/p>\n\n\n\n<h2 class=\"wp-block-heading\"><strong>Atra\u00e7\u00e3o de investimentos<\/strong><\/h2>\n\n\n\n<p class=\"wp-block-paragraph\">Conforme a analista da\u00a0<a rel=\"noreferrer noopener\" href=\"http:\/\/indi.mg.gov.br\/\" target=\"_blank\">Ag\u00eancia de Promo\u00e7\u00e3o de Investimento e Com\u00e9rcio Exterior de Minas Gerais (Indi)<\/a>, Larissa Souza Batista, as negocia\u00e7\u00f5es com a Vulcabras\u00a0come\u00e7aram em setembro de 2020 e contaram com intermedia\u00e7\u00e3o do Indi nas tratativas tribut\u00e1rias junto \u00e0\u00a0Secretaria de Estado de Fazenda (SEF\/MG). Ela observa que o desfecho \u00e1gil foi garantido pelos esfor\u00e7os do governo mineiro na desburocratiza\u00e7\u00e3o do setor p\u00fablico.<\/p>\n\n\n\n<p class=\"wp-block-paragraph\"><em>\u201cExtrema j\u00e1 \u00e9 reconhecida por abrigar empresas de e-commerce e importantes centros de distribui\u00e7\u00e3o. Com uma log\u00edstica privilegiada, certamente vamos conseguir atrair outras empresas do mesmo setor, fortalecendo ainda mais a cadeia produtiva regional. Afinal, trata-se de uma companhia \u00e2ncora que abre um leque de novas possibilidades de neg\u00f3cios\u201d<\/em>, avalia Larissa Batista.&nbsp;<\/p>\n\n\n\n<h2 class=\"wp-block-heading\"><strong>Otimiza\u00e7\u00e3o de entregas<\/strong><\/h2>\n\n\n\n<p class=\"wp-block-paragraph\">Com a inaugura\u00e7\u00e3o do centro em Minas, a companhia ganha mais agilidade sobre todo o processo, desde armazenamento, transporte e distribui\u00e7\u00e3o de seus artigos, conseguindo entregar os produtos mais rapidamente.<\/p>\n\n\n\n<p class=\"wp-block-paragraph\">Antes da implementa\u00e7\u00e3o do Centro de Distribui\u00e7\u00e3o em Extrema, os e-commerces da Vulcabras funcionavam por meio de um operador log\u00edstico terceirizado. Com opera\u00e7\u00e3o pr\u00f3pria, a empresa pode ter uma melhora consider\u00e1vel no prazo m\u00e9dio de entrega, que foi de 5 dias para 2,4 dias.&nbsp;<\/p>\n\n\n\n<p class=\"wp-block-paragraph\"><em>\u201cA decis\u00e3o de inaugurar um centro de distribui\u00e7\u00e3o pr\u00f3prio em uma regi\u00e3o t\u00e3o privilegiada para este segmento faz parte do plano de crescimento da companhia para os pr\u00f3ximos anos\u201d<\/em>, afirma Rodrigo Miceli, diretor de Supply da Vulcabras. <em>\u201cReportamos ao mercado no \u00faltimo trimestre de 2020 um crescimento de mais de 20%, se comparado ao mesmo per\u00edodo de 2019\u201d<\/em>, diz.<\/p>\n\n\n\n<p class=\"wp-block-paragraph\">&#8212;&#8212;&#8212;&#8212;&#8212;&#8212;<br><em>Quer receber as not\u00edcias do <strong>Aconteceu no Vale<\/strong> em primeira m\u00e3o? Siga-nos no Facebook <a rel=\"noreferrer noopener\" href=\"http:\/\/facebook.com\/aconteceunovale\" target=\"_blank\">@aconteceunovale<\/a>, Twitter <a rel=\"noreferrer noopener\" href=\"https:\/\/twitter.com\/noticiadosvales\" target=\"_blank\">@noticiadosvales<\/a> e Instagram <a rel=\"noreferrer noopener\" href=\"https:\/\/www.instagram.com\/aconteceunovale\" target=\"_blank\">@aconteceunovale<\/a>.<\/em><\/p>\n","protected":false},"excerpt":{"rendered":"<p>O segmento de log\u00edstica e e-commerce de Minas Gerais acaba de ganhar importante refor\u00e7o. A Vulcabras, maior gestora de marcas de artigos esportivos do pa\u00eds &#8211;\u00a0detentora da Mizuno, Olympikus, Under e Armour -,\u00a0acaba de inaugurar um centro de distribui\u00e7\u00e3o em Extrema, na regi\u00e3o Sul do Estado. A nova unidade concentrar\u00e1 principalmente as opera\u00e7\u00f5es de vendas [&hellip;]<\/p>\n","protected":false},"author":4,"featured_media":178430,"comment_status":"open","ping_status":"closed","sticky":false,"template":"","format":"standard","meta":{"amp_status":"","footnotes":""},"categories":[40239,123],"tags":[87692,232574,245172,245170,245171,245174,1018,245179,245166,958,202745,184213,222128,44757,224687,6495,245177,245167,245175,245168,245165,245176,245178,178207,245169,145084,245163,245173,245164,245162],"class_list":["post-178429","post","type-post","status-publish","format-standard","has-post-thumbnail","hentry","category-economia-2","category-gerais","tag-amazon","tag-atracao-de-investimentos-para-minas-gerais","tag-centro-de-distribuicao-da-vulcabras-em-extrema","tag-centro-de-distribuicao-da-vulcabras-em-minas","tag-centro-de-distribuicao-da-vulcabras-em-minas-gerais","tag-dafiti","tag-destaque","tag-diretor-de-supply-da-vulcabras","tag-e-commerce-em-minas-gerais","tag-extrema","tag-fernando-passalio","tag-governador-romeu-zema","tag-indi-minas-gerais","tag-investimentos-em-minas-gerais","tag-larissa-batista","tag-magazine-luiza","tag-mercado-livre","tag-mizuno-em-minas-gerais","tag-netshoes","tag-olympikus-em-minas-gerais","tag-operacao-da-vulcabras-em-minas","tag-privalia","tag-rodrigo-miceli","tag-romeu-zema","tag-under-e-armour-em-minas-gerais","tag-via-varejo","tag-vulcabras","tag-vulcabras-em-extrema","tag-vulcabras-em-minas","tag-vulcabras-inaugura-operacao-logistica-em-minas"],"yoast_head":"<!-- This site is optimized with the Yoast SEO plugin v28.3 - https:\/\/yoast.com\/product\/yoast-seo-wordpress\/ -->\n<title>Vulcabras inaugura opera\u00e7\u00e3o log\u00edstica em Minas - Aconteceu no Vale<\/title>\n<meta name=\"robots\" content=\"index, follow, max-snippet:-1, max-image-preview:large, max-video-preview:-1\" \/>\n<link rel=\"canonical\" href=\"https:\/\/aconteceunovale.com.br\/portal\/?p=178429\" \/>\n<meta property=\"og:locale\" content=\"pt_BR\" \/>\n<meta property=\"og:type\" content=\"article\" \/>\n<meta property=\"og:title\" content=\"Vulcabras inaugura opera\u00e7\u00e3o log\u00edstica em Minas - Aconteceu no Vale\" \/>\n<meta property=\"og:description\" content=\"O segmento de log\u00edstica e e-commerce de Minas Gerais acaba de ganhar importante refor\u00e7o. A Vulcabras, maior gestora de marcas de artigos esportivos do pa\u00eds &#8211;\u00a0detentora da Mizuno, Olympikus, Under e Armour -,\u00a0acaba de inaugurar um centro de distribui\u00e7\u00e3o em Extrema, na regi\u00e3o Sul do Estado. A nova unidade concentrar\u00e1 principalmente as opera\u00e7\u00f5es de vendas [&hellip;]\" \/>\n<meta property=\"og:url\" content=\"https:\/\/aconteceunovale.com.br\/portal\/?p=178429\" \/>\n<meta property=\"og:site_name\" content=\"Aconteceu no Vale\" \/>\n<meta property=\"article:publisher\" content=\"https:\/\/www.facebook.com\/aconteceunovale\/\" \/>\n<meta property=\"article:published_time\" content=\"2021-05-16T00:35:26+00:00\" \/>\n<meta property=\"article:modified_time\" content=\"2021-05-16T00:40:37+00:00\" \/>\n<meta property=\"og:image\" content=\"https:\/\/aconteceunovale.com.br\/portal\/wp-content\/uploads\/2021\/05\/vulcabras.jpeg\" \/>\n\t<meta property=\"og:image:width\" content=\"675\" \/>\n\t<meta property=\"og:image:height\" content=\"450\" \/>\n\t<meta property=\"og:image:type\" content=\"image\/jpeg\" \/>\n<meta name=\"author\" content=\"Reda\u00e7\u00e3o Aconteceu no Vale\" \/>\n<meta name=\"twitter:card\" content=\"summary_large_image\" \/>\n<meta name=\"twitter:creator\" content=\"@noticiadosvales\" \/>\n<meta name=\"twitter:site\" content=\"@noticiadosvales\" \/>\n<meta name=\"twitter:label1\" content=\"Escrito por\" \/>\n\t<meta name=\"twitter:data1\" content=\"Reda\u00e7\u00e3o Aconteceu no Vale\" \/>\n\t<meta name=\"twitter:label2\" content=\"Est. tempo de leitura\" \/>\n\t<meta name=\"twitter:data2\" content=\"3 minutos\" \/>\n<script type=\"application\/ld+json\" class=\"yoast-schema-graph\">{\"@context\":\"https:\\\/\\\/schema.org\",\"@graph\":[{\"@type\":\"Article\",\"@id\":\"https:\\\/\\\/aconteceunovale.com.br\\\/portal\\\/?p=178429#article\",\"isPartOf\":{\"@id\":\"https:\\\/\\\/aconteceunovale.com.br\\\/portal\\\/?p=178429\"},\"author\":{\"name\":\"Reda\u00e7\u00e3o Aconteceu no Vale\",\"@id\":\"https:\\\/\\\/aconteceunovale.com.br\\\/portal\\\/#\\\/schema\\\/person\\\/7d2f26d1483f8a63de73da1ee0754d35\"},\"headline\":\"Vulcabras inaugura opera\u00e7\u00e3o log\u00edstica em Minas\",\"datePublished\":\"2021-05-16T00:35:26+00:00\",\"dateModified\":\"2021-05-16T00:40:37+00:00\",\"mainEntityOfPage\":{\"@id\":\"https:\\\/\\\/aconteceunovale.com.br\\\/portal\\\/?p=178429\"},\"wordCount\":647,\"commentCount\":0,\"image\":{\"@id\":\"https:\\\/\\\/aconteceunovale.com.br\\\/portal\\\/?p=178429#primaryimage\"},\"thumbnailUrl\":\"https:\\\/\\\/aconteceunovale.com.br\\\/portal\\\/wp-content\\\/uploads\\\/2021\\\/05\\\/vulcabras.jpeg\",\"keywords\":[\"Amazon\",\"Atra\u00e7\u00e3o de investimentos para Minas Gerais\",\"Centro de distribui\u00e7\u00e3o da Vulcabras em Extrema\",\"Centro de distribui\u00e7\u00e3o da Vulcabras em Minas\",\"Centro de distribui\u00e7\u00e3o da Vulcabras em Minas Gerais\",\"Dafiti\",\"destaque\",\"Diretor de Supply da Vulcabras\",\"E-commerce em Minas Gerais\",\"Extrema\",\"Fernando Passalio\",\"Governador Romeu Zema\",\"Indi Minas Gerais\",\"investimentos em minas gerais\",\"Larissa Batista\",\"Magazine Luiza\",\"Mercado Livre\",\"Mizuno em Minas Gerais\",\"Netshoes\",\"Olympikus em Minas Gerais\",\"Opera\u00e7\u00e3o da Vulcabras em Minas\",\"Privalia\",\"Rodrigo Miceli\",\"Romeu Zema\",\"Under e Armour em Minas Gerais\",\"Via Varejo\",\"Vulcabras\",\"Vulcabras em Extrema\",\"Vulcabras em Minas\",\"Vulcabras inaugura opera\u00e7\u00e3o log\u00edstica em Minas\"],\"articleSection\":[\"Economia\",\"Minas Gerais\"],\"inLanguage\":\"pt-BR\",\"potentialAction\":[{\"@type\":\"CommentAction\",\"name\":\"Comment\",\"target\":[\"https:\\\/\\\/aconteceunovale.com.br\\\/portal\\\/?p=178429#respond\"]}]},{\"@type\":\"WebPage\",\"@id\":\"https:\\\/\\\/aconteceunovale.com.br\\\/portal\\\/?p=178429\",\"url\":\"https:\\\/\\\/aconteceunovale.com.br\\\/portal\\\/?p=178429\",\"name\":\"Vulcabras inaugura opera\u00e7\u00e3o log\u00edstica em Minas - Aconteceu no Vale\",\"isPartOf\":{\"@id\":\"https:\\\/\\\/aconteceunovale.com.br\\\/portal\\\/#website\"},\"primaryImageOfPage\":{\"@id\":\"https:\\\/\\\/aconteceunovale.com.br\\\/portal\\\/?p=178429#primaryimage\"},\"image\":{\"@id\":\"https:\\\/\\\/aconteceunovale.com.br\\\/portal\\\/?p=178429#primaryimage\"},\"thumbnailUrl\":\"https:\\\/\\\/aconteceunovale.com.br\\\/portal\\\/wp-content\\\/uploads\\\/2021\\\/05\\\/vulcabras.jpeg\",\"datePublished\":\"2021-05-16T00:35:26+00:00\",\"dateModified\":\"2021-05-16T00:40:37+00:00\",\"author\":{\"@id\":\"https:\\\/\\\/aconteceunovale.com.br\\\/portal\\\/#\\\/schema\\\/person\\\/7d2f26d1483f8a63de73da1ee0754d35\"},\"breadcrumb\":{\"@id\":\"https:\\\/\\\/aconteceunovale.com.br\\\/portal\\\/?p=178429#breadcrumb\"},\"inLanguage\":\"pt-BR\",\"potentialAction\":[{\"@type\":\"ReadAction\",\"target\":[\"https:\\\/\\\/aconteceunovale.com.br\\\/portal\\\/?p=178429\"]}]},{\"@type\":\"ImageObject\",\"inLanguage\":\"pt-BR\",\"@id\":\"https:\\\/\\\/aconteceunovale.com.br\\\/portal\\\/?p=178429#primaryimage\",\"url\":\"https:\\\/\\\/aconteceunovale.com.br\\\/portal\\\/wp-content\\\/uploads\\\/2021\\\/05\\\/vulcabras.jpeg\",\"contentUrl\":\"https:\\\/\\\/aconteceunovale.com.br\\\/portal\\\/wp-content\\\/uploads\\\/2021\\\/05\\\/vulcabras.jpeg\",\"width\":675,\"height\":450},{\"@type\":\"BreadcrumbList\",\"@id\":\"https:\\\/\\\/aconteceunovale.com.br\\\/portal\\\/?p=178429#breadcrumb\",\"itemListElement\":[{\"@type\":\"ListItem\",\"position\":1,\"name\":\"In\u00edcio\",\"item\":\"https:\\\/\\\/aconteceunovale.com.br\\\/portal\\\/\"},{\"@type\":\"ListItem\",\"position\":2,\"name\":\"Vulcabras inaugura opera\u00e7\u00e3o log\u00edstica em Minas\"}]},{\"@type\":\"WebSite\",\"@id\":\"https:\\\/\\\/aconteceunovale.com.br\\\/portal\\\/#website\",\"url\":\"https:\\\/\\\/aconteceunovale.com.br\\\/portal\\\/\",\"name\":\"Aconteceu no Vale\",\"description\":\"Portal de Not\u00edcias\",\"potentialAction\":[{\"@type\":\"SearchAction\",\"target\":{\"@type\":\"EntryPoint\",\"urlTemplate\":\"https:\\\/\\\/aconteceunovale.com.br\\\/portal\\\/?s={search_term_string}\"},\"query-input\":{\"@type\":\"PropertyValueSpecification\",\"valueRequired\":true,\"valueName\":\"search_term_string\"}}],\"inLanguage\":\"pt-BR\"},{\"@type\":\"Person\",\"@id\":\"https:\\\/\\\/aconteceunovale.com.br\\\/portal\\\/#\\\/schema\\\/person\\\/7d2f26d1483f8a63de73da1ee0754d35\",\"name\":\"Reda\u00e7\u00e3o Aconteceu no Vale\",\"description\":\"Equipe de reportagem do Aconteceu no Vale, portal de not\u00edcias do Vale do Jequitinhonha, em Minas Gerais. Cobrimos as 51 cidades do Vale desde 2013. Sugest\u00f5es de pauta e pedidos de corre\u00e7\u00e3o: contato@aconteceunovale.com.br\",\"url\":\"https:\\\/\\\/aconteceunovale.com.br\\\/portal\\\/?author=4\"}]}<\/script>\n<!-- \/ Yoast SEO plugin. -->","yoast_head_json":{"title":"Vulcabras inaugura opera\u00e7\u00e3o log\u00edstica em Minas - Aconteceu no Vale","robots":{"index":"index","follow":"follow","max-snippet":"max-snippet:-1","max-image-preview":"max-image-preview:large","max-video-preview":"max-video-preview:-1"},"canonical":"https:\/\/aconteceunovale.com.br\/portal\/?p=178429","og_locale":"pt_BR","og_type":"article","og_title":"Vulcabras inaugura opera\u00e7\u00e3o log\u00edstica em Minas - Aconteceu no Vale","og_description":"O segmento de log\u00edstica e e-commerce de Minas Gerais acaba de ganhar importante refor\u00e7o. A Vulcabras, maior gestora de marcas de artigos esportivos do pa\u00eds &#8211;\u00a0detentora da Mizuno, Olympikus, Under e Armour -,\u00a0acaba de inaugurar um centro de distribui\u00e7\u00e3o em Extrema, na regi\u00e3o Sul do Estado. A nova unidade concentrar\u00e1 principalmente as opera\u00e7\u00f5es de vendas [&hellip;]","og_url":"https:\/\/aconteceunovale.com.br\/portal\/?p=178429","og_site_name":"Aconteceu no Vale","article_publisher":"https:\/\/www.facebook.com\/aconteceunovale\/","article_published_time":"2021-05-16T00:35:26+00:00","article_modified_time":"2021-05-16T00:40:37+00:00","og_image":[{"width":675,"height":450,"url":"https:\/\/aconteceunovale.com.br\/portal\/wp-content\/uploads\/2021\/05\/vulcabras.jpeg","type":"image\/jpeg"}],"author":"Reda\u00e7\u00e3o Aconteceu no Vale","twitter_card":"summary_large_image","twitter_creator":"@noticiadosvales","twitter_site":"@noticiadosvales","twitter_misc":{"Escrito por":"Reda\u00e7\u00e3o Aconteceu no Vale","Est. tempo de leitura":"3 minutos"},"schema":{"@context":"https:\/\/schema.org","@graph":[{"@type":"Article","@id":"https:\/\/aconteceunovale.com.br\/portal\/?p=178429#article","isPartOf":{"@id":"https:\/\/aconteceunovale.com.br\/portal\/?p=178429"},"author":{"name":"Reda\u00e7\u00e3o Aconteceu no Vale","@id":"https:\/\/aconteceunovale.com.br\/portal\/#\/schema\/person\/7d2f26d1483f8a63de73da1ee0754d35"},"headline":"Vulcabras inaugura opera\u00e7\u00e3o log\u00edstica em Minas","datePublished":"2021-05-16T00:35:26+00:00","dateModified":"2021-05-16T00:40:37+00:00","mainEntityOfPage":{"@id":"https:\/\/aconteceunovale.com.br\/portal\/?p=178429"},"wordCount":647,"commentCount":0,"image":{"@id":"https:\/\/aconteceunovale.com.br\/portal\/?p=178429#primaryimage"},"thumbnailUrl":"https:\/\/aconteceunovale.com.br\/portal\/wp-content\/uploads\/2021\/05\/vulcabras.jpeg","keywords":["Amazon","Atra\u00e7\u00e3o de investimentos para Minas Gerais","Centro de distribui\u00e7\u00e3o da Vulcabras em Extrema","Centro de distribui\u00e7\u00e3o da Vulcabras em Minas","Centro de distribui\u00e7\u00e3o da Vulcabras em Minas Gerais","Dafiti","destaque","Diretor de Supply da Vulcabras","E-commerce em Minas Gerais","Extrema","Fernando Passalio","Governador Romeu Zema","Indi Minas Gerais","investimentos em minas gerais","Larissa Batista","Magazine Luiza","Mercado Livre","Mizuno em Minas Gerais","Netshoes","Olympikus em Minas Gerais","Opera\u00e7\u00e3o da Vulcabras em Minas","Privalia","Rodrigo Miceli","Romeu Zema","Under e Armour em Minas Gerais","Via Varejo","Vulcabras","Vulcabras em Extrema","Vulcabras em Minas","Vulcabras inaugura opera\u00e7\u00e3o log\u00edstica em Minas"],"articleSection":["Economia","Minas Gerais"],"inLanguage":"pt-BR","potentialAction":[{"@type":"CommentAction","name":"Comment","target":["https:\/\/aconteceunovale.com.br\/portal\/?p=178429#respond"]}]},{"@type":"WebPage","@id":"https:\/\/aconteceunovale.com.br\/portal\/?p=178429","url":"https:\/\/aconteceunovale.com.br\/portal\/?p=178429","name":"Vulcabras inaugura opera\u00e7\u00e3o log\u00edstica em Minas - Aconteceu no Vale","isPartOf":{"@id":"https:\/\/aconteceunovale.com.br\/portal\/#website"},"primaryImageOfPage":{"@id":"https:\/\/aconteceunovale.com.br\/portal\/?p=178429#primaryimage"},"image":{"@id":"https:\/\/aconteceunovale.com.br\/portal\/?p=178429#primaryimage"},"thumbnailUrl":"https:\/\/aconteceunovale.com.br\/portal\/wp-content\/uploads\/2021\/05\/vulcabras.jpeg","datePublished":"2021-05-16T00:35:26+00:00","dateModified":"2021-05-16T00:40:37+00:00","author":{"@id":"https:\/\/aconteceunovale.com.br\/portal\/#\/schema\/person\/7d2f26d1483f8a63de73da1ee0754d35"},"breadcrumb":{"@id":"https:\/\/aconteceunovale.com.br\/portal\/?p=178429#breadcrumb"},"inLanguage":"pt-BR","potentialAction":[{"@type":"ReadAction","target":["https:\/\/aconteceunovale.com.br\/portal\/?p=178429"]}]},{"@type":"ImageObject","inLanguage":"pt-BR","@id":"https:\/\/aconteceunovale.com.br\/portal\/?p=178429#primaryimage","url":"https:\/\/aconteceunovale.com.br\/portal\/wp-content\/uploads\/2021\/05\/vulcabras.jpeg","contentUrl":"https:\/\/aconteceunovale.com.br\/portal\/wp-content\/uploads\/2021\/05\/vulcabras.jpeg","width":675,"height":450},{"@type":"BreadcrumbList","@id":"https:\/\/aconteceunovale.com.br\/portal\/?p=178429#breadcrumb","itemListElement":[{"@type":"ListItem","position":1,"name":"In\u00edcio","item":"https:\/\/aconteceunovale.com.br\/portal\/"},{"@type":"ListItem","position":2,"name":"Vulcabras inaugura opera\u00e7\u00e3o log\u00edstica em Minas"}]},{"@type":"WebSite","@id":"https:\/\/aconteceunovale.com.br\/portal\/#website","url":"https:\/\/aconteceunovale.com.br\/portal\/","name":"Aconteceu no Vale","description":"Portal de Not\u00edcias","potentialAction":[{"@type":"SearchAction","target":{"@type":"EntryPoint","urlTemplate":"https:\/\/aconteceunovale.com.br\/portal\/?s={search_term_string}"},"query-input":{"@type":"PropertyValueSpecification","valueRequired":true,"valueName":"search_term_string"}}],"inLanguage":"pt-BR"},{"@type":"Person","@id":"https:\/\/aconteceunovale.com.br\/portal\/#\/schema\/person\/7d2f26d1483f8a63de73da1ee0754d35","name":"Reda\u00e7\u00e3o Aconteceu no Vale","description":"Equipe de reportagem do Aconteceu no Vale, portal de not\u00edcias do Vale do Jequitinhonha, em Minas Gerais. Cobrimos as 51 cidades do Vale desde 2013. Sugest\u00f5es de pauta e pedidos de corre\u00e7\u00e3o: contato@aconteceunovale.com.br","url":"https:\/\/aconteceunovale.com.br\/portal\/?author=4"}]}},"_links":{"self":[{"href":"https:\/\/aconteceunovale.com.br\/portal\/index.php?rest_route=\/wp\/v2\/posts\/178429","targetHints":{"allow":["GET"]}}],"collection":[{"href":"https:\/\/aconteceunovale.com.br\/portal\/index.php?rest_route=\/wp\/v2\/posts"}],"about":[{"href":"https:\/\/aconteceunovale.com.br\/portal\/index.php?rest_route=\/wp\/v2\/types\/post"}],"author":[{"embeddable":true,"href":"https:\/\/aconteceunovale.com.br\/portal\/index.php?rest_route=\/wp\/v2\/users\/4"}],"replies":[{"embeddable":true,"href":"https:\/\/aconteceunovale.com.br\/portal\/index.php?rest_route=%2Fwp%2Fv2%2Fcomments&post=178429"}],"version-history":[{"count":2,"href":"https:\/\/aconteceunovale.com.br\/portal\/index.php?rest_route=\/wp\/v2\/posts\/178429\/revisions"}],"predecessor-version":[{"id":178432,"href":"https:\/\/aconteceunovale.com.br\/portal\/index.php?rest_route=\/wp\/v2\/posts\/178429\/revisions\/178432"}],"wp:featuredmedia":[{"embeddable":true,"href":"https:\/\/aconteceunovale.com.br\/portal\/index.php?rest_route=\/wp\/v2\/media\/178430"}],"wp:attachment":[{"href":"https:\/\/aconteceunovale.com.br\/portal\/index.php?rest_route=%2Fwp%2Fv2%2Fmedia&parent=178429"}],"wp:term":[{"taxonomy":"category","embeddable":true,"href":"https:\/\/aconteceunovale.com.br\/portal\/index.php?rest_route=%2Fwp%2Fv2%2Fcategories&post=178429"},{"taxonomy":"post_tag","embeddable":true,"href":"https:\/\/aconteceunovale.com.br\/portal\/index.php?rest_route=%2Fwp%2Fv2%2Ftags&post=178429"}],"curies":[{"name":"wp","href":"https:\/\/api.w.org\/{rel}","templated":true}]}}