{"id":178354,"date":"2021-05-11T13:11:50","date_gmt":"2021-05-11T16:11:50","guid":{"rendered":"https:\/\/aconteceunovale.com.br\/portal\/?p=178354"},"modified":"2021-05-11T13:12:19","modified_gmt":"2021-05-11T16:12:19","slug":"iniciada-a-segunda-etapa-da-campanha-de-vacinacao-contra-gripe","status":"publish","type":"post","link":"https:\/\/aconteceunovale.com.br\/portal\/?p=178354","title":{"rendered":"Iniciada a segunda etapa da campanha de vacina\u00e7\u00e3o contra gripe"},"content":{"rendered":"\n<p class=\"wp-block-paragraph\">A&nbsp;segunda&nbsp;etapa da Campanha Nacional de Vacina\u00e7\u00e3o contra a gripe influenza come\u00e7ou&nbsp;hoje&nbsp;(11\/5\/2021) e vai at\u00e9 o dia&nbsp;8 de junho.&nbsp;A imuniza\u00e7\u00e3o de p\u00fablicos priorit\u00e1rios foi iniciada no m\u00eas passado e a estimativa do Minist\u00e9rio da Sa\u00fade \u00e9 vacinar, no total, 79,7 milh\u00f5es de pessoas.<\/p>\n\n\n\n<p class=\"wp-block-paragraph\">A&nbsp;segunda&nbsp;etapa \u00e9 destinada a idosos com mais de 60 anos e professores. Cerca de 33 milh\u00f5es dever\u00e3o ser imunizados nesta fase.<\/p>\n\n\n\n<p class=\"wp-block-paragraph\">A terceira fase, entre&nbsp;9 de junho&nbsp;e&nbsp;9 de julho, abranger\u00e1 cerca de 22 milh\u00f5es de pessoas. Comp\u00f5em esse p\u00fablico-alvo integrantes das For\u00e7as Armadas, de seguran\u00e7a e de salvamento; pessoas com comorbidades, condi\u00e7\u00f5es cl\u00ednicas especiais ou com defici\u00eancia permanente; caminhoneiros; trabalhadores de transporte coletivo rodovi\u00e1rio; trabalhadores portu\u00e1rios; funcion\u00e1rios do sistema de priva\u00e7\u00e3o de liberdade; popula\u00e7\u00e3o privada de liberdade; e adolescentes em medidas socioeducativas.<\/p>\n\n\n\n<p class=\"wp-block-paragraph\">A campanha teve in\u00edcio no dia&nbsp;12 de abril&nbsp;com a vacina\u00e7\u00e3o de crian\u00e7as entre seis meses e seis anos, povos ind\u00edgenas, trabalhadores da \u00e1rea da sa\u00fade, gestantes e mulheres pu\u00e9rperas (que est\u00e3o no per\u00edodo de at\u00e9 45 dias ap\u00f3s o parto). &nbsp;Pessoas que tomaram a primeira ou a&nbsp;segunda&nbsp;dose da vacina contra a covid-19 devem esperar pelo menos 14 dias para tomar o imunizante contra a gripe.<\/p>\n\n\n\n<p class=\"wp-block-paragraph\">De acordo com o\u00a0vacin\u00f4metro da campanha, j\u00e1 foram aplicadas 6,9 milh\u00f5es das 27, 3 milh\u00f5es de doses distribu\u00eddas a todos os estados.\u00a0<\/p>\n\n\n\n<p class=\"wp-block-paragraph\">&#8212;&#8212;&#8212;&#8212;&#8212;&#8212;<br><em>Quer receber as not\u00edcias do <strong>Aconteceu no Vale<\/strong> em primeira m\u00e3o? Siga-nos no Facebook <a rel=\"noreferrer noopener\" href=\"http:\/\/facebook.com\/aconteceunovale\" target=\"_blank\">@aconteceunovale<\/a>, Twitter <a rel=\"noreferrer noopener\" href=\"https:\/\/twitter.com\/noticiadosvales\" target=\"_blank\">@noticiadosvales<\/a> e Instagram <a rel=\"noreferrer noopener\" href=\"https:\/\/www.instagram.com\/aconteceunovale\" target=\"_blank\">@aconteceunovale<\/a>.<\/em><\/p>\n","protected":false},"excerpt":{"rendered":"<p>A&nbsp;segunda&nbsp;etapa da Campanha Nacional de Vacina\u00e7\u00e3o contra a gripe influenza come\u00e7ou&nbsp;hoje&nbsp;(11\/5\/2021) e vai at\u00e9 o dia&nbsp;8 de junho.&nbsp;A imuniza\u00e7\u00e3o de p\u00fablicos priorit\u00e1rios foi iniciada no m\u00eas passado e a estimativa do Minist\u00e9rio da Sa\u00fade \u00e9 vacinar, no total, 79,7 milh\u00f5es de pessoas. A&nbsp;segunda&nbsp;etapa \u00e9 destinada a idosos com mais de 60 anos e professores. Cerca [&hellip;]<\/p>\n","protected":false},"author":4,"featured_media":174130,"comment_status":"open","ping_status":"closed","sticky":false,"template":"","format":"standard","meta":{"amp_status":"","footnotes":""},"categories":[6,40242],"tags":[242928,242589,242588,6224,242927,214884,216498,43373,147989,150317,245027,239762,19326,23476,23479,140166,242593,242592,242591,174897,242594,242590,43700,242926,203844],"class_list":["post-178354","post","type-post","status-publish","format-standard","has-post-thumbnail","hentry","category-br","category-saude-2","tag-arnaldo-medeiros","tag-campanha-de-imunizacao-contra-a-gripe","tag-campanha-de-imunizacao-contra-a-gripe-comeca-no-dia-12-de-abril","tag-campanha-de-vacinacao-contra-a-gripe","tag-campanha-nacional-de-vacinacao-contra-a-gripe-influenza","tag-coronavirus","tag-covid-19","tag-gripe","tag-imunizacao-contra-a-gripe","tag-influenza","tag-iniciada-a-segunda-etapa-da-campanha-de-vacinacao-contra-gripe","tag-marcelo-queiroga","tag-ministerio-da-saude","tag-oms","tag-organizacao-mundial-da-saude","tag-pandemia","tag-publico-alvo-da-vacina-da-gripe","tag-publico-alvo-da-vacinacao-contra-a-gripe","tag-publico-prioritario-de-vacinacao-contra-a-gripe","tag-vacina-da-gripe","tag-vacina-da-gripe-e-covid-19","tag-vacina-gripe","tag-vacinacao-contra-a-gripe","tag-vacinacao-contra-a-gripe-deve-atingir-80-milhoes-de-brasileiros","tag-vigilancia-em-saude"],"yoast_head":"<!-- This site is optimized with the Yoast SEO plugin v28.3 - https:\/\/yoast.com\/product\/yoast-seo-wordpress\/ -->\n<title>Iniciada a segunda etapa da campanha de vacina\u00e7\u00e3o contra gripe - Aconteceu no Vale<\/title>\n<meta name=\"robots\" content=\"index, follow, max-snippet:-1, max-image-preview:large, max-video-preview:-1\" \/>\n<link rel=\"canonical\" href=\"https:\/\/aconteceunovale.com.br\/portal\/?p=178354\" \/>\n<meta property=\"og:locale\" content=\"pt_BR\" \/>\n<meta property=\"og:type\" content=\"article\" \/>\n<meta property=\"og:title\" content=\"Iniciada a segunda etapa da campanha de vacina\u00e7\u00e3o contra gripe - Aconteceu no Vale\" \/>\n<meta property=\"og:description\" content=\"A&nbsp;segunda&nbsp;etapa da Campanha Nacional de Vacina\u00e7\u00e3o contra a gripe influenza come\u00e7ou&nbsp;hoje&nbsp;(11\/5\/2021) e vai at\u00e9 o dia&nbsp;8 de junho.&nbsp;A imuniza\u00e7\u00e3o de p\u00fablicos priorit\u00e1rios foi iniciada no m\u00eas passado e a estimativa do Minist\u00e9rio da Sa\u00fade \u00e9 vacinar, no total, 79,7 milh\u00f5es de pessoas. A&nbsp;segunda&nbsp;etapa \u00e9 destinada a idosos com mais de 60 anos e professores. Cerca [&hellip;]\" \/>\n<meta property=\"og:url\" content=\"https:\/\/aconteceunovale.com.br\/portal\/?p=178354\" \/>\n<meta property=\"og:site_name\" content=\"Aconteceu no Vale\" \/>\n<meta property=\"article:publisher\" content=\"https:\/\/www.facebook.com\/aconteceunovale\/\" \/>\n<meta property=\"article:published_time\" content=\"2021-05-11T16:11:50+00:00\" \/>\n<meta property=\"article:modified_time\" content=\"2021-05-11T16:12:19+00:00\" \/>\n<meta property=\"og:image\" content=\"https:\/\/aconteceunovale.com.br\/portal\/wp-content\/uploads\/2021\/02\/vacina_covid_imunizacao.jpg\" \/>\n\t<meta property=\"og:image:width\" content=\"678\" \/>\n\t<meta property=\"og:image:height\" content=\"406\" \/>\n\t<meta property=\"og:image:type\" content=\"image\/jpeg\" \/>\n<meta name=\"author\" content=\"Reda\u00e7\u00e3o Aconteceu no Vale\" \/>\n<meta name=\"twitter:card\" content=\"summary_large_image\" \/>\n<meta name=\"twitter:creator\" content=\"@noticiadosvales\" \/>\n<meta name=\"twitter:site\" content=\"@noticiadosvales\" \/>\n<meta name=\"twitter:label1\" content=\"Escrito por\" \/>\n\t<meta name=\"twitter:data1\" content=\"Reda\u00e7\u00e3o Aconteceu no Vale\" \/>\n\t<meta name=\"twitter:label2\" content=\"Est. tempo de leitura\" \/>\n\t<meta name=\"twitter:data2\" content=\"1 minuto\" \/>\n<script type=\"application\/ld+json\" class=\"yoast-schema-graph\">{\"@context\":\"https:\\\/\\\/schema.org\",\"@graph\":[{\"@type\":\"Article\",\"@id\":\"https:\\\/\\\/aconteceunovale.com.br\\\/portal\\\/?p=178354#article\",\"isPartOf\":{\"@id\":\"https:\\\/\\\/aconteceunovale.com.br\\\/portal\\\/?p=178354\"},\"author\":{\"name\":\"Reda\u00e7\u00e3o Aconteceu no Vale\",\"@id\":\"https:\\\/\\\/aconteceunovale.com.br\\\/portal\\\/#\\\/schema\\\/person\\\/7d2f26d1483f8a63de73da1ee0754d35\"},\"headline\":\"Iniciada a segunda etapa da campanha de vacina\u00e7\u00e3o contra gripe\",\"datePublished\":\"2021-05-11T16:11:50+00:00\",\"dateModified\":\"2021-05-11T16:12:19+00:00\",\"mainEntityOfPage\":{\"@id\":\"https:\\\/\\\/aconteceunovale.com.br\\\/portal\\\/?p=178354\"},\"wordCount\":298,\"commentCount\":0,\"image\":{\"@id\":\"https:\\\/\\\/aconteceunovale.com.br\\\/portal\\\/?p=178354#primaryimage\"},\"thumbnailUrl\":\"https:\\\/\\\/aconteceunovale.com.br\\\/portal\\\/wp-content\\\/uploads\\\/2021\\\/02\\\/vacina_covid_imunizacao.jpg\",\"keywords\":[\"Arnaldo Medeiros\",\"Campanha de imuniza\u00e7\u00e3o contra a gripe\",\"Campanha de imuniza\u00e7\u00e3o contra a gripe come\u00e7a no dia 12 de abril\",\"Campanha de Vacina\u00e7\u00e3o contra a Gripe\",\"Campanha Nacional de Vacina\u00e7\u00e3o contra a gripe influenza\",\"Coronav\u00edrus\",\"COVID-19\",\"gripe\",\"Imuniza\u00e7\u00e3o contra a gripe\",\"Influenza\",\"Iniciada a segunda etapa da campanha de vacina\u00e7\u00e3o contra gripe\",\"Marcelo Queiroga\",\"Minist\u00e9rio da Sa\u00fade\",\"OMS\",\"Organiza\u00e7\u00e3o Mundial da Sa\u00fade\",\"pandemia\",\"P\u00fablico alvo da vacina da gripe\",\"P\u00fablico alvo da vacina\u00e7\u00e3o contra a gripe\",\"P\u00fablico priorit\u00e1rio de vacina\u00e7\u00e3o contra a gripe\",\"Vacina da gripe\",\"Vacina da gripe e Covid-19\",\"Vacina gripe\",\"Vacina\u00e7\u00e3o contra a Gripe\",\"Vacina\u00e7\u00e3o contra a gripe deve atingir 80 milh\u00f5es de brasileiros\",\"Vigil\u00e2ncia em Sa\u00fade\"],\"articleSection\":[\"Brasil\",\"Sa\u00fade\"],\"inLanguage\":\"pt-BR\",\"potentialAction\":[{\"@type\":\"CommentAction\",\"name\":\"Comment\",\"target\":[\"https:\\\/\\\/aconteceunovale.com.br\\\/portal\\\/?p=178354#respond\"]}]},{\"@type\":\"WebPage\",\"@id\":\"https:\\\/\\\/aconteceunovale.com.br\\\/portal\\\/?p=178354\",\"url\":\"https:\\\/\\\/aconteceunovale.com.br\\\/portal\\\/?p=178354\",\"name\":\"Iniciada a segunda etapa da campanha de vacina\u00e7\u00e3o contra gripe - Aconteceu no Vale\",\"isPartOf\":{\"@id\":\"https:\\\/\\\/aconteceunovale.com.br\\\/portal\\\/#website\"},\"primaryImageOfPage\":{\"@id\":\"https:\\\/\\\/aconteceunovale.com.br\\\/portal\\\/?p=178354#primaryimage\"},\"image\":{\"@id\":\"https:\\\/\\\/aconteceunovale.com.br\\\/portal\\\/?p=178354#primaryimage\"},\"thumbnailUrl\":\"https:\\\/\\\/aconteceunovale.com.br\\\/portal\\\/wp-content\\\/uploads\\\/2021\\\/02\\\/vacina_covid_imunizacao.jpg\",\"datePublished\":\"2021-05-11T16:11:50+00:00\",\"dateModified\":\"2021-05-11T16:12:19+00:00\",\"author\":{\"@id\":\"https:\\\/\\\/aconteceunovale.com.br\\\/portal\\\/#\\\/schema\\\/person\\\/7d2f26d1483f8a63de73da1ee0754d35\"},\"breadcrumb\":{\"@id\":\"https:\\\/\\\/aconteceunovale.com.br\\\/portal\\\/?p=178354#breadcrumb\"},\"inLanguage\":\"pt-BR\",\"potentialAction\":[{\"@type\":\"ReadAction\",\"target\":[\"https:\\\/\\\/aconteceunovale.com.br\\\/portal\\\/?p=178354\"]}]},{\"@type\":\"ImageObject\",\"inLanguage\":\"pt-BR\",\"@id\":\"https:\\\/\\\/aconteceunovale.com.br\\\/portal\\\/?p=178354#primaryimage\",\"url\":\"https:\\\/\\\/aconteceunovale.com.br\\\/portal\\\/wp-content\\\/uploads\\\/2021\\\/02\\\/vacina_covid_imunizacao.jpg\",\"contentUrl\":\"https:\\\/\\\/aconteceunovale.com.br\\\/portal\\\/wp-content\\\/uploads\\\/2021\\\/02\\\/vacina_covid_imunizacao.jpg\",\"width\":678,\"height\":406},{\"@type\":\"BreadcrumbList\",\"@id\":\"https:\\\/\\\/aconteceunovale.com.br\\\/portal\\\/?p=178354#breadcrumb\",\"itemListElement\":[{\"@type\":\"ListItem\",\"position\":1,\"name\":\"In\u00edcio\",\"item\":\"https:\\\/\\\/aconteceunovale.com.br\\\/portal\\\/\"},{\"@type\":\"ListItem\",\"position\":2,\"name\":\"Iniciada a segunda etapa da campanha de vacina\u00e7\u00e3o contra gripe\"}]},{\"@type\":\"WebSite\",\"@id\":\"https:\\\/\\\/aconteceunovale.com.br\\\/portal\\\/#website\",\"url\":\"https:\\\/\\\/aconteceunovale.com.br\\\/portal\\\/\",\"name\":\"Aconteceu no Vale\",\"description\":\"Portal de Not\u00edcias\",\"potentialAction\":[{\"@type\":\"SearchAction\",\"target\":{\"@type\":\"EntryPoint\",\"urlTemplate\":\"https:\\\/\\\/aconteceunovale.com.br\\\/portal\\\/?s={search_term_string}\"},\"query-input\":{\"@type\":\"PropertyValueSpecification\",\"valueRequired\":true,\"valueName\":\"search_term_string\"}}],\"inLanguage\":\"pt-BR\"},{\"@type\":\"Person\",\"@id\":\"https:\\\/\\\/aconteceunovale.com.br\\\/portal\\\/#\\\/schema\\\/person\\\/7d2f26d1483f8a63de73da1ee0754d35\",\"name\":\"Reda\u00e7\u00e3o Aconteceu no Vale\",\"description\":\"Equipe de reportagem do Aconteceu no Vale, portal de not\u00edcias do Vale do Jequitinhonha, em Minas Gerais. Cobrimos as 51 cidades do Vale desde 2013. Sugest\u00f5es de pauta e pedidos de corre\u00e7\u00e3o: contato@aconteceunovale.com.br\",\"url\":\"https:\\\/\\\/aconteceunovale.com.br\\\/portal\\\/?author=4\"}]}<\/script>\n<!-- \/ Yoast SEO plugin. -->","yoast_head_json":{"title":"Iniciada a segunda etapa da campanha de vacina\u00e7\u00e3o contra gripe - Aconteceu no Vale","robots":{"index":"index","follow":"follow","max-snippet":"max-snippet:-1","max-image-preview":"max-image-preview:large","max-video-preview":"max-video-preview:-1"},"canonical":"https:\/\/aconteceunovale.com.br\/portal\/?p=178354","og_locale":"pt_BR","og_type":"article","og_title":"Iniciada a segunda etapa da campanha de vacina\u00e7\u00e3o contra gripe - Aconteceu no Vale","og_description":"A&nbsp;segunda&nbsp;etapa da Campanha Nacional de Vacina\u00e7\u00e3o contra a gripe influenza come\u00e7ou&nbsp;hoje&nbsp;(11\/5\/2021) e vai at\u00e9 o dia&nbsp;8 de junho.&nbsp;A imuniza\u00e7\u00e3o de p\u00fablicos priorit\u00e1rios foi iniciada no m\u00eas passado e a estimativa do Minist\u00e9rio da Sa\u00fade \u00e9 vacinar, no total, 79,7 milh\u00f5es de pessoas. A&nbsp;segunda&nbsp;etapa \u00e9 destinada a idosos com mais de 60 anos e professores. Cerca [&hellip;]","og_url":"https:\/\/aconteceunovale.com.br\/portal\/?p=178354","og_site_name":"Aconteceu no Vale","article_publisher":"https:\/\/www.facebook.com\/aconteceunovale\/","article_published_time":"2021-05-11T16:11:50+00:00","article_modified_time":"2021-05-11T16:12:19+00:00","og_image":[{"width":678,"height":406,"url":"https:\/\/aconteceunovale.com.br\/portal\/wp-content\/uploads\/2021\/02\/vacina_covid_imunizacao.jpg","type":"image\/jpeg"}],"author":"Reda\u00e7\u00e3o Aconteceu no Vale","twitter_card":"summary_large_image","twitter_creator":"@noticiadosvales","twitter_site":"@noticiadosvales","twitter_misc":{"Escrito por":"Reda\u00e7\u00e3o Aconteceu no Vale","Est. tempo de leitura":"1 minuto"},"schema":{"@context":"https:\/\/schema.org","@graph":[{"@type":"Article","@id":"https:\/\/aconteceunovale.com.br\/portal\/?p=178354#article","isPartOf":{"@id":"https:\/\/aconteceunovale.com.br\/portal\/?p=178354"},"author":{"name":"Reda\u00e7\u00e3o Aconteceu no Vale","@id":"https:\/\/aconteceunovale.com.br\/portal\/#\/schema\/person\/7d2f26d1483f8a63de73da1ee0754d35"},"headline":"Iniciada a segunda etapa da campanha de vacina\u00e7\u00e3o contra gripe","datePublished":"2021-05-11T16:11:50+00:00","dateModified":"2021-05-11T16:12:19+00:00","mainEntityOfPage":{"@id":"https:\/\/aconteceunovale.com.br\/portal\/?p=178354"},"wordCount":298,"commentCount":0,"image":{"@id":"https:\/\/aconteceunovale.com.br\/portal\/?p=178354#primaryimage"},"thumbnailUrl":"https:\/\/aconteceunovale.com.br\/portal\/wp-content\/uploads\/2021\/02\/vacina_covid_imunizacao.jpg","keywords":["Arnaldo Medeiros","Campanha de imuniza\u00e7\u00e3o contra a gripe","Campanha de imuniza\u00e7\u00e3o contra a gripe come\u00e7a no dia 12 de abril","Campanha de Vacina\u00e7\u00e3o contra a Gripe","Campanha Nacional de Vacina\u00e7\u00e3o contra a gripe influenza","Coronav\u00edrus","COVID-19","gripe","Imuniza\u00e7\u00e3o contra a gripe","Influenza","Iniciada a segunda etapa da campanha de vacina\u00e7\u00e3o contra gripe","Marcelo Queiroga","Minist\u00e9rio da Sa\u00fade","OMS","Organiza\u00e7\u00e3o Mundial da Sa\u00fade","pandemia","P\u00fablico alvo da vacina da gripe","P\u00fablico alvo da vacina\u00e7\u00e3o contra a gripe","P\u00fablico priorit\u00e1rio de vacina\u00e7\u00e3o contra a gripe","Vacina da gripe","Vacina da gripe e Covid-19","Vacina gripe","Vacina\u00e7\u00e3o contra a Gripe","Vacina\u00e7\u00e3o contra a gripe deve atingir 80 milh\u00f5es de brasileiros","Vigil\u00e2ncia em Sa\u00fade"],"articleSection":["Brasil","Sa\u00fade"],"inLanguage":"pt-BR","potentialAction":[{"@type":"CommentAction","name":"Comment","target":["https:\/\/aconteceunovale.com.br\/portal\/?p=178354#respond"]}]},{"@type":"WebPage","@id":"https:\/\/aconteceunovale.com.br\/portal\/?p=178354","url":"https:\/\/aconteceunovale.com.br\/portal\/?p=178354","name":"Iniciada a segunda etapa da campanha de vacina\u00e7\u00e3o contra gripe - Aconteceu no Vale","isPartOf":{"@id":"https:\/\/aconteceunovale.com.br\/portal\/#website"},"primaryImageOfPage":{"@id":"https:\/\/aconteceunovale.com.br\/portal\/?p=178354#primaryimage"},"image":{"@id":"https:\/\/aconteceunovale.com.br\/portal\/?p=178354#primaryimage"},"thumbnailUrl":"https:\/\/aconteceunovale.com.br\/portal\/wp-content\/uploads\/2021\/02\/vacina_covid_imunizacao.jpg","datePublished":"2021-05-11T16:11:50+00:00","dateModified":"2021-05-11T16:12:19+00:00","author":{"@id":"https:\/\/aconteceunovale.com.br\/portal\/#\/schema\/person\/7d2f26d1483f8a63de73da1ee0754d35"},"breadcrumb":{"@id":"https:\/\/aconteceunovale.com.br\/portal\/?p=178354#breadcrumb"},"inLanguage":"pt-BR","potentialAction":[{"@type":"ReadAction","target":["https:\/\/aconteceunovale.com.br\/portal\/?p=178354"]}]},{"@type":"ImageObject","inLanguage":"pt-BR","@id":"https:\/\/aconteceunovale.com.br\/portal\/?p=178354#primaryimage","url":"https:\/\/aconteceunovale.com.br\/portal\/wp-content\/uploads\/2021\/02\/vacina_covid_imunizacao.jpg","contentUrl":"https:\/\/aconteceunovale.com.br\/portal\/wp-content\/uploads\/2021\/02\/vacina_covid_imunizacao.jpg","width":678,"height":406},{"@type":"BreadcrumbList","@id":"https:\/\/aconteceunovale.com.br\/portal\/?p=178354#breadcrumb","itemListElement":[{"@type":"ListItem","position":1,"name":"In\u00edcio","item":"https:\/\/aconteceunovale.com.br\/portal\/"},{"@type":"ListItem","position":2,"name":"Iniciada a segunda etapa da campanha de vacina\u00e7\u00e3o contra gripe"}]},{"@type":"WebSite","@id":"https:\/\/aconteceunovale.com.br\/portal\/#website","url":"https:\/\/aconteceunovale.com.br\/portal\/","name":"Aconteceu no Vale","description":"Portal de Not\u00edcias","potentialAction":[{"@type":"SearchAction","target":{"@type":"EntryPoint","urlTemplate":"https:\/\/aconteceunovale.com.br\/portal\/?s={search_term_string}"},"query-input":{"@type":"PropertyValueSpecification","valueRequired":true,"valueName":"search_term_string"}}],"inLanguage":"pt-BR"},{"@type":"Person","@id":"https:\/\/aconteceunovale.com.br\/portal\/#\/schema\/person\/7d2f26d1483f8a63de73da1ee0754d35","name":"Reda\u00e7\u00e3o Aconteceu no Vale","description":"Equipe de reportagem do Aconteceu no Vale, portal de not\u00edcias do Vale do Jequitinhonha, em Minas Gerais. Cobrimos as 51 cidades do Vale desde 2013. Sugest\u00f5es de pauta e pedidos de corre\u00e7\u00e3o: contato@aconteceunovale.com.br","url":"https:\/\/aconteceunovale.com.br\/portal\/?author=4"}]}},"_links":{"self":[{"href":"https:\/\/aconteceunovale.com.br\/portal\/index.php?rest_route=\/wp\/v2\/posts\/178354","targetHints":{"allow":["GET"]}}],"collection":[{"href":"https:\/\/aconteceunovale.com.br\/portal\/index.php?rest_route=\/wp\/v2\/posts"}],"about":[{"href":"https:\/\/aconteceunovale.com.br\/portal\/index.php?rest_route=\/wp\/v2\/types\/post"}],"author":[{"embeddable":true,"href":"https:\/\/aconteceunovale.com.br\/portal\/index.php?rest_route=\/wp\/v2\/users\/4"}],"replies":[{"embeddable":true,"href":"https:\/\/aconteceunovale.com.br\/portal\/index.php?rest_route=%2Fwp%2Fv2%2Fcomments&post=178354"}],"version-history":[{"count":1,"href":"https:\/\/aconteceunovale.com.br\/portal\/index.php?rest_route=\/wp\/v2\/posts\/178354\/revisions"}],"predecessor-version":[{"id":178355,"href":"https:\/\/aconteceunovale.com.br\/portal\/index.php?rest_route=\/wp\/v2\/posts\/178354\/revisions\/178355"}],"wp:featuredmedia":[{"embeddable":true,"href":"https:\/\/aconteceunovale.com.br\/portal\/index.php?rest_route=\/wp\/v2\/media\/174130"}],"wp:attachment":[{"href":"https:\/\/aconteceunovale.com.br\/portal\/index.php?rest_route=%2Fwp%2Fv2%2Fmedia&parent=178354"}],"wp:term":[{"taxonomy":"category","embeddable":true,"href":"https:\/\/aconteceunovale.com.br\/portal\/index.php?rest_route=%2Fwp%2Fv2%2Fcategories&post=178354"},{"taxonomy":"post_tag","embeddable":true,"href":"https:\/\/aconteceunovale.com.br\/portal\/index.php?rest_route=%2Fwp%2Fv2%2Ftags&post=178354"}],"curies":[{"name":"wp","href":"https:\/\/api.w.org\/{rel}","templated":true}]}}