{"id":178347,"date":"2021-05-10T21:59:55","date_gmt":"2021-05-11T00:59:55","guid":{"rendered":"https:\/\/aconteceunovale.com.br\/portal\/?p=178347"},"modified":"2021-05-10T22:01:09","modified_gmt":"2021-05-11T01:01:09","slug":"adolescentes-morrem-em-acidente-no-municipio-de-guanhaes","status":"publish","type":"post","link":"https:\/\/aconteceunovale.com.br\/portal\/?p=178347","title":{"rendered":"Adolescentes morrem em acidente no munic\u00edpio de Guanh\u00e3es"},"content":{"rendered":"\n<p class=\"wp-block-paragraph\">Dois adolescentes morreram ap\u00f3s a colis\u00e3o frontal entre duas motocicletas na regi\u00e3o do Distrito de Correntinho, munic\u00edpio de Guanh\u00e3es, no in\u00edcio da tarde de domingo (9\/5\/2021). De acordo com informa\u00e7\u00f5es da Pol\u00edcia Militar (PM), o acidente teria acontecido durante uma tentativa de ultrapassagem.<\/p>\n\n\n\n<figure class=\"wp-block-gallery columns-1 is-cropped wp-block-gallery-1 is-layout-flex wp-block-gallery-is-layout-flex\"><ul class=\"blocks-gallery-grid\"><li class=\"blocks-gallery-item\"><figure><img loading=\"lazy\" decoding=\"async\" width=\"678\" height=\"448\" src=\"https:\/\/aconteceunovale.com.br\/portal\/wp-content\/uploads\/2021\/05\/acidente_correntinho_1.jpg\" alt=\"\" data-id=\"178350\" data-full-url=\"https:\/\/aconteceunovale.com.br\/portal\/wp-content\/uploads\/2021\/05\/acidente_correntinho_1.jpg\" data-link=\"https:\/\/aconteceunovale.com.br\/portal\/?attachment_id=178350\" class=\"wp-image-178350\" srcset=\"https:\/\/aconteceunovale.com.br\/portal\/wp-content\/uploads\/2021\/05\/acidente_correntinho_1.jpg 678w, https:\/\/aconteceunovale.com.br\/portal\/wp-content\/uploads\/2021\/05\/acidente_correntinho_1-300x198.jpg 300w, https:\/\/aconteceunovale.com.br\/portal\/wp-content\/uploads\/2021\/05\/acidente_correntinho_1-636x420.jpg 636w\" sizes=\"auto, (max-width: 678px) 100vw, 678px\" \/><figcaption class=\"blocks-gallery-item__caption\"><em>Foto: Reprodu\u00e7\u00e3o \/ WhatsApp<\/em><\/figcaption><\/figure><\/li><\/ul><\/figure>\n\n\n\n<p class=\"wp-block-paragraph\">Geraldo C\u00e9lio do Nascimento J\u00fanior, de 16 anos, veio a \u00f3bito antes de dar entrada no hospital da cidade. A outra v\u00edtima, identificada como Ad\u00e3o J\u00fanior Ferreira Peixoto, da mesma idade, faleceu no local do acidente.<\/p>\n\n\n\n<p class=\"wp-block-paragraph\">As duas motocicletas foram apreendidas. As causas do acidente devem ser apuradas pela Pol\u00edcia Civil.<\/p>\n\n\n\n<figure class=\"wp-block-gallery columns-1 is-cropped wp-block-gallery-2 is-layout-flex wp-block-gallery-is-layout-flex\"><ul class=\"blocks-gallery-grid\"><li class=\"blocks-gallery-item\"><figure><img loading=\"lazy\" decoding=\"async\" width=\"676\" height=\"450\" src=\"https:\/\/aconteceunovale.com.br\/portal\/wp-content\/uploads\/2021\/05\/acidente_correntinho_2.jpg\" alt=\"\" data-id=\"178349\" data-full-url=\"https:\/\/aconteceunovale.com.br\/portal\/wp-content\/uploads\/2021\/05\/acidente_correntinho_2.jpg\" data-link=\"https:\/\/aconteceunovale.com.br\/portal\/?attachment_id=178349\" class=\"wp-image-178349\" srcset=\"https:\/\/aconteceunovale.com.br\/portal\/wp-content\/uploads\/2021\/05\/acidente_correntinho_2.jpg 676w, https:\/\/aconteceunovale.com.br\/portal\/wp-content\/uploads\/2021\/05\/acidente_correntinho_2-300x200.jpg 300w, https:\/\/aconteceunovale.com.br\/portal\/wp-content\/uploads\/2021\/05\/acidente_correntinho_2-631x420.jpg 631w\" sizes=\"auto, (max-width: 676px) 100vw, 676px\" \/><figcaption class=\"blocks-gallery-item__caption\"><em>Foto: Reprodu\u00e7\u00e3o \/ WhatsApp<\/em><\/figcaption><\/figure><\/li><li class=\"blocks-gallery-item\"><figure><img loading=\"lazy\" decoding=\"async\" width=\"650\" height=\"378\" src=\"https:\/\/aconteceunovale.com.br\/portal\/wp-content\/uploads\/2021\/05\/acidente_correntinho_3.jpg\" alt=\"\" data-id=\"178348\" data-full-url=\"https:\/\/aconteceunovale.com.br\/portal\/wp-content\/uploads\/2021\/05\/acidente_correntinho_3.jpg\" data-link=\"https:\/\/aconteceunovale.com.br\/portal\/?attachment_id=178348\" class=\"wp-image-178348\" srcset=\"https:\/\/aconteceunovale.com.br\/portal\/wp-content\/uploads\/2021\/05\/acidente_correntinho_3.jpg 650w, https:\/\/aconteceunovale.com.br\/portal\/wp-content\/uploads\/2021\/05\/acidente_correntinho_3-300x174.jpg 300w\" sizes=\"auto, (max-width: 650px) 100vw, 650px\" \/><figcaption class=\"blocks-gallery-item__caption\"><em>Foto: Reprodu\u00e7\u00e3o \/ WhatsApp<\/em><\/figcaption><\/figure><\/li><\/ul><\/figure>\n\n\n\n<p class=\"wp-block-paragraph\">&#8212;&#8212;&#8212;&#8212;&#8212;&#8212;<br><em>Quer receber as not\u00edcias do <strong>Aconteceu no Vale<\/strong> em primeira m\u00e3o? Siga-nos no Facebook <a rel=\"noreferrer noopener\" href=\"http:\/\/facebook.com\/aconteceunovale\" target=\"_blank\">@aconteceunovale<\/a>, Twitter <a rel=\"noreferrer noopener\" href=\"https:\/\/twitter.com\/noticiadosvales\" target=\"_blank\">@noticiadosvales<\/a> e Instagram <a rel=\"noreferrer noopener\" href=\"https:\/\/www.instagram.com\/aconteceunovale\" target=\"_blank\">@aconteceunovale<\/a>.<\/em><\/p>\n","protected":false},"excerpt":{"rendered":"<p>Dois adolescentes morreram ap\u00f3s a colis\u00e3o frontal entre duas motocicletas na regi\u00e3o do Distrito de Correntinho, munic\u00edpio de Guanh\u00e3es, no in\u00edcio da tarde de domingo (9\/5\/2021). De acordo com informa\u00e7\u00f5es da Pol\u00edcia Militar (PM), o acidente teria acontecido durante uma tentativa de ultrapassagem. Geraldo C\u00e9lio do Nascimento J\u00fanior, de 16 anos, veio a \u00f3bito antes [&hellip;]<\/p>\n","protected":false},"author":4,"featured_media":178349,"comment_status":"open","ping_status":"closed","sticky":false,"template":"","format":"standard","meta":{"amp_status":"","footnotes":""},"categories":[121],"tags":[245018,245013,245015,18601,245016,245011,245020,245014,245010,245017,245012,35075,1018,245019,155],"class_list":["post-178347","post","type-post","status-publish","format-standard","has-post-thumbnail","hentry","category-leste","tag-acidente-com-motos-em-correntinho","tag-acidente-com-motos-em-guanhaes","tag-acidente-em-correntinho","tag-acidente-em-guanhaes","tag-acidente-entre-motos-em-correntinho","tag-acidente-entre-motos-em-guanhaes","tag-adao-junior-ferreira-peixoto","tag-adolescentes-morrem-em-acidente-no-distrito-de-correntinho","tag-adolescentes-morrem-em-acidente-no-municipio-de-guanhaes","tag-colisao-entre-motos-em-correntinho","tag-colisao-entre-motos-em-guanhaes","tag-correntinho","tag-destaque","tag-geraldo-celio-do-nascimento-junior","tag-guanhaes"],"yoast_head":"<!-- This site is optimized with the Yoast SEO plugin v28.3 - https:\/\/yoast.com\/product\/yoast-seo-wordpress\/ -->\n<title>Adolescentes morrem em acidente no munic\u00edpio de Guanh\u00e3es - Aconteceu no Vale<\/title>\n<meta name=\"robots\" content=\"index, follow, max-snippet:-1, max-image-preview:large, max-video-preview:-1\" \/>\n<link rel=\"canonical\" href=\"https:\/\/aconteceunovale.com.br\/portal\/?p=178347\" \/>\n<meta property=\"og:locale\" content=\"pt_BR\" \/>\n<meta property=\"og:type\" content=\"article\" \/>\n<meta property=\"og:title\" content=\"Adolescentes morrem em acidente no munic\u00edpio de Guanh\u00e3es - Aconteceu no Vale\" \/>\n<meta property=\"og:description\" content=\"Dois adolescentes morreram ap\u00f3s a colis\u00e3o frontal entre duas motocicletas na regi\u00e3o do Distrito de Correntinho, munic\u00edpio de Guanh\u00e3es, no in\u00edcio da tarde de domingo (9\/5\/2021). De acordo com informa\u00e7\u00f5es da Pol\u00edcia Militar (PM), o acidente teria acontecido durante uma tentativa de ultrapassagem. Geraldo C\u00e9lio do Nascimento J\u00fanior, de 16 anos, veio a \u00f3bito antes [&hellip;]\" \/>\n<meta property=\"og:url\" content=\"https:\/\/aconteceunovale.com.br\/portal\/?p=178347\" \/>\n<meta property=\"og:site_name\" content=\"Aconteceu no Vale\" \/>\n<meta property=\"article:publisher\" content=\"https:\/\/www.facebook.com\/aconteceunovale\/\" \/>\n<meta property=\"article:published_time\" content=\"2021-05-11T00:59:55+00:00\" \/>\n<meta property=\"article:modified_time\" content=\"2021-05-11T01:01:09+00:00\" \/>\n<meta property=\"og:image\" content=\"https:\/\/aconteceunovale.com.br\/portal\/wp-content\/uploads\/2021\/05\/acidente_correntinho_2.jpg\" \/>\n\t<meta property=\"og:image:width\" content=\"676\" \/>\n\t<meta property=\"og:image:height\" content=\"450\" \/>\n\t<meta property=\"og:image:type\" content=\"image\/jpeg\" \/>\n<meta name=\"author\" content=\"Reda\u00e7\u00e3o Aconteceu no Vale\" \/>\n<meta name=\"twitter:card\" content=\"summary_large_image\" \/>\n<meta name=\"twitter:creator\" content=\"@noticiadosvales\" \/>\n<meta name=\"twitter:site\" content=\"@noticiadosvales\" \/>\n<meta name=\"twitter:label1\" content=\"Escrito por\" \/>\n\t<meta name=\"twitter:data1\" content=\"Reda\u00e7\u00e3o Aconteceu no Vale\" \/>\n\t<meta name=\"twitter:label2\" content=\"Est. tempo de leitura\" \/>\n\t<meta name=\"twitter:data2\" content=\"1 minuto\" \/>\n<script type=\"application\/ld+json\" class=\"yoast-schema-graph\">{\"@context\":\"https:\\\/\\\/schema.org\",\"@graph\":[{\"@type\":\"Article\",\"@id\":\"https:\\\/\\\/aconteceunovale.com.br\\\/portal\\\/?p=178347#article\",\"isPartOf\":{\"@id\":\"https:\\\/\\\/aconteceunovale.com.br\\\/portal\\\/?p=178347\"},\"author\":{\"name\":\"Reda\u00e7\u00e3o Aconteceu no Vale\",\"@id\":\"https:\\\/\\\/aconteceunovale.com.br\\\/portal\\\/#\\\/schema\\\/person\\\/7d2f26d1483f8a63de73da1ee0754d35\"},\"headline\":\"Adolescentes morrem em acidente no munic\u00edpio de Guanh\u00e3es\",\"datePublished\":\"2021-05-11T00:59:55+00:00\",\"dateModified\":\"2021-05-11T01:01:09+00:00\",\"mainEntityOfPage\":{\"@id\":\"https:\\\/\\\/aconteceunovale.com.br\\\/portal\\\/?p=178347\"},\"wordCount\":151,\"commentCount\":0,\"image\":{\"@id\":\"https:\\\/\\\/aconteceunovale.com.br\\\/portal\\\/?p=178347#primaryimage\"},\"thumbnailUrl\":\"https:\\\/\\\/aconteceunovale.com.br\\\/portal\\\/wp-content\\\/uploads\\\/2021\\\/05\\\/acidente_correntinho_2.jpg\",\"keywords\":[\"Acidente com motos em Correntinho\",\"Acidente com motos em Guanh\u00e3es\",\"Acidente em Correntinho\",\"acidente em guanh\u00e3es\",\"Acidente entre motos em Correntinho\",\"Acidente entre motos em Guanh\u00e3es\",\"Ad\u00e3o J\u00fanior Ferreira Peixoto\",\"Adolescentes morrem em acidente no distrito de Correntinho\",\"Adolescentes morrem em acidente no munic\u00edpio de Guanh\u00e3es\",\"Colis\u00e3o entre motos em Correntinho\",\"Colis\u00e3o entre motos em Guanh\u00e3es\",\"Correntinho\",\"destaque\",\"Geraldo C\u00e9lio do Nascimento J\u00fanior\",\"Guanh\u00e3es\"],\"articleSection\":[\"Leste de Minas\"],\"inLanguage\":\"pt-BR\",\"potentialAction\":[{\"@type\":\"CommentAction\",\"name\":\"Comment\",\"target\":[\"https:\\\/\\\/aconteceunovale.com.br\\\/portal\\\/?p=178347#respond\"]}]},{\"@type\":\"WebPage\",\"@id\":\"https:\\\/\\\/aconteceunovale.com.br\\\/portal\\\/?p=178347\",\"url\":\"https:\\\/\\\/aconteceunovale.com.br\\\/portal\\\/?p=178347\",\"name\":\"Adolescentes morrem em acidente no munic\u00edpio de Guanh\u00e3es - Aconteceu no Vale\",\"isPartOf\":{\"@id\":\"https:\\\/\\\/aconteceunovale.com.br\\\/portal\\\/#website\"},\"primaryImageOfPage\":{\"@id\":\"https:\\\/\\\/aconteceunovale.com.br\\\/portal\\\/?p=178347#primaryimage\"},\"image\":{\"@id\":\"https:\\\/\\\/aconteceunovale.com.br\\\/portal\\\/?p=178347#primaryimage\"},\"thumbnailUrl\":\"https:\\\/\\\/aconteceunovale.com.br\\\/portal\\\/wp-content\\\/uploads\\\/2021\\\/05\\\/acidente_correntinho_2.jpg\",\"datePublished\":\"2021-05-11T00:59:55+00:00\",\"dateModified\":\"2021-05-11T01:01:09+00:00\",\"author\":{\"@id\":\"https:\\\/\\\/aconteceunovale.com.br\\\/portal\\\/#\\\/schema\\\/person\\\/7d2f26d1483f8a63de73da1ee0754d35\"},\"breadcrumb\":{\"@id\":\"https:\\\/\\\/aconteceunovale.com.br\\\/portal\\\/?p=178347#breadcrumb\"},\"inLanguage\":\"pt-BR\",\"potentialAction\":[{\"@type\":\"ReadAction\",\"target\":[\"https:\\\/\\\/aconteceunovale.com.br\\\/portal\\\/?p=178347\"]}]},{\"@type\":\"ImageObject\",\"inLanguage\":\"pt-BR\",\"@id\":\"https:\\\/\\\/aconteceunovale.com.br\\\/portal\\\/?p=178347#primaryimage\",\"url\":\"https:\\\/\\\/aconteceunovale.com.br\\\/portal\\\/wp-content\\\/uploads\\\/2021\\\/05\\\/acidente_correntinho_2.jpg\",\"contentUrl\":\"https:\\\/\\\/aconteceunovale.com.br\\\/portal\\\/wp-content\\\/uploads\\\/2021\\\/05\\\/acidente_correntinho_2.jpg\",\"width\":676,\"height\":450},{\"@type\":\"BreadcrumbList\",\"@id\":\"https:\\\/\\\/aconteceunovale.com.br\\\/portal\\\/?p=178347#breadcrumb\",\"itemListElement\":[{\"@type\":\"ListItem\",\"position\":1,\"name\":\"In\u00edcio\",\"item\":\"https:\\\/\\\/aconteceunovale.com.br\\\/portal\\\/\"},{\"@type\":\"ListItem\",\"position\":2,\"name\":\"Adolescentes morrem em acidente no munic\u00edpio de Guanh\u00e3es\"}]},{\"@type\":\"WebSite\",\"@id\":\"https:\\\/\\\/aconteceunovale.com.br\\\/portal\\\/#website\",\"url\":\"https:\\\/\\\/aconteceunovale.com.br\\\/portal\\\/\",\"name\":\"Aconteceu no Vale\",\"description\":\"Portal de Not\u00edcias\",\"potentialAction\":[{\"@type\":\"SearchAction\",\"target\":{\"@type\":\"EntryPoint\",\"urlTemplate\":\"https:\\\/\\\/aconteceunovale.com.br\\\/portal\\\/?s={search_term_string}\"},\"query-input\":{\"@type\":\"PropertyValueSpecification\",\"valueRequired\":true,\"valueName\":\"search_term_string\"}}],\"inLanguage\":\"pt-BR\"},{\"@type\":\"Person\",\"@id\":\"https:\\\/\\\/aconteceunovale.com.br\\\/portal\\\/#\\\/schema\\\/person\\\/7d2f26d1483f8a63de73da1ee0754d35\",\"name\":\"Reda\u00e7\u00e3o Aconteceu no Vale\",\"description\":\"Equipe de reportagem do Aconteceu no Vale, portal de not\u00edcias do Vale do Jequitinhonha, em Minas Gerais. Cobrimos as 51 cidades do Vale desde 2013. Sugest\u00f5es de pauta e pedidos de corre\u00e7\u00e3o: contato@aconteceunovale.com.br\",\"url\":\"https:\\\/\\\/aconteceunovale.com.br\\\/portal\\\/?author=4\"}]}<\/script>\n<!-- \/ Yoast SEO plugin. -->","yoast_head_json":{"title":"Adolescentes morrem em acidente no munic\u00edpio de Guanh\u00e3es - Aconteceu no Vale","robots":{"index":"index","follow":"follow","max-snippet":"max-snippet:-1","max-image-preview":"max-image-preview:large","max-video-preview":"max-video-preview:-1"},"canonical":"https:\/\/aconteceunovale.com.br\/portal\/?p=178347","og_locale":"pt_BR","og_type":"article","og_title":"Adolescentes morrem em acidente no munic\u00edpio de Guanh\u00e3es - Aconteceu no Vale","og_description":"Dois adolescentes morreram ap\u00f3s a colis\u00e3o frontal entre duas motocicletas na regi\u00e3o do Distrito de Correntinho, munic\u00edpio de Guanh\u00e3es, no in\u00edcio da tarde de domingo (9\/5\/2021). De acordo com informa\u00e7\u00f5es da Pol\u00edcia Militar (PM), o acidente teria acontecido durante uma tentativa de ultrapassagem. Geraldo C\u00e9lio do Nascimento J\u00fanior, de 16 anos, veio a \u00f3bito antes [&hellip;]","og_url":"https:\/\/aconteceunovale.com.br\/portal\/?p=178347","og_site_name":"Aconteceu no Vale","article_publisher":"https:\/\/www.facebook.com\/aconteceunovale\/","article_published_time":"2021-05-11T00:59:55+00:00","article_modified_time":"2021-05-11T01:01:09+00:00","og_image":[{"width":676,"height":450,"url":"https:\/\/aconteceunovale.com.br\/portal\/wp-content\/uploads\/2021\/05\/acidente_correntinho_2.jpg","type":"image\/jpeg"}],"author":"Reda\u00e7\u00e3o Aconteceu no Vale","twitter_card":"summary_large_image","twitter_creator":"@noticiadosvales","twitter_site":"@noticiadosvales","twitter_misc":{"Escrito por":"Reda\u00e7\u00e3o Aconteceu no Vale","Est. tempo de leitura":"1 minuto"},"schema":{"@context":"https:\/\/schema.org","@graph":[{"@type":"Article","@id":"https:\/\/aconteceunovale.com.br\/portal\/?p=178347#article","isPartOf":{"@id":"https:\/\/aconteceunovale.com.br\/portal\/?p=178347"},"author":{"name":"Reda\u00e7\u00e3o Aconteceu no Vale","@id":"https:\/\/aconteceunovale.com.br\/portal\/#\/schema\/person\/7d2f26d1483f8a63de73da1ee0754d35"},"headline":"Adolescentes morrem em acidente no munic\u00edpio de Guanh\u00e3es","datePublished":"2021-05-11T00:59:55+00:00","dateModified":"2021-05-11T01:01:09+00:00","mainEntityOfPage":{"@id":"https:\/\/aconteceunovale.com.br\/portal\/?p=178347"},"wordCount":151,"commentCount":0,"image":{"@id":"https:\/\/aconteceunovale.com.br\/portal\/?p=178347#primaryimage"},"thumbnailUrl":"https:\/\/aconteceunovale.com.br\/portal\/wp-content\/uploads\/2021\/05\/acidente_correntinho_2.jpg","keywords":["Acidente com motos em Correntinho","Acidente com motos em Guanh\u00e3es","Acidente em Correntinho","acidente em guanh\u00e3es","Acidente entre motos em Correntinho","Acidente entre motos em Guanh\u00e3es","Ad\u00e3o J\u00fanior Ferreira Peixoto","Adolescentes morrem em acidente no distrito de Correntinho","Adolescentes morrem em acidente no munic\u00edpio de Guanh\u00e3es","Colis\u00e3o entre motos em Correntinho","Colis\u00e3o entre motos em Guanh\u00e3es","Correntinho","destaque","Geraldo C\u00e9lio do Nascimento J\u00fanior","Guanh\u00e3es"],"articleSection":["Leste de Minas"],"inLanguage":"pt-BR","potentialAction":[{"@type":"CommentAction","name":"Comment","target":["https:\/\/aconteceunovale.com.br\/portal\/?p=178347#respond"]}]},{"@type":"WebPage","@id":"https:\/\/aconteceunovale.com.br\/portal\/?p=178347","url":"https:\/\/aconteceunovale.com.br\/portal\/?p=178347","name":"Adolescentes morrem em acidente no munic\u00edpio de Guanh\u00e3es - Aconteceu no Vale","isPartOf":{"@id":"https:\/\/aconteceunovale.com.br\/portal\/#website"},"primaryImageOfPage":{"@id":"https:\/\/aconteceunovale.com.br\/portal\/?p=178347#primaryimage"},"image":{"@id":"https:\/\/aconteceunovale.com.br\/portal\/?p=178347#primaryimage"},"thumbnailUrl":"https:\/\/aconteceunovale.com.br\/portal\/wp-content\/uploads\/2021\/05\/acidente_correntinho_2.jpg","datePublished":"2021-05-11T00:59:55+00:00","dateModified":"2021-05-11T01:01:09+00:00","author":{"@id":"https:\/\/aconteceunovale.com.br\/portal\/#\/schema\/person\/7d2f26d1483f8a63de73da1ee0754d35"},"breadcrumb":{"@id":"https:\/\/aconteceunovale.com.br\/portal\/?p=178347#breadcrumb"},"inLanguage":"pt-BR","potentialAction":[{"@type":"ReadAction","target":["https:\/\/aconteceunovale.com.br\/portal\/?p=178347"]}]},{"@type":"ImageObject","inLanguage":"pt-BR","@id":"https:\/\/aconteceunovale.com.br\/portal\/?p=178347#primaryimage","url":"https:\/\/aconteceunovale.com.br\/portal\/wp-content\/uploads\/2021\/05\/acidente_correntinho_2.jpg","contentUrl":"https:\/\/aconteceunovale.com.br\/portal\/wp-content\/uploads\/2021\/05\/acidente_correntinho_2.jpg","width":676,"height":450},{"@type":"BreadcrumbList","@id":"https:\/\/aconteceunovale.com.br\/portal\/?p=178347#breadcrumb","itemListElement":[{"@type":"ListItem","position":1,"name":"In\u00edcio","item":"https:\/\/aconteceunovale.com.br\/portal\/"},{"@type":"ListItem","position":2,"name":"Adolescentes morrem em acidente no munic\u00edpio de Guanh\u00e3es"}]},{"@type":"WebSite","@id":"https:\/\/aconteceunovale.com.br\/portal\/#website","url":"https:\/\/aconteceunovale.com.br\/portal\/","name":"Aconteceu no Vale","description":"Portal de Not\u00edcias","potentialAction":[{"@type":"SearchAction","target":{"@type":"EntryPoint","urlTemplate":"https:\/\/aconteceunovale.com.br\/portal\/?s={search_term_string}"},"query-input":{"@type":"PropertyValueSpecification","valueRequired":true,"valueName":"search_term_string"}}],"inLanguage":"pt-BR"},{"@type":"Person","@id":"https:\/\/aconteceunovale.com.br\/portal\/#\/schema\/person\/7d2f26d1483f8a63de73da1ee0754d35","name":"Reda\u00e7\u00e3o Aconteceu no Vale","description":"Equipe de reportagem do Aconteceu no Vale, portal de not\u00edcias do Vale do Jequitinhonha, em Minas Gerais. Cobrimos as 51 cidades do Vale desde 2013. Sugest\u00f5es de pauta e pedidos de corre\u00e7\u00e3o: contato@aconteceunovale.com.br","url":"https:\/\/aconteceunovale.com.br\/portal\/?author=4"}]}},"_links":{"self":[{"href":"https:\/\/aconteceunovale.com.br\/portal\/index.php?rest_route=\/wp\/v2\/posts\/178347","targetHints":{"allow":["GET"]}}],"collection":[{"href":"https:\/\/aconteceunovale.com.br\/portal\/index.php?rest_route=\/wp\/v2\/posts"}],"about":[{"href":"https:\/\/aconteceunovale.com.br\/portal\/index.php?rest_route=\/wp\/v2\/types\/post"}],"author":[{"embeddable":true,"href":"https:\/\/aconteceunovale.com.br\/portal\/index.php?rest_route=\/wp\/v2\/users\/4"}],"replies":[{"embeddable":true,"href":"https:\/\/aconteceunovale.com.br\/portal\/index.php?rest_route=%2Fwp%2Fv2%2Fcomments&post=178347"}],"version-history":[{"count":1,"href":"https:\/\/aconteceunovale.com.br\/portal\/index.php?rest_route=\/wp\/v2\/posts\/178347\/revisions"}],"predecessor-version":[{"id":178351,"href":"https:\/\/aconteceunovale.com.br\/portal\/index.php?rest_route=\/wp\/v2\/posts\/178347\/revisions\/178351"}],"wp:featuredmedia":[{"embeddable":true,"href":"https:\/\/aconteceunovale.com.br\/portal\/index.php?rest_route=\/wp\/v2\/media\/178349"}],"wp:attachment":[{"href":"https:\/\/aconteceunovale.com.br\/portal\/index.php?rest_route=%2Fwp%2Fv2%2Fmedia&parent=178347"}],"wp:term":[{"taxonomy":"category","embeddable":true,"href":"https:\/\/aconteceunovale.com.br\/portal\/index.php?rest_route=%2Fwp%2Fv2%2Fcategories&post=178347"},{"taxonomy":"post_tag","embeddable":true,"href":"https:\/\/aconteceunovale.com.br\/portal\/index.php?rest_route=%2Fwp%2Fv2%2Ftags&post=178347"}],"curies":[{"name":"wp","href":"https:\/\/api.w.org\/{rel}","templated":true}]}}