{"id":178320,"date":"2021-05-09T19:40:50","date_gmt":"2021-05-09T22:40:50","guid":{"rendered":"https:\/\/aconteceunovale.com.br\/portal\/?p=178320"},"modified":"2021-05-09T19:41:48","modified_gmt":"2021-05-09T22:41:48","slug":"policia-civil-corrige-numero-de-mortos-durante-operacao-no-jacarezinho","status":"publish","type":"post","link":"https:\/\/aconteceunovale.com.br\/portal\/?p=178320","title":{"rendered":"Pol\u00edcia Civil corrige n\u00famero de mortos durante opera\u00e7\u00e3o no Jacarezinho"},"content":{"rendered":"\n<p class=\"wp-block-paragraph\">A Pol\u00edcia Civil corrigiu a lista com o n\u00famero de mortos na opera\u00e7\u00e3o realizada na Favela do Jacarezinho, no Rio de Janeiro, na quinta-feira (6\/5\/2021). A informa\u00e7\u00e3o que havia sido divulgada nesse s\u00e1bado (8), de 29 pessoas mortas, incluindo o policial civil Andr\u00e9 Leonardo Frias, posteriormente foi corrigida para 28 \u00f3bitos.<\/p>\n\n\n\n<p class=\"wp-block-paragraph\"><em>\u201cA Pol\u00edcia Civil informa que 27 criminosos e o inspetor de pol\u00edcia Andr\u00e9 Leonardo de Mello Frias morreram na opera\u00e7\u00e3o. O equ\u00edvoco aconteceu por conta de dois corpos que n\u00e3o estavam identificados no hospital, mas que j\u00e1 tinham sido identificados pela Delegacia de Homic\u00eddios; o que causou a contagem dupla.\u201d<\/em>, diz trecho da nota divulgada na noite de ontem.<\/p>\n\n\n\n<p class=\"wp-block-paragraph\">A Pol\u00edcia Civil e o governo do Rio negaram ter havido execu\u00e7\u00f5es durante a opera\u00e7\u00e3o e sustentaram que os mortos eram ligados ao tr\u00e1fico de drogas, embora a a\u00e7\u00e3o seja questionada por organiza\u00e7\u00f5es de direitos humanos e por moradores da comunidade.<\/p>\n\n\n\n<figure class=\"wp-block-gallery columns-1 is-cropped wp-block-gallery-1 is-layout-flex wp-block-gallery-is-layout-flex\"><ul class=\"blocks-gallery-grid\"><li class=\"blocks-gallery-item\"><figure><img loading=\"lazy\" decoding=\"async\" width=\"678\" height=\"406\" src=\"https:\/\/aconteceunovale.com.br\/portal\/wp-content\/uploads\/2021\/05\/pcrj.jpg\" alt=\"\" data-id=\"178321\" data-full-url=\"https:\/\/aconteceunovale.com.br\/portal\/wp-content\/uploads\/2021\/05\/pcrj.jpg\" data-link=\"https:\/\/aconteceunovale.com.br\/portal\/?attachment_id=178321\" class=\"wp-image-178321\" srcset=\"https:\/\/aconteceunovale.com.br\/portal\/wp-content\/uploads\/2021\/05\/pcrj.jpg 678w, https:\/\/aconteceunovale.com.br\/portal\/wp-content\/uploads\/2021\/05\/pcrj-300x180.jpg 300w\" sizes=\"auto, (max-width: 678px) 100vw, 678px\" \/><figcaption class=\"blocks-gallery-item__caption\"><em>Foto: Divulga\u00e7\u00e3o\/Governo do Rio de Janeiro<\/em><\/figcaption><\/figure><\/li><\/ul><\/figure>\n\n\n\n<p class=\"wp-block-paragraph\">&#8212;&#8212;&#8212;&#8212;&#8212;&#8212;<br><em>Quer receber as not\u00edcias do <strong>Aconteceu no Vale<\/strong> em primeira m\u00e3o? Siga-nos no Facebook <a rel=\"noreferrer noopener\" href=\"http:\/\/facebook.com\/aconteceunovale\" target=\"_blank\">@aconteceunovale<\/a>, Twitter <a rel=\"noreferrer noopener\" href=\"https:\/\/twitter.com\/noticiadosvales\" target=\"_blank\">@noticiadosvales<\/a> e Instagram <a rel=\"noreferrer noopener\" href=\"https:\/\/www.instagram.com\/aconteceunovale\" target=\"_blank\">@aconteceunovale<\/a>.<\/em><\/p>\n","protected":false},"excerpt":{"rendered":"<p>A Pol\u00edcia Civil corrigiu a lista com o n\u00famero de mortos na opera\u00e7\u00e3o realizada na Favela do Jacarezinho, no Rio de Janeiro, na quinta-feira (6\/5\/2021). A informa\u00e7\u00e3o que havia sido divulgada nesse s\u00e1bado (8), de 29 pessoas mortas, incluindo o policial civil Andr\u00e9 Leonardo Frias, posteriormente foi corrigida para 28 \u00f3bitos. \u201cA Pol\u00edcia Civil informa [&hellip;]<\/p>\n","protected":false},"author":4,"featured_media":178321,"comment_status":"open","ping_status":"closed","sticky":false,"template":"","format":"standard","meta":{"amp_status":"","footnotes":""},"categories":[6],"tags":[244962,244960,244959,244958,244957,244961,236245,190750,244956],"class_list":["post-178320","post","type-post","status-publish","format-standard","has-post-thumbnail","hentry","category-br","tag-andre-leonardo-frias","tag-mortos-durante-operacao-policial-no-jacarezinho","tag-mortos-pela-policia-no-jacarezinho","tag-operacao-na-favela-do-jacarezinho","tag-operacao-no-jacarezinho","tag-operacao-policial-no-jacarezinho","tag-pcerj","tag-pcrj","tag-policia-civil-corrige-numero-de-mortos-durante-operacao-no-jacarezinho"],"yoast_head":"<!-- This site is optimized with the Yoast SEO plugin v28.3 - https:\/\/yoast.com\/product\/yoast-seo-wordpress\/ -->\n<title>Pol\u00edcia Civil corrige n\u00famero de mortos durante opera\u00e7\u00e3o no Jacarezinho - Aconteceu no Vale<\/title>\n<meta name=\"robots\" content=\"index, follow, max-snippet:-1, max-image-preview:large, max-video-preview:-1\" \/>\n<link rel=\"canonical\" href=\"https:\/\/aconteceunovale.com.br\/portal\/?p=178320\" \/>\n<meta property=\"og:locale\" content=\"pt_BR\" \/>\n<meta property=\"og:type\" content=\"article\" \/>\n<meta property=\"og:title\" content=\"Pol\u00edcia Civil corrige n\u00famero de mortos durante opera\u00e7\u00e3o no Jacarezinho - Aconteceu no Vale\" \/>\n<meta property=\"og:description\" content=\"A Pol\u00edcia Civil corrigiu a lista com o n\u00famero de mortos na opera\u00e7\u00e3o realizada na Favela do Jacarezinho, no Rio de Janeiro, na quinta-feira (6\/5\/2021). A informa\u00e7\u00e3o que havia sido divulgada nesse s\u00e1bado (8), de 29 pessoas mortas, incluindo o policial civil Andr\u00e9 Leonardo Frias, posteriormente foi corrigida para 28 \u00f3bitos. \u201cA Pol\u00edcia Civil informa [&hellip;]\" \/>\n<meta property=\"og:url\" content=\"https:\/\/aconteceunovale.com.br\/portal\/?p=178320\" \/>\n<meta property=\"og:site_name\" content=\"Aconteceu no Vale\" \/>\n<meta property=\"article:publisher\" content=\"https:\/\/www.facebook.com\/aconteceunovale\/\" \/>\n<meta property=\"article:published_time\" content=\"2021-05-09T22:40:50+00:00\" \/>\n<meta property=\"article:modified_time\" content=\"2021-05-09T22:41:48+00:00\" \/>\n<meta property=\"og:image\" content=\"https:\/\/aconteceunovale.com.br\/portal\/wp-content\/uploads\/2021\/05\/pcrj.jpg\" \/>\n\t<meta property=\"og:image:width\" content=\"678\" \/>\n\t<meta property=\"og:image:height\" content=\"406\" \/>\n\t<meta property=\"og:image:type\" content=\"image\/jpeg\" \/>\n<meta name=\"author\" content=\"Reda\u00e7\u00e3o Aconteceu no Vale\" \/>\n<meta name=\"twitter:card\" content=\"summary_large_image\" \/>\n<meta name=\"twitter:creator\" content=\"@noticiadosvales\" \/>\n<meta name=\"twitter:site\" content=\"@noticiadosvales\" \/>\n<meta name=\"twitter:label1\" content=\"Escrito por\" \/>\n\t<meta name=\"twitter:data1\" content=\"Reda\u00e7\u00e3o Aconteceu no Vale\" \/>\n\t<meta name=\"twitter:label2\" content=\"Est. tempo de leitura\" \/>\n\t<meta name=\"twitter:data2\" content=\"1 minuto\" \/>\n<script type=\"application\/ld+json\" class=\"yoast-schema-graph\">{\"@context\":\"https:\\\/\\\/schema.org\",\"@graph\":[{\"@type\":\"Article\",\"@id\":\"https:\\\/\\\/aconteceunovale.com.br\\\/portal\\\/?p=178320#article\",\"isPartOf\":{\"@id\":\"https:\\\/\\\/aconteceunovale.com.br\\\/portal\\\/?p=178320\"},\"author\":{\"name\":\"Reda\u00e7\u00e3o Aconteceu no Vale\",\"@id\":\"https:\\\/\\\/aconteceunovale.com.br\\\/portal\\\/#\\\/schema\\\/person\\\/7d2f26d1483f8a63de73da1ee0754d35\"},\"headline\":\"Pol\u00edcia Civil corrige n\u00famero de mortos durante opera\u00e7\u00e3o no Jacarezinho\",\"datePublished\":\"2021-05-09T22:40:50+00:00\",\"dateModified\":\"2021-05-09T22:41:48+00:00\",\"mainEntityOfPage\":{\"@id\":\"https:\\\/\\\/aconteceunovale.com.br\\\/portal\\\/?p=178320\"},\"wordCount\":207,\"commentCount\":0,\"image\":{\"@id\":\"https:\\\/\\\/aconteceunovale.com.br\\\/portal\\\/?p=178320#primaryimage\"},\"thumbnailUrl\":\"https:\\\/\\\/aconteceunovale.com.br\\\/portal\\\/wp-content\\\/uploads\\\/2021\\\/05\\\/pcrj.jpg\",\"keywords\":[\"Andr\u00e9 Leonardo Frias\",\"Mortos durante opera\u00e7\u00e3o policial no Jacarezinho\",\"Mortos pela Pol\u00edcia no Jacarezinho\",\"Opera\u00e7\u00e3o na Favela do Jacarezinho\",\"Opera\u00e7\u00e3o no Jacarezinho\",\"Opera\u00e7\u00e3o Policial no Jacarezinho\",\"PCERJ\",\"PCRJ\",\"Pol\u00edcia Civil corrige n\u00famero de mortos durante opera\u00e7\u00e3o no Jacarezinho\"],\"articleSection\":[\"Brasil\"],\"inLanguage\":\"pt-BR\",\"potentialAction\":[{\"@type\":\"CommentAction\",\"name\":\"Comment\",\"target\":[\"https:\\\/\\\/aconteceunovale.com.br\\\/portal\\\/?p=178320#respond\"]}]},{\"@type\":\"WebPage\",\"@id\":\"https:\\\/\\\/aconteceunovale.com.br\\\/portal\\\/?p=178320\",\"url\":\"https:\\\/\\\/aconteceunovale.com.br\\\/portal\\\/?p=178320\",\"name\":\"Pol\u00edcia Civil corrige n\u00famero de mortos durante opera\u00e7\u00e3o no Jacarezinho - Aconteceu no Vale\",\"isPartOf\":{\"@id\":\"https:\\\/\\\/aconteceunovale.com.br\\\/portal\\\/#website\"},\"primaryImageOfPage\":{\"@id\":\"https:\\\/\\\/aconteceunovale.com.br\\\/portal\\\/?p=178320#primaryimage\"},\"image\":{\"@id\":\"https:\\\/\\\/aconteceunovale.com.br\\\/portal\\\/?p=178320#primaryimage\"},\"thumbnailUrl\":\"https:\\\/\\\/aconteceunovale.com.br\\\/portal\\\/wp-content\\\/uploads\\\/2021\\\/05\\\/pcrj.jpg\",\"datePublished\":\"2021-05-09T22:40:50+00:00\",\"dateModified\":\"2021-05-09T22:41:48+00:00\",\"author\":{\"@id\":\"https:\\\/\\\/aconteceunovale.com.br\\\/portal\\\/#\\\/schema\\\/person\\\/7d2f26d1483f8a63de73da1ee0754d35\"},\"breadcrumb\":{\"@id\":\"https:\\\/\\\/aconteceunovale.com.br\\\/portal\\\/?p=178320#breadcrumb\"},\"inLanguage\":\"pt-BR\",\"potentialAction\":[{\"@type\":\"ReadAction\",\"target\":[\"https:\\\/\\\/aconteceunovale.com.br\\\/portal\\\/?p=178320\"]}]},{\"@type\":\"ImageObject\",\"inLanguage\":\"pt-BR\",\"@id\":\"https:\\\/\\\/aconteceunovale.com.br\\\/portal\\\/?p=178320#primaryimage\",\"url\":\"https:\\\/\\\/aconteceunovale.com.br\\\/portal\\\/wp-content\\\/uploads\\\/2021\\\/05\\\/pcrj.jpg\",\"contentUrl\":\"https:\\\/\\\/aconteceunovale.com.br\\\/portal\\\/wp-content\\\/uploads\\\/2021\\\/05\\\/pcrj.jpg\",\"width\":678,\"height\":406},{\"@type\":\"BreadcrumbList\",\"@id\":\"https:\\\/\\\/aconteceunovale.com.br\\\/portal\\\/?p=178320#breadcrumb\",\"itemListElement\":[{\"@type\":\"ListItem\",\"position\":1,\"name\":\"In\u00edcio\",\"item\":\"https:\\\/\\\/aconteceunovale.com.br\\\/portal\\\/\"},{\"@type\":\"ListItem\",\"position\":2,\"name\":\"Pol\u00edcia Civil corrige n\u00famero de mortos durante opera\u00e7\u00e3o no Jacarezinho\"}]},{\"@type\":\"WebSite\",\"@id\":\"https:\\\/\\\/aconteceunovale.com.br\\\/portal\\\/#website\",\"url\":\"https:\\\/\\\/aconteceunovale.com.br\\\/portal\\\/\",\"name\":\"Aconteceu no Vale\",\"description\":\"Portal de Not\u00edcias\",\"potentialAction\":[{\"@type\":\"SearchAction\",\"target\":{\"@type\":\"EntryPoint\",\"urlTemplate\":\"https:\\\/\\\/aconteceunovale.com.br\\\/portal\\\/?s={search_term_string}\"},\"query-input\":{\"@type\":\"PropertyValueSpecification\",\"valueRequired\":true,\"valueName\":\"search_term_string\"}}],\"inLanguage\":\"pt-BR\"},{\"@type\":\"Person\",\"@id\":\"https:\\\/\\\/aconteceunovale.com.br\\\/portal\\\/#\\\/schema\\\/person\\\/7d2f26d1483f8a63de73da1ee0754d35\",\"name\":\"Reda\u00e7\u00e3o Aconteceu no Vale\",\"description\":\"Equipe de reportagem do Aconteceu no Vale, portal de not\u00edcias do Vale do Jequitinhonha, em Minas Gerais. Cobrimos as 51 cidades do Vale desde 2013. Sugest\u00f5es de pauta e pedidos de corre\u00e7\u00e3o: contato@aconteceunovale.com.br\",\"url\":\"https:\\\/\\\/aconteceunovale.com.br\\\/portal\\\/?author=4\"}]}<\/script>\n<!-- \/ Yoast SEO plugin. -->","yoast_head_json":{"title":"Pol\u00edcia Civil corrige n\u00famero de mortos durante opera\u00e7\u00e3o no Jacarezinho - Aconteceu no Vale","robots":{"index":"index","follow":"follow","max-snippet":"max-snippet:-1","max-image-preview":"max-image-preview:large","max-video-preview":"max-video-preview:-1"},"canonical":"https:\/\/aconteceunovale.com.br\/portal\/?p=178320","og_locale":"pt_BR","og_type":"article","og_title":"Pol\u00edcia Civil corrige n\u00famero de mortos durante opera\u00e7\u00e3o no Jacarezinho - Aconteceu no Vale","og_description":"A Pol\u00edcia Civil corrigiu a lista com o n\u00famero de mortos na opera\u00e7\u00e3o realizada na Favela do Jacarezinho, no Rio de Janeiro, na quinta-feira (6\/5\/2021). A informa\u00e7\u00e3o que havia sido divulgada nesse s\u00e1bado (8), de 29 pessoas mortas, incluindo o policial civil Andr\u00e9 Leonardo Frias, posteriormente foi corrigida para 28 \u00f3bitos. \u201cA Pol\u00edcia Civil informa [&hellip;]","og_url":"https:\/\/aconteceunovale.com.br\/portal\/?p=178320","og_site_name":"Aconteceu no Vale","article_publisher":"https:\/\/www.facebook.com\/aconteceunovale\/","article_published_time":"2021-05-09T22:40:50+00:00","article_modified_time":"2021-05-09T22:41:48+00:00","og_image":[{"width":678,"height":406,"url":"https:\/\/aconteceunovale.com.br\/portal\/wp-content\/uploads\/2021\/05\/pcrj.jpg","type":"image\/jpeg"}],"author":"Reda\u00e7\u00e3o Aconteceu no Vale","twitter_card":"summary_large_image","twitter_creator":"@noticiadosvales","twitter_site":"@noticiadosvales","twitter_misc":{"Escrito por":"Reda\u00e7\u00e3o Aconteceu no Vale","Est. tempo de leitura":"1 minuto"},"schema":{"@context":"https:\/\/schema.org","@graph":[{"@type":"Article","@id":"https:\/\/aconteceunovale.com.br\/portal\/?p=178320#article","isPartOf":{"@id":"https:\/\/aconteceunovale.com.br\/portal\/?p=178320"},"author":{"name":"Reda\u00e7\u00e3o Aconteceu no Vale","@id":"https:\/\/aconteceunovale.com.br\/portal\/#\/schema\/person\/7d2f26d1483f8a63de73da1ee0754d35"},"headline":"Pol\u00edcia Civil corrige n\u00famero de mortos durante opera\u00e7\u00e3o no Jacarezinho","datePublished":"2021-05-09T22:40:50+00:00","dateModified":"2021-05-09T22:41:48+00:00","mainEntityOfPage":{"@id":"https:\/\/aconteceunovale.com.br\/portal\/?p=178320"},"wordCount":207,"commentCount":0,"image":{"@id":"https:\/\/aconteceunovale.com.br\/portal\/?p=178320#primaryimage"},"thumbnailUrl":"https:\/\/aconteceunovale.com.br\/portal\/wp-content\/uploads\/2021\/05\/pcrj.jpg","keywords":["Andr\u00e9 Leonardo Frias","Mortos durante opera\u00e7\u00e3o policial no Jacarezinho","Mortos pela Pol\u00edcia no Jacarezinho","Opera\u00e7\u00e3o na Favela do Jacarezinho","Opera\u00e7\u00e3o no Jacarezinho","Opera\u00e7\u00e3o Policial no Jacarezinho","PCERJ","PCRJ","Pol\u00edcia Civil corrige n\u00famero de mortos durante opera\u00e7\u00e3o no Jacarezinho"],"articleSection":["Brasil"],"inLanguage":"pt-BR","potentialAction":[{"@type":"CommentAction","name":"Comment","target":["https:\/\/aconteceunovale.com.br\/portal\/?p=178320#respond"]}]},{"@type":"WebPage","@id":"https:\/\/aconteceunovale.com.br\/portal\/?p=178320","url":"https:\/\/aconteceunovale.com.br\/portal\/?p=178320","name":"Pol\u00edcia Civil corrige n\u00famero de mortos durante opera\u00e7\u00e3o no Jacarezinho - Aconteceu no Vale","isPartOf":{"@id":"https:\/\/aconteceunovale.com.br\/portal\/#website"},"primaryImageOfPage":{"@id":"https:\/\/aconteceunovale.com.br\/portal\/?p=178320#primaryimage"},"image":{"@id":"https:\/\/aconteceunovale.com.br\/portal\/?p=178320#primaryimage"},"thumbnailUrl":"https:\/\/aconteceunovale.com.br\/portal\/wp-content\/uploads\/2021\/05\/pcrj.jpg","datePublished":"2021-05-09T22:40:50+00:00","dateModified":"2021-05-09T22:41:48+00:00","author":{"@id":"https:\/\/aconteceunovale.com.br\/portal\/#\/schema\/person\/7d2f26d1483f8a63de73da1ee0754d35"},"breadcrumb":{"@id":"https:\/\/aconteceunovale.com.br\/portal\/?p=178320#breadcrumb"},"inLanguage":"pt-BR","potentialAction":[{"@type":"ReadAction","target":["https:\/\/aconteceunovale.com.br\/portal\/?p=178320"]}]},{"@type":"ImageObject","inLanguage":"pt-BR","@id":"https:\/\/aconteceunovale.com.br\/portal\/?p=178320#primaryimage","url":"https:\/\/aconteceunovale.com.br\/portal\/wp-content\/uploads\/2021\/05\/pcrj.jpg","contentUrl":"https:\/\/aconteceunovale.com.br\/portal\/wp-content\/uploads\/2021\/05\/pcrj.jpg","width":678,"height":406},{"@type":"BreadcrumbList","@id":"https:\/\/aconteceunovale.com.br\/portal\/?p=178320#breadcrumb","itemListElement":[{"@type":"ListItem","position":1,"name":"In\u00edcio","item":"https:\/\/aconteceunovale.com.br\/portal\/"},{"@type":"ListItem","position":2,"name":"Pol\u00edcia Civil corrige n\u00famero de mortos durante opera\u00e7\u00e3o no Jacarezinho"}]},{"@type":"WebSite","@id":"https:\/\/aconteceunovale.com.br\/portal\/#website","url":"https:\/\/aconteceunovale.com.br\/portal\/","name":"Aconteceu no Vale","description":"Portal de Not\u00edcias","potentialAction":[{"@type":"SearchAction","target":{"@type":"EntryPoint","urlTemplate":"https:\/\/aconteceunovale.com.br\/portal\/?s={search_term_string}"},"query-input":{"@type":"PropertyValueSpecification","valueRequired":true,"valueName":"search_term_string"}}],"inLanguage":"pt-BR"},{"@type":"Person","@id":"https:\/\/aconteceunovale.com.br\/portal\/#\/schema\/person\/7d2f26d1483f8a63de73da1ee0754d35","name":"Reda\u00e7\u00e3o Aconteceu no Vale","description":"Equipe de reportagem do Aconteceu no Vale, portal de not\u00edcias do Vale do Jequitinhonha, em Minas Gerais. Cobrimos as 51 cidades do Vale desde 2013. Sugest\u00f5es de pauta e pedidos de corre\u00e7\u00e3o: contato@aconteceunovale.com.br","url":"https:\/\/aconteceunovale.com.br\/portal\/?author=4"}]}},"_links":{"self":[{"href":"https:\/\/aconteceunovale.com.br\/portal\/index.php?rest_route=\/wp\/v2\/posts\/178320","targetHints":{"allow":["GET"]}}],"collection":[{"href":"https:\/\/aconteceunovale.com.br\/portal\/index.php?rest_route=\/wp\/v2\/posts"}],"about":[{"href":"https:\/\/aconteceunovale.com.br\/portal\/index.php?rest_route=\/wp\/v2\/types\/post"}],"author":[{"embeddable":true,"href":"https:\/\/aconteceunovale.com.br\/portal\/index.php?rest_route=\/wp\/v2\/users\/4"}],"replies":[{"embeddable":true,"href":"https:\/\/aconteceunovale.com.br\/portal\/index.php?rest_route=%2Fwp%2Fv2%2Fcomments&post=178320"}],"version-history":[{"count":1,"href":"https:\/\/aconteceunovale.com.br\/portal\/index.php?rest_route=\/wp\/v2\/posts\/178320\/revisions"}],"predecessor-version":[{"id":178322,"href":"https:\/\/aconteceunovale.com.br\/portal\/index.php?rest_route=\/wp\/v2\/posts\/178320\/revisions\/178322"}],"wp:featuredmedia":[{"embeddable":true,"href":"https:\/\/aconteceunovale.com.br\/portal\/index.php?rest_route=\/wp\/v2\/media\/178321"}],"wp:attachment":[{"href":"https:\/\/aconteceunovale.com.br\/portal\/index.php?rest_route=%2Fwp%2Fv2%2Fmedia&parent=178320"}],"wp:term":[{"taxonomy":"category","embeddable":true,"href":"https:\/\/aconteceunovale.com.br\/portal\/index.php?rest_route=%2Fwp%2Fv2%2Fcategories&post=178320"},{"taxonomy":"post_tag","embeddable":true,"href":"https:\/\/aconteceunovale.com.br\/portal\/index.php?rest_route=%2Fwp%2Fv2%2Ftags&post=178320"}],"curies":[{"name":"wp","href":"https:\/\/api.w.org\/{rel}","templated":true}]}}