{"id":178311,"date":"2021-05-09T11:56:29","date_gmt":"2021-05-09T14:56:29","guid":{"rendered":"https:\/\/aconteceunovale.com.br\/portal\/?p=178311"},"modified":"2021-05-09T11:57:40","modified_gmt":"2021-05-09T14:57:40","slug":"jovem-e-preso-apos-denuncia-de-furtos-em-escola-de-salinas","status":"publish","type":"post","link":"https:\/\/aconteceunovale.com.br\/portal\/?p=178311","title":{"rendered":"Jovem \u00e9 preso ap\u00f3s den\u00fancia de furtos em escola de Salinas"},"content":{"rendered":"\n<p class=\"wp-block-paragraph\">Um jovem de 19 anos foi preso pelo crime de tr\u00e1fico de drogas em Salinas, no Norte do Estado, na manh\u00e3 de s\u00e1bado (8\/5\/2021). Segundo informa\u00e7\u00f5es da Pol\u00edcia Civil de Minas Gerais (PCMG), a pris\u00e3o do suspeito ocorreu em decorr\u00eancia da investiga\u00e7\u00e3o de sucessivos furtos em uma escola da cidade.<\/p>\n\n\n\n<figure class=\"wp-block-gallery columns-1 is-cropped wp-block-gallery-1 is-layout-flex wp-block-gallery-is-layout-flex\"><ul class=\"blocks-gallery-grid\"><li class=\"blocks-gallery-item\"><figure><img loading=\"lazy\" decoding=\"async\" width=\"678\" height=\"391\" src=\"https:\/\/aconteceunovale.com.br\/portal\/wp-content\/uploads\/2021\/05\/preso_salinas.jpg\" alt=\"\" data-id=\"178312\" data-full-url=\"https:\/\/aconteceunovale.com.br\/portal\/wp-content\/uploads\/2021\/05\/preso_salinas.jpg\" data-link=\"https:\/\/aconteceunovale.com.br\/portal\/?attachment_id=178312\" class=\"wp-image-178312\" srcset=\"https:\/\/aconteceunovale.com.br\/portal\/wp-content\/uploads\/2021\/05\/preso_salinas.jpg 678w, https:\/\/aconteceunovale.com.br\/portal\/wp-content\/uploads\/2021\/05\/preso_salinas-300x173.jpg 300w\" sizes=\"auto, (max-width: 678px) 100vw, 678px\" \/><figcaption class=\"blocks-gallery-item__caption\"><em>Foto: Divulga\u00e7\u00e3o\/PCMG<\/em><\/figcaption><\/figure><\/li><\/ul><\/figure>\n\n\n\n<p class=\"wp-block-paragraph\"><em>\u201cAs investiga\u00e7\u00f5es tiveram in\u00edcio em mar\u00e7o deste ano, quando representantes da institui\u00e7\u00e3o de ensino relataram \u00e0 pol\u00edcia que a escola estaria sofrendo sucessivos furtos, al\u00e9m de ser usada como ponto para consumo de drogas\u201d<\/em>, informou a PCMG.<\/p>\n\n\n\n<p class=\"wp-block-paragraph\">Diante da den\u00fancia, a PCMG deu in\u00edcio \u00e0s investiga\u00e7\u00f5es e identificou dois suspeitos dos crimes. A partir dos levantamentos, mandados de busca e apreens\u00e3o foram solicitados \u00e0 Justi\u00e7a.<\/p>\n\n\n\n<h3 class=\"wp-block-heading\"><strong>Resultado<\/strong><\/h3>\n\n\n\n<p class=\"wp-block-paragraph\">Neste s\u00e1bado, policiais civis cumpriram os mandados e apreenderam com o suspeito por\u00e7\u00f5es de drogas preparadas para comercializa\u00e7\u00e3o, al\u00e9m de utens\u00edlios utilizados para o tr\u00e1fico de narc\u00f3ticos.<\/p>\n\n\n\n<p class=\"wp-block-paragraph\">O suspeito foi autuado em flagrante e encaminhado ao Sistema Prisional, onde permanecer\u00e1 \u00e0 disposi\u00e7\u00e3o da Justi\u00e7a.<\/p>\n\n\n\n<h3 class=\"wp-block-heading\"><strong>Antecedentes<\/strong><\/h3>\n\n\n\n<p class=\"wp-block-paragraph\">Em janeiro deste ano, segundo a PCMG, o investigado foi preso pelo mesmo crimes. A Pol\u00edcia Civil, informou tamb\u00e9m que as investiga\u00e7\u00f5es prosseguem para a pris\u00e3o do segundo envolvido e para apurar os furtos cometidos contra a escola.<\/p>\n\n\n\n<p class=\"wp-block-paragraph\">&#8212;&#8212;&#8212;&#8212;&#8212;&#8212;<br><em>Quer receber as not\u00edcias do <strong>Aconteceu no Vale<\/strong> em primeira m\u00e3o? Siga-nos no Facebook <a rel=\"noreferrer noopener\" href=\"http:\/\/facebook.com\/aconteceunovale\" target=\"_blank\">@aconteceunovale<\/a>, Twitter <a rel=\"noreferrer noopener\" href=\"https:\/\/twitter.com\/noticiadosvales\" target=\"_blank\">@noticiadosvales<\/a> e Instagram <a rel=\"noreferrer noopener\" href=\"https:\/\/www.instagram.com\/aconteceunovale\" target=\"_blank\">@aconteceunovale<\/a>.<\/em><\/p>\n","protected":false},"excerpt":{"rendered":"<p>Um jovem de 19 anos foi preso pelo crime de tr\u00e1fico de drogas em Salinas, no Norte do Estado, na manh\u00e3 de s\u00e1bado (8\/5\/2021). Segundo informa\u00e7\u00f5es da Pol\u00edcia Civil de Minas Gerais (PCMG), a pris\u00e3o do suspeito ocorreu em decorr\u00eancia da investiga\u00e7\u00e3o de sucessivos furtos em uma escola da cidade. \u201cAs investiga\u00e7\u00f5es tiveram in\u00edcio em [&hellip;]<\/p>\n","protected":false},"author":4,"featured_media":178312,"comment_status":"open","ping_status":"closed","sticky":false,"template":"","format":"standard","meta":{"amp_status":"","footnotes":""},"categories":[1236],"tags":[124595,244953,244952,239976,125537,58204,170942,190,244951,151855,63214],"class_list":["post-178311","post","type-post","status-publish","format-standard","has-post-thumbnail","hentry","category-norte_de_minas","tag-apreensao-de-drogas-em-salinas","tag-furtos-em-escola-de-salinas","tag-jovem-e-preso-apos-denuncia-de-furtos-em-escola-de-salinas","tag-pcmg-salinas","tag-preso-com-drogas-em-salinas","tag-preso-em-salinas","tag-preso-por-trafico-de-drogas-em-salinas","tag-salinas","tag-suspeito-de-trafico-e-preso-pela-policia-civil-em-salinas","tag-traficante-preso-em-salinas","tag-trafico-em-salinas"],"yoast_head":"<!-- This site is optimized with the Yoast SEO plugin v28.3 - https:\/\/yoast.com\/product\/yoast-seo-wordpress\/ -->\n<title>Jovem \u00e9 preso ap\u00f3s den\u00fancia de furtos em escola de Salinas - Aconteceu no Vale<\/title>\n<meta name=\"robots\" content=\"index, follow, max-snippet:-1, max-image-preview:large, max-video-preview:-1\" \/>\n<link rel=\"canonical\" href=\"https:\/\/aconteceunovale.com.br\/portal\/?p=178311\" \/>\n<meta property=\"og:locale\" content=\"pt_BR\" \/>\n<meta property=\"og:type\" content=\"article\" \/>\n<meta property=\"og:title\" content=\"Jovem \u00e9 preso ap\u00f3s den\u00fancia de furtos em escola de Salinas - Aconteceu no Vale\" \/>\n<meta property=\"og:description\" content=\"Um jovem de 19 anos foi preso pelo crime de tr\u00e1fico de drogas em Salinas, no Norte do Estado, na manh\u00e3 de s\u00e1bado (8\/5\/2021). Segundo informa\u00e7\u00f5es da Pol\u00edcia Civil de Minas Gerais (PCMG), a pris\u00e3o do suspeito ocorreu em decorr\u00eancia da investiga\u00e7\u00e3o de sucessivos furtos em uma escola da cidade. \u201cAs investiga\u00e7\u00f5es tiveram in\u00edcio em [&hellip;]\" \/>\n<meta property=\"og:url\" content=\"https:\/\/aconteceunovale.com.br\/portal\/?p=178311\" \/>\n<meta property=\"og:site_name\" content=\"Aconteceu no Vale\" \/>\n<meta property=\"article:publisher\" content=\"https:\/\/www.facebook.com\/aconteceunovale\/\" \/>\n<meta property=\"article:published_time\" content=\"2021-05-09T14:56:29+00:00\" \/>\n<meta property=\"article:modified_time\" content=\"2021-05-09T14:57:40+00:00\" \/>\n<meta property=\"og:image\" content=\"https:\/\/aconteceunovale.com.br\/portal\/wp-content\/uploads\/2021\/05\/preso_salinas.jpg\" \/>\n\t<meta property=\"og:image:width\" content=\"678\" \/>\n\t<meta property=\"og:image:height\" content=\"391\" \/>\n\t<meta property=\"og:image:type\" content=\"image\/jpeg\" \/>\n<meta name=\"author\" content=\"Reda\u00e7\u00e3o Aconteceu no Vale\" \/>\n<meta name=\"twitter:card\" content=\"summary_large_image\" \/>\n<meta name=\"twitter:creator\" content=\"@noticiadosvales\" \/>\n<meta name=\"twitter:site\" content=\"@noticiadosvales\" \/>\n<meta name=\"twitter:label1\" content=\"Escrito por\" \/>\n\t<meta name=\"twitter:data1\" content=\"Reda\u00e7\u00e3o Aconteceu no Vale\" \/>\n\t<meta name=\"twitter:label2\" content=\"Est. tempo de leitura\" \/>\n\t<meta name=\"twitter:data2\" content=\"1 minuto\" \/>\n<script type=\"application\/ld+json\" class=\"yoast-schema-graph\">{\"@context\":\"https:\\\/\\\/schema.org\",\"@graph\":[{\"@type\":\"Article\",\"@id\":\"https:\\\/\\\/aconteceunovale.com.br\\\/portal\\\/?p=178311#article\",\"isPartOf\":{\"@id\":\"https:\\\/\\\/aconteceunovale.com.br\\\/portal\\\/?p=178311\"},\"author\":{\"name\":\"Reda\u00e7\u00e3o Aconteceu no Vale\",\"@id\":\"https:\\\/\\\/aconteceunovale.com.br\\\/portal\\\/#\\\/schema\\\/person\\\/7d2f26d1483f8a63de73da1ee0754d35\"},\"headline\":\"Jovem \u00e9 preso ap\u00f3s den\u00fancia de furtos em escola de Salinas\",\"datePublished\":\"2021-05-09T14:56:29+00:00\",\"dateModified\":\"2021-05-09T14:57:40+00:00\",\"mainEntityOfPage\":{\"@id\":\"https:\\\/\\\/aconteceunovale.com.br\\\/portal\\\/?p=178311\"},\"wordCount\":264,\"commentCount\":0,\"image\":{\"@id\":\"https:\\\/\\\/aconteceunovale.com.br\\\/portal\\\/?p=178311#primaryimage\"},\"thumbnailUrl\":\"https:\\\/\\\/aconteceunovale.com.br\\\/portal\\\/wp-content\\\/uploads\\\/2021\\\/05\\\/preso_salinas.jpg\",\"keywords\":[\"Apreens\u00e3o de drogas em Salinas\",\"Furtos em escola de Salinas\",\"Jovem \u00e9 preso ap\u00f3s den\u00fancia de furtos em escola de Salinas\",\"PCMG Salinas\",\"Preso com drogas em Salinas\",\"preso em Salinas\",\"Preso por tr\u00e1fico de drogas em Salinas\",\"Salinas\",\"Suspeito de tr\u00e1fico \u00e9 preso pela Pol\u00edcia Civil em Salinas\",\"Traficante preso em Salinas\",\"tr\u00e1fico em Salinas\"],\"articleSection\":[\"Norte de Minas\"],\"inLanguage\":\"pt-BR\",\"potentialAction\":[{\"@type\":\"CommentAction\",\"name\":\"Comment\",\"target\":[\"https:\\\/\\\/aconteceunovale.com.br\\\/portal\\\/?p=178311#respond\"]}]},{\"@type\":\"WebPage\",\"@id\":\"https:\\\/\\\/aconteceunovale.com.br\\\/portal\\\/?p=178311\",\"url\":\"https:\\\/\\\/aconteceunovale.com.br\\\/portal\\\/?p=178311\",\"name\":\"Jovem \u00e9 preso ap\u00f3s den\u00fancia de furtos em escola de Salinas - Aconteceu no Vale\",\"isPartOf\":{\"@id\":\"https:\\\/\\\/aconteceunovale.com.br\\\/portal\\\/#website\"},\"primaryImageOfPage\":{\"@id\":\"https:\\\/\\\/aconteceunovale.com.br\\\/portal\\\/?p=178311#primaryimage\"},\"image\":{\"@id\":\"https:\\\/\\\/aconteceunovale.com.br\\\/portal\\\/?p=178311#primaryimage\"},\"thumbnailUrl\":\"https:\\\/\\\/aconteceunovale.com.br\\\/portal\\\/wp-content\\\/uploads\\\/2021\\\/05\\\/preso_salinas.jpg\",\"datePublished\":\"2021-05-09T14:56:29+00:00\",\"dateModified\":\"2021-05-09T14:57:40+00:00\",\"author\":{\"@id\":\"https:\\\/\\\/aconteceunovale.com.br\\\/portal\\\/#\\\/schema\\\/person\\\/7d2f26d1483f8a63de73da1ee0754d35\"},\"breadcrumb\":{\"@id\":\"https:\\\/\\\/aconteceunovale.com.br\\\/portal\\\/?p=178311#breadcrumb\"},\"inLanguage\":\"pt-BR\",\"potentialAction\":[{\"@type\":\"ReadAction\",\"target\":[\"https:\\\/\\\/aconteceunovale.com.br\\\/portal\\\/?p=178311\"]}]},{\"@type\":\"ImageObject\",\"inLanguage\":\"pt-BR\",\"@id\":\"https:\\\/\\\/aconteceunovale.com.br\\\/portal\\\/?p=178311#primaryimage\",\"url\":\"https:\\\/\\\/aconteceunovale.com.br\\\/portal\\\/wp-content\\\/uploads\\\/2021\\\/05\\\/preso_salinas.jpg\",\"contentUrl\":\"https:\\\/\\\/aconteceunovale.com.br\\\/portal\\\/wp-content\\\/uploads\\\/2021\\\/05\\\/preso_salinas.jpg\",\"width\":678,\"height\":391},{\"@type\":\"BreadcrumbList\",\"@id\":\"https:\\\/\\\/aconteceunovale.com.br\\\/portal\\\/?p=178311#breadcrumb\",\"itemListElement\":[{\"@type\":\"ListItem\",\"position\":1,\"name\":\"In\u00edcio\",\"item\":\"https:\\\/\\\/aconteceunovale.com.br\\\/portal\\\/\"},{\"@type\":\"ListItem\",\"position\":2,\"name\":\"Jovem \u00e9 preso ap\u00f3s den\u00fancia de furtos em escola de Salinas\"}]},{\"@type\":\"WebSite\",\"@id\":\"https:\\\/\\\/aconteceunovale.com.br\\\/portal\\\/#website\",\"url\":\"https:\\\/\\\/aconteceunovale.com.br\\\/portal\\\/\",\"name\":\"Aconteceu no Vale\",\"description\":\"Portal de Not\u00edcias\",\"potentialAction\":[{\"@type\":\"SearchAction\",\"target\":{\"@type\":\"EntryPoint\",\"urlTemplate\":\"https:\\\/\\\/aconteceunovale.com.br\\\/portal\\\/?s={search_term_string}\"},\"query-input\":{\"@type\":\"PropertyValueSpecification\",\"valueRequired\":true,\"valueName\":\"search_term_string\"}}],\"inLanguage\":\"pt-BR\"},{\"@type\":\"Person\",\"@id\":\"https:\\\/\\\/aconteceunovale.com.br\\\/portal\\\/#\\\/schema\\\/person\\\/7d2f26d1483f8a63de73da1ee0754d35\",\"name\":\"Reda\u00e7\u00e3o Aconteceu no Vale\",\"description\":\"Equipe de reportagem do Aconteceu no Vale, portal de not\u00edcias do Vale do Jequitinhonha, em Minas Gerais. Cobrimos as 51 cidades do Vale desde 2013. Sugest\u00f5es de pauta e pedidos de corre\u00e7\u00e3o: contato@aconteceunovale.com.br\",\"url\":\"https:\\\/\\\/aconteceunovale.com.br\\\/portal\\\/?author=4\"}]}<\/script>\n<!-- \/ Yoast SEO plugin. -->","yoast_head_json":{"title":"Jovem \u00e9 preso ap\u00f3s den\u00fancia de furtos em escola de Salinas - Aconteceu no Vale","robots":{"index":"index","follow":"follow","max-snippet":"max-snippet:-1","max-image-preview":"max-image-preview:large","max-video-preview":"max-video-preview:-1"},"canonical":"https:\/\/aconteceunovale.com.br\/portal\/?p=178311","og_locale":"pt_BR","og_type":"article","og_title":"Jovem \u00e9 preso ap\u00f3s den\u00fancia de furtos em escola de Salinas - Aconteceu no Vale","og_description":"Um jovem de 19 anos foi preso pelo crime de tr\u00e1fico de drogas em Salinas, no Norte do Estado, na manh\u00e3 de s\u00e1bado (8\/5\/2021). Segundo informa\u00e7\u00f5es da Pol\u00edcia Civil de Minas Gerais (PCMG), a pris\u00e3o do suspeito ocorreu em decorr\u00eancia da investiga\u00e7\u00e3o de sucessivos furtos em uma escola da cidade. \u201cAs investiga\u00e7\u00f5es tiveram in\u00edcio em [&hellip;]","og_url":"https:\/\/aconteceunovale.com.br\/portal\/?p=178311","og_site_name":"Aconteceu no Vale","article_publisher":"https:\/\/www.facebook.com\/aconteceunovale\/","article_published_time":"2021-05-09T14:56:29+00:00","article_modified_time":"2021-05-09T14:57:40+00:00","og_image":[{"width":678,"height":391,"url":"https:\/\/aconteceunovale.com.br\/portal\/wp-content\/uploads\/2021\/05\/preso_salinas.jpg","type":"image\/jpeg"}],"author":"Reda\u00e7\u00e3o Aconteceu no Vale","twitter_card":"summary_large_image","twitter_creator":"@noticiadosvales","twitter_site":"@noticiadosvales","twitter_misc":{"Escrito por":"Reda\u00e7\u00e3o Aconteceu no Vale","Est. tempo de leitura":"1 minuto"},"schema":{"@context":"https:\/\/schema.org","@graph":[{"@type":"Article","@id":"https:\/\/aconteceunovale.com.br\/portal\/?p=178311#article","isPartOf":{"@id":"https:\/\/aconteceunovale.com.br\/portal\/?p=178311"},"author":{"name":"Reda\u00e7\u00e3o Aconteceu no Vale","@id":"https:\/\/aconteceunovale.com.br\/portal\/#\/schema\/person\/7d2f26d1483f8a63de73da1ee0754d35"},"headline":"Jovem \u00e9 preso ap\u00f3s den\u00fancia de furtos em escola de Salinas","datePublished":"2021-05-09T14:56:29+00:00","dateModified":"2021-05-09T14:57:40+00:00","mainEntityOfPage":{"@id":"https:\/\/aconteceunovale.com.br\/portal\/?p=178311"},"wordCount":264,"commentCount":0,"image":{"@id":"https:\/\/aconteceunovale.com.br\/portal\/?p=178311#primaryimage"},"thumbnailUrl":"https:\/\/aconteceunovale.com.br\/portal\/wp-content\/uploads\/2021\/05\/preso_salinas.jpg","keywords":["Apreens\u00e3o de drogas em Salinas","Furtos em escola de Salinas","Jovem \u00e9 preso ap\u00f3s den\u00fancia de furtos em escola de Salinas","PCMG Salinas","Preso com drogas em Salinas","preso em Salinas","Preso por tr\u00e1fico de drogas em Salinas","Salinas","Suspeito de tr\u00e1fico \u00e9 preso pela Pol\u00edcia Civil em Salinas","Traficante preso em Salinas","tr\u00e1fico em Salinas"],"articleSection":["Norte de Minas"],"inLanguage":"pt-BR","potentialAction":[{"@type":"CommentAction","name":"Comment","target":["https:\/\/aconteceunovale.com.br\/portal\/?p=178311#respond"]}]},{"@type":"WebPage","@id":"https:\/\/aconteceunovale.com.br\/portal\/?p=178311","url":"https:\/\/aconteceunovale.com.br\/portal\/?p=178311","name":"Jovem \u00e9 preso ap\u00f3s den\u00fancia de furtos em escola de Salinas - Aconteceu no Vale","isPartOf":{"@id":"https:\/\/aconteceunovale.com.br\/portal\/#website"},"primaryImageOfPage":{"@id":"https:\/\/aconteceunovale.com.br\/portal\/?p=178311#primaryimage"},"image":{"@id":"https:\/\/aconteceunovale.com.br\/portal\/?p=178311#primaryimage"},"thumbnailUrl":"https:\/\/aconteceunovale.com.br\/portal\/wp-content\/uploads\/2021\/05\/preso_salinas.jpg","datePublished":"2021-05-09T14:56:29+00:00","dateModified":"2021-05-09T14:57:40+00:00","author":{"@id":"https:\/\/aconteceunovale.com.br\/portal\/#\/schema\/person\/7d2f26d1483f8a63de73da1ee0754d35"},"breadcrumb":{"@id":"https:\/\/aconteceunovale.com.br\/portal\/?p=178311#breadcrumb"},"inLanguage":"pt-BR","potentialAction":[{"@type":"ReadAction","target":["https:\/\/aconteceunovale.com.br\/portal\/?p=178311"]}]},{"@type":"ImageObject","inLanguage":"pt-BR","@id":"https:\/\/aconteceunovale.com.br\/portal\/?p=178311#primaryimage","url":"https:\/\/aconteceunovale.com.br\/portal\/wp-content\/uploads\/2021\/05\/preso_salinas.jpg","contentUrl":"https:\/\/aconteceunovale.com.br\/portal\/wp-content\/uploads\/2021\/05\/preso_salinas.jpg","width":678,"height":391},{"@type":"BreadcrumbList","@id":"https:\/\/aconteceunovale.com.br\/portal\/?p=178311#breadcrumb","itemListElement":[{"@type":"ListItem","position":1,"name":"In\u00edcio","item":"https:\/\/aconteceunovale.com.br\/portal\/"},{"@type":"ListItem","position":2,"name":"Jovem \u00e9 preso ap\u00f3s den\u00fancia de furtos em escola de Salinas"}]},{"@type":"WebSite","@id":"https:\/\/aconteceunovale.com.br\/portal\/#website","url":"https:\/\/aconteceunovale.com.br\/portal\/","name":"Aconteceu no Vale","description":"Portal de Not\u00edcias","potentialAction":[{"@type":"SearchAction","target":{"@type":"EntryPoint","urlTemplate":"https:\/\/aconteceunovale.com.br\/portal\/?s={search_term_string}"},"query-input":{"@type":"PropertyValueSpecification","valueRequired":true,"valueName":"search_term_string"}}],"inLanguage":"pt-BR"},{"@type":"Person","@id":"https:\/\/aconteceunovale.com.br\/portal\/#\/schema\/person\/7d2f26d1483f8a63de73da1ee0754d35","name":"Reda\u00e7\u00e3o Aconteceu no Vale","description":"Equipe de reportagem do Aconteceu no Vale, portal de not\u00edcias do Vale do Jequitinhonha, em Minas Gerais. Cobrimos as 51 cidades do Vale desde 2013. Sugest\u00f5es de pauta e pedidos de corre\u00e7\u00e3o: contato@aconteceunovale.com.br","url":"https:\/\/aconteceunovale.com.br\/portal\/?author=4"}]}},"_links":{"self":[{"href":"https:\/\/aconteceunovale.com.br\/portal\/index.php?rest_route=\/wp\/v2\/posts\/178311","targetHints":{"allow":["GET"]}}],"collection":[{"href":"https:\/\/aconteceunovale.com.br\/portal\/index.php?rest_route=\/wp\/v2\/posts"}],"about":[{"href":"https:\/\/aconteceunovale.com.br\/portal\/index.php?rest_route=\/wp\/v2\/types\/post"}],"author":[{"embeddable":true,"href":"https:\/\/aconteceunovale.com.br\/portal\/index.php?rest_route=\/wp\/v2\/users\/4"}],"replies":[{"embeddable":true,"href":"https:\/\/aconteceunovale.com.br\/portal\/index.php?rest_route=%2Fwp%2Fv2%2Fcomments&post=178311"}],"version-history":[{"count":1,"href":"https:\/\/aconteceunovale.com.br\/portal\/index.php?rest_route=\/wp\/v2\/posts\/178311\/revisions"}],"predecessor-version":[{"id":178313,"href":"https:\/\/aconteceunovale.com.br\/portal\/index.php?rest_route=\/wp\/v2\/posts\/178311\/revisions\/178313"}],"wp:featuredmedia":[{"embeddable":true,"href":"https:\/\/aconteceunovale.com.br\/portal\/index.php?rest_route=\/wp\/v2\/media\/178312"}],"wp:attachment":[{"href":"https:\/\/aconteceunovale.com.br\/portal\/index.php?rest_route=%2Fwp%2Fv2%2Fmedia&parent=178311"}],"wp:term":[{"taxonomy":"category","embeddable":true,"href":"https:\/\/aconteceunovale.com.br\/portal\/index.php?rest_route=%2Fwp%2Fv2%2Fcategories&post=178311"},{"taxonomy":"post_tag","embeddable":true,"href":"https:\/\/aconteceunovale.com.br\/portal\/index.php?rest_route=%2Fwp%2Fv2%2Ftags&post=178311"}],"curies":[{"name":"wp","href":"https:\/\/api.w.org\/{rel}","templated":true}]}}