{"id":178296,"date":"2021-05-08T20:08:52","date_gmt":"2021-05-08T23:08:52","guid":{"rendered":"https:\/\/aconteceunovale.com.br\/portal\/?p=178296"},"modified":"2021-05-08T20:13:12","modified_gmt":"2021-05-08T23:13:12","slug":"18-municipios-de-minas-gerais-nao-registraram-obitos-por-covid-19","status":"publish","type":"post","link":"https:\/\/aconteceunovale.com.br\/portal\/?p=178296","title":{"rendered":"18 munic\u00edpios de Minas Gerais n\u00e3o registraram \u00f3bitos por Covid-19"},"content":{"rendered":"\n<p class=\"wp-block-paragraph\">Apenas 18 dos 853 munic\u00edpios de Minas Gerais n\u00e3o registraram nenhum \u00f3bito por Covid-19, de acordo com levantamento realizado pela Reda\u00e7\u00e3o do Aconteceu no Vale com base em boletins epidemiol\u00f3gicos divulgados por secretarias municipais de Sa\u00fade. Os dados foram consultados no in\u00edcio da noite deste s\u00e1bado (8\/5\/2021).<\/p>\n\n\n\n<p class=\"wp-block-paragraph\">A Secretaria de Estado de Sa\u00fade (SES-MG) considera que 32 munic\u00edpios n\u00e3o possuem registros de \u00f3bitos por Covid-19. No entanto, 14 desses divulgaram boletins epidemiol\u00f3gicos confirmando pelo menos uma morte pela doen\u00e7a.<\/p>\n\n\n\n<p class=\"wp-block-paragraph\">Os dados tamb\u00e9m divergem com rela\u00e7\u00e3o ao n\u00famero de casos. O munic\u00edpio de Mirav\u00e2nia, no Norte de Minas, por exemplo, confirma a exist\u00eancia de 73 moradores infectados pelo novo coronav\u00edrus. J\u00e1 a SES-MG, em boletim divulgado na manh\u00e3 dessa sexta-feira (7\/5), lista apenas 10. Esse n\u00famero colocaria a cidade norte-mineira como a primeira da lista de menor n\u00famero de pessoas acometidas pela doen\u00e7a.<\/p>\n\n\n\n<p class=\"wp-block-paragraph\">J\u00e1 os munic\u00edpios com menor n\u00famero de casos confirmados, de acordo com levantamento do Aconteceu no Vale, s\u00e3o Cedro do Abaet\u00e9, na regi\u00e3o Centro-Oeste, com 12 registros de infec\u00e7\u00f5es, e Serranos, no Sul de Minas, com 24. Serra da Saudade, a cidade com menor n\u00famero de habitantes do Brasil, j\u00e1 confirmou 39 casos e um \u00f3bito.<\/p>\n\n\n\n<figure class=\"wp-block-gallery columns-1 is-cropped wp-block-gallery-1 is-layout-flex wp-block-gallery-is-layout-flex\"><ul class=\"blocks-gallery-grid\"><li class=\"blocks-gallery-item\"><figure><img loading=\"lazy\" decoding=\"async\" width=\"655\" height=\"450\" src=\"https:\/\/aconteceunovale.com.br\/portal\/wp-content\/uploads\/2021\/05\/aricanduva_mg.jpg\" alt=\"\" data-id=\"178297\" data-full-url=\"https:\/\/aconteceunovale.com.br\/portal\/wp-content\/uploads\/2021\/05\/aricanduva_mg.jpg\" data-link=\"https:\/\/aconteceunovale.com.br\/portal\/?attachment_id=178297\" class=\"wp-image-178297\" srcset=\"https:\/\/aconteceunovale.com.br\/portal\/wp-content\/uploads\/2021\/05\/aricanduva_mg.jpg 655w, https:\/\/aconteceunovale.com.br\/portal\/wp-content\/uploads\/2021\/05\/aricanduva_mg-300x206.jpg 300w, https:\/\/aconteceunovale.com.br\/portal\/wp-content\/uploads\/2021\/05\/aricanduva_mg-100x70.jpg 100w, https:\/\/aconteceunovale.com.br\/portal\/wp-content\/uploads\/2021\/05\/aricanduva_mg-218x150.jpg 218w, https:\/\/aconteceunovale.com.br\/portal\/wp-content\/uploads\/2021\/05\/aricanduva_mg-611x420.jpg 611w\" sizes=\"auto, (max-width: 655px) 100vw, 655px\" \/><figcaption class=\"blocks-gallery-item__caption\"><em>Aricanduva, no Vale do Jequitinhonha (Foto: Pedro Paulo \/ via Mapio)<\/em><\/figcaption><\/figure><\/li><\/ul><\/figure>\n\n\n\n<h3 class=\"wp-block-heading\"><strong>Munic\u00edpios sem \u00f3bitos por Covid-19<\/strong><\/h3>\n\n\n\n<figure class=\"wp-block-table is-style-stripes\"><table><tbody><tr><td><strong>Munic\u00edpio<\/strong><\/td><td class=\"has-text-align-center\" data-align=\"center\"><strong>Casos<\/strong><\/td><td class=\"has-text-align-center\" data-align=\"center\"><strong>\u00d3bitos<\/strong><\/td><td><strong>\u00daltimo boletim municipal<\/strong><\/td><\/tr><tr><td>Aricanduva<\/td><td class=\"has-text-align-center\" data-align=\"center\">82<\/td><td class=\"has-text-align-center\" data-align=\"center\">0<\/td><td>07\/05\/2021 \u2013 10h37<\/td><\/tr><tr><td>Bert\u00f3polis<\/td><td class=\"has-text-align-center\" data-align=\"center\">268<\/td><td class=\"has-text-align-center\" data-align=\"center\">0<\/td><td>08\/05\/2021 \u2013 09h16<\/td><\/tr><tr><td>Bonito de Minas<\/td><td class=\"has-text-align-center\" data-align=\"center\">48<\/td><td class=\"has-text-align-center\" data-align=\"center\">0<\/td><td>07\/05\/2021 \u2013 12h34<\/td><\/tr><tr><td>Carvalhos<\/td><td class=\"has-text-align-center\" data-align=\"center\">161<\/td><td class=\"has-text-align-center\" data-align=\"center\">0<\/td><td>07\/05\/2021 \u2013 15h52<\/td><\/tr><tr><td>Diogo de Vasconcelos<\/td><td class=\"has-text-align-center\" data-align=\"center\">91<\/td><td class=\"has-text-align-center\" data-align=\"center\">0<\/td><td>07\/05\/2021 \u2013 10h00 *<\/td><\/tr><tr><td>Fama<\/td><td class=\"has-text-align-center\" data-align=\"center\">71<\/td><td class=\"has-text-align-center\" data-align=\"center\">0<\/td><td>03\/05\/2021 \u2013 11h05<\/td><\/tr><tr><td>Fortuna de Minas<\/td><td class=\"has-text-align-center\" data-align=\"center\">75<\/td><td class=\"has-text-align-center\" data-align=\"center\">0<\/td><td>07\/05\/2021 \u2013 08h49<\/td><\/tr><tr><td>Ibiti\u00fara de Minas<\/td><td class=\"has-text-align-center\" data-align=\"center\">349<\/td><td class=\"has-text-align-center\" data-align=\"center\">0<\/td><td>07\/05\/2021 \u2013 17h30<\/td><\/tr><tr><td>Jos\u00e9 Gon\u00e7alves de Minas<\/td><td class=\"has-text-align-center\" data-align=\"center\">66<\/td><td class=\"has-text-align-center\" data-align=\"center\">0<\/td><td>08\/05\/2021 \u2013 10h42<\/td><\/tr><tr><td>Mirav\u00e2nia<\/td><td class=\"has-text-align-center\" data-align=\"center\">73<\/td><td class=\"has-text-align-center\" data-align=\"center\">0<\/td><td>06\/05\/2021 \u2013 18h00<\/td><\/tr><tr><td>Monjolos<\/td><td class=\"has-text-align-center\" data-align=\"center\">40<\/td><td class=\"has-text-align-center\" data-align=\"center\">0<\/td><td>06\/05\/2021 \u2013 18h00<\/td><\/tr><tr><td>Pedro Teixeira<\/td><td class=\"has-text-align-center\" data-align=\"center\">42<\/td><td class=\"has-text-align-center\" data-align=\"center\">0<\/td><td>07\/05\/2021 \u2013 18h00<\/td><\/tr><tr><td>Santa B\u00e1rbara do Tug\u00fario<\/td><td class=\"has-text-align-center\" data-align=\"center\">122<\/td><td class=\"has-text-align-center\" data-align=\"center\">0<\/td><td>07\/05\/2021 \u2013 16h23<\/td><\/tr><tr><td>Santana dos Montes<\/td><td class=\"has-text-align-center\" data-align=\"center\">92<\/td><td class=\"has-text-align-center\" data-align=\"center\">0<\/td><td>07\/05\/2021 \u2013 18h02<\/td><\/tr><tr><td>S\u00e3o Jo\u00e3o do Pacu\u00ed<\/td><td class=\"has-text-align-center\" data-align=\"center\">37<\/td><td class=\"has-text-align-center\" data-align=\"center\">0<\/td><td>07\/05\/2021 \u2013 10h00 **<\/td><\/tr><tr><td>Serra Azul de Minas<\/td><td class=\"has-text-align-center\" data-align=\"center\">90<\/td><td class=\"has-text-align-center\" data-align=\"center\">0<\/td><td>04\/05\/2021 \u2013 17h00<\/td><\/tr><tr><td>Serranos<\/td><td class=\"has-text-align-center\" data-align=\"center\">24<\/td><td class=\"has-text-align-center\" data-align=\"center\">0<\/td><td>07\/05\/2021 \u2013 10h00 ***<\/td><\/tr><tr><td>Veredinha<\/td><td class=\"has-text-align-center\" data-align=\"center\">130<\/td><td class=\"has-text-align-center\" data-align=\"center\">0<\/td><td>07\/05\/2021 \u2013 19h00<\/td><\/tr><\/tbody><\/table><\/figure>\n\n\n\n<p class=\"wp-block-paragraph\"><em>* Os dados s\u00e3o da SES-MG. A Prefeitura de Diogo de Vasconcelos divulgou o \u00faltimo boletim em 20\/4\/2021, \u00e0s 15h25, com 84 casos confirmados e nenhum \u00f3bito.<br>** Os dados s\u00e3o da SES-MG. A equipe do Aconteceu no Vale n\u00e3o encontrou boletim recente divulgado pelo munic\u00edpio de S\u00e3o Jo\u00e3o do Pacu\u00ed.<br>*** Os dados s\u00e3o da SES-MG. A equipe do Aconteceu no Vale n\u00e3o encontrou boletim recente divulgado pelo munic\u00edpio de Serranos.<\/em><\/p>\n\n\n\n<h3 class=\"wp-block-heading\"><strong>Munic\u00edpios sem registro de \u00f3bitos por Covid-19, de acordo com a SES-MG, mas que as prefeituras municipais divulgaram boletins confirmando pelo menos uma morte pela doen\u00e7a:<\/strong><\/h3>\n\n\n\n<figure class=\"wp-block-table is-style-stripes\"><table><tbody><tr><td><strong>Munic\u00edpio<\/strong><\/td><td class=\"has-text-align-center\" data-align=\"center\"><strong>Casos<\/strong><\/td><td class=\"has-text-align-center\" data-align=\"center\"><strong>\u00d3bitos<\/strong><\/td><td><strong>\u00daltimo boletim municipal<\/strong><\/td><\/tr><tr><td>Ara\u00e7a\u00ed<\/td><td class=\"has-text-align-center\" data-align=\"center\">62<\/td><td class=\"has-text-align-center\" data-align=\"center\">2<\/td><td>07\/05\/2021 \u2013 16h00<\/td><\/tr><tr><td>Campo Azul<\/td><td class=\"has-text-align-center\" data-align=\"center\">207<\/td><td class=\"has-text-align-center\" data-align=\"center\">2<\/td><td>06\/05\/2021 \u2013 11h37<\/td><\/tr><tr><td>Carm\u00e9sia<\/td><td class=\"has-text-align-center\" data-align=\"center\">78<\/td><td class=\"has-text-align-center\" data-align=\"center\">1<\/td><td>28\/04\/2021 \u2013 15h53<\/td><\/tr><tr><td>Cedro do Abaet\u00e9<\/td><td class=\"has-text-align-center\" data-align=\"center\">12<\/td><td class=\"has-text-align-center\" data-align=\"center\">1<\/td><td>30\/04\/2021 \u2013 17h03<\/td><\/tr><tr><td>Estrela do Indai\u00e1<\/td><td class=\"has-text-align-center\" data-align=\"center\">40<\/td><td class=\"has-text-align-center\" data-align=\"center\">1<\/td><td>06\/05\/2021 \u2013 22h38<\/td><\/tr><tr><td>Jos\u00e9 Raydan<\/td><td class=\"has-text-align-center\" data-align=\"center\">242<\/td><td class=\"has-text-align-center\" data-align=\"center\">4<\/td><td>03\/05\/2021 \u2013 16h56<\/td><\/tr><tr><td>Patis<\/td><td class=\"has-text-align-center\" data-align=\"center\">217<\/td><td class=\"has-text-align-center\" data-align=\"center\">5<\/td><td>07\/05\/2021 \u2013 21h04<\/td><\/tr><tr><td>Pedra do Anta<\/td><td class=\"has-text-align-center\" data-align=\"center\">109<\/td><td class=\"has-text-align-center\" data-align=\"center\">1<\/td><td>07\/05\/2021 \u2013 16h00<\/td><\/tr><tr><td>Pedra Dourada<\/td><td class=\"has-text-align-center\" data-align=\"center\">141<\/td><td class=\"has-text-align-center\" data-align=\"center\">1<\/td><td>02\/05\/2021 \u2013 10h00<\/td><\/tr><tr><td>Santana de Cataguases<\/td><td class=\"has-text-align-center\" data-align=\"center\">431<\/td><td class=\"has-text-align-center\" data-align=\"center\">5<\/td><td>07\/05\/2021 \u2013 15h50<\/td><\/tr><tr><td>Santo Hip\u00f3lito<\/td><td class=\"has-text-align-center\" data-align=\"center\">58<\/td><td class=\"has-text-align-center\" data-align=\"center\">2<\/td><td>07\/05\/2021 \u2013 18h00<\/td><\/tr><tr><td>S\u00e3o Sebasti\u00e3o do Maranh\u00e3o<\/td><td class=\"has-text-align-center\" data-align=\"center\">309<\/td><td class=\"has-text-align-center\" data-align=\"center\">3<\/td><td>08\/05\/2021 \u2013 09h57<\/td><\/tr><tr><td>Serra da Saudade<\/td><td class=\"has-text-align-center\" data-align=\"center\">39<\/td><td class=\"has-text-align-center\" data-align=\"center\">1<\/td><td>06\/05\/2021 \u2013 09h00<\/td><\/tr><tr><td>Tapira\u00ed<\/td><td class=\"has-text-align-center\" data-align=\"center\">60<\/td><td class=\"has-text-align-center\" data-align=\"center\">3<\/td><td>03\/05\/2021 \u2013 17h51<\/td><\/tr><\/tbody><\/table><\/figure>\n\n\n\n<p class=\"wp-block-paragraph\">&#8212;&#8212;&#8212;&#8212;&#8212;&#8212;<br><em>Quer receber as not\u00edcias do <strong>Aconteceu no Vale<\/strong> em primeira m\u00e3o? Siga-nos no Facebook <a rel=\"noreferrer noopener\" href=\"http:\/\/facebook.com\/aconteceunovale\" target=\"_blank\">@aconteceunovale<\/a>, Twitter <a rel=\"noreferrer noopener\" href=\"https:\/\/twitter.com\/noticiadosvales\" target=\"_blank\">@noticiadosvales<\/a> e Instagram <a rel=\"noreferrer noopener\" href=\"https:\/\/www.instagram.com\/aconteceunovale\" target=\"_blank\">@aconteceunovale<\/a>.<\/em><\/p>\n","protected":false},"excerpt":{"rendered":"<p>Apenas 18 dos 853 munic\u00edpios de Minas Gerais n\u00e3o registraram nenhum \u00f3bito por Covid-19, de acordo com levantamento realizado pela Reda\u00e7\u00e3o do Aconteceu no Vale com base em boletins epidemiol\u00f3gicos divulgados por secretarias municipais de Sa\u00fade. Os dados foram consultados no in\u00edcio da noite deste s\u00e1bado (8\/5\/2021). A Secretaria de Estado de Sa\u00fade (SES-MG) considera [&hellip;]<\/p>\n","protected":false},"author":4,"featured_media":178297,"comment_status":"open","ping_status":"closed","sticky":false,"template":"","format":"standard","meta":{"amp_status":"","footnotes":""},"categories":[121,123,1236,40242,120],"tags":[244922,30020,551,1798,1799,244936,280,144666,1661,244933,244931,244923,244927,244925,244929,214884,216498,1018,142710,1663,16443,30023,62506,917,299,3056,4681,244934,244932,244935,215653,140166,1700,1569,63914,4685,75745,1606,1758,63878,1701,324,327,1669,68318,52113,1652,244924,244928,244926,244930,916],"class_list":["post-178296","post","type-post","status-publish","format-standard","has-post-thumbnail","hentry","category-leste","category-gerais","category-norte_de_minas","category-saude-2","category-jequi","tag-18-municipios-de-minas-gerais-nao-registraram-obitos-por-covid-19","tag-aracai","tag-aricanduva","tag-bertopolis","tag-bonito-de-minas","tag-campo-azul-de-minas","tag-carmesia","tag-carvalhos","tag-cedro-do-abaete","tag-cidades-mineiras-livres-da-covid-19","tag-cidades-mineiras-que-nao-registraram-mortes-por-covid-19","tag-confira-a-lista-das-18-cidades-de-minas-gerais-que-nao-registraram-morte-por-covid-19","tag-confira-a-lista-das-18-cidades-mineiras-que-nao-registraram-morte-por-covid-19","tag-confira-a-lista-dos-18-municipios-de-minas-gerais-que-nao-registraram-morte-por-covid-19","tag-confira-a-lista-dos-18-municipios-mineiros-que-nao-registraram-morte-por-covid-19","tag-coronavirus","tag-covid-19","tag-destaque","tag-diogo-de-vasconcelos","tag-estrela-do-indaia","tag-fama","tag-fortuna-de-minas","tag-ibitiura-de-minas","tag-jose-goncalves-de-minas","tag-jose-raydan","tag-miravania","tag-monjolos","tag-municipios-mineiros-livres-da-covid-19","tag-municipios-mineiros-que-nao-registraram-mortes-por-covid-19","tag-municipios-sem-obitos-por-covid-19-em-minas-gerais","tag-novo-coronavirus","tag-pandemia","tag-patis","tag-pedra-do-anta","tag-pedra-dourada","tag-pedro-teixeira","tag-santa-barbara-do-tugurio","tag-santana-de-cataguases","tag-santana-dos-montes","tag-santo-hipolito","tag-sao-joao-do-pacui","tag-sao-sebastiao-do-maranhao","tag-serra-azul-de-minas","tag-serra-da-saudade","tag-serranos","tag-ses-mg","tag-tapirai","tag-veja-a-lista-das-18-cidades-de-minas-gerais-que-nao-registraram-morte-por-covid-19","tag-veja-a-lista-das-18-cidades-mineiras-que-nao-registraram-morte-por-covid-19","tag-veja-a-lista-dos-18-municipios-de-minas-gerais-que-nao-registraram-morte-por-covid-19","tag-veja-a-lista-dos-18-municipios-mineiros-que-nao-registraram-morte-por-covid-19","tag-veredinha"],"yoast_head":"<!-- This site is optimized with the Yoast SEO plugin v28.3 - https:\/\/yoast.com\/product\/yoast-seo-wordpress\/ -->\n<title>18 munic\u00edpios de Minas Gerais n\u00e3o registraram \u00f3bitos por Covid-19 - Aconteceu no Vale<\/title>\n<meta name=\"robots\" content=\"index, follow, max-snippet:-1, max-image-preview:large, max-video-preview:-1\" \/>\n<link rel=\"canonical\" href=\"https:\/\/aconteceunovale.com.br\/portal\/?p=178296\" \/>\n<meta property=\"og:locale\" content=\"pt_BR\" \/>\n<meta property=\"og:type\" content=\"article\" \/>\n<meta property=\"og:title\" content=\"18 munic\u00edpios de Minas Gerais n\u00e3o registraram \u00f3bitos por Covid-19 - Aconteceu no Vale\" \/>\n<meta property=\"og:description\" content=\"Apenas 18 dos 853 munic\u00edpios de Minas Gerais n\u00e3o registraram nenhum \u00f3bito por Covid-19, de acordo com levantamento realizado pela Reda\u00e7\u00e3o do Aconteceu no Vale com base em boletins epidemiol\u00f3gicos divulgados por secretarias municipais de Sa\u00fade. Os dados foram consultados no in\u00edcio da noite deste s\u00e1bado (8\/5\/2021). A Secretaria de Estado de Sa\u00fade (SES-MG) considera [&hellip;]\" \/>\n<meta property=\"og:url\" content=\"https:\/\/aconteceunovale.com.br\/portal\/?p=178296\" \/>\n<meta property=\"og:site_name\" content=\"Aconteceu no Vale\" \/>\n<meta property=\"article:publisher\" content=\"https:\/\/www.facebook.com\/aconteceunovale\/\" \/>\n<meta property=\"article:published_time\" content=\"2021-05-08T23:08:52+00:00\" \/>\n<meta property=\"article:modified_time\" content=\"2021-05-08T23:13:12+00:00\" \/>\n<meta property=\"og:image\" content=\"https:\/\/aconteceunovale.com.br\/portal\/wp-content\/uploads\/2021\/05\/aricanduva_mg.jpg\" \/>\n\t<meta property=\"og:image:width\" content=\"655\" \/>\n\t<meta property=\"og:image:height\" content=\"450\" \/>\n\t<meta property=\"og:image:type\" content=\"image\/jpeg\" \/>\n<meta name=\"author\" content=\"Reda\u00e7\u00e3o Aconteceu no Vale\" \/>\n<meta name=\"twitter:card\" content=\"summary_large_image\" \/>\n<meta name=\"twitter:creator\" content=\"@noticiadosvales\" \/>\n<meta name=\"twitter:site\" content=\"@noticiadosvales\" \/>\n<meta name=\"twitter:label1\" content=\"Escrito por\" \/>\n\t<meta name=\"twitter:data1\" content=\"Reda\u00e7\u00e3o Aconteceu no Vale\" \/>\n\t<meta name=\"twitter:label2\" content=\"Est. tempo de leitura\" \/>\n\t<meta name=\"twitter:data2\" content=\"2 minutos\" \/>\n<script type=\"application\/ld+json\" class=\"yoast-schema-graph\">{\"@context\":\"https:\\\/\\\/schema.org\",\"@graph\":[{\"@type\":\"Article\",\"@id\":\"https:\\\/\\\/aconteceunovale.com.br\\\/portal\\\/?p=178296#article\",\"isPartOf\":{\"@id\":\"https:\\\/\\\/aconteceunovale.com.br\\\/portal\\\/?p=178296\"},\"author\":{\"name\":\"Reda\u00e7\u00e3o Aconteceu no Vale\",\"@id\":\"https:\\\/\\\/aconteceunovale.com.br\\\/portal\\\/#\\\/schema\\\/person\\\/7d2f26d1483f8a63de73da1ee0754d35\"},\"headline\":\"18 munic\u00edpios de Minas Gerais n\u00e3o registraram \u00f3bitos por Covid-19\",\"datePublished\":\"2021-05-08T23:08:52+00:00\",\"dateModified\":\"2021-05-08T23:13:12+00:00\",\"mainEntityOfPage\":{\"@id\":\"https:\\\/\\\/aconteceunovale.com.br\\\/portal\\\/?p=178296\"},\"wordCount\":501,\"commentCount\":0,\"image\":{\"@id\":\"https:\\\/\\\/aconteceunovale.com.br\\\/portal\\\/?p=178296#primaryimage\"},\"thumbnailUrl\":\"https:\\\/\\\/aconteceunovale.com.br\\\/portal\\\/wp-content\\\/uploads\\\/2021\\\/05\\\/aricanduva_mg.jpg\",\"keywords\":[\"18 munic\u00edpios de Minas Gerais n\u00e3o registraram \u00f3bitos por Covid-19\",\"Ara\u00e7a\u00ed\",\"Aricanduva\",\"Bert\u00f3polis\",\"Bonito de Minas\",\"Campo Azul de Minas\",\"Carm\u00e9sia\",\"Carvalhos\",\"Cedro do Abaet\u00e9\",\"Cidades mineiras livres da covid-19\",\"Cidades mineiras que n\u00e3o registraram mortes por covid-19\",\"Confira a lista das 18 cidades de Minas Gerais que n\u00e3o registraram morte por Covid-19\",\"Confira a lista das 18 cidades mineiras que n\u00e3o registraram morte por Covid-19\",\"Confira a lista dos 18 munic\u00edpios de Minas Gerais que n\u00e3o registraram morte por Covid-19\",\"Confira a lista dos 18 munic\u00edpios mineiros que n\u00e3o registraram morte por Covid-19\",\"Coronav\u00edrus\",\"COVID-19\",\"destaque\",\"Diogo de Vasconcelos\",\"Estrela do Indai\u00e1\",\"Fama\",\"Fortuna de Minas\",\"Ibiti\u00fara de Minas\",\"jos\u00e9 gon\u00e7alves de minas\",\"Jos\u00e9 Raydan\",\"Mirav\u00e2nia\",\"Monjolos\",\"Munic\u00edpios mineiros livres da covid-19\",\"Munic\u00edpios mineiros que n\u00e3o registraram mortes por covid-19\",\"Munic\u00edpios sem \u00f3bitos por Covid-19 em Minas Gerais\",\"Novo coronav\u00edrus\",\"pandemia\",\"Patis\",\"Pedra do Anta\",\"Pedra Dourada\",\"Pedro Teixeira\",\"Santa B\u00e1rbara do Tug\u00fario\",\"Santana de Cataguases\",\"Santana dos Montes\",\"Santo Hip\u00f3lito\",\"S\u00e3o Jo\u00e3o do Pacu\u00ed\",\"S\u00e3o Sebasti\u00e3o do Maranh\u00e3o\",\"Serra Azul de Minas\",\"Serra da Saudade\",\"Serranos\",\"SES-MG\",\"Tapira\u00ed\",\"Veja a lista das 18 cidades de Minas Gerais que n\u00e3o registraram morte por Covid-19\",\"Veja a lista das 18 cidades mineiras que n\u00e3o registraram morte por Covid-19\",\"Veja a lista dos 18 munic\u00edpios de Minas Gerais que n\u00e3o registraram morte por Covid-19\",\"Veja a lista dos 18 munic\u00edpios mineiros que n\u00e3o registraram morte por Covid-19\",\"veredinha\"],\"articleSection\":[\"Leste de Minas\",\"Minas Gerais\",\"Norte de Minas\",\"Sa\u00fade\",\"Vale do Jequitinhonha\"],\"inLanguage\":\"pt-BR\",\"potentialAction\":[{\"@type\":\"CommentAction\",\"name\":\"Comment\",\"target\":[\"https:\\\/\\\/aconteceunovale.com.br\\\/portal\\\/?p=178296#respond\"]}]},{\"@type\":\"WebPage\",\"@id\":\"https:\\\/\\\/aconteceunovale.com.br\\\/portal\\\/?p=178296\",\"url\":\"https:\\\/\\\/aconteceunovale.com.br\\\/portal\\\/?p=178296\",\"name\":\"18 munic\u00edpios de Minas Gerais n\u00e3o registraram \u00f3bitos por Covid-19 - Aconteceu no Vale\",\"isPartOf\":{\"@id\":\"https:\\\/\\\/aconteceunovale.com.br\\\/portal\\\/#website\"},\"primaryImageOfPage\":{\"@id\":\"https:\\\/\\\/aconteceunovale.com.br\\\/portal\\\/?p=178296#primaryimage\"},\"image\":{\"@id\":\"https:\\\/\\\/aconteceunovale.com.br\\\/portal\\\/?p=178296#primaryimage\"},\"thumbnailUrl\":\"https:\\\/\\\/aconteceunovale.com.br\\\/portal\\\/wp-content\\\/uploads\\\/2021\\\/05\\\/aricanduva_mg.jpg\",\"datePublished\":\"2021-05-08T23:08:52+00:00\",\"dateModified\":\"2021-05-08T23:13:12+00:00\",\"author\":{\"@id\":\"https:\\\/\\\/aconteceunovale.com.br\\\/portal\\\/#\\\/schema\\\/person\\\/7d2f26d1483f8a63de73da1ee0754d35\"},\"breadcrumb\":{\"@id\":\"https:\\\/\\\/aconteceunovale.com.br\\\/portal\\\/?p=178296#breadcrumb\"},\"inLanguage\":\"pt-BR\",\"potentialAction\":[{\"@type\":\"ReadAction\",\"target\":[\"https:\\\/\\\/aconteceunovale.com.br\\\/portal\\\/?p=178296\"]}]},{\"@type\":\"ImageObject\",\"inLanguage\":\"pt-BR\",\"@id\":\"https:\\\/\\\/aconteceunovale.com.br\\\/portal\\\/?p=178296#primaryimage\",\"url\":\"https:\\\/\\\/aconteceunovale.com.br\\\/portal\\\/wp-content\\\/uploads\\\/2021\\\/05\\\/aricanduva_mg.jpg\",\"contentUrl\":\"https:\\\/\\\/aconteceunovale.com.br\\\/portal\\\/wp-content\\\/uploads\\\/2021\\\/05\\\/aricanduva_mg.jpg\",\"width\":655,\"height\":450},{\"@type\":\"BreadcrumbList\",\"@id\":\"https:\\\/\\\/aconteceunovale.com.br\\\/portal\\\/?p=178296#breadcrumb\",\"itemListElement\":[{\"@type\":\"ListItem\",\"position\":1,\"name\":\"In\u00edcio\",\"item\":\"https:\\\/\\\/aconteceunovale.com.br\\\/portal\\\/\"},{\"@type\":\"ListItem\",\"position\":2,\"name\":\"18 munic\u00edpios de Minas Gerais n\u00e3o registraram \u00f3bitos por Covid-19\"}]},{\"@type\":\"WebSite\",\"@id\":\"https:\\\/\\\/aconteceunovale.com.br\\\/portal\\\/#website\",\"url\":\"https:\\\/\\\/aconteceunovale.com.br\\\/portal\\\/\",\"name\":\"Aconteceu no Vale\",\"description\":\"Portal de Not\u00edcias\",\"potentialAction\":[{\"@type\":\"SearchAction\",\"target\":{\"@type\":\"EntryPoint\",\"urlTemplate\":\"https:\\\/\\\/aconteceunovale.com.br\\\/portal\\\/?s={search_term_string}\"},\"query-input\":{\"@type\":\"PropertyValueSpecification\",\"valueRequired\":true,\"valueName\":\"search_term_string\"}}],\"inLanguage\":\"pt-BR\"},{\"@type\":\"Person\",\"@id\":\"https:\\\/\\\/aconteceunovale.com.br\\\/portal\\\/#\\\/schema\\\/person\\\/7d2f26d1483f8a63de73da1ee0754d35\",\"name\":\"Reda\u00e7\u00e3o Aconteceu no Vale\",\"description\":\"Equipe de reportagem do Aconteceu no Vale, portal de not\u00edcias do Vale do Jequitinhonha, em Minas Gerais. Cobrimos as 51 cidades do Vale desde 2013. Sugest\u00f5es de pauta e pedidos de corre\u00e7\u00e3o: contato@aconteceunovale.com.br\",\"url\":\"https:\\\/\\\/aconteceunovale.com.br\\\/portal\\\/?author=4\"}]}<\/script>\n<!-- \/ Yoast SEO plugin. -->","yoast_head_json":{"title":"18 munic\u00edpios de Minas Gerais n\u00e3o registraram \u00f3bitos por Covid-19 - Aconteceu no Vale","robots":{"index":"index","follow":"follow","max-snippet":"max-snippet:-1","max-image-preview":"max-image-preview:large","max-video-preview":"max-video-preview:-1"},"canonical":"https:\/\/aconteceunovale.com.br\/portal\/?p=178296","og_locale":"pt_BR","og_type":"article","og_title":"18 munic\u00edpios de Minas Gerais n\u00e3o registraram \u00f3bitos por Covid-19 - Aconteceu no Vale","og_description":"Apenas 18 dos 853 munic\u00edpios de Minas Gerais n\u00e3o registraram nenhum \u00f3bito por Covid-19, de acordo com levantamento realizado pela Reda\u00e7\u00e3o do Aconteceu no Vale com base em boletins epidemiol\u00f3gicos divulgados por secretarias municipais de Sa\u00fade. Os dados foram consultados no in\u00edcio da noite deste s\u00e1bado (8\/5\/2021). A Secretaria de Estado de Sa\u00fade (SES-MG) considera [&hellip;]","og_url":"https:\/\/aconteceunovale.com.br\/portal\/?p=178296","og_site_name":"Aconteceu no Vale","article_publisher":"https:\/\/www.facebook.com\/aconteceunovale\/","article_published_time":"2021-05-08T23:08:52+00:00","article_modified_time":"2021-05-08T23:13:12+00:00","og_image":[{"width":655,"height":450,"url":"https:\/\/aconteceunovale.com.br\/portal\/wp-content\/uploads\/2021\/05\/aricanduva_mg.jpg","type":"image\/jpeg"}],"author":"Reda\u00e7\u00e3o Aconteceu no Vale","twitter_card":"summary_large_image","twitter_creator":"@noticiadosvales","twitter_site":"@noticiadosvales","twitter_misc":{"Escrito por":"Reda\u00e7\u00e3o Aconteceu no Vale","Est. tempo de leitura":"2 minutos"},"schema":{"@context":"https:\/\/schema.org","@graph":[{"@type":"Article","@id":"https:\/\/aconteceunovale.com.br\/portal\/?p=178296#article","isPartOf":{"@id":"https:\/\/aconteceunovale.com.br\/portal\/?p=178296"},"author":{"name":"Reda\u00e7\u00e3o Aconteceu no Vale","@id":"https:\/\/aconteceunovale.com.br\/portal\/#\/schema\/person\/7d2f26d1483f8a63de73da1ee0754d35"},"headline":"18 munic\u00edpios de Minas Gerais n\u00e3o registraram \u00f3bitos por Covid-19","datePublished":"2021-05-08T23:08:52+00:00","dateModified":"2021-05-08T23:13:12+00:00","mainEntityOfPage":{"@id":"https:\/\/aconteceunovale.com.br\/portal\/?p=178296"},"wordCount":501,"commentCount":0,"image":{"@id":"https:\/\/aconteceunovale.com.br\/portal\/?p=178296#primaryimage"},"thumbnailUrl":"https:\/\/aconteceunovale.com.br\/portal\/wp-content\/uploads\/2021\/05\/aricanduva_mg.jpg","keywords":["18 munic\u00edpios de Minas Gerais n\u00e3o registraram \u00f3bitos por Covid-19","Ara\u00e7a\u00ed","Aricanduva","Bert\u00f3polis","Bonito de Minas","Campo Azul de Minas","Carm\u00e9sia","Carvalhos","Cedro do Abaet\u00e9","Cidades mineiras livres da covid-19","Cidades mineiras que n\u00e3o registraram mortes por covid-19","Confira a lista das 18 cidades de Minas Gerais que n\u00e3o registraram morte por Covid-19","Confira a lista das 18 cidades mineiras que n\u00e3o registraram morte por Covid-19","Confira a lista dos 18 munic\u00edpios de Minas Gerais que n\u00e3o registraram morte por Covid-19","Confira a lista dos 18 munic\u00edpios mineiros que n\u00e3o registraram morte por Covid-19","Coronav\u00edrus","COVID-19","destaque","Diogo de Vasconcelos","Estrela do Indai\u00e1","Fama","Fortuna de Minas","Ibiti\u00fara de Minas","jos\u00e9 gon\u00e7alves de minas","Jos\u00e9 Raydan","Mirav\u00e2nia","Monjolos","Munic\u00edpios mineiros livres da covid-19","Munic\u00edpios mineiros que n\u00e3o registraram mortes por covid-19","Munic\u00edpios sem \u00f3bitos por Covid-19 em Minas Gerais","Novo coronav\u00edrus","pandemia","Patis","Pedra do Anta","Pedra Dourada","Pedro Teixeira","Santa B\u00e1rbara do Tug\u00fario","Santana de Cataguases","Santana dos Montes","Santo Hip\u00f3lito","S\u00e3o Jo\u00e3o do Pacu\u00ed","S\u00e3o Sebasti\u00e3o do Maranh\u00e3o","Serra Azul de Minas","Serra da Saudade","Serranos","SES-MG","Tapira\u00ed","Veja a lista das 18 cidades de Minas Gerais que n\u00e3o registraram morte por Covid-19","Veja a lista das 18 cidades mineiras que n\u00e3o registraram morte por Covid-19","Veja a lista dos 18 munic\u00edpios de Minas Gerais que n\u00e3o registraram morte por Covid-19","Veja a lista dos 18 munic\u00edpios mineiros que n\u00e3o registraram morte por Covid-19","veredinha"],"articleSection":["Leste de Minas","Minas Gerais","Norte de Minas","Sa\u00fade","Vale do Jequitinhonha"],"inLanguage":"pt-BR","potentialAction":[{"@type":"CommentAction","name":"Comment","target":["https:\/\/aconteceunovale.com.br\/portal\/?p=178296#respond"]}]},{"@type":"WebPage","@id":"https:\/\/aconteceunovale.com.br\/portal\/?p=178296","url":"https:\/\/aconteceunovale.com.br\/portal\/?p=178296","name":"18 munic\u00edpios de Minas Gerais n\u00e3o registraram \u00f3bitos por Covid-19 - Aconteceu no Vale","isPartOf":{"@id":"https:\/\/aconteceunovale.com.br\/portal\/#website"},"primaryImageOfPage":{"@id":"https:\/\/aconteceunovale.com.br\/portal\/?p=178296#primaryimage"},"image":{"@id":"https:\/\/aconteceunovale.com.br\/portal\/?p=178296#primaryimage"},"thumbnailUrl":"https:\/\/aconteceunovale.com.br\/portal\/wp-content\/uploads\/2021\/05\/aricanduva_mg.jpg","datePublished":"2021-05-08T23:08:52+00:00","dateModified":"2021-05-08T23:13:12+00:00","author":{"@id":"https:\/\/aconteceunovale.com.br\/portal\/#\/schema\/person\/7d2f26d1483f8a63de73da1ee0754d35"},"breadcrumb":{"@id":"https:\/\/aconteceunovale.com.br\/portal\/?p=178296#breadcrumb"},"inLanguage":"pt-BR","potentialAction":[{"@type":"ReadAction","target":["https:\/\/aconteceunovale.com.br\/portal\/?p=178296"]}]},{"@type":"ImageObject","inLanguage":"pt-BR","@id":"https:\/\/aconteceunovale.com.br\/portal\/?p=178296#primaryimage","url":"https:\/\/aconteceunovale.com.br\/portal\/wp-content\/uploads\/2021\/05\/aricanduva_mg.jpg","contentUrl":"https:\/\/aconteceunovale.com.br\/portal\/wp-content\/uploads\/2021\/05\/aricanduva_mg.jpg","width":655,"height":450},{"@type":"BreadcrumbList","@id":"https:\/\/aconteceunovale.com.br\/portal\/?p=178296#breadcrumb","itemListElement":[{"@type":"ListItem","position":1,"name":"In\u00edcio","item":"https:\/\/aconteceunovale.com.br\/portal\/"},{"@type":"ListItem","position":2,"name":"18 munic\u00edpios de Minas Gerais n\u00e3o registraram \u00f3bitos por Covid-19"}]},{"@type":"WebSite","@id":"https:\/\/aconteceunovale.com.br\/portal\/#website","url":"https:\/\/aconteceunovale.com.br\/portal\/","name":"Aconteceu no Vale","description":"Portal de Not\u00edcias","potentialAction":[{"@type":"SearchAction","target":{"@type":"EntryPoint","urlTemplate":"https:\/\/aconteceunovale.com.br\/portal\/?s={search_term_string}"},"query-input":{"@type":"PropertyValueSpecification","valueRequired":true,"valueName":"search_term_string"}}],"inLanguage":"pt-BR"},{"@type":"Person","@id":"https:\/\/aconteceunovale.com.br\/portal\/#\/schema\/person\/7d2f26d1483f8a63de73da1ee0754d35","name":"Reda\u00e7\u00e3o Aconteceu no Vale","description":"Equipe de reportagem do Aconteceu no Vale, portal de not\u00edcias do Vale do Jequitinhonha, em Minas Gerais. Cobrimos as 51 cidades do Vale desde 2013. Sugest\u00f5es de pauta e pedidos de corre\u00e7\u00e3o: contato@aconteceunovale.com.br","url":"https:\/\/aconteceunovale.com.br\/portal\/?author=4"}]}},"_links":{"self":[{"href":"https:\/\/aconteceunovale.com.br\/portal\/index.php?rest_route=\/wp\/v2\/posts\/178296","targetHints":{"allow":["GET"]}}],"collection":[{"href":"https:\/\/aconteceunovale.com.br\/portal\/index.php?rest_route=\/wp\/v2\/posts"}],"about":[{"href":"https:\/\/aconteceunovale.com.br\/portal\/index.php?rest_route=\/wp\/v2\/types\/post"}],"author":[{"embeddable":true,"href":"https:\/\/aconteceunovale.com.br\/portal\/index.php?rest_route=\/wp\/v2\/users\/4"}],"replies":[{"embeddable":true,"href":"https:\/\/aconteceunovale.com.br\/portal\/index.php?rest_route=%2Fwp%2Fv2%2Fcomments&post=178296"}],"version-history":[{"count":1,"href":"https:\/\/aconteceunovale.com.br\/portal\/index.php?rest_route=\/wp\/v2\/posts\/178296\/revisions"}],"predecessor-version":[{"id":178298,"href":"https:\/\/aconteceunovale.com.br\/portal\/index.php?rest_route=\/wp\/v2\/posts\/178296\/revisions\/178298"}],"wp:featuredmedia":[{"embeddable":true,"href":"https:\/\/aconteceunovale.com.br\/portal\/index.php?rest_route=\/wp\/v2\/media\/178297"}],"wp:attachment":[{"href":"https:\/\/aconteceunovale.com.br\/portal\/index.php?rest_route=%2Fwp%2Fv2%2Fmedia&parent=178296"}],"wp:term":[{"taxonomy":"category","embeddable":true,"href":"https:\/\/aconteceunovale.com.br\/portal\/index.php?rest_route=%2Fwp%2Fv2%2Fcategories&post=178296"},{"taxonomy":"post_tag","embeddable":true,"href":"https:\/\/aconteceunovale.com.br\/portal\/index.php?rest_route=%2Fwp%2Fv2%2Ftags&post=178296"}],"curies":[{"name":"wp","href":"https:\/\/api.w.org\/{rel}","templated":true}]}}