{"id":178293,"date":"2021-05-08T17:40:13","date_gmt":"2021-05-08T20:40:13","guid":{"rendered":"https:\/\/aconteceunovale.com.br\/portal\/?p=178293"},"modified":"2021-05-08T17:40:35","modified_gmt":"2021-05-08T20:40:35","slug":"covid-19-minas-tem-14-milhao-de-casos-e-357-mil-obitos-mais-de-92-dos-infectados-se-recuperaram-da-doenca","status":"publish","type":"post","link":"https:\/\/aconteceunovale.com.br\/portal\/?p=178293","title":{"rendered":"Covid-19: Minas tem 1,4 milh\u00e3o de casos e 35,7 mil \u00f3bitos; mais de 92% dos infectados se recuperaram da doen\u00e7a"},"content":{"rendered":"\n<p class=\"wp-block-paragraph\">Os \u00f3bitos em decorr\u00eancia de Covid-19 em Minas Gerais subiram para 35.750 neste s\u00e1bado (8\/5\/2021). Segundo informa\u00e7\u00f5es da Secretaria de Sa\u00fade do Estado (SES-MG), em 24 horas foram registradas 326 novas mortes.<\/p>\n\n\n\n<p class=\"wp-block-paragraph\">J\u00e1 o total de pessoas infectadas desde o come\u00e7o da pandemia no Estado alcan\u00e7ou 1.411.114. Entre ontem e hoje, foram confirmados 6.895 novos diagn\u00f3sticos positivos.<\/p>\n\n\n\n<p class=\"wp-block-paragraph\">O n\u00famero de pessoas recuperadas subiu para 1.299.489 (92,1%). J\u00e1 a quantidade de pacientes com casos ativos, em acompanhamento por equipes de sa\u00fade (internados ou em isolamento domiciliar), ficou em 75.875.<\/p>\n\n\n\n<figure class=\"wp-block-image size-large\"><img loading=\"lazy\" decoding=\"async\" width=\"678\" height=\"412\" src=\"https:\/\/aconteceunovale.com.br\/portal\/wp-content\/uploads\/2021\/05\/corona_mg_8maio.jpg\" alt=\"\" class=\"wp-image-178294\" srcset=\"https:\/\/aconteceunovale.com.br\/portal\/wp-content\/uploads\/2021\/05\/corona_mg_8maio.jpg 678w, https:\/\/aconteceunovale.com.br\/portal\/wp-content\/uploads\/2021\/05\/corona_mg_8maio-300x182.jpg 300w\" sizes=\"auto, (max-width: 678px) 100vw, 678px\" \/><\/figure>\n\n\n\n<h2 class=\"wp-block-heading\"><strong>Vacinados<\/strong><\/h2>\n\n\n\n<p class=\"wp-block-paragraph\">Minas Gerais j\u00e1 atingiu a marca de 3,6 milh\u00f5es de vacinados. Segundo dados do <a rel=\"noreferrer noopener\" href=\"https:\/\/coronavirus.saude.mg.gov.br\/vacinometro\" target=\"_blank\">Vacin\u00f4metro (clique aqui)<\/a>, at\u00e9 sexta-feira (7\/5\/2021), 3.630.093 de pessoas receberam a primeira dose em todo o Estado. Deste total, 1.866.488 j\u00e1 foram imunizados com a segunda dose.\u00a0<\/p>\n\n\n\n<p class=\"wp-block-paragraph\">&#8212;&#8212;&#8212;&#8212;&#8212;&#8212;<br><em>Quer receber as not\u00edcias do <strong>Aconteceu no Vale<\/strong> em primeira m\u00e3o? Siga-nos no Facebook <a rel=\"noreferrer noopener\" href=\"http:\/\/facebook.com\/aconteceunovale\" target=\"_blank\">@aconteceunovale<\/a>, Twitter <a rel=\"noreferrer noopener\" href=\"https:\/\/twitter.com\/noticiadosvales\" target=\"_blank\">@noticiadosvales<\/a> e Instagram <a rel=\"noreferrer noopener\" href=\"https:\/\/www.instagram.com\/aconteceunovale\" target=\"_blank\">@aconteceunovale<\/a>.<\/em><\/p>\n","protected":false},"excerpt":{"rendered":"<p>Os \u00f3bitos em decorr\u00eancia de Covid-19 em Minas Gerais subiram para 35.750 neste s\u00e1bado (8\/5\/2021). Segundo informa\u00e7\u00f5es da Secretaria de Sa\u00fade do Estado (SES-MG), em 24 horas foram registradas 326 novas mortes. J\u00e1 o total de pessoas infectadas desde o come\u00e7o da pandemia no Estado alcan\u00e7ou 1.411.114. Entre ontem e hoje, foram confirmados 6.895 novos [&hellip;]<\/p>\n","protected":false},"author":4,"featured_media":171108,"comment_status":"open","ping_status":"closed","sticky":false,"template":"","format":"standard","meta":{"amp_status":"","footnotes":""},"categories":[123],"tags":[240692,235100,235104,242715,194,242707,242714,217799,219851,235098,219853,22090,214884,108596,216498,236448,239797,221718,244921,235105,242713,218859,242709,242708,242710,239750,231330,231334,184213,244919,235103,135894,235094,241684,242411,235096,235097,242719,242717,235095,242840,240007,235015,244460,240691,242706,240634,243445,241565,19326,235101,219855,19675,40919,215653,221717,219854,219852,217692,231333,231337,231332,231336,236858,241568,241566,241567,241569,221719,178207,220285,220287,244920,242711,52113,220286,235102,235099,242712,239805,231331,231335],"class_list":["post-178293","post","type-post","status-publish","format-standard","has-post-thumbnail","hentry","category-gerais","tag-6-mil-doses-de-vacinas-contra-covid-19-e-ampliara-imunizacao-para-idosos-de-65-a-69-anos","tag-adileia-pereira-de-jesus-cardoso","tag-adriana-vilella-avila-de-castro","tag-basilato-de-cisatracurio","tag-belo-horizonte","tag-bloqueadores-neuromusculares-minas-gerais","tag-brometo-de-rocuronio","tag-casos-de-coronavirus-em-minas-gerais","tag-casos-de-covid-19-em-minas-gerais","tag-cece","tag-cidades-com-casos-de-coronavirus-em-minas-gerais","tag-confins","tag-coronavirus","tag-cosems-mg","tag-covid-19","tag-covid-19-minas-gerais-bate-novo-recorde-ao-registrar-mais-de-10-mil-casos-em-24h","tag-covid-19-minas-gerais-tem-recorde-de-mortes-e-de-casos-em-24h","tag-curados-do-coronavirus-em-minas-gerais","tag-dia-das-maes-em-minas-gerais","tag-distribuicao-da-vacina-em-minas-gerais","tag-enfrentamento-a-pandemia-em-minas-gerais","tag-enfrentamento-ao-coronavirus-em-minas-gerais","tag-entrega-de-bloqueadores-neuromusculares-em-minas-gerais","tag-entrega-de-kit-intubacao-em-minas-gerais","tag-entrega-de-sedativos-em-minas-gerais","tag-fabio-baccheretti","tag-governador-detalha-plano-de-contingencia-para-vacinacao-contra-a-covid-19-em-minas-gerais","tag-governador-detalha-plano-de-contingencia-para-vacinacao-contra-o-novo-coronavirus-em-minas-gerais","tag-governador-romeu-zema","tag-governo-entrega-mais-123-mil-unidades-de-medicamentos-para-kit-intubacao","tag-hem","tag-hospital-eduardo-de-menezes","tag-iniciada-a-maior-operacao-de-vacinacao-da-historia-de-minas-gerais","tag-jans-bastos-izidoro","tag-kit-intubacao-minas-gerais","tag-maior-operacao-de-vacinacao-da-historia-de-minas-gerais","tag-maria-bom-sucesso-pereira","tag-medicamentos-para-intubados-em-minas-gerais","tag-medicamentos-para-uti-em-minas-gerais","tag-minas-gerais-inicia-a-maior-operacao-de-vacinacao-da-sua-historia","tag-minas-gerais-passa-a-marca-de-28-mil-vidas-perdidas-para-a-covid","tag-minas-gerais-recebe-542-550-novas-doses-de-vacinas-contra-covid-19","tag-minas-gerais-recebe-561-mil-doses-da-coronavac","tag-minas-gerais-recebe-mais-220-mil-unidades-de-medicamentos-para-kit-intubacao","tag-minas-gerais-recebe-mais-475","tag-minas-gerais-recebe-medicamentos-para-o-kit-intubacao","tag-minas-gerais-recebera-mais-475-600-doses-de-vacinas-contra-a-covid-19","tag-minas-gerais-recebera-mais-de-133-mil-unidades-de-medicamentos-para-kit-intubacao","tag-minas-gerais-registra-novo-recorde-diario-de-obitos-por-covid-19","tag-ministerio-da-saude","tag-moises-alves-senra","tag-mortes-por-coronavirus-em-minas-gerais","tag-mpmg","tag-ms","tag-novo-coronavirus","tag-numero-de-curados-do-coronavirus-em-minas-gerais","tag-numeros-do-coronavirus-em-minas-gerais","tag-obitos-por-coronavirus-em-minas-gerias","tag-pandemia-de-coronavirus","tag-plano-de-contingencia-para-vacinacao-contra-a-covid-19-em-minas-gerais","tag-plano-de-contingencia-para-vacinacao-contra-o-novo-coronavirus-em-minas-gerais","tag-plano-para-vacinacao-contra-a-covid-19-em-minas-gerais","tag-plano-para-vacinacao-contra-o-novo-coronavirus-em-minas-gerais","tag-primeira-pessoa-vacinada-contra-a-covid-19-em-minas-gerais-recebe-a-segunda-dose","tag-recorde-de-falecimentos-por-covid-19-em-minas-gerais","tag-recorde-de-mortes-por-covid-19-em-minas-gerais","tag-recorde-de-obitos-por-covid-19-em-minas-gerais","tag-recorde-diario-covid-19-em-minas-gerais","tag-recuperados-do-coronavirus-em-minas-gerais","tag-romeu-zema","tag-secretaria-de-saude-atualiza-numeros-do-coronavirus-em-minas-gerais","tag-secretaria-de-saude-de-minas-gerais-atualiza-numeros-do-coronavirus","tag-secretario-de-saude-faz-apelo-por-cuidado-no-dia-das-maes","tag-sedativos-minas-gerais","tag-ses-mg","tag-ses-mg-atualiza-numeros-do-coronavirus","tag-teresa-gamarano-barros","tag-thiago-liberio-santana-medina","tag-tratamento-da-covid-19-em-minas-gerais","tag-uti-minas-gerais","tag-vacinacao-contra-a-covid-19-em-minas-gerais","tag-vacinacao-contra-o-novo-coronavirus-em-minas-gerais"],"yoast_head":"<!-- This site is optimized with the Yoast SEO plugin v28.3 - https:\/\/yoast.com\/product\/yoast-seo-wordpress\/ -->\n<title>Covid-19: Minas tem 1,4 milh\u00e3o de casos e 35,7 mil \u00f3bitos; mais de 92% dos infectados se recuperaram da doen\u00e7a - Aconteceu no Vale<\/title>\n<meta name=\"robots\" content=\"index, follow, max-snippet:-1, max-image-preview:large, max-video-preview:-1\" \/>\n<link rel=\"canonical\" href=\"https:\/\/aconteceunovale.com.br\/portal\/?p=178293\" \/>\n<meta property=\"og:locale\" content=\"pt_BR\" \/>\n<meta property=\"og:type\" content=\"article\" \/>\n<meta property=\"og:title\" content=\"Covid-19: Minas tem 1,4 milh\u00e3o de casos e 35,7 mil \u00f3bitos; mais de 92% dos infectados se recuperaram da doen\u00e7a - Aconteceu no Vale\" \/>\n<meta property=\"og:description\" content=\"Os \u00f3bitos em decorr\u00eancia de Covid-19 em Minas Gerais subiram para 35.750 neste s\u00e1bado (8\/5\/2021). Segundo informa\u00e7\u00f5es da Secretaria de Sa\u00fade do Estado (SES-MG), em 24 horas foram registradas 326 novas mortes. J\u00e1 o total de pessoas infectadas desde o come\u00e7o da pandemia no Estado alcan\u00e7ou 1.411.114. Entre ontem e hoje, foram confirmados 6.895 novos [&hellip;]\" \/>\n<meta property=\"og:url\" content=\"https:\/\/aconteceunovale.com.br\/portal\/?p=178293\" \/>\n<meta property=\"og:site_name\" content=\"Aconteceu no Vale\" \/>\n<meta property=\"article:publisher\" content=\"https:\/\/www.facebook.com\/aconteceunovale\/\" \/>\n<meta property=\"article:published_time\" content=\"2021-05-08T20:40:13+00:00\" \/>\n<meta property=\"article:modified_time\" content=\"2021-05-08T20:40:35+00:00\" \/>\n<meta property=\"og:image\" content=\"https:\/\/aconteceunovale.com.br\/portal\/wp-content\/uploads\/2020\/12\/nova_cepa_corona.jpg\" \/>\n\t<meta property=\"og:image:width\" content=\"601\" \/>\n\t<meta property=\"og:image:height\" content=\"450\" \/>\n\t<meta property=\"og:image:type\" content=\"image\/jpeg\" \/>\n<meta name=\"author\" content=\"Reda\u00e7\u00e3o Aconteceu no Vale\" \/>\n<meta name=\"twitter:card\" content=\"summary_large_image\" \/>\n<meta name=\"twitter:creator\" content=\"@noticiadosvales\" \/>\n<meta name=\"twitter:site\" content=\"@noticiadosvales\" \/>\n<meta name=\"twitter:label1\" content=\"Escrito por\" \/>\n\t<meta name=\"twitter:data1\" content=\"Reda\u00e7\u00e3o Aconteceu no Vale\" \/>\n\t<meta name=\"twitter:label2\" content=\"Est. tempo de leitura\" \/>\n\t<meta name=\"twitter:data2\" content=\"1 minuto\" \/>\n<script type=\"application\/ld+json\" class=\"yoast-schema-graph\">{\"@context\":\"https:\\\/\\\/schema.org\",\"@graph\":[{\"@type\":\"Article\",\"@id\":\"https:\\\/\\\/aconteceunovale.com.br\\\/portal\\\/?p=178293#article\",\"isPartOf\":{\"@id\":\"https:\\\/\\\/aconteceunovale.com.br\\\/portal\\\/?p=178293\"},\"author\":{\"name\":\"Reda\u00e7\u00e3o Aconteceu no Vale\",\"@id\":\"https:\\\/\\\/aconteceunovale.com.br\\\/portal\\\/#\\\/schema\\\/person\\\/7d2f26d1483f8a63de73da1ee0754d35\"},\"headline\":\"Covid-19: Minas tem 1,4 milh\u00e3o de casos e 35,7 mil \u00f3bitos; mais de 92% dos infectados se recuperaram da doen\u00e7a\",\"datePublished\":\"2021-05-08T20:40:13+00:00\",\"dateModified\":\"2021-05-08T20:40:35+00:00\",\"mainEntityOfPage\":{\"@id\":\"https:\\\/\\\/aconteceunovale.com.br\\\/portal\\\/?p=178293\"},\"wordCount\":170,\"commentCount\":0,\"image\":{\"@id\":\"https:\\\/\\\/aconteceunovale.com.br\\\/portal\\\/?p=178293#primaryimage\"},\"thumbnailUrl\":\"https:\\\/\\\/aconteceunovale.com.br\\\/portal\\\/wp-content\\\/uploads\\\/2020\\\/12\\\/nova_cepa_corona.jpg\",\"keywords\":[\"6 mil doses de vacinas contra Covid-19 e ampliar\u00e1 imuniza\u00e7\u00e3o para idosos de 65 a 69 anos\",\"Adileia Pereira de Jesus Cardoso\",\"Adriana Vilella \u00c1vila de Castro\",\"Basilato de Cisatrac\u00fario\",\"Belo Horizonte\",\"Bloqueadores neuromusculares Minas Gerais\",\"Brometo de Rocur\u00f4nio\",\"Casos de coronav\u00edrus em Minas Gerais\",\"Casos de covid-19 em Minas Gerais\",\"Cec\u00e9\",\"Cidades com casos de coronav\u00edrus em Minas Gerais\",\"Confins\",\"Coronav\u00edrus\",\"Cosems-MG\",\"COVID-19\",\"Covid-19: Minas Gerais bate novo recorde ao registrar mais de 10 mil casos em 24h\",\"Covid-19: Minas Gerais tem recorde de mortes e de casos em 24h\",\"Curados do coronav\u00edrus em Minas Gerais\",\"Dia das M\u00e3es em Minas Gerais\",\"Distribui\u00e7\u00e3o da vacina em Minas Gerais\",\"Enfrentamento \u00e0 pandemia em Minas Gerais\",\"Enfrentamento ao coronav\u00edrus em Minas Gerais\",\"Entrega de bloqueadores neuromusculares em Minas Gerais\",\"Entrega de kit intuba\u00e7\u00e3o em Minas Gerais\",\"Entrega de sedativos em Minas Gerais\",\"F\u00e1bio Baccheretti\",\"Governador detalha Plano de Conting\u00eancia para Vacina\u00e7\u00e3o contra a Covid-19 em Minas Gerais\",\"Governador detalha Plano de Conting\u00eancia para Vacina\u00e7\u00e3o contra o novo coronav\u00edrus em Minas Gerais\",\"Governador Romeu Zema\",\"Governo entrega mais 123 mil unidades de medicamentos para kit intuba\u00e7\u00e3o\",\"HEM\",\"Hospital Eduardo de Menezes\",\"Iniciada a maior opera\u00e7\u00e3o de vacina\u00e7\u00e3o da hist\u00f3ria de Minas Gerais\",\"Jans Bastos Izidoro\",\"Kit intuba\u00e7\u00e3o Minas Gerais\",\"Maior opera\u00e7\u00e3o de vacina\u00e7\u00e3o da hist\u00f3ria de Minas Gerais\",\"Maria Bom Sucesso Pereira\",\"Medicamentos para intubados em Minas Gerais\",\"Medicamentos para UTI em Minas Gerais\",\"Minas Gerais inicia a maior opera\u00e7\u00e3o de vacina\u00e7\u00e3o da sua hist\u00f3ria\",\"Minas Gerais passa a marca de 28 mil vidas perdidas para a Covid\",\"Minas Gerais recebe 542.550 novas doses de vacinas contra Covid-19\",\"Minas Gerais recebe 561 mil doses da CoronaVac\",\"Minas Gerais recebe mais 220 mil unidades de medicamentos para kit intuba\u00e7\u00e3o\",\"Minas Gerais recebe mais 475\",\"Minas Gerais recebe medicamentos para o kit intuba\u00e7\u00e3o\",\"Minas Gerais receber\u00e1 mais 475.600 doses de vacinas contra a Covid-19\",\"Minas Gerais receber\u00e1 mais de 133 mil unidades de medicamentos para kit intuba\u00e7\u00e3o\",\"Minas Gerais registra novo recorde di\u00e1rio de \u00f3bitos por Covid-19\",\"Minist\u00e9rio da Sa\u00fade\",\"Mois\u00e9s Alves Senra\",\"Mortes por coronav\u00edrus em Minas Gerais\",\"MPMG\",\"MS\",\"Novo coronav\u00edrus\",\"N\u00famero de curados do coronav\u00edrus em Minas Gerais\",\"N\u00fameros do coronav\u00edrus em Minas Gerais\",\"\u00d3bitos por coronav\u00edrus em Minas Gerias\",\"Pandemia de coronav\u00edrus\",\"Plano de Conting\u00eancia para Vacina\u00e7\u00e3o contra a Covid-19 em Minas Gerais\",\"Plano de Conting\u00eancia para Vacina\u00e7\u00e3o contra o novo coronav\u00edrus em Minas Gerais\",\"Plano para Vacina\u00e7\u00e3o contra a Covid-19 em Minas Gerais\",\"Plano para Vacina\u00e7\u00e3o contra o novo coronav\u00edrus em Minas Gerais\",\"Primeira pessoa vacinada contra a Covid-19 em Minas Gerais recebe a segunda dose\",\"Recorde de falecimentos por covid-19 em Minas Gerais\",\"Recorde de mortes por covid-19 em Minas Gerais\",\"Recorde de \u00f3bitos por covid-19 em Minas Gerais\",\"Recorde di\u00e1rio covid-19 em Minas Gerais\",\"Recuperados do coronav\u00edrus em Minas Gerais\",\"Romeu Zema\",\"Secretaria de Sa\u00fade atualiza n\u00fameros do coronav\u00edrus em Minas Gerais\",\"Secretaria de Sa\u00fade de Minas Gerais atualiza n\u00fameros do coronav\u00edrus\",\"Secret\u00e1rio de Sa\u00fade faz apelo por cuidado no Dia das M\u00e3es\",\"Sedativos Minas Gerais\",\"SES-MG\",\"SES-MG atualiza n\u00fameros do coronav\u00edrus\",\"Teresa Gamarano Barros\",\"Thiago Lib\u00e9rio Santana Medina\",\"Tratamento da covid-19 em Minas Gerais\",\"UTI Minas Gerais\",\"Vacina\u00e7\u00e3o contra a Covid-19 em Minas Gerais\",\"Vacina\u00e7\u00e3o contra o novo coronav\u00edrus em Minas Gerais\"],\"articleSection\":[\"Minas Gerais\"],\"inLanguage\":\"pt-BR\",\"potentialAction\":[{\"@type\":\"CommentAction\",\"name\":\"Comment\",\"target\":[\"https:\\\/\\\/aconteceunovale.com.br\\\/portal\\\/?p=178293#respond\"]}]},{\"@type\":\"WebPage\",\"@id\":\"https:\\\/\\\/aconteceunovale.com.br\\\/portal\\\/?p=178293\",\"url\":\"https:\\\/\\\/aconteceunovale.com.br\\\/portal\\\/?p=178293\",\"name\":\"Covid-19: Minas tem 1,4 milh\u00e3o de casos e 35,7 mil \u00f3bitos; mais de 92% dos infectados se recuperaram da doen\u00e7a - Aconteceu no Vale\",\"isPartOf\":{\"@id\":\"https:\\\/\\\/aconteceunovale.com.br\\\/portal\\\/#website\"},\"primaryImageOfPage\":{\"@id\":\"https:\\\/\\\/aconteceunovale.com.br\\\/portal\\\/?p=178293#primaryimage\"},\"image\":{\"@id\":\"https:\\\/\\\/aconteceunovale.com.br\\\/portal\\\/?p=178293#primaryimage\"},\"thumbnailUrl\":\"https:\\\/\\\/aconteceunovale.com.br\\\/portal\\\/wp-content\\\/uploads\\\/2020\\\/12\\\/nova_cepa_corona.jpg\",\"datePublished\":\"2021-05-08T20:40:13+00:00\",\"dateModified\":\"2021-05-08T20:40:35+00:00\",\"author\":{\"@id\":\"https:\\\/\\\/aconteceunovale.com.br\\\/portal\\\/#\\\/schema\\\/person\\\/7d2f26d1483f8a63de73da1ee0754d35\"},\"breadcrumb\":{\"@id\":\"https:\\\/\\\/aconteceunovale.com.br\\\/portal\\\/?p=178293#breadcrumb\"},\"inLanguage\":\"pt-BR\",\"potentialAction\":[{\"@type\":\"ReadAction\",\"target\":[\"https:\\\/\\\/aconteceunovale.com.br\\\/portal\\\/?p=178293\"]}]},{\"@type\":\"ImageObject\",\"inLanguage\":\"pt-BR\",\"@id\":\"https:\\\/\\\/aconteceunovale.com.br\\\/portal\\\/?p=178293#primaryimage\",\"url\":\"https:\\\/\\\/aconteceunovale.com.br\\\/portal\\\/wp-content\\\/uploads\\\/2020\\\/12\\\/nova_cepa_corona.jpg\",\"contentUrl\":\"https:\\\/\\\/aconteceunovale.com.br\\\/portal\\\/wp-content\\\/uploads\\\/2020\\\/12\\\/nova_cepa_corona.jpg\",\"width\":601,\"height\":450},{\"@type\":\"BreadcrumbList\",\"@id\":\"https:\\\/\\\/aconteceunovale.com.br\\\/portal\\\/?p=178293#breadcrumb\",\"itemListElement\":[{\"@type\":\"ListItem\",\"position\":1,\"name\":\"In\u00edcio\",\"item\":\"https:\\\/\\\/aconteceunovale.com.br\\\/portal\\\/\"},{\"@type\":\"ListItem\",\"position\":2,\"name\":\"Covid-19: Minas tem 1,4 milh\u00e3o de casos e 35,7 mil \u00f3bitos; mais de 92% dos infectados se recuperaram da doen\u00e7a\"}]},{\"@type\":\"WebSite\",\"@id\":\"https:\\\/\\\/aconteceunovale.com.br\\\/portal\\\/#website\",\"url\":\"https:\\\/\\\/aconteceunovale.com.br\\\/portal\\\/\",\"name\":\"Aconteceu no Vale\",\"description\":\"Portal de Not\u00edcias\",\"potentialAction\":[{\"@type\":\"SearchAction\",\"target\":{\"@type\":\"EntryPoint\",\"urlTemplate\":\"https:\\\/\\\/aconteceunovale.com.br\\\/portal\\\/?s={search_term_string}\"},\"query-input\":{\"@type\":\"PropertyValueSpecification\",\"valueRequired\":true,\"valueName\":\"search_term_string\"}}],\"inLanguage\":\"pt-BR\"},{\"@type\":\"Person\",\"@id\":\"https:\\\/\\\/aconteceunovale.com.br\\\/portal\\\/#\\\/schema\\\/person\\\/7d2f26d1483f8a63de73da1ee0754d35\",\"name\":\"Reda\u00e7\u00e3o Aconteceu no Vale\",\"description\":\"Equipe de reportagem do Aconteceu no Vale, portal de not\u00edcias do Vale do Jequitinhonha, em Minas Gerais. Cobrimos as 51 cidades do Vale desde 2013. Sugest\u00f5es de pauta e pedidos de corre\u00e7\u00e3o: contato@aconteceunovale.com.br\",\"url\":\"https:\\\/\\\/aconteceunovale.com.br\\\/portal\\\/?author=4\"}]}<\/script>\n<!-- \/ Yoast SEO plugin. -->","yoast_head_json":{"title":"Covid-19: Minas tem 1,4 milh\u00e3o de casos e 35,7 mil \u00f3bitos; mais de 92% dos infectados se recuperaram da doen\u00e7a - Aconteceu no Vale","robots":{"index":"index","follow":"follow","max-snippet":"max-snippet:-1","max-image-preview":"max-image-preview:large","max-video-preview":"max-video-preview:-1"},"canonical":"https:\/\/aconteceunovale.com.br\/portal\/?p=178293","og_locale":"pt_BR","og_type":"article","og_title":"Covid-19: Minas tem 1,4 milh\u00e3o de casos e 35,7 mil \u00f3bitos; mais de 92% dos infectados se recuperaram da doen\u00e7a - Aconteceu no Vale","og_description":"Os \u00f3bitos em decorr\u00eancia de Covid-19 em Minas Gerais subiram para 35.750 neste s\u00e1bado (8\/5\/2021). Segundo informa\u00e7\u00f5es da Secretaria de Sa\u00fade do Estado (SES-MG), em 24 horas foram registradas 326 novas mortes. J\u00e1 o total de pessoas infectadas desde o come\u00e7o da pandemia no Estado alcan\u00e7ou 1.411.114. Entre ontem e hoje, foram confirmados 6.895 novos [&hellip;]","og_url":"https:\/\/aconteceunovale.com.br\/portal\/?p=178293","og_site_name":"Aconteceu no Vale","article_publisher":"https:\/\/www.facebook.com\/aconteceunovale\/","article_published_time":"2021-05-08T20:40:13+00:00","article_modified_time":"2021-05-08T20:40:35+00:00","og_image":[{"width":601,"height":450,"url":"https:\/\/aconteceunovale.com.br\/portal\/wp-content\/uploads\/2020\/12\/nova_cepa_corona.jpg","type":"image\/jpeg"}],"author":"Reda\u00e7\u00e3o Aconteceu no Vale","twitter_card":"summary_large_image","twitter_creator":"@noticiadosvales","twitter_site":"@noticiadosvales","twitter_misc":{"Escrito por":"Reda\u00e7\u00e3o Aconteceu no Vale","Est. tempo de leitura":"1 minuto"},"schema":{"@context":"https:\/\/schema.org","@graph":[{"@type":"Article","@id":"https:\/\/aconteceunovale.com.br\/portal\/?p=178293#article","isPartOf":{"@id":"https:\/\/aconteceunovale.com.br\/portal\/?p=178293"},"author":{"name":"Reda\u00e7\u00e3o Aconteceu no Vale","@id":"https:\/\/aconteceunovale.com.br\/portal\/#\/schema\/person\/7d2f26d1483f8a63de73da1ee0754d35"},"headline":"Covid-19: Minas tem 1,4 milh\u00e3o de casos e 35,7 mil \u00f3bitos; mais de 92% dos infectados se recuperaram da doen\u00e7a","datePublished":"2021-05-08T20:40:13+00:00","dateModified":"2021-05-08T20:40:35+00:00","mainEntityOfPage":{"@id":"https:\/\/aconteceunovale.com.br\/portal\/?p=178293"},"wordCount":170,"commentCount":0,"image":{"@id":"https:\/\/aconteceunovale.com.br\/portal\/?p=178293#primaryimage"},"thumbnailUrl":"https:\/\/aconteceunovale.com.br\/portal\/wp-content\/uploads\/2020\/12\/nova_cepa_corona.jpg","keywords":["6 mil doses de vacinas contra Covid-19 e ampliar\u00e1 imuniza\u00e7\u00e3o para idosos de 65 a 69 anos","Adileia Pereira de Jesus Cardoso","Adriana Vilella \u00c1vila de Castro","Basilato de Cisatrac\u00fario","Belo Horizonte","Bloqueadores neuromusculares Minas Gerais","Brometo de Rocur\u00f4nio","Casos de coronav\u00edrus em Minas Gerais","Casos de covid-19 em Minas Gerais","Cec\u00e9","Cidades com casos de coronav\u00edrus em Minas Gerais","Confins","Coronav\u00edrus","Cosems-MG","COVID-19","Covid-19: Minas Gerais bate novo recorde ao registrar mais de 10 mil casos em 24h","Covid-19: Minas Gerais tem recorde de mortes e de casos em 24h","Curados do coronav\u00edrus em Minas Gerais","Dia das M\u00e3es em Minas Gerais","Distribui\u00e7\u00e3o da vacina em Minas Gerais","Enfrentamento \u00e0 pandemia em Minas Gerais","Enfrentamento ao coronav\u00edrus em Minas Gerais","Entrega de bloqueadores neuromusculares em Minas Gerais","Entrega de kit intuba\u00e7\u00e3o em Minas Gerais","Entrega de sedativos em Minas Gerais","F\u00e1bio Baccheretti","Governador detalha Plano de Conting\u00eancia para Vacina\u00e7\u00e3o contra a Covid-19 em Minas Gerais","Governador detalha Plano de Conting\u00eancia para Vacina\u00e7\u00e3o contra o novo coronav\u00edrus em Minas Gerais","Governador Romeu Zema","Governo entrega mais 123 mil unidades de medicamentos para kit intuba\u00e7\u00e3o","HEM","Hospital Eduardo de Menezes","Iniciada a maior opera\u00e7\u00e3o de vacina\u00e7\u00e3o da hist\u00f3ria de Minas Gerais","Jans Bastos Izidoro","Kit intuba\u00e7\u00e3o Minas Gerais","Maior opera\u00e7\u00e3o de vacina\u00e7\u00e3o da hist\u00f3ria de Minas Gerais","Maria Bom Sucesso Pereira","Medicamentos para intubados em Minas Gerais","Medicamentos para UTI em Minas Gerais","Minas Gerais inicia a maior opera\u00e7\u00e3o de vacina\u00e7\u00e3o da sua hist\u00f3ria","Minas Gerais passa a marca de 28 mil vidas perdidas para a Covid","Minas Gerais recebe 542.550 novas doses de vacinas contra Covid-19","Minas Gerais recebe 561 mil doses da CoronaVac","Minas Gerais recebe mais 220 mil unidades de medicamentos para kit intuba\u00e7\u00e3o","Minas Gerais recebe mais 475","Minas Gerais recebe medicamentos para o kit intuba\u00e7\u00e3o","Minas Gerais receber\u00e1 mais 475.600 doses de vacinas contra a Covid-19","Minas Gerais receber\u00e1 mais de 133 mil unidades de medicamentos para kit intuba\u00e7\u00e3o","Minas Gerais registra novo recorde di\u00e1rio de \u00f3bitos por Covid-19","Minist\u00e9rio da Sa\u00fade","Mois\u00e9s Alves Senra","Mortes por coronav\u00edrus em Minas Gerais","MPMG","MS","Novo coronav\u00edrus","N\u00famero de curados do coronav\u00edrus em Minas Gerais","N\u00fameros do coronav\u00edrus em Minas Gerais","\u00d3bitos por coronav\u00edrus em Minas Gerias","Pandemia de coronav\u00edrus","Plano de Conting\u00eancia para Vacina\u00e7\u00e3o contra a Covid-19 em Minas Gerais","Plano de Conting\u00eancia para Vacina\u00e7\u00e3o contra o novo coronav\u00edrus em Minas Gerais","Plano para Vacina\u00e7\u00e3o contra a Covid-19 em Minas Gerais","Plano para Vacina\u00e7\u00e3o contra o novo coronav\u00edrus em Minas Gerais","Primeira pessoa vacinada contra a Covid-19 em Minas Gerais recebe a segunda dose","Recorde de falecimentos por covid-19 em Minas Gerais","Recorde de mortes por covid-19 em Minas Gerais","Recorde de \u00f3bitos por covid-19 em Minas Gerais","Recorde di\u00e1rio covid-19 em Minas Gerais","Recuperados do coronav\u00edrus em Minas Gerais","Romeu Zema","Secretaria de Sa\u00fade atualiza n\u00fameros do coronav\u00edrus em Minas Gerais","Secretaria de Sa\u00fade de Minas Gerais atualiza n\u00fameros do coronav\u00edrus","Secret\u00e1rio de Sa\u00fade faz apelo por cuidado no Dia das M\u00e3es","Sedativos Minas Gerais","SES-MG","SES-MG atualiza n\u00fameros do coronav\u00edrus","Teresa Gamarano Barros","Thiago Lib\u00e9rio Santana Medina","Tratamento da covid-19 em Minas Gerais","UTI Minas Gerais","Vacina\u00e7\u00e3o contra a Covid-19 em Minas Gerais","Vacina\u00e7\u00e3o contra o novo coronav\u00edrus em Minas Gerais"],"articleSection":["Minas Gerais"],"inLanguage":"pt-BR","potentialAction":[{"@type":"CommentAction","name":"Comment","target":["https:\/\/aconteceunovale.com.br\/portal\/?p=178293#respond"]}]},{"@type":"WebPage","@id":"https:\/\/aconteceunovale.com.br\/portal\/?p=178293","url":"https:\/\/aconteceunovale.com.br\/portal\/?p=178293","name":"Covid-19: Minas tem 1,4 milh\u00e3o de casos e 35,7 mil \u00f3bitos; mais de 92% dos infectados se recuperaram da doen\u00e7a - Aconteceu no Vale","isPartOf":{"@id":"https:\/\/aconteceunovale.com.br\/portal\/#website"},"primaryImageOfPage":{"@id":"https:\/\/aconteceunovale.com.br\/portal\/?p=178293#primaryimage"},"image":{"@id":"https:\/\/aconteceunovale.com.br\/portal\/?p=178293#primaryimage"},"thumbnailUrl":"https:\/\/aconteceunovale.com.br\/portal\/wp-content\/uploads\/2020\/12\/nova_cepa_corona.jpg","datePublished":"2021-05-08T20:40:13+00:00","dateModified":"2021-05-08T20:40:35+00:00","author":{"@id":"https:\/\/aconteceunovale.com.br\/portal\/#\/schema\/person\/7d2f26d1483f8a63de73da1ee0754d35"},"breadcrumb":{"@id":"https:\/\/aconteceunovale.com.br\/portal\/?p=178293#breadcrumb"},"inLanguage":"pt-BR","potentialAction":[{"@type":"ReadAction","target":["https:\/\/aconteceunovale.com.br\/portal\/?p=178293"]}]},{"@type":"ImageObject","inLanguage":"pt-BR","@id":"https:\/\/aconteceunovale.com.br\/portal\/?p=178293#primaryimage","url":"https:\/\/aconteceunovale.com.br\/portal\/wp-content\/uploads\/2020\/12\/nova_cepa_corona.jpg","contentUrl":"https:\/\/aconteceunovale.com.br\/portal\/wp-content\/uploads\/2020\/12\/nova_cepa_corona.jpg","width":601,"height":450},{"@type":"BreadcrumbList","@id":"https:\/\/aconteceunovale.com.br\/portal\/?p=178293#breadcrumb","itemListElement":[{"@type":"ListItem","position":1,"name":"In\u00edcio","item":"https:\/\/aconteceunovale.com.br\/portal\/"},{"@type":"ListItem","position":2,"name":"Covid-19: Minas tem 1,4 milh\u00e3o de casos e 35,7 mil \u00f3bitos; mais de 92% dos infectados se recuperaram da doen\u00e7a"}]},{"@type":"WebSite","@id":"https:\/\/aconteceunovale.com.br\/portal\/#website","url":"https:\/\/aconteceunovale.com.br\/portal\/","name":"Aconteceu no Vale","description":"Portal de Not\u00edcias","potentialAction":[{"@type":"SearchAction","target":{"@type":"EntryPoint","urlTemplate":"https:\/\/aconteceunovale.com.br\/portal\/?s={search_term_string}"},"query-input":{"@type":"PropertyValueSpecification","valueRequired":true,"valueName":"search_term_string"}}],"inLanguage":"pt-BR"},{"@type":"Person","@id":"https:\/\/aconteceunovale.com.br\/portal\/#\/schema\/person\/7d2f26d1483f8a63de73da1ee0754d35","name":"Reda\u00e7\u00e3o Aconteceu no Vale","description":"Equipe de reportagem do Aconteceu no Vale, portal de not\u00edcias do Vale do Jequitinhonha, em Minas Gerais. Cobrimos as 51 cidades do Vale desde 2013. Sugest\u00f5es de pauta e pedidos de corre\u00e7\u00e3o: contato@aconteceunovale.com.br","url":"https:\/\/aconteceunovale.com.br\/portal\/?author=4"}]}},"_links":{"self":[{"href":"https:\/\/aconteceunovale.com.br\/portal\/index.php?rest_route=\/wp\/v2\/posts\/178293","targetHints":{"allow":["GET"]}}],"collection":[{"href":"https:\/\/aconteceunovale.com.br\/portal\/index.php?rest_route=\/wp\/v2\/posts"}],"about":[{"href":"https:\/\/aconteceunovale.com.br\/portal\/index.php?rest_route=\/wp\/v2\/types\/post"}],"author":[{"embeddable":true,"href":"https:\/\/aconteceunovale.com.br\/portal\/index.php?rest_route=\/wp\/v2\/users\/4"}],"replies":[{"embeddable":true,"href":"https:\/\/aconteceunovale.com.br\/portal\/index.php?rest_route=%2Fwp%2Fv2%2Fcomments&post=178293"}],"version-history":[{"count":1,"href":"https:\/\/aconteceunovale.com.br\/portal\/index.php?rest_route=\/wp\/v2\/posts\/178293\/revisions"}],"predecessor-version":[{"id":178295,"href":"https:\/\/aconteceunovale.com.br\/portal\/index.php?rest_route=\/wp\/v2\/posts\/178293\/revisions\/178295"}],"wp:featuredmedia":[{"embeddable":true,"href":"https:\/\/aconteceunovale.com.br\/portal\/index.php?rest_route=\/wp\/v2\/media\/171108"}],"wp:attachment":[{"href":"https:\/\/aconteceunovale.com.br\/portal\/index.php?rest_route=%2Fwp%2Fv2%2Fmedia&parent=178293"}],"wp:term":[{"taxonomy":"category","embeddable":true,"href":"https:\/\/aconteceunovale.com.br\/portal\/index.php?rest_route=%2Fwp%2Fv2%2Fcategories&post=178293"},{"taxonomy":"post_tag","embeddable":true,"href":"https:\/\/aconteceunovale.com.br\/portal\/index.php?rest_route=%2Fwp%2Fv2%2Ftags&post=178293"}],"curies":[{"name":"wp","href":"https:\/\/api.w.org\/{rel}","templated":true}]}}