{"id":178290,"date":"2021-05-08T17:24:00","date_gmt":"2021-05-08T20:24:00","guid":{"rendered":"https:\/\/aconteceunovale.com.br\/portal\/?p=178290"},"modified":"2021-05-08T17:24:43","modified_gmt":"2021-05-08T20:24:43","slug":"secretario-de-saude-faz-apelo-por-cuidado-no-dia-das-maes","status":"publish","type":"post","link":"https:\/\/aconteceunovale.com.br\/portal\/?p=178290","title":{"rendered":"Secret\u00e1rio de Sa\u00fade faz apelo por cuidado no Dia das M\u00e3es"},"content":{"rendered":"\n<p class=\"wp-block-paragraph\">O secret\u00e1rio de Estado de\u00a0Sa\u00fade de Minas Gerais, F\u00e1bio Baccheretti, pediu em coletiva \u00e0 imprensa nessa sexta-feira (7\/5\/2021), na Cidade Administrativa, que a popula\u00e7\u00e3o n\u00e3o aglomere e mantenha todos os cuidados no Dia das M\u00e3es, celebrado neste domingo (9\/5).<\/p>\n\n\n\n<figure class=\"wp-block-gallery columns-1 is-cropped wp-block-gallery-1 is-layout-flex wp-block-gallery-is-layout-flex\"><ul class=\"blocks-gallery-grid\"><li class=\"blocks-gallery-item\"><figure><img loading=\"lazy\" decoding=\"async\" width=\"675\" height=\"450\" src=\"https:\/\/aconteceunovale.com.br\/portal\/wp-content\/uploads\/2021\/05\/sec_saude.jpg\" alt=\"\" data-id=\"178291\" data-full-url=\"https:\/\/aconteceunovale.com.br\/portal\/wp-content\/uploads\/2021\/05\/sec_saude.jpg\" data-link=\"https:\/\/aconteceunovale.com.br\/portal\/?attachment_id=178291\" class=\"wp-image-178291\" srcset=\"https:\/\/aconteceunovale.com.br\/portal\/wp-content\/uploads\/2021\/05\/sec_saude.jpg 675w, https:\/\/aconteceunovale.com.br\/portal\/wp-content\/uploads\/2021\/05\/sec_saude-300x200.jpg 300w, https:\/\/aconteceunovale.com.br\/portal\/wp-content\/uploads\/2021\/05\/sec_saude-630x420.jpg 630w\" sizes=\"auto, (max-width: 675px) 100vw, 675px\" \/><figcaption class=\"blocks-gallery-item__caption\"><em>F\u00e1bio Baccheretti &#8211; Foto: Marcelo Barbosa \/ Imprensa MG<\/em><\/figcaption><\/figure><\/li><\/ul><\/figure>\n\n\n\n<p class=\"wp-block-paragraph\"><em>\u201cTemos que lembrar que o v\u00edrus continua circulando. N\u00e3o podemos aglomerar e devemos evitar contato com v\u00e1rios grupos familiares. Estamos no momento de virada, de conter a propaga\u00e7\u00e3o do v\u00edrus e aumentar a vacina\u00e7\u00e3o para que a gente volte \u00e0 normalidade. Fica aqui o apelo do secret\u00e1rio de Sa\u00fade para que todos tenham consci\u00eancia neste domingo de Dia das M\u00e3es. N\u00e3o se juntem com aquelas pessoas de que todos temos saudades, para que n\u00e3o tenhamos um novo pico em um momento t\u00e3o cr\u00edtico\u201d<\/em>, pediu.<\/p>\n\n\n\n<p class=\"wp-block-paragraph\">Sobre a possibilidade de uma terceira onda da pandemia, Baccheretti disse que o Estado n\u00e3o descarta a possibilidade e j\u00e1 adotou medidas para preparar o sistema de Sa\u00fade.<\/p>\n\n\n\n<p class=\"wp-block-paragraph\"><em>\u201cEstamos muito atentos \u00e0 possibilidade de uma terceira onda. Eu, pessoalmente, n\u00e3o acredito que haja um pico t\u00e3o alto quanto o que vivenciamos agora, devido ao crescimento da vacina\u00e7\u00e3o. Mas podemos, sim, ter um novo pico pelo comportamento da popula\u00e7\u00e3o, que j\u00e1 est\u00e1 muito cansada\u201d<\/em>, disse.<\/p>\n\n\n\n<h2 class=\"wp-block-heading\"><strong>Abastecimento<\/strong><\/h2>\n\n\n\n<p class=\"wp-block-paragraph\">Para garantir o abastecimento de insumos e medicamentos, o Estado recebeu mais de 200 mil ampolas do kit intuba\u00e7\u00e3o na \u00faltima semana e novas remessas est\u00e3o previstas para os pr\u00f3ximos dias.<\/p>\n\n\n\n<p class=\"wp-block-paragraph\"><em>\u201cVamos nos preparar para termos estoque em caso de um aumento no n\u00famero de pacientes\u201d<\/em>, destacou o secret\u00e1rio. <em>\u201cEm rela\u00e7\u00e3o ao oxig\u00eanio, soltamos uma resolu\u00e7\u00e3o de financiamento para que os hospitais reformem suas unidades e se preparem para uma ocupa\u00e7\u00e3o maior. Estamos qualificando a rede de gases no Estado, com tanques e usinas de oxig\u00eanio\u201d<\/em>, explicou.<\/p>\n\n\n\n<p class=\"wp-block-paragraph\">Baccheretti ressaltou, ainda, que Minas vai manter o financiamento de leitos, apesar da queda na taxa de ocupa\u00e7\u00e3o.<\/p>\n\n\n\n<p class=\"wp-block-paragraph\"><em>\u201cMesmo o governo federal n\u00e3o financiando por um problema or\u00e7ament\u00e1rio, o Estado est\u00e1 bancando tanto os leitos cl\u00ednicos, quanto os de suporte ventilat\u00f3rio e de terapia intensiva. Continuaremos financiando esses leitos mesmo com uma baixa de casos neste momento. Acredito que, se a popula\u00e7\u00e3o entender essa necessidade de distanciamento e com o crescimento da vacina\u00e7\u00e3o, a gente n\u00e3o enfrente um problema t\u00e3o grande. Mas o papel do Estado \u00e9 estar preparado para uma terceira onda\u201d<\/em>, finalizou.<\/p>\n\n\n\n<h2 class=\"wp-block-heading\"><strong>Casos e \u00f3bitos<\/strong><\/h2>\n\n\n\n<p class=\"wp-block-paragraph\">Nos \u00faltimos sete dias, Minas apresentou crescimento de 2,7% no n\u00famero de novos casos de covid-19 e de 4,1% nos \u00f3bitos pela doen\u00e7a. Apesar de ainda estar em crescimento, a taxa representa desacelera\u00e7\u00e3o em rela\u00e7\u00e3o \u00e0 primeira semana do m\u00eas de abril, quando as taxas eram de 4,14% e 6,37%, respectivamente.<\/p>\n\n\n\n<p class=\"wp-block-paragraph\">&#8212;&#8212;&#8212;&#8212;&#8212;&#8212;<br><em>Quer receber as not\u00edcias do <strong>Aconteceu no Vale<\/strong> em primeira m\u00e3o? Siga-nos no Facebook <a rel=\"noreferrer noopener\" href=\"http:\/\/facebook.com\/aconteceunovale\" target=\"_blank\">@aconteceunovale<\/a>, Twitter <a rel=\"noreferrer noopener\" href=\"https:\/\/twitter.com\/noticiadosvales\" target=\"_blank\">@noticiadosvales<\/a> e Instagram <a rel=\"noreferrer noopener\" href=\"https:\/\/www.instagram.com\/aconteceunovale\" target=\"_blank\">@aconteceunovale<\/a>.<\/em><\/p>\n","protected":false},"excerpt":{"rendered":"<p>O secret\u00e1rio de Estado de\u00a0Sa\u00fade de Minas Gerais, F\u00e1bio Baccheretti, pediu em coletiva \u00e0 imprensa nessa sexta-feira (7\/5\/2021), na Cidade Administrativa, que a popula\u00e7\u00e3o n\u00e3o aglomere e mantenha todos os cuidados no Dia das M\u00e3es, celebrado neste domingo (9\/5). \u201cTemos que lembrar que o v\u00edrus continua circulando. N\u00e3o podemos aglomerar e devemos evitar contato com [&hellip;]<\/p>\n","protected":false},"author":4,"featured_media":178291,"comment_status":"open","ping_status":"closed","sticky":false,"template":"","format":"standard","meta":{"amp_status":"","footnotes":""},"categories":[123,40242],"tags":[240692,235100,235104,242715,194,242707,242714,217799,219851,235098,219853,22090,214884,108596,216498,236448,239797,221718,244921,235105,242713,218859,242709,242708,242710,239750,231330,231334,184213,244919,235103,135894,235094,241684,242411,235096,235097,242719,242717,235095,242840,240007,235015,244460,240691,242706,240634,243445,241565,19326,235101,219855,19675,40919,215653,221717,219854,219852,217692,231333,231337,231332,231336,236858,241568,241566,241567,241569,221719,178207,220285,220287,244920,242711,52113,220286,235102,235099,242712,239805,231331,231335],"class_list":["post-178290","post","type-post","status-publish","format-standard","has-post-thumbnail","hentry","category-gerais","category-saude-2","tag-6-mil-doses-de-vacinas-contra-covid-19-e-ampliara-imunizacao-para-idosos-de-65-a-69-anos","tag-adileia-pereira-de-jesus-cardoso","tag-adriana-vilella-avila-de-castro","tag-basilato-de-cisatracurio","tag-belo-horizonte","tag-bloqueadores-neuromusculares-minas-gerais","tag-brometo-de-rocuronio","tag-casos-de-coronavirus-em-minas-gerais","tag-casos-de-covid-19-em-minas-gerais","tag-cece","tag-cidades-com-casos-de-coronavirus-em-minas-gerais","tag-confins","tag-coronavirus","tag-cosems-mg","tag-covid-19","tag-covid-19-minas-gerais-bate-novo-recorde-ao-registrar-mais-de-10-mil-casos-em-24h","tag-covid-19-minas-gerais-tem-recorde-de-mortes-e-de-casos-em-24h","tag-curados-do-coronavirus-em-minas-gerais","tag-dia-das-maes-em-minas-gerais","tag-distribuicao-da-vacina-em-minas-gerais","tag-enfrentamento-a-pandemia-em-minas-gerais","tag-enfrentamento-ao-coronavirus-em-minas-gerais","tag-entrega-de-bloqueadores-neuromusculares-em-minas-gerais","tag-entrega-de-kit-intubacao-em-minas-gerais","tag-entrega-de-sedativos-em-minas-gerais","tag-fabio-baccheretti","tag-governador-detalha-plano-de-contingencia-para-vacinacao-contra-a-covid-19-em-minas-gerais","tag-governador-detalha-plano-de-contingencia-para-vacinacao-contra-o-novo-coronavirus-em-minas-gerais","tag-governador-romeu-zema","tag-governo-entrega-mais-123-mil-unidades-de-medicamentos-para-kit-intubacao","tag-hem","tag-hospital-eduardo-de-menezes","tag-iniciada-a-maior-operacao-de-vacinacao-da-historia-de-minas-gerais","tag-jans-bastos-izidoro","tag-kit-intubacao-minas-gerais","tag-maior-operacao-de-vacinacao-da-historia-de-minas-gerais","tag-maria-bom-sucesso-pereira","tag-medicamentos-para-intubados-em-minas-gerais","tag-medicamentos-para-uti-em-minas-gerais","tag-minas-gerais-inicia-a-maior-operacao-de-vacinacao-da-sua-historia","tag-minas-gerais-passa-a-marca-de-28-mil-vidas-perdidas-para-a-covid","tag-minas-gerais-recebe-542-550-novas-doses-de-vacinas-contra-covid-19","tag-minas-gerais-recebe-561-mil-doses-da-coronavac","tag-minas-gerais-recebe-mais-220-mil-unidades-de-medicamentos-para-kit-intubacao","tag-minas-gerais-recebe-mais-475","tag-minas-gerais-recebe-medicamentos-para-o-kit-intubacao","tag-minas-gerais-recebera-mais-475-600-doses-de-vacinas-contra-a-covid-19","tag-minas-gerais-recebera-mais-de-133-mil-unidades-de-medicamentos-para-kit-intubacao","tag-minas-gerais-registra-novo-recorde-diario-de-obitos-por-covid-19","tag-ministerio-da-saude","tag-moises-alves-senra","tag-mortes-por-coronavirus-em-minas-gerais","tag-mpmg","tag-ms","tag-novo-coronavirus","tag-numero-de-curados-do-coronavirus-em-minas-gerais","tag-numeros-do-coronavirus-em-minas-gerais","tag-obitos-por-coronavirus-em-minas-gerias","tag-pandemia-de-coronavirus","tag-plano-de-contingencia-para-vacinacao-contra-a-covid-19-em-minas-gerais","tag-plano-de-contingencia-para-vacinacao-contra-o-novo-coronavirus-em-minas-gerais","tag-plano-para-vacinacao-contra-a-covid-19-em-minas-gerais","tag-plano-para-vacinacao-contra-o-novo-coronavirus-em-minas-gerais","tag-primeira-pessoa-vacinada-contra-a-covid-19-em-minas-gerais-recebe-a-segunda-dose","tag-recorde-de-falecimentos-por-covid-19-em-minas-gerais","tag-recorde-de-mortes-por-covid-19-em-minas-gerais","tag-recorde-de-obitos-por-covid-19-em-minas-gerais","tag-recorde-diario-covid-19-em-minas-gerais","tag-recuperados-do-coronavirus-em-minas-gerais","tag-romeu-zema","tag-secretaria-de-saude-atualiza-numeros-do-coronavirus-em-minas-gerais","tag-secretaria-de-saude-de-minas-gerais-atualiza-numeros-do-coronavirus","tag-secretario-de-saude-faz-apelo-por-cuidado-no-dia-das-maes","tag-sedativos-minas-gerais","tag-ses-mg","tag-ses-mg-atualiza-numeros-do-coronavirus","tag-teresa-gamarano-barros","tag-thiago-liberio-santana-medina","tag-tratamento-da-covid-19-em-minas-gerais","tag-uti-minas-gerais","tag-vacinacao-contra-a-covid-19-em-minas-gerais","tag-vacinacao-contra-o-novo-coronavirus-em-minas-gerais"],"yoast_head":"<!-- This site is optimized with the Yoast SEO plugin v28.3 - https:\/\/yoast.com\/product\/yoast-seo-wordpress\/ -->\n<title>Secret\u00e1rio de Sa\u00fade faz apelo por cuidado no Dia das M\u00e3es - Aconteceu no Vale<\/title>\n<meta name=\"robots\" content=\"index, follow, max-snippet:-1, max-image-preview:large, max-video-preview:-1\" \/>\n<link rel=\"canonical\" href=\"https:\/\/aconteceunovale.com.br\/portal\/?p=178290\" \/>\n<meta property=\"og:locale\" content=\"pt_BR\" \/>\n<meta property=\"og:type\" content=\"article\" \/>\n<meta property=\"og:title\" content=\"Secret\u00e1rio de Sa\u00fade faz apelo por cuidado no Dia das M\u00e3es - Aconteceu no Vale\" \/>\n<meta property=\"og:description\" content=\"O secret\u00e1rio de Estado de\u00a0Sa\u00fade de Minas Gerais, F\u00e1bio Baccheretti, pediu em coletiva \u00e0 imprensa nessa sexta-feira (7\/5\/2021), na Cidade Administrativa, que a popula\u00e7\u00e3o n\u00e3o aglomere e mantenha todos os cuidados no Dia das M\u00e3es, celebrado neste domingo (9\/5). \u201cTemos que lembrar que o v\u00edrus continua circulando. N\u00e3o podemos aglomerar e devemos evitar contato com [&hellip;]\" \/>\n<meta property=\"og:url\" content=\"https:\/\/aconteceunovale.com.br\/portal\/?p=178290\" \/>\n<meta property=\"og:site_name\" content=\"Aconteceu no Vale\" \/>\n<meta property=\"article:publisher\" content=\"https:\/\/www.facebook.com\/aconteceunovale\/\" \/>\n<meta property=\"article:published_time\" content=\"2021-05-08T20:24:00+00:00\" \/>\n<meta property=\"article:modified_time\" content=\"2021-05-08T20:24:43+00:00\" \/>\n<meta property=\"og:image\" content=\"https:\/\/aconteceunovale.com.br\/portal\/wp-content\/uploads\/2021\/05\/sec_saude.jpg\" \/>\n\t<meta property=\"og:image:width\" content=\"675\" \/>\n\t<meta property=\"og:image:height\" content=\"450\" \/>\n\t<meta property=\"og:image:type\" content=\"image\/jpeg\" \/>\n<meta name=\"author\" content=\"Reda\u00e7\u00e3o Aconteceu no Vale\" \/>\n<meta name=\"twitter:card\" content=\"summary_large_image\" \/>\n<meta name=\"twitter:creator\" content=\"@noticiadosvales\" \/>\n<meta name=\"twitter:site\" content=\"@noticiadosvales\" \/>\n<meta name=\"twitter:label1\" content=\"Escrito por\" \/>\n\t<meta name=\"twitter:data1\" content=\"Reda\u00e7\u00e3o Aconteceu no Vale\" \/>\n\t<meta name=\"twitter:label2\" content=\"Est. tempo de leitura\" \/>\n\t<meta name=\"twitter:data2\" content=\"3 minutos\" \/>\n<script type=\"application\/ld+json\" class=\"yoast-schema-graph\">{\"@context\":\"https:\\\/\\\/schema.org\",\"@graph\":[{\"@type\":\"Article\",\"@id\":\"https:\\\/\\\/aconteceunovale.com.br\\\/portal\\\/?p=178290#article\",\"isPartOf\":{\"@id\":\"https:\\\/\\\/aconteceunovale.com.br\\\/portal\\\/?p=178290\"},\"author\":{\"name\":\"Reda\u00e7\u00e3o Aconteceu no Vale\",\"@id\":\"https:\\\/\\\/aconteceunovale.com.br\\\/portal\\\/#\\\/schema\\\/person\\\/7d2f26d1483f8a63de73da1ee0754d35\"},\"headline\":\"Secret\u00e1rio de Sa\u00fade faz apelo por cuidado no Dia das M\u00e3es\",\"datePublished\":\"2021-05-08T20:24:00+00:00\",\"dateModified\":\"2021-05-08T20:24:43+00:00\",\"mainEntityOfPage\":{\"@id\":\"https:\\\/\\\/aconteceunovale.com.br\\\/portal\\\/?p=178290\"},\"wordCount\":519,\"commentCount\":0,\"image\":{\"@id\":\"https:\\\/\\\/aconteceunovale.com.br\\\/portal\\\/?p=178290#primaryimage\"},\"thumbnailUrl\":\"https:\\\/\\\/aconteceunovale.com.br\\\/portal\\\/wp-content\\\/uploads\\\/2021\\\/05\\\/sec_saude.jpg\",\"keywords\":[\"6 mil doses de vacinas contra Covid-19 e ampliar\u00e1 imuniza\u00e7\u00e3o para idosos de 65 a 69 anos\",\"Adileia Pereira de Jesus Cardoso\",\"Adriana Vilella \u00c1vila de Castro\",\"Basilato de Cisatrac\u00fario\",\"Belo Horizonte\",\"Bloqueadores neuromusculares Minas Gerais\",\"Brometo de Rocur\u00f4nio\",\"Casos de coronav\u00edrus em Minas Gerais\",\"Casos de covid-19 em Minas Gerais\",\"Cec\u00e9\",\"Cidades com casos de coronav\u00edrus em Minas Gerais\",\"Confins\",\"Coronav\u00edrus\",\"Cosems-MG\",\"COVID-19\",\"Covid-19: Minas Gerais bate novo recorde ao registrar mais de 10 mil casos em 24h\",\"Covid-19: Minas Gerais tem recorde de mortes e de casos em 24h\",\"Curados do coronav\u00edrus em Minas Gerais\",\"Dia das M\u00e3es em Minas Gerais\",\"Distribui\u00e7\u00e3o da vacina em Minas Gerais\",\"Enfrentamento \u00e0 pandemia em Minas Gerais\",\"Enfrentamento ao coronav\u00edrus em Minas Gerais\",\"Entrega de bloqueadores neuromusculares em Minas Gerais\",\"Entrega de kit intuba\u00e7\u00e3o em Minas Gerais\",\"Entrega de sedativos em Minas Gerais\",\"F\u00e1bio Baccheretti\",\"Governador detalha Plano de Conting\u00eancia para Vacina\u00e7\u00e3o contra a Covid-19 em Minas Gerais\",\"Governador detalha Plano de Conting\u00eancia para Vacina\u00e7\u00e3o contra o novo coronav\u00edrus em Minas Gerais\",\"Governador Romeu Zema\",\"Governo entrega mais 123 mil unidades de medicamentos para kit intuba\u00e7\u00e3o\",\"HEM\",\"Hospital Eduardo de Menezes\",\"Iniciada a maior opera\u00e7\u00e3o de vacina\u00e7\u00e3o da hist\u00f3ria de Minas Gerais\",\"Jans Bastos Izidoro\",\"Kit intuba\u00e7\u00e3o Minas Gerais\",\"Maior opera\u00e7\u00e3o de vacina\u00e7\u00e3o da hist\u00f3ria de Minas Gerais\",\"Maria Bom Sucesso Pereira\",\"Medicamentos para intubados em Minas Gerais\",\"Medicamentos para UTI em Minas Gerais\",\"Minas Gerais inicia a maior opera\u00e7\u00e3o de vacina\u00e7\u00e3o da sua hist\u00f3ria\",\"Minas Gerais passa a marca de 28 mil vidas perdidas para a Covid\",\"Minas Gerais recebe 542.550 novas doses de vacinas contra Covid-19\",\"Minas Gerais recebe 561 mil doses da CoronaVac\",\"Minas Gerais recebe mais 220 mil unidades de medicamentos para kit intuba\u00e7\u00e3o\",\"Minas Gerais recebe mais 475\",\"Minas Gerais recebe medicamentos para o kit intuba\u00e7\u00e3o\",\"Minas Gerais receber\u00e1 mais 475.600 doses de vacinas contra a Covid-19\",\"Minas Gerais receber\u00e1 mais de 133 mil unidades de medicamentos para kit intuba\u00e7\u00e3o\",\"Minas Gerais registra novo recorde di\u00e1rio de \u00f3bitos por Covid-19\",\"Minist\u00e9rio da Sa\u00fade\",\"Mois\u00e9s Alves Senra\",\"Mortes por coronav\u00edrus em Minas Gerais\",\"MPMG\",\"MS\",\"Novo coronav\u00edrus\",\"N\u00famero de curados do coronav\u00edrus em Minas Gerais\",\"N\u00fameros do coronav\u00edrus em Minas Gerais\",\"\u00d3bitos por coronav\u00edrus em Minas Gerias\",\"Pandemia de coronav\u00edrus\",\"Plano de Conting\u00eancia para Vacina\u00e7\u00e3o contra a Covid-19 em Minas Gerais\",\"Plano de Conting\u00eancia para Vacina\u00e7\u00e3o contra o novo coronav\u00edrus em Minas Gerais\",\"Plano para Vacina\u00e7\u00e3o contra a Covid-19 em Minas Gerais\",\"Plano para Vacina\u00e7\u00e3o contra o novo coronav\u00edrus em Minas Gerais\",\"Primeira pessoa vacinada contra a Covid-19 em Minas Gerais recebe a segunda dose\",\"Recorde de falecimentos por covid-19 em Minas Gerais\",\"Recorde de mortes por covid-19 em Minas Gerais\",\"Recorde de \u00f3bitos por covid-19 em Minas Gerais\",\"Recorde di\u00e1rio covid-19 em Minas Gerais\",\"Recuperados do coronav\u00edrus em Minas Gerais\",\"Romeu Zema\",\"Secretaria de Sa\u00fade atualiza n\u00fameros do coronav\u00edrus em Minas Gerais\",\"Secretaria de Sa\u00fade de Minas Gerais atualiza n\u00fameros do coronav\u00edrus\",\"Secret\u00e1rio de Sa\u00fade faz apelo por cuidado no Dia das M\u00e3es\",\"Sedativos Minas Gerais\",\"SES-MG\",\"SES-MG atualiza n\u00fameros do coronav\u00edrus\",\"Teresa Gamarano Barros\",\"Thiago Lib\u00e9rio Santana Medina\",\"Tratamento da covid-19 em Minas Gerais\",\"UTI Minas Gerais\",\"Vacina\u00e7\u00e3o contra a Covid-19 em Minas Gerais\",\"Vacina\u00e7\u00e3o contra o novo coronav\u00edrus em Minas Gerais\"],\"articleSection\":[\"Minas Gerais\",\"Sa\u00fade\"],\"inLanguage\":\"pt-BR\",\"potentialAction\":[{\"@type\":\"CommentAction\",\"name\":\"Comment\",\"target\":[\"https:\\\/\\\/aconteceunovale.com.br\\\/portal\\\/?p=178290#respond\"]}]},{\"@type\":\"WebPage\",\"@id\":\"https:\\\/\\\/aconteceunovale.com.br\\\/portal\\\/?p=178290\",\"url\":\"https:\\\/\\\/aconteceunovale.com.br\\\/portal\\\/?p=178290\",\"name\":\"Secret\u00e1rio de Sa\u00fade faz apelo por cuidado no Dia das M\u00e3es - Aconteceu no Vale\",\"isPartOf\":{\"@id\":\"https:\\\/\\\/aconteceunovale.com.br\\\/portal\\\/#website\"},\"primaryImageOfPage\":{\"@id\":\"https:\\\/\\\/aconteceunovale.com.br\\\/portal\\\/?p=178290#primaryimage\"},\"image\":{\"@id\":\"https:\\\/\\\/aconteceunovale.com.br\\\/portal\\\/?p=178290#primaryimage\"},\"thumbnailUrl\":\"https:\\\/\\\/aconteceunovale.com.br\\\/portal\\\/wp-content\\\/uploads\\\/2021\\\/05\\\/sec_saude.jpg\",\"datePublished\":\"2021-05-08T20:24:00+00:00\",\"dateModified\":\"2021-05-08T20:24:43+00:00\",\"author\":{\"@id\":\"https:\\\/\\\/aconteceunovale.com.br\\\/portal\\\/#\\\/schema\\\/person\\\/7d2f26d1483f8a63de73da1ee0754d35\"},\"breadcrumb\":{\"@id\":\"https:\\\/\\\/aconteceunovale.com.br\\\/portal\\\/?p=178290#breadcrumb\"},\"inLanguage\":\"pt-BR\",\"potentialAction\":[{\"@type\":\"ReadAction\",\"target\":[\"https:\\\/\\\/aconteceunovale.com.br\\\/portal\\\/?p=178290\"]}]},{\"@type\":\"ImageObject\",\"inLanguage\":\"pt-BR\",\"@id\":\"https:\\\/\\\/aconteceunovale.com.br\\\/portal\\\/?p=178290#primaryimage\",\"url\":\"https:\\\/\\\/aconteceunovale.com.br\\\/portal\\\/wp-content\\\/uploads\\\/2021\\\/05\\\/sec_saude.jpg\",\"contentUrl\":\"https:\\\/\\\/aconteceunovale.com.br\\\/portal\\\/wp-content\\\/uploads\\\/2021\\\/05\\\/sec_saude.jpg\",\"width\":675,\"height\":450},{\"@type\":\"BreadcrumbList\",\"@id\":\"https:\\\/\\\/aconteceunovale.com.br\\\/portal\\\/?p=178290#breadcrumb\",\"itemListElement\":[{\"@type\":\"ListItem\",\"position\":1,\"name\":\"In\u00edcio\",\"item\":\"https:\\\/\\\/aconteceunovale.com.br\\\/portal\\\/\"},{\"@type\":\"ListItem\",\"position\":2,\"name\":\"Secret\u00e1rio de Sa\u00fade faz apelo por cuidado no Dia das M\u00e3es\"}]},{\"@type\":\"WebSite\",\"@id\":\"https:\\\/\\\/aconteceunovale.com.br\\\/portal\\\/#website\",\"url\":\"https:\\\/\\\/aconteceunovale.com.br\\\/portal\\\/\",\"name\":\"Aconteceu no Vale\",\"description\":\"Portal de Not\u00edcias\",\"potentialAction\":[{\"@type\":\"SearchAction\",\"target\":{\"@type\":\"EntryPoint\",\"urlTemplate\":\"https:\\\/\\\/aconteceunovale.com.br\\\/portal\\\/?s={search_term_string}\"},\"query-input\":{\"@type\":\"PropertyValueSpecification\",\"valueRequired\":true,\"valueName\":\"search_term_string\"}}],\"inLanguage\":\"pt-BR\"},{\"@type\":\"Person\",\"@id\":\"https:\\\/\\\/aconteceunovale.com.br\\\/portal\\\/#\\\/schema\\\/person\\\/7d2f26d1483f8a63de73da1ee0754d35\",\"name\":\"Reda\u00e7\u00e3o Aconteceu no Vale\",\"description\":\"Equipe de reportagem do Aconteceu no Vale, portal de not\u00edcias do Vale do Jequitinhonha, em Minas Gerais. Cobrimos as 51 cidades do Vale desde 2013. Sugest\u00f5es de pauta e pedidos de corre\u00e7\u00e3o: contato@aconteceunovale.com.br\",\"url\":\"https:\\\/\\\/aconteceunovale.com.br\\\/portal\\\/?author=4\"}]}<\/script>\n<!-- \/ Yoast SEO plugin. -->","yoast_head_json":{"title":"Secret\u00e1rio de Sa\u00fade faz apelo por cuidado no Dia das M\u00e3es - Aconteceu no Vale","robots":{"index":"index","follow":"follow","max-snippet":"max-snippet:-1","max-image-preview":"max-image-preview:large","max-video-preview":"max-video-preview:-1"},"canonical":"https:\/\/aconteceunovale.com.br\/portal\/?p=178290","og_locale":"pt_BR","og_type":"article","og_title":"Secret\u00e1rio de Sa\u00fade faz apelo por cuidado no Dia das M\u00e3es - Aconteceu no Vale","og_description":"O secret\u00e1rio de Estado de\u00a0Sa\u00fade de Minas Gerais, F\u00e1bio Baccheretti, pediu em coletiva \u00e0 imprensa nessa sexta-feira (7\/5\/2021), na Cidade Administrativa, que a popula\u00e7\u00e3o n\u00e3o aglomere e mantenha todos os cuidados no Dia das M\u00e3es, celebrado neste domingo (9\/5). \u201cTemos que lembrar que o v\u00edrus continua circulando. N\u00e3o podemos aglomerar e devemos evitar contato com [&hellip;]","og_url":"https:\/\/aconteceunovale.com.br\/portal\/?p=178290","og_site_name":"Aconteceu no Vale","article_publisher":"https:\/\/www.facebook.com\/aconteceunovale\/","article_published_time":"2021-05-08T20:24:00+00:00","article_modified_time":"2021-05-08T20:24:43+00:00","og_image":[{"width":675,"height":450,"url":"https:\/\/aconteceunovale.com.br\/portal\/wp-content\/uploads\/2021\/05\/sec_saude.jpg","type":"image\/jpeg"}],"author":"Reda\u00e7\u00e3o Aconteceu no Vale","twitter_card":"summary_large_image","twitter_creator":"@noticiadosvales","twitter_site":"@noticiadosvales","twitter_misc":{"Escrito por":"Reda\u00e7\u00e3o Aconteceu no Vale","Est. tempo de leitura":"3 minutos"},"schema":{"@context":"https:\/\/schema.org","@graph":[{"@type":"Article","@id":"https:\/\/aconteceunovale.com.br\/portal\/?p=178290#article","isPartOf":{"@id":"https:\/\/aconteceunovale.com.br\/portal\/?p=178290"},"author":{"name":"Reda\u00e7\u00e3o Aconteceu no Vale","@id":"https:\/\/aconteceunovale.com.br\/portal\/#\/schema\/person\/7d2f26d1483f8a63de73da1ee0754d35"},"headline":"Secret\u00e1rio de Sa\u00fade faz apelo por cuidado no Dia das M\u00e3es","datePublished":"2021-05-08T20:24:00+00:00","dateModified":"2021-05-08T20:24:43+00:00","mainEntityOfPage":{"@id":"https:\/\/aconteceunovale.com.br\/portal\/?p=178290"},"wordCount":519,"commentCount":0,"image":{"@id":"https:\/\/aconteceunovale.com.br\/portal\/?p=178290#primaryimage"},"thumbnailUrl":"https:\/\/aconteceunovale.com.br\/portal\/wp-content\/uploads\/2021\/05\/sec_saude.jpg","keywords":["6 mil doses de vacinas contra Covid-19 e ampliar\u00e1 imuniza\u00e7\u00e3o para idosos de 65 a 69 anos","Adileia Pereira de Jesus Cardoso","Adriana Vilella \u00c1vila de Castro","Basilato de Cisatrac\u00fario","Belo Horizonte","Bloqueadores neuromusculares Minas Gerais","Brometo de Rocur\u00f4nio","Casos de coronav\u00edrus em Minas Gerais","Casos de covid-19 em Minas Gerais","Cec\u00e9","Cidades com casos de coronav\u00edrus em Minas Gerais","Confins","Coronav\u00edrus","Cosems-MG","COVID-19","Covid-19: Minas Gerais bate novo recorde ao registrar mais de 10 mil casos em 24h","Covid-19: Minas Gerais tem recorde de mortes e de casos em 24h","Curados do coronav\u00edrus em Minas Gerais","Dia das M\u00e3es em Minas Gerais","Distribui\u00e7\u00e3o da vacina em Minas Gerais","Enfrentamento \u00e0 pandemia em Minas Gerais","Enfrentamento ao coronav\u00edrus em Minas Gerais","Entrega de bloqueadores neuromusculares em Minas Gerais","Entrega de kit intuba\u00e7\u00e3o em Minas Gerais","Entrega de sedativos em Minas Gerais","F\u00e1bio Baccheretti","Governador detalha Plano de Conting\u00eancia para Vacina\u00e7\u00e3o contra a Covid-19 em Minas Gerais","Governador detalha Plano de Conting\u00eancia para Vacina\u00e7\u00e3o contra o novo coronav\u00edrus em Minas Gerais","Governador Romeu Zema","Governo entrega mais 123 mil unidades de medicamentos para kit intuba\u00e7\u00e3o","HEM","Hospital Eduardo de Menezes","Iniciada a maior opera\u00e7\u00e3o de vacina\u00e7\u00e3o da hist\u00f3ria de Minas Gerais","Jans Bastos Izidoro","Kit intuba\u00e7\u00e3o Minas Gerais","Maior opera\u00e7\u00e3o de vacina\u00e7\u00e3o da hist\u00f3ria de Minas Gerais","Maria Bom Sucesso Pereira","Medicamentos para intubados em Minas Gerais","Medicamentos para UTI em Minas Gerais","Minas Gerais inicia a maior opera\u00e7\u00e3o de vacina\u00e7\u00e3o da sua hist\u00f3ria","Minas Gerais passa a marca de 28 mil vidas perdidas para a Covid","Minas Gerais recebe 542.550 novas doses de vacinas contra Covid-19","Minas Gerais recebe 561 mil doses da CoronaVac","Minas Gerais recebe mais 220 mil unidades de medicamentos para kit intuba\u00e7\u00e3o","Minas Gerais recebe mais 475","Minas Gerais recebe medicamentos para o kit intuba\u00e7\u00e3o","Minas Gerais receber\u00e1 mais 475.600 doses de vacinas contra a Covid-19","Minas Gerais receber\u00e1 mais de 133 mil unidades de medicamentos para kit intuba\u00e7\u00e3o","Minas Gerais registra novo recorde di\u00e1rio de \u00f3bitos por Covid-19","Minist\u00e9rio da Sa\u00fade","Mois\u00e9s Alves Senra","Mortes por coronav\u00edrus em Minas Gerais","MPMG","MS","Novo coronav\u00edrus","N\u00famero de curados do coronav\u00edrus em Minas Gerais","N\u00fameros do coronav\u00edrus em Minas Gerais","\u00d3bitos por coronav\u00edrus em Minas Gerias","Pandemia de coronav\u00edrus","Plano de Conting\u00eancia para Vacina\u00e7\u00e3o contra a Covid-19 em Minas Gerais","Plano de Conting\u00eancia para Vacina\u00e7\u00e3o contra o novo coronav\u00edrus em Minas Gerais","Plano para Vacina\u00e7\u00e3o contra a Covid-19 em Minas Gerais","Plano para Vacina\u00e7\u00e3o contra o novo coronav\u00edrus em Minas Gerais","Primeira pessoa vacinada contra a Covid-19 em Minas Gerais recebe a segunda dose","Recorde de falecimentos por covid-19 em Minas Gerais","Recorde de mortes por covid-19 em Minas Gerais","Recorde de \u00f3bitos por covid-19 em Minas Gerais","Recorde di\u00e1rio covid-19 em Minas Gerais","Recuperados do coronav\u00edrus em Minas Gerais","Romeu Zema","Secretaria de Sa\u00fade atualiza n\u00fameros do coronav\u00edrus em Minas Gerais","Secretaria de Sa\u00fade de Minas Gerais atualiza n\u00fameros do coronav\u00edrus","Secret\u00e1rio de Sa\u00fade faz apelo por cuidado no Dia das M\u00e3es","Sedativos Minas Gerais","SES-MG","SES-MG atualiza n\u00fameros do coronav\u00edrus","Teresa Gamarano Barros","Thiago Lib\u00e9rio Santana Medina","Tratamento da covid-19 em Minas Gerais","UTI Minas Gerais","Vacina\u00e7\u00e3o contra a Covid-19 em Minas Gerais","Vacina\u00e7\u00e3o contra o novo coronav\u00edrus em Minas Gerais"],"articleSection":["Minas Gerais","Sa\u00fade"],"inLanguage":"pt-BR","potentialAction":[{"@type":"CommentAction","name":"Comment","target":["https:\/\/aconteceunovale.com.br\/portal\/?p=178290#respond"]}]},{"@type":"WebPage","@id":"https:\/\/aconteceunovale.com.br\/portal\/?p=178290","url":"https:\/\/aconteceunovale.com.br\/portal\/?p=178290","name":"Secret\u00e1rio de Sa\u00fade faz apelo por cuidado no Dia das M\u00e3es - Aconteceu no Vale","isPartOf":{"@id":"https:\/\/aconteceunovale.com.br\/portal\/#website"},"primaryImageOfPage":{"@id":"https:\/\/aconteceunovale.com.br\/portal\/?p=178290#primaryimage"},"image":{"@id":"https:\/\/aconteceunovale.com.br\/portal\/?p=178290#primaryimage"},"thumbnailUrl":"https:\/\/aconteceunovale.com.br\/portal\/wp-content\/uploads\/2021\/05\/sec_saude.jpg","datePublished":"2021-05-08T20:24:00+00:00","dateModified":"2021-05-08T20:24:43+00:00","author":{"@id":"https:\/\/aconteceunovale.com.br\/portal\/#\/schema\/person\/7d2f26d1483f8a63de73da1ee0754d35"},"breadcrumb":{"@id":"https:\/\/aconteceunovale.com.br\/portal\/?p=178290#breadcrumb"},"inLanguage":"pt-BR","potentialAction":[{"@type":"ReadAction","target":["https:\/\/aconteceunovale.com.br\/portal\/?p=178290"]}]},{"@type":"ImageObject","inLanguage":"pt-BR","@id":"https:\/\/aconteceunovale.com.br\/portal\/?p=178290#primaryimage","url":"https:\/\/aconteceunovale.com.br\/portal\/wp-content\/uploads\/2021\/05\/sec_saude.jpg","contentUrl":"https:\/\/aconteceunovale.com.br\/portal\/wp-content\/uploads\/2021\/05\/sec_saude.jpg","width":675,"height":450},{"@type":"BreadcrumbList","@id":"https:\/\/aconteceunovale.com.br\/portal\/?p=178290#breadcrumb","itemListElement":[{"@type":"ListItem","position":1,"name":"In\u00edcio","item":"https:\/\/aconteceunovale.com.br\/portal\/"},{"@type":"ListItem","position":2,"name":"Secret\u00e1rio de Sa\u00fade faz apelo por cuidado no Dia das M\u00e3es"}]},{"@type":"WebSite","@id":"https:\/\/aconteceunovale.com.br\/portal\/#website","url":"https:\/\/aconteceunovale.com.br\/portal\/","name":"Aconteceu no Vale","description":"Portal de Not\u00edcias","potentialAction":[{"@type":"SearchAction","target":{"@type":"EntryPoint","urlTemplate":"https:\/\/aconteceunovale.com.br\/portal\/?s={search_term_string}"},"query-input":{"@type":"PropertyValueSpecification","valueRequired":true,"valueName":"search_term_string"}}],"inLanguage":"pt-BR"},{"@type":"Person","@id":"https:\/\/aconteceunovale.com.br\/portal\/#\/schema\/person\/7d2f26d1483f8a63de73da1ee0754d35","name":"Reda\u00e7\u00e3o Aconteceu no Vale","description":"Equipe de reportagem do Aconteceu no Vale, portal de not\u00edcias do Vale do Jequitinhonha, em Minas Gerais. Cobrimos as 51 cidades do Vale desde 2013. Sugest\u00f5es de pauta e pedidos de corre\u00e7\u00e3o: contato@aconteceunovale.com.br","url":"https:\/\/aconteceunovale.com.br\/portal\/?author=4"}]}},"_links":{"self":[{"href":"https:\/\/aconteceunovale.com.br\/portal\/index.php?rest_route=\/wp\/v2\/posts\/178290","targetHints":{"allow":["GET"]}}],"collection":[{"href":"https:\/\/aconteceunovale.com.br\/portal\/index.php?rest_route=\/wp\/v2\/posts"}],"about":[{"href":"https:\/\/aconteceunovale.com.br\/portal\/index.php?rest_route=\/wp\/v2\/types\/post"}],"author":[{"embeddable":true,"href":"https:\/\/aconteceunovale.com.br\/portal\/index.php?rest_route=\/wp\/v2\/users\/4"}],"replies":[{"embeddable":true,"href":"https:\/\/aconteceunovale.com.br\/portal\/index.php?rest_route=%2Fwp%2Fv2%2Fcomments&post=178290"}],"version-history":[{"count":1,"href":"https:\/\/aconteceunovale.com.br\/portal\/index.php?rest_route=\/wp\/v2\/posts\/178290\/revisions"}],"predecessor-version":[{"id":178292,"href":"https:\/\/aconteceunovale.com.br\/portal\/index.php?rest_route=\/wp\/v2\/posts\/178290\/revisions\/178292"}],"wp:featuredmedia":[{"embeddable":true,"href":"https:\/\/aconteceunovale.com.br\/portal\/index.php?rest_route=\/wp\/v2\/media\/178291"}],"wp:attachment":[{"href":"https:\/\/aconteceunovale.com.br\/portal\/index.php?rest_route=%2Fwp%2Fv2%2Fmedia&parent=178290"}],"wp:term":[{"taxonomy":"category","embeddable":true,"href":"https:\/\/aconteceunovale.com.br\/portal\/index.php?rest_route=%2Fwp%2Fv2%2Fcategories&post=178290"},{"taxonomy":"post_tag","embeddable":true,"href":"https:\/\/aconteceunovale.com.br\/portal\/index.php?rest_route=%2Fwp%2Fv2%2Ftags&post=178290"}],"curies":[{"name":"wp","href":"https:\/\/api.w.org\/{rel}","templated":true}]}}