{"id":178274,"date":"2021-05-08T12:37:09","date_gmt":"2021-05-08T15:37:09","guid":{"rendered":"https:\/\/aconteceunovale.com.br\/portal\/?p=178274"},"modified":"2021-05-08T12:40:21","modified_gmt":"2021-05-08T15:40:21","slug":"maes-relatam-emocao-de-superar-a-covid-19-e-retornar-para-a-familia","status":"publish","type":"post","link":"https:\/\/aconteceunovale.com.br\/portal\/?p=178274","title":{"rendered":"M\u00e3es relatam emo\u00e7\u00e3o de superar a Covid-19 e retornar para a fam\u00edlia"},"content":{"rendered":"\n<p class=\"wp-block-paragraph\">\u201cN\u00e3o precisava me dar nada, s\u00f3 estar com voc\u00eas j\u00e1 \u00e9 um presente pra mim\u201d. Quantas vezes uma m\u00e3e n\u00e3o fala isso para seus filhos? E quantas delas v\u00e3o estar ausentes ou sentir\u00e3o a aus\u00eancia de um filho nesses tempos sombrios de pandemia? Em uma data especial como o Dia das M\u00e3es, a presen\u00e7a, mesmo que n\u00e3o seja f\u00edsica, \u00e9 motivo de celebra\u00e7\u00e3o e ser\u00e1 lembrada como vit\u00f3ria por muitas fam\u00edlias.<\/p>\n\n\n\n<figure class=\"wp-block-gallery alignright columns-1 is-cropped wp-block-gallery-1 is-layout-flex wp-block-gallery-is-layout-flex\"><ul class=\"blocks-gallery-grid\"><li class=\"blocks-gallery-item\"><figure><img loading=\"lazy\" decoding=\"async\" width=\"337\" height=\"450\" src=\"https:\/\/aconteceunovale.com.br\/portal\/wp-content\/uploads\/2021\/05\/dia_das_maes_familia_1.jpg\" alt=\"\" data-id=\"178275\" data-full-url=\"https:\/\/aconteceunovale.com.br\/portal\/wp-content\/uploads\/2021\/05\/dia_das_maes_familia_1.jpg\" data-link=\"https:\/\/aconteceunovale.com.br\/portal\/?attachment_id=178275\" class=\"wp-image-178275\" srcset=\"https:\/\/aconteceunovale.com.br\/portal\/wp-content\/uploads\/2021\/05\/dia_das_maes_familia_1.jpg 337w, https:\/\/aconteceunovale.com.br\/portal\/wp-content\/uploads\/2021\/05\/dia_das_maes_familia_1-225x300.jpg 225w, https:\/\/aconteceunovale.com.br\/portal\/wp-content\/uploads\/2021\/05\/dia_das_maes_familia_1-315x420.jpg 315w\" sizes=\"auto, (max-width: 337px) 100vw, 337px\" \/><figcaption class=\"blocks-gallery-item__caption\"><em>Dona Abeti e Mailde receberam alta no mesmo dia (Foto: Fhemig \/ Divulga\u00e7\u00e3o)<\/em><\/figcaption><\/figure><\/li><\/ul><\/figure>\n\n\n\n<p class=\"wp-block-paragraph\">S\u00e3o milhares de m\u00e3es que, atualmente, enfrentam as rotinas de plant\u00e3o e longas jornadas de trabalho para atender aos casos de covid-19 nas unidades de Sa\u00fade, assim como em outros locais de trabalho. M\u00e3es que, muitas vezes, cuidam de outras m\u00e3es e, com empatia \u00edmpar, se colocam no lugar delas.<\/p>\n\n\n\n<p class=\"wp-block-paragraph\">Na luta pela vida, essas mulheres se encontraram. E, neste contexto, as pacientes relatam a emo\u00e7\u00e3o de poderem retribuir esse carinho &#8211; n\u00e3o s\u00f3 \u00e0s m\u00e3es, mas a todos profissionais de Sa\u00fade que foram fundamentais para a recupera\u00e7\u00e3o de cada uma e, consequentemente, possibilitaram a elas passar mais um Dia das M\u00e3es com seus filhos.<\/p>\n\n\n\n<h2 class=\"wp-block-heading\"><strong>Alta em fam\u00edlia<\/strong><\/h2>\n\n\n\n<p class=\"wp-block-paragraph\">Mailde Neves foi internada no Hospital Eduardo de Menezes (HEM) \u2013 refer\u00eancia em Minas Gerais no atendimento \u00e0 covid-19 \u2013 no dia seguinte \u00e0 interna\u00e7\u00e3o de sua m\u00e3e, Dona Abeti, na mesma unidade.<\/p>\n\n\n\n<p class=\"wp-block-paragraph\">Dona Abeti, de 82 anos, \u00e9 m\u00e3e de dez filhos e ainda se recupera da doen\u00e7a. \u201cMesmo n\u00e3o podendo nos aglomerar, ser\u00e1 um dia diferente para n\u00f3s. S\u00f3 posso agradecer a Deus e \u00e0 equipe do hospital por ela estar viva, e esperamos que tenha muitos anos de vida pela frente\u201d, diz Mailde.<br><br>As duas n\u00e3o tiveram complica\u00e7\u00f5es e permaneceram na Enfermaria por poucos dias. Tiveram alta na mesma data: 28 de abril.\u00a0Por causa da idade, Dona Abeti ainda sente muito cansa\u00e7o, mas Mailde segue melhor.\u00a0<\/p>\n\n\n\n<figure class=\"wp-block-gallery columns-1 is-cropped wp-block-gallery-2 is-layout-flex wp-block-gallery-is-layout-flex\"><ul class=\"blocks-gallery-grid\"><li class=\"blocks-gallery-item\"><figure><img loading=\"lazy\" decoding=\"async\" width=\"650\" height=\"438\" src=\"https:\/\/aconteceunovale.com.br\/portal\/wp-content\/uploads\/2021\/05\/dia_das_maes_familia_2.jpg\" alt=\"\" data-id=\"178276\" data-full-url=\"https:\/\/aconteceunovale.com.br\/portal\/wp-content\/uploads\/2021\/05\/dia_das_maes_familia_2.jpg\" data-link=\"https:\/\/aconteceunovale.com.br\/portal\/?attachment_id=178276\" class=\"wp-image-178276\" srcset=\"https:\/\/aconteceunovale.com.br\/portal\/wp-content\/uploads\/2021\/05\/dia_das_maes_familia_2.jpg 650w, https:\/\/aconteceunovale.com.br\/portal\/wp-content\/uploads\/2021\/05\/dia_das_maes_familia_2-300x202.jpg 300w, https:\/\/aconteceunovale.com.br\/portal\/wp-content\/uploads\/2021\/05\/dia_das_maes_familia_2-623x420.jpg 623w\" sizes=\"auto, (max-width: 650px) 100vw, 650px\" \/><figcaption class=\"blocks-gallery-item__caption\"><em>Maria do Perp\u00e9tuo e sua fam\u00edlia (Foto: Fhemig \/ Divulga\u00e7\u00e3o)<\/em><\/figcaption><\/figure><\/li><\/ul><\/figure>\n\n\n\n<h2 class=\"wp-block-heading\"><strong>Acolhimento<\/strong><\/h2>\n\n\n\n<p class=\"wp-block-paragraph\">Mesmo com dificuldades para falar e ainda se recuperando tamb\u00e9m, Maria do Perp\u00e9tuo Lima faz quest\u00e3o de expressar sua gratid\u00e3o e a alegria de reencontrar os filhos, de 27 e 35 anos, e a neta, de 7 anos. \u201cTemos apenas uma vaga ideia dessa doen\u00e7a at\u00e9 passar por ela. Tive medo todo o tempo, fui para o semi-intensivo e ficava nervosa ao pensar que poderiam me intubar a qualquer momento\u201d, lembra.<\/p>\n\n\n\n<p class=\"wp-block-paragraph\">Ela mantinha contato com a fam\u00edlia pelo celular, mas reconhece que o acolhimento da equipe do Eduardo de Menezes ajudou demais no processo de recupera\u00e7\u00e3o. &#8220;Foram fant\u00e1sticos, me deram carinho e aten\u00e7\u00e3o. Preciso agradecer a Deus e a eles pela minha vida, pela oportunidade que me deram de passar esse dia com minha fam\u00edlia\u201d.<\/p>\n\n\n\n<p class=\"wp-block-paragraph\">Maria do Perp\u00e9tuo tamb\u00e9m teve alta no final de abril, depois de nove dias internada.<\/p>\n\n\n\n<h2 class=\"wp-block-heading\"><strong>Gesta\u00e7\u00e3o na pandemia<\/strong><\/h2>\n\n\n\n<figure class=\"wp-block-gallery alignright columns-1 is-cropped wp-block-gallery-3 is-layout-flex wp-block-gallery-is-layout-flex\"><ul class=\"blocks-gallery-grid\"><li class=\"blocks-gallery-item\"><figure><img loading=\"lazy\" decoding=\"async\" width=\"337\" height=\"450\" src=\"https:\/\/aconteceunovale.com.br\/portal\/wp-content\/uploads\/2021\/05\/dia_das_maes_familia_3.jpg\" alt=\"\" data-id=\"178277\" data-full-url=\"https:\/\/aconteceunovale.com.br\/portal\/wp-content\/uploads\/2021\/05\/dia_das_maes_familia_3.jpg\" data-link=\"https:\/\/aconteceunovale.com.br\/portal\/?attachment_id=178277\" class=\"wp-image-178277\" srcset=\"https:\/\/aconteceunovale.com.br\/portal\/wp-content\/uploads\/2021\/05\/dia_das_maes_familia_3.jpg 337w, https:\/\/aconteceunovale.com.br\/portal\/wp-content\/uploads\/2021\/05\/dia_das_maes_familia_3-225x300.jpg 225w, https:\/\/aconteceunovale.com.br\/portal\/wp-content\/uploads\/2021\/05\/dia_das_maes_familia_3-315x420.jpg 315w\" sizes=\"auto, (max-width: 337px) 100vw, 337px\" \/><figcaption class=\"blocks-gallery-item__caption\"><em>Ana Carolina e a fam\u00edlia, ainda \u00e0 espera do ca\u00e7ula Heitor (Foto: Fhemig \/ Divulga\u00e7\u00e3o)<\/em><\/figcaption><\/figure><\/li><\/ul><\/figure>\n\n\n\n<p class=\"wp-block-paragraph\">Para a jovem Ana Carolina Santos, de 26 anos, o Dia das M\u00e3es de 2021, com certeza, ser\u00e1 o mais especial de sua vida. Ap\u00f3s ser diagnosticada com covid-19, com 35 semanas de gesta\u00e7\u00e3o, Ana poder\u00e1 passar a data reunida com a fam\u00edlia, que tamb\u00e9m comemora a chegada do ca\u00e7ula Heitor, de 1 m\u00eas.<br><br>Ana Carolina percebeu os primeiros sintomas da doen\u00e7a em 20 de mar\u00e7o, quando j\u00e1 se preparava para dar \u00e0 luz: coriza, dor nas costas, des\u00e2nimo e um calor fora do normal fizeram com que ela procurasse a Maternidade Odete Valadares (MOV), onde fez exames que ainda n\u00e3o comprovaram a presen\u00e7a do coronav\u00edrus. \u201cL\u00e1, tomei soro na veia, pois n\u00e3o estava me alimentando direito, e fui orientada a procurar o Hospital J\u00falia Kubitschek (HJK) \u2013 refer\u00eancia no atendimento a gestantes com covid-19 \u2013 caso n\u00e3o melhorasse em 48 horas\u201d, conta.\u00a0<br><br>No dia seguinte, Ana Carolina come\u00e7ou a ter falta de ar e se dirigiu imediatamente ao HJK. Na unidade da\u00a0<a rel=\"noreferrer noopener\" href=\"http:\/\/www.fhemig.mg.gov.br\/\" target=\"_blank\">Rede Fhemig<\/a>, a jovem realizou todos os exames, incluindo novamente\u00a0o da covid-19 que, desta vez, deu positivo. Assim, foi admitida em uma ala para pacientes com a confirma\u00e7\u00e3o da doen\u00e7a para receber oxig\u00eanio. \u201cNesse momento, o m\u00e9dico comunicou que meus pulm\u00f5es estavam totalmente comprometidos e precisei ser encaminhada para ventila\u00e7\u00e3o mec\u00e2nica. S\u00f3 que n\u00e3o consegui ficar l\u00e1 nem duas horas, pois estava nervosa e com muito medo\u201d, relata.<br><br>Devido \u00e0 sua piora, Ana Carolina teve que ser internada no CTI, onde foi comunicada sobre a necessidade de uma cesariana de urg\u00eancia. Segundo a jovem, os m\u00e9dicos conversaram com seu marido e avisaram que o caso era grave. \u201cEu pensei que iriam realizar o parto para melhorar minha respira\u00e7\u00e3o, mas depois descobri que o motivo era a necessidade de intuba\u00e7\u00e3o\u201d, explica.<br><br>Mesmo com algumas intercorr\u00eancias durante a cesariana, como uma hemorragia, Heitor nasceu sem complica\u00e7\u00f5es, no dia 28 de mar\u00e7o. A jovem foi intubada logo ap\u00f3s o parto e n\u00e3o p\u00f4de ter contato com o filho. Dois dias depois,\u00a0apresentou melhora significativa e teve alta do CTI. Na Enfermaria, viu o beb\u00ea, trazido pelo pai, apenas de longe. Poucos dias depois, Ana Carolina teve alta do hospital e p\u00f4de, finalmente, abra\u00e7ar seu filho ca\u00e7ula.<\/p>\n\n\n\n<p class=\"wp-block-paragraph\">\u201cN\u00e3o tem como explicar a felicidade que senti. Era uma ansiedade, misturada com emo\u00e7\u00e3o, estava louca para chegar em casa para poder peg\u00e1-lo no colo\u201d, conta.<br><br>Ana Carolina n\u00e3o v\u00ea a hora de passar o primeiro Dia das M\u00e3es junto a seus tr\u00eas filhos \u2013 ela j\u00e1 \u00e9 m\u00e3e de Wallyson Matheus, de 9, e Anna Vit\u00f3ria, de 5 anos. \u201cSinto-me uma guerreira e uma enorme gratid\u00e3o pela chance de ter uma nova vida\u201d, diz.<\/p>\n\n\n\n<h2 class=\"wp-block-heading\"><strong>Da ang\u00fastia ao agradecimento<\/strong><\/h2>\n\n\n\n<p class=\"wp-block-paragraph\">A vendedora Beatriz Maria Oliveira dos Santos, de 55 anos, acompanhava, nervosa, os casos de covid-19 que vinham aparecendo entre colegas, familiares e vizinhos. \u201cMuita gente que eu conhecia faleceu com essa doen\u00e7a. Uma ex-colega perdeu quase toda a fam\u00edlia\u201d, conta.<br><br>Beatriz \u00e9 m\u00e3e de tr\u00eas filhos: uma de 29 anos e g\u00eameos de 18. O marido, transplantando de cora\u00e7\u00e3o, se recuperou recentemente da infec\u00e7\u00e3o pelo coronav\u00edrus. Com a aproxima\u00e7\u00e3o do perigo, ela lembra que ficou apavorada quando apareceram os primeiros sintomas: \u201cEntreguei minha vida nas m\u00e3os de Deus\u201d.<br><br>O pulm\u00e3o de Beatriz chegou a ficar\u00a0totalmente tomado pela doen\u00e7a, mas o quadro n\u00e3o se agravou. \u201cPensava\u00a0a todo momento\u00a0em minha fam\u00edlia, fazia videochamada com a ajuda da equipe, que me deu muito apoio e aten\u00e7\u00e3o\u201d, relembra. Segundo ela, o\u00a0atendimento no Hospital Eduardo de Menezes foi fundamental em sua recupera\u00e7\u00e3o.<br><br>\u201cPe\u00e7o a Deus pela vida de cada um deles, foi uma prova de amor incondicional a forma como fui tratada todos os dias. Fico emocionada quando me lembro do rosto de cada um, das palavras de esperan\u00e7a\u201d.<br><br>J\u00e1 em casa, ela diz que,\u00a0agora, a ang\u00fastia e o medo deram lugar \u00e0\u00a0gratid\u00e3o. \u201cA vida \u00e9 uma d\u00e1diva e estou muito feliz de poder passar o Dia das M\u00e3es com minha ninhada\u201d, afirma.<\/p>\n\n\n\n<h2 class=\"wp-block-heading\"><strong>M\u00e3es guerreiras<\/strong><\/h2>\n\n\n\n<p class=\"wp-block-paragraph\">Em Patos de Minas, a gari Leandra Bruna da Silva Caixeta, de 37 anos, passar\u00e1 o Dia das M\u00e3es deste ano na companhia de toda a fam\u00edlia, ap\u00f3s 41 dias de interna\u00e7\u00e3o, sendo 27 deles em ventila\u00e7\u00e3o mec\u00e2nica, por causa\u00a0da covid-19. A m\u00e3e do jovem Juan Pedro, de 17 anos, testou positivo para a doen\u00e7a no dia 3 de mar\u00e7o, ap\u00f3s apresentar falta de ar. \u201cOs sintomas foram s\u00f3 piorando com o passar dos dias. No dia 11 de mar\u00e7o, fui para o hospital de campanha, j\u00e1 bem grave. Fui intubada na mesma hora\u201d, relata.<\/p>\n\n\n\n<figure class=\"wp-block-gallery alignright columns-1 is-cropped wp-block-gallery-4 is-layout-flex wp-block-gallery-is-layout-flex\"><ul class=\"blocks-gallery-grid\"><li class=\"blocks-gallery-item\"><figure><img loading=\"lazy\" decoding=\"async\" width=\"459\" height=\"450\" src=\"https:\/\/aconteceunovale.com.br\/portal\/wp-content\/uploads\/2021\/05\/dia_das_maes_familia_4.jpg\" alt=\"\" data-id=\"178278\" data-full-url=\"https:\/\/aconteceunovale.com.br\/portal\/wp-content\/uploads\/2021\/05\/dia_das_maes_familia_4.jpg\" data-link=\"https:\/\/aconteceunovale.com.br\/portal\/?attachment_id=178278\" class=\"wp-image-178278\" srcset=\"https:\/\/aconteceunovale.com.br\/portal\/wp-content\/uploads\/2021\/05\/dia_das_maes_familia_4.jpg 459w, https:\/\/aconteceunovale.com.br\/portal\/wp-content\/uploads\/2021\/05\/dia_das_maes_familia_4-300x294.jpg 300w, https:\/\/aconteceunovale.com.br\/portal\/wp-content\/uploads\/2021\/05\/dia_das_maes_familia_4-428x420.jpg 428w\" sizes=\"auto, (max-width: 459px) 100vw, 459px\" \/><figcaption class=\"blocks-gallery-item__caption\"><em>Leandra e o filho, Juan Pedro (Foto: Fhemig \/ Divulga\u00e7\u00e3o)<\/em><\/figcaption><\/figure><\/li><\/ul><\/figure>\n\n\n\n<p class=\"wp-block-paragraph\">Ap\u00f3s 21 dias de interna\u00e7\u00e3o, Leandra foi transferida para o Hospital Regional Ant\u00f4nio Dias (HRAD), da Fhemig, devido a uma complica\u00e7\u00e3o em seu quadro. Em seis dias, j\u00e1 teve a ventila\u00e7\u00e3o mec\u00e2nica retirada e, pouco depois, seguiu para a Enfermaria, totalizando 20 dias de interna\u00e7\u00e3o na unidade.<br><br>\u201cQuando acordei no hospital, fiquei muito nervosa, s\u00f3 pensava no meu filho, na minha fam\u00edlia, perguntava por eles o tempo todo. Foi muito dif\u00edcil ficar todo esse tempo longe deles\u201d, recorda.<br><br>No dia de sua alta, foi surpreendida, na porta do HRAD, por familiares e amigos, que foram receb\u00ea-la e celebrar sua vit\u00f3ria. \u201cFoi emocionante demais.\u00a0S\u00f3 ent\u00e3o pude ver meu filho, depois de tantos dias. Senti muita saudade, sou muito apegada a ele\u201d, completa.<br><br>Por conta de sequelas\u00a0da covid-19, Leandra ainda est\u00e1 acamada e faz sess\u00f5es de fisioterapia tr\u00eas vezes por semana. Atualmente, recebe ajuda da m\u00e3e e do irm\u00e3o na rotina di\u00e1ria.<br><br>\u201cPerdi os movimentos das pernas e do bra\u00e7o esquerdo. Agrade\u00e7o a Deus, primeiramente, por estar viva, aos meus familiares e amigos, pela corrente de ora\u00e7\u00e3o que fizeram pela minha recupera\u00e7\u00e3o, e aos profissionais do HRAD, que cuidaram t\u00e3o bem de mim. A todas as m\u00e3es que se encontram internadas, gostaria de dizer: n\u00e3o desistam. Sejam guerreiras, como eu fui, lutem at\u00e9 o fim pela pr\u00f3pria vida. E que a vit\u00f3ria venha rapidamente\u201d, conclui.<\/p>\n\n\n\n<p class=\"wp-block-paragraph\">&#8212;&#8212;&#8212;&#8212;&#8212;&#8212;<br><em>Quer receber as not\u00edcias do <strong>Aconteceu no Vale<\/strong> em primeira m\u00e3o? Siga-nos no Facebook <a rel=\"noreferrer noopener\" href=\"http:\/\/facebook.com\/aconteceunovale\" target=\"_blank\">@aconteceunovale<\/a>, Twitter <a rel=\"noreferrer noopener\" href=\"https:\/\/twitter.com\/noticiadosvales\" target=\"_blank\">@noticiadosvales<\/a> e Instagram <a rel=\"noreferrer noopener\" href=\"https:\/\/www.instagram.com\/aconteceunovale\" target=\"_blank\">@aconteceunovale<\/a>.<\/em><\/p>\n","protected":false},"excerpt":{"rendered":"<p>\u201cN\u00e3o precisava me dar nada, s\u00f3 estar com voc\u00eas j\u00e1 \u00e9 um presente pra mim\u201d. Quantas vezes uma m\u00e3e n\u00e3o fala isso para seus filhos? E quantas delas v\u00e3o estar ausentes ou sentir\u00e3o a aus\u00eancia de um filho nesses tempos sombrios de pandemia? Em uma data especial como o Dia das M\u00e3es, a presen\u00e7a, mesmo [&hellip;]<\/p>\n","protected":false},"author":4,"featured_media":178276,"comment_status":"open","ping_status":"closed","sticky":false,"template":"","format":"standard","meta":{"amp_status":"","footnotes":""},"categories":[123,40242],"tags":[244893,244898,244899,194,1017,214884,216498,92696,244892,244895,244896,244890,244889,244891,39317,235103,127302,135894,48703,244901,244900,244888,244894,244897,187038,215653,140166,214,127284,244902],"class_list":["post-178274","post","type-post","status-publish","format-standard","has-post-thumbnail","hentry","category-gerais","category-saude-2","tag-alta-em-familia","tag-ana-carolina-santos","tag-beatriz-maria-oliveira-dos-santos","tag-belo-horizonte","tag-bh","tag-coronavirus","tag-covid-19","tag-dia-das-maes","tag-dia-das-maes-2021","tag-dona-abeti","tag-dona-abeti-e-mailde","tag-emocao-de-retornar-a-familia","tag-emocao-de-superar-a-covid-19","tag-emocao-de-superar-o-coronavirus","tag-familia","tag-hem","tag-hjk","tag-hospital-eduardo-de-menezes","tag-hospital-julia-kubitschek","tag-leandra-bruna-da-silva-caixeta","tag-maes-guerreiras","tag-maes-relatam-emocao-de-superar-a-covid-19-e-retornar-para-a-familia","tag-mailde-neves","tag-maria-do-perpetuo-lima","tag-maternidade-odete-valadares","tag-novo-coronavirus","tag-pandemia","tag-patos-de-minas","tag-rede-fhemig","tag-regional-antonio-dias"],"yoast_head":"<!-- This site is optimized with the Yoast SEO plugin v28.3 - https:\/\/yoast.com\/product\/yoast-seo-wordpress\/ -->\n<title>M\u00e3es relatam emo\u00e7\u00e3o de superar a Covid-19 e retornar para a fam\u00edlia - Aconteceu no Vale<\/title>\n<meta name=\"robots\" content=\"index, follow, max-snippet:-1, max-image-preview:large, max-video-preview:-1\" \/>\n<link rel=\"canonical\" href=\"https:\/\/aconteceunovale.com.br\/portal\/?p=178274\" \/>\n<meta property=\"og:locale\" content=\"pt_BR\" \/>\n<meta property=\"og:type\" content=\"article\" \/>\n<meta property=\"og:title\" content=\"M\u00e3es relatam emo\u00e7\u00e3o de superar a Covid-19 e retornar para a fam\u00edlia - Aconteceu no Vale\" \/>\n<meta property=\"og:description\" content=\"\u201cN\u00e3o precisava me dar nada, s\u00f3 estar com voc\u00eas j\u00e1 \u00e9 um presente pra mim\u201d. Quantas vezes uma m\u00e3e n\u00e3o fala isso para seus filhos? E quantas delas v\u00e3o estar ausentes ou sentir\u00e3o a aus\u00eancia de um filho nesses tempos sombrios de pandemia? Em uma data especial como o Dia das M\u00e3es, a presen\u00e7a, mesmo [&hellip;]\" \/>\n<meta property=\"og:url\" content=\"https:\/\/aconteceunovale.com.br\/portal\/?p=178274\" \/>\n<meta property=\"og:site_name\" content=\"Aconteceu no Vale\" \/>\n<meta property=\"article:publisher\" content=\"https:\/\/www.facebook.com\/aconteceunovale\/\" \/>\n<meta property=\"article:published_time\" content=\"2021-05-08T15:37:09+00:00\" \/>\n<meta property=\"article:modified_time\" content=\"2021-05-08T15:40:21+00:00\" \/>\n<meta property=\"og:image\" content=\"https:\/\/aconteceunovale.com.br\/portal\/wp-content\/uploads\/2021\/05\/dia_das_maes_familia_2.jpg\" \/>\n\t<meta property=\"og:image:width\" content=\"650\" \/>\n\t<meta property=\"og:image:height\" content=\"438\" \/>\n\t<meta property=\"og:image:type\" content=\"image\/jpeg\" \/>\n<meta name=\"author\" content=\"Reda\u00e7\u00e3o Aconteceu no Vale\" \/>\n<meta name=\"twitter:card\" content=\"summary_large_image\" \/>\n<meta name=\"twitter:creator\" content=\"@noticiadosvales\" \/>\n<meta name=\"twitter:site\" content=\"@noticiadosvales\" \/>\n<meta name=\"twitter:label1\" content=\"Escrito por\" \/>\n\t<meta name=\"twitter:data1\" content=\"Reda\u00e7\u00e3o Aconteceu no Vale\" \/>\n\t<meta name=\"twitter:label2\" content=\"Est. tempo de leitura\" \/>\n\t<meta name=\"twitter:data2\" content=\"8 minutos\" \/>\n<script type=\"application\/ld+json\" class=\"yoast-schema-graph\">{\"@context\":\"https:\\\/\\\/schema.org\",\"@graph\":[{\"@type\":\"Article\",\"@id\":\"https:\\\/\\\/aconteceunovale.com.br\\\/portal\\\/?p=178274#article\",\"isPartOf\":{\"@id\":\"https:\\\/\\\/aconteceunovale.com.br\\\/portal\\\/?p=178274\"},\"author\":{\"name\":\"Reda\u00e7\u00e3o Aconteceu no Vale\",\"@id\":\"https:\\\/\\\/aconteceunovale.com.br\\\/portal\\\/#\\\/schema\\\/person\\\/7d2f26d1483f8a63de73da1ee0754d35\"},\"headline\":\"M\u00e3es relatam emo\u00e7\u00e3o de superar a Covid-19 e retornar para a fam\u00edlia\",\"datePublished\":\"2021-05-08T15:37:09+00:00\",\"dateModified\":\"2021-05-08T15:40:21+00:00\",\"mainEntityOfPage\":{\"@id\":\"https:\\\/\\\/aconteceunovale.com.br\\\/portal\\\/?p=178274\"},\"wordCount\":1633,\"commentCount\":0,\"image\":{\"@id\":\"https:\\\/\\\/aconteceunovale.com.br\\\/portal\\\/?p=178274#primaryimage\"},\"thumbnailUrl\":\"https:\\\/\\\/aconteceunovale.com.br\\\/portal\\\/wp-content\\\/uploads\\\/2021\\\/05\\\/dia_das_maes_familia_2.jpg\",\"keywords\":[\"Alta em fam\u00edlia\",\"Ana Carolina Santos\",\"Beatriz Maria Oliveira dos Santos\",\"Belo Horizonte\",\"bh\",\"Coronav\u00edrus\",\"COVID-19\",\"Dia das M\u00e3es\",\"Dia das M\u00e3es 2021\",\"Dona Abeti\",\"Dona Abeti e Mailde\",\"Emo\u00e7\u00e3o de retornar a fam\u00edlia\",\"Emo\u00e7\u00e3o de superar a Covid-19\",\"Emo\u00e7\u00e3o de superar o coronav\u00edrus\",\"fam\u00edlia\",\"HEM\",\"HJK\",\"Hospital Eduardo de Menezes\",\"Hospital J\u00falia Kubitschek\",\"Leandra Bruna da Silva Caixeta\",\"M\u00e3es guerreiras\",\"M\u00e3es relatam emo\u00e7\u00e3o de superar a Covid-19 e retornar para a fam\u00edlia\",\"Mailde Neves\",\"Maria do Perp\u00e9tuo Lima\",\"Maternidade Odete Valadares\",\"Novo coronav\u00edrus\",\"pandemia\",\"Patos de Minas\",\"Rede Fhemig\",\"Regional Ant\u00f4nio Dias\"],\"articleSection\":[\"Minas Gerais\",\"Sa\u00fade\"],\"inLanguage\":\"pt-BR\",\"potentialAction\":[{\"@type\":\"CommentAction\",\"name\":\"Comment\",\"target\":[\"https:\\\/\\\/aconteceunovale.com.br\\\/portal\\\/?p=178274#respond\"]}]},{\"@type\":\"WebPage\",\"@id\":\"https:\\\/\\\/aconteceunovale.com.br\\\/portal\\\/?p=178274\",\"url\":\"https:\\\/\\\/aconteceunovale.com.br\\\/portal\\\/?p=178274\",\"name\":\"M\u00e3es relatam emo\u00e7\u00e3o de superar a Covid-19 e retornar para a fam\u00edlia - Aconteceu no Vale\",\"isPartOf\":{\"@id\":\"https:\\\/\\\/aconteceunovale.com.br\\\/portal\\\/#website\"},\"primaryImageOfPage\":{\"@id\":\"https:\\\/\\\/aconteceunovale.com.br\\\/portal\\\/?p=178274#primaryimage\"},\"image\":{\"@id\":\"https:\\\/\\\/aconteceunovale.com.br\\\/portal\\\/?p=178274#primaryimage\"},\"thumbnailUrl\":\"https:\\\/\\\/aconteceunovale.com.br\\\/portal\\\/wp-content\\\/uploads\\\/2021\\\/05\\\/dia_das_maes_familia_2.jpg\",\"datePublished\":\"2021-05-08T15:37:09+00:00\",\"dateModified\":\"2021-05-08T15:40:21+00:00\",\"author\":{\"@id\":\"https:\\\/\\\/aconteceunovale.com.br\\\/portal\\\/#\\\/schema\\\/person\\\/7d2f26d1483f8a63de73da1ee0754d35\"},\"breadcrumb\":{\"@id\":\"https:\\\/\\\/aconteceunovale.com.br\\\/portal\\\/?p=178274#breadcrumb\"},\"inLanguage\":\"pt-BR\",\"potentialAction\":[{\"@type\":\"ReadAction\",\"target\":[\"https:\\\/\\\/aconteceunovale.com.br\\\/portal\\\/?p=178274\"]}]},{\"@type\":\"ImageObject\",\"inLanguage\":\"pt-BR\",\"@id\":\"https:\\\/\\\/aconteceunovale.com.br\\\/portal\\\/?p=178274#primaryimage\",\"url\":\"https:\\\/\\\/aconteceunovale.com.br\\\/portal\\\/wp-content\\\/uploads\\\/2021\\\/05\\\/dia_das_maes_familia_2.jpg\",\"contentUrl\":\"https:\\\/\\\/aconteceunovale.com.br\\\/portal\\\/wp-content\\\/uploads\\\/2021\\\/05\\\/dia_das_maes_familia_2.jpg\",\"width\":650,\"height\":438},{\"@type\":\"BreadcrumbList\",\"@id\":\"https:\\\/\\\/aconteceunovale.com.br\\\/portal\\\/?p=178274#breadcrumb\",\"itemListElement\":[{\"@type\":\"ListItem\",\"position\":1,\"name\":\"In\u00edcio\",\"item\":\"https:\\\/\\\/aconteceunovale.com.br\\\/portal\\\/\"},{\"@type\":\"ListItem\",\"position\":2,\"name\":\"M\u00e3es relatam emo\u00e7\u00e3o de superar a Covid-19 e retornar para a fam\u00edlia\"}]},{\"@type\":\"WebSite\",\"@id\":\"https:\\\/\\\/aconteceunovale.com.br\\\/portal\\\/#website\",\"url\":\"https:\\\/\\\/aconteceunovale.com.br\\\/portal\\\/\",\"name\":\"Aconteceu no Vale\",\"description\":\"Portal de Not\u00edcias\",\"potentialAction\":[{\"@type\":\"SearchAction\",\"target\":{\"@type\":\"EntryPoint\",\"urlTemplate\":\"https:\\\/\\\/aconteceunovale.com.br\\\/portal\\\/?s={search_term_string}\"},\"query-input\":{\"@type\":\"PropertyValueSpecification\",\"valueRequired\":true,\"valueName\":\"search_term_string\"}}],\"inLanguage\":\"pt-BR\"},{\"@type\":\"Person\",\"@id\":\"https:\\\/\\\/aconteceunovale.com.br\\\/portal\\\/#\\\/schema\\\/person\\\/7d2f26d1483f8a63de73da1ee0754d35\",\"name\":\"Reda\u00e7\u00e3o Aconteceu no Vale\",\"description\":\"Equipe de reportagem do Aconteceu no Vale, portal de not\u00edcias do Vale do Jequitinhonha, em Minas Gerais. Cobrimos as 51 cidades do Vale desde 2013. Sugest\u00f5es de pauta e pedidos de corre\u00e7\u00e3o: contato@aconteceunovale.com.br\",\"url\":\"https:\\\/\\\/aconteceunovale.com.br\\\/portal\\\/?author=4\"}]}<\/script>\n<!-- \/ Yoast SEO plugin. -->","yoast_head_json":{"title":"M\u00e3es relatam emo\u00e7\u00e3o de superar a Covid-19 e retornar para a fam\u00edlia - Aconteceu no Vale","robots":{"index":"index","follow":"follow","max-snippet":"max-snippet:-1","max-image-preview":"max-image-preview:large","max-video-preview":"max-video-preview:-1"},"canonical":"https:\/\/aconteceunovale.com.br\/portal\/?p=178274","og_locale":"pt_BR","og_type":"article","og_title":"M\u00e3es relatam emo\u00e7\u00e3o de superar a Covid-19 e retornar para a fam\u00edlia - Aconteceu no Vale","og_description":"\u201cN\u00e3o precisava me dar nada, s\u00f3 estar com voc\u00eas j\u00e1 \u00e9 um presente pra mim\u201d. Quantas vezes uma m\u00e3e n\u00e3o fala isso para seus filhos? E quantas delas v\u00e3o estar ausentes ou sentir\u00e3o a aus\u00eancia de um filho nesses tempos sombrios de pandemia? Em uma data especial como o Dia das M\u00e3es, a presen\u00e7a, mesmo [&hellip;]","og_url":"https:\/\/aconteceunovale.com.br\/portal\/?p=178274","og_site_name":"Aconteceu no Vale","article_publisher":"https:\/\/www.facebook.com\/aconteceunovale\/","article_published_time":"2021-05-08T15:37:09+00:00","article_modified_time":"2021-05-08T15:40:21+00:00","og_image":[{"width":650,"height":438,"url":"https:\/\/aconteceunovale.com.br\/portal\/wp-content\/uploads\/2021\/05\/dia_das_maes_familia_2.jpg","type":"image\/jpeg"}],"author":"Reda\u00e7\u00e3o Aconteceu no Vale","twitter_card":"summary_large_image","twitter_creator":"@noticiadosvales","twitter_site":"@noticiadosvales","twitter_misc":{"Escrito por":"Reda\u00e7\u00e3o Aconteceu no Vale","Est. tempo de leitura":"8 minutos"},"schema":{"@context":"https:\/\/schema.org","@graph":[{"@type":"Article","@id":"https:\/\/aconteceunovale.com.br\/portal\/?p=178274#article","isPartOf":{"@id":"https:\/\/aconteceunovale.com.br\/portal\/?p=178274"},"author":{"name":"Reda\u00e7\u00e3o Aconteceu no Vale","@id":"https:\/\/aconteceunovale.com.br\/portal\/#\/schema\/person\/7d2f26d1483f8a63de73da1ee0754d35"},"headline":"M\u00e3es relatam emo\u00e7\u00e3o de superar a Covid-19 e retornar para a fam\u00edlia","datePublished":"2021-05-08T15:37:09+00:00","dateModified":"2021-05-08T15:40:21+00:00","mainEntityOfPage":{"@id":"https:\/\/aconteceunovale.com.br\/portal\/?p=178274"},"wordCount":1633,"commentCount":0,"image":{"@id":"https:\/\/aconteceunovale.com.br\/portal\/?p=178274#primaryimage"},"thumbnailUrl":"https:\/\/aconteceunovale.com.br\/portal\/wp-content\/uploads\/2021\/05\/dia_das_maes_familia_2.jpg","keywords":["Alta em fam\u00edlia","Ana Carolina Santos","Beatriz Maria Oliveira dos Santos","Belo Horizonte","bh","Coronav\u00edrus","COVID-19","Dia das M\u00e3es","Dia das M\u00e3es 2021","Dona Abeti","Dona Abeti e Mailde","Emo\u00e7\u00e3o de retornar a fam\u00edlia","Emo\u00e7\u00e3o de superar a Covid-19","Emo\u00e7\u00e3o de superar o coronav\u00edrus","fam\u00edlia","HEM","HJK","Hospital Eduardo de Menezes","Hospital J\u00falia Kubitschek","Leandra Bruna da Silva Caixeta","M\u00e3es guerreiras","M\u00e3es relatam emo\u00e7\u00e3o de superar a Covid-19 e retornar para a fam\u00edlia","Mailde Neves","Maria do Perp\u00e9tuo Lima","Maternidade Odete Valadares","Novo coronav\u00edrus","pandemia","Patos de Minas","Rede Fhemig","Regional Ant\u00f4nio Dias"],"articleSection":["Minas Gerais","Sa\u00fade"],"inLanguage":"pt-BR","potentialAction":[{"@type":"CommentAction","name":"Comment","target":["https:\/\/aconteceunovale.com.br\/portal\/?p=178274#respond"]}]},{"@type":"WebPage","@id":"https:\/\/aconteceunovale.com.br\/portal\/?p=178274","url":"https:\/\/aconteceunovale.com.br\/portal\/?p=178274","name":"M\u00e3es relatam emo\u00e7\u00e3o de superar a Covid-19 e retornar para a fam\u00edlia - Aconteceu no Vale","isPartOf":{"@id":"https:\/\/aconteceunovale.com.br\/portal\/#website"},"primaryImageOfPage":{"@id":"https:\/\/aconteceunovale.com.br\/portal\/?p=178274#primaryimage"},"image":{"@id":"https:\/\/aconteceunovale.com.br\/portal\/?p=178274#primaryimage"},"thumbnailUrl":"https:\/\/aconteceunovale.com.br\/portal\/wp-content\/uploads\/2021\/05\/dia_das_maes_familia_2.jpg","datePublished":"2021-05-08T15:37:09+00:00","dateModified":"2021-05-08T15:40:21+00:00","author":{"@id":"https:\/\/aconteceunovale.com.br\/portal\/#\/schema\/person\/7d2f26d1483f8a63de73da1ee0754d35"},"breadcrumb":{"@id":"https:\/\/aconteceunovale.com.br\/portal\/?p=178274#breadcrumb"},"inLanguage":"pt-BR","potentialAction":[{"@type":"ReadAction","target":["https:\/\/aconteceunovale.com.br\/portal\/?p=178274"]}]},{"@type":"ImageObject","inLanguage":"pt-BR","@id":"https:\/\/aconteceunovale.com.br\/portal\/?p=178274#primaryimage","url":"https:\/\/aconteceunovale.com.br\/portal\/wp-content\/uploads\/2021\/05\/dia_das_maes_familia_2.jpg","contentUrl":"https:\/\/aconteceunovale.com.br\/portal\/wp-content\/uploads\/2021\/05\/dia_das_maes_familia_2.jpg","width":650,"height":438},{"@type":"BreadcrumbList","@id":"https:\/\/aconteceunovale.com.br\/portal\/?p=178274#breadcrumb","itemListElement":[{"@type":"ListItem","position":1,"name":"In\u00edcio","item":"https:\/\/aconteceunovale.com.br\/portal\/"},{"@type":"ListItem","position":2,"name":"M\u00e3es relatam emo\u00e7\u00e3o de superar a Covid-19 e retornar para a fam\u00edlia"}]},{"@type":"WebSite","@id":"https:\/\/aconteceunovale.com.br\/portal\/#website","url":"https:\/\/aconteceunovale.com.br\/portal\/","name":"Aconteceu no Vale","description":"Portal de Not\u00edcias","potentialAction":[{"@type":"SearchAction","target":{"@type":"EntryPoint","urlTemplate":"https:\/\/aconteceunovale.com.br\/portal\/?s={search_term_string}"},"query-input":{"@type":"PropertyValueSpecification","valueRequired":true,"valueName":"search_term_string"}}],"inLanguage":"pt-BR"},{"@type":"Person","@id":"https:\/\/aconteceunovale.com.br\/portal\/#\/schema\/person\/7d2f26d1483f8a63de73da1ee0754d35","name":"Reda\u00e7\u00e3o Aconteceu no Vale","description":"Equipe de reportagem do Aconteceu no Vale, portal de not\u00edcias do Vale do Jequitinhonha, em Minas Gerais. Cobrimos as 51 cidades do Vale desde 2013. Sugest\u00f5es de pauta e pedidos de corre\u00e7\u00e3o: contato@aconteceunovale.com.br","url":"https:\/\/aconteceunovale.com.br\/portal\/?author=4"}]}},"_links":{"self":[{"href":"https:\/\/aconteceunovale.com.br\/portal\/index.php?rest_route=\/wp\/v2\/posts\/178274","targetHints":{"allow":["GET"]}}],"collection":[{"href":"https:\/\/aconteceunovale.com.br\/portal\/index.php?rest_route=\/wp\/v2\/posts"}],"about":[{"href":"https:\/\/aconteceunovale.com.br\/portal\/index.php?rest_route=\/wp\/v2\/types\/post"}],"author":[{"embeddable":true,"href":"https:\/\/aconteceunovale.com.br\/portal\/index.php?rest_route=\/wp\/v2\/users\/4"}],"replies":[{"embeddable":true,"href":"https:\/\/aconteceunovale.com.br\/portal\/index.php?rest_route=%2Fwp%2Fv2%2Fcomments&post=178274"}],"version-history":[{"count":1,"href":"https:\/\/aconteceunovale.com.br\/portal\/index.php?rest_route=\/wp\/v2\/posts\/178274\/revisions"}],"predecessor-version":[{"id":178279,"href":"https:\/\/aconteceunovale.com.br\/portal\/index.php?rest_route=\/wp\/v2\/posts\/178274\/revisions\/178279"}],"wp:featuredmedia":[{"embeddable":true,"href":"https:\/\/aconteceunovale.com.br\/portal\/index.php?rest_route=\/wp\/v2\/media\/178276"}],"wp:attachment":[{"href":"https:\/\/aconteceunovale.com.br\/portal\/index.php?rest_route=%2Fwp%2Fv2%2Fmedia&parent=178274"}],"wp:term":[{"taxonomy":"category","embeddable":true,"href":"https:\/\/aconteceunovale.com.br\/portal\/index.php?rest_route=%2Fwp%2Fv2%2Fcategories&post=178274"},{"taxonomy":"post_tag","embeddable":true,"href":"https:\/\/aconteceunovale.com.br\/portal\/index.php?rest_route=%2Fwp%2Fv2%2Ftags&post=178274"}],"curies":[{"name":"wp","href":"https:\/\/api.w.org\/{rel}","templated":true}]}}