{"id":178271,"date":"2021-05-08T12:27:21","date_gmt":"2021-05-08T15:27:21","guid":{"rendered":"https:\/\/aconteceunovale.com.br\/portal\/?p=178271"},"modified":"2021-05-08T12:28:35","modified_gmt":"2021-05-08T15:28:35","slug":"minas-gerais-recebe-mais-100-mil-doses-da-coronavac","status":"publish","type":"post","link":"https:\/\/aconteceunovale.com.br\/portal\/?p=178271","title":{"rendered":"Minas Gerais recebe mais 100 mil doses da CoronaVac"},"content":{"rendered":"\n<p class=\"wp-block-paragraph\">Na manh\u00e3 deste s\u00e1bado (8\/5\/2021), chegou a Minas Gerais a complementa\u00e7\u00e3o da 18\u00aa remessa de vacina contra covid-19 enviada pelo Minist\u00e9rio da Sa\u00fade. As 100.200 doses da CoronaVac desembarcaram no Aeroporto de Confins e s\u00e3o destinadas \u00e0 aplica\u00e7\u00e3o da segunda dose. A primeira parte dessa remessa chegou na \u00faltima quinta-feira (5\/5), com 396.500 unidades da AstraZeneca.<\/p>\n\n\n\n<figure class=\"wp-block-gallery columns-1 is-cropped wp-block-gallery-1 is-layout-flex wp-block-gallery-is-layout-flex\"><ul class=\"blocks-gallery-grid\"><li class=\"blocks-gallery-item\"><figure><img loading=\"lazy\" decoding=\"async\" width=\"678\" height=\"444\" src=\"https:\/\/aconteceunovale.com.br\/portal\/wp-content\/uploads\/2021\/05\/vacinas_mg.jpeg\" alt=\"\" data-id=\"178272\" data-full-url=\"https:\/\/aconteceunovale.com.br\/portal\/wp-content\/uploads\/2021\/05\/vacinas_mg.jpeg\" data-link=\"https:\/\/aconteceunovale.com.br\/portal\/?attachment_id=178272\" class=\"wp-image-178272\" srcset=\"https:\/\/aconteceunovale.com.br\/portal\/wp-content\/uploads\/2021\/05\/vacinas_mg.jpeg 678w, https:\/\/aconteceunovale.com.br\/portal\/wp-content\/uploads\/2021\/05\/vacinas_mg-300x196.jpeg 300w, https:\/\/aconteceunovale.com.br\/portal\/wp-content\/uploads\/2021\/05\/vacinas_mg-641x420.jpeg 641w\" sizes=\"auto, (max-width: 678px) 100vw, 678px\" \/><figcaption class=\"blocks-gallery-item__caption\"><em>Foto: BH Airport \/ via Ag\u00eancia Minas<\/em><\/figcaption><\/figure><\/li><\/ul><\/figure>\n\n\n\n<p class=\"wp-block-paragraph\"><em>\u201cAs doses que chegaram hoje e as que est\u00e3o previstas para a pr\u00f3xima semana ser\u00e3o suficientes para que os munic\u00edpios retomem a vacina\u00e7\u00e3o das pessoas que s\u00f3 tomaram a 1\u00aa dose da CoronaVac e assim alcancem a imunidade. \u00c9 importante que aqueles que s\u00f3 receberam a primeira dose, mesmo j\u00e1 ultrapassados os 28 dias de intervalo recomendado, se encaminhem ao posto de sa\u00fade para receber a segunda dose da vacina. A imunidade s\u00f3 \u00e9 alcan\u00e7ada com a aplica\u00e7\u00e3o das duas doses da CoronaVac\u201d<\/em>, afirmou o secret\u00e1rio de Estado de\u00a0Sa\u00fade, F\u00e1bio Baccheretti.<\/p>\n\n\n\n<h2 class=\"wp-block-heading\"><strong>Log\u00edstica<\/strong><\/h2>\n\n\n\n<p class=\"wp-block-paragraph\">Os imunizantes da CoronaVac foram levados para a Rede de Frio estadual, em Belo Horizonte, e de l\u00e1 ser\u00e3o distribu\u00eddos para as 28 Unidades Regionais de Sa\u00fade (URSs) a partir de segunda-feira.<\/p>\n\n\n\n<p class=\"wp-block-paragraph\">Com esta remessa, Minas Gerais totaliza o recebimento de 8.030.340 doses de vacina contra a covid-19. A chegada de milhares de doses de vacina da AstraZeneca e tamb\u00e9m da Pfizer, nos \u00faltimos dias, vai permitir que Minas Gerais avance ainda mais na imuniza\u00e7\u00e3o dos grupos priorit\u00e1rios.<\/p>\n\n\n\n<h2 class=\"wp-block-heading\"><strong>Ranking<\/strong><\/h2>\n\n\n\n<p class=\"wp-block-paragraph\">Durante a coletiva de imprensa realizada sexta-feira (7\/5), F\u00e1bio Baccheretti informou que Minas Gerais ocupa o 6\u00ba lugar em vacina\u00e7\u00e3o proporcional da popula\u00e7\u00e3o. Em mar\u00e7o, o estado ocupava o 17\u00ba lugar. <em>\u201cEstamos subindo, melhorando, e o papel dos munic\u00edpios \u00e9 fundamental para este desempenho\u201d<\/em>, afirma o secret\u00e1rio.<\/p>\n\n\n\n<h2 class=\"wp-block-heading\"><strong>Acompanhe o quantitativo de cada remessa<\/strong>:<\/h2>\n\n\n\n<p class=\"wp-block-paragraph\"><strong>1\u00aa remessa<\/strong><br>577.480 doses da CoronaVac em 18\/1\/2021<\/p>\n\n\n\n<p class=\"wp-block-paragraph\"><strong>2\u00aa remessa<\/strong><br>190.500 doses de AstraZeneca em 24\/1\/2021&nbsp;<\/p>\n\n\n\n<p class=\"wp-block-paragraph\"><strong>3\u00aa remessa<\/strong><br>87.600 doses da CoronaVac em 25\/1\/2021<\/p>\n\n\n\n<p class=\"wp-block-paragraph\"><strong>4\u00aa remessa<\/strong><br>315.600 doses da CoronaVac em 7\/2\/2021&nbsp;<\/p>\n\n\n\n<p class=\"wp-block-paragraph\"><strong>5\u00aa remessa<\/strong><br>220.000 doses da AstraZeneca e 137.400 doses da CoronaVac em 23\/2\/2021<\/p>\n\n\n\n<p class=\"wp-block-paragraph\"><strong>6\u00aa remessa<\/strong><br>285.200 doses da CoronaVac em 3\/3\/2021<\/p>\n\n\n\n<p class=\"wp-block-paragraph\"><strong>7\u00aa remessa<\/strong><br>303.600 doses da CoronaVac em 9\/3\/2021<\/p>\n\n\n\n<p class=\"wp-block-paragraph\"><strong>8\u00aa remessa<\/strong><br>509.800 doses de CoronaVac em 17\/3\/2021<\/p>\n\n\n\n<p class=\"wp-block-paragraph\"><strong>9\u00aa remessa<\/strong><br>86.750 doses da AstraZeneca e 455.800 doses da CoronaVac em 20\/3\/2021&nbsp;<\/p>\n\n\n\n<p class=\"wp-block-paragraph\"><strong>10\u00aa remessa<\/strong><br>116.600 doses de AstraZeneca e 359.000 doses de CoronaVac em 26\/3\/2021&nbsp;<\/p>\n\n\n\n<p class=\"wp-block-paragraph\"><strong>11\u00aa remessa<\/strong><br>73.250 doses de AstraZeneca e 943.400 doses de CoronaVac em 1\/4\/2021&nbsp;<\/p>\n\n\n\n<p class=\"wp-block-paragraph\"><strong>12\u00aa remessa<\/strong><br>257.750 da AstraZeneca e 220.400 da CoronaVac, em 8\/4\/2021<\/p>\n\n\n\n<p class=\"wp-block-paragraph\"><strong>13\u00aa remessa<\/strong><br>426.000 da AstraZeneca e 275.200 da CoronaVac, em 16\/4\/2021<\/p>\n\n\n\n<p class=\"wp-block-paragraph\"><strong>14\u00aa remessa<\/strong><br>316.750 doses da AstraZeneca e 73.800 da CoronaVac, em 23\/4\/2021<\/p>\n\n\n\n<p class=\"wp-block-paragraph\"><strong>15\u00aa remessa<\/strong><br>578.000 doses da AstraZeneca e 11.800 doses da CoronaVac, em 29\/4\/2021<\/p>\n\n\n\n<p class=\"wp-block-paragraph\"><strong>16\u00aa remessa<\/strong><br>30.400 doses da CoronaVac, em 1\/5\/2021, e 676.250 doses da AstraZeneca, em 03\/5\/2021<\/p>\n\n\n\n<p class=\"wp-block-paragraph\"><strong>17\u00aa remessa<\/strong><br>50.310 doses da Pfizer, em 03\/5\/2021<\/p>\n\n\n\n<p class=\"wp-block-paragraph\"><strong>18\u00aa remessa<\/strong><br>396.500 doses da AstraZeneca, em 06\/5\/2021, e 100.200 doses da CoronaVac, em 08\/5\/2021<\/p>\n\n\n\n<p class=\"wp-block-paragraph\"><strong>Total: 8.030.340 doses<\/strong><\/p>\n\n\n\n<p class=\"wp-block-paragraph\">&#8212;&#8212;&#8212;&#8212;&#8212;&#8212;<br><em>Quer receber as not\u00edcias do <strong>Aconteceu no Vale<\/strong> em primeira m\u00e3o? Siga-nos no Facebook <a rel=\"noreferrer noopener\" href=\"http:\/\/facebook.com\/aconteceunovale\" target=\"_blank\">@aconteceunovale<\/a>, Twitter <a rel=\"noreferrer noopener\" href=\"https:\/\/twitter.com\/noticiadosvales\" target=\"_blank\">@noticiadosvales<\/a> e Instagram <a rel=\"noreferrer noopener\" href=\"https:\/\/www.instagram.com\/aconteceunovale\" target=\"_blank\">@aconteceunovale<\/a>.<\/em><\/p>\n","protected":false},"excerpt":{"rendered":"<p>Na manh\u00e3 deste s\u00e1bado (8\/5\/2021), chegou a Minas Gerais a complementa\u00e7\u00e3o da 18\u00aa remessa de vacina contra covid-19 enviada pelo Minist\u00e9rio da Sa\u00fade. As 100.200 doses da CoronaVac desembarcaram no Aeroporto de Confins e s\u00e3o destinadas \u00e0 aplica\u00e7\u00e3o da segunda dose. A primeira parte dessa remessa chegou na \u00faltima quinta-feira (5\/5), com 396.500 unidades da [&hellip;]<\/p>\n","protected":false},"author":4,"featured_media":178272,"comment_status":"open","ping_status":"closed","sticky":false,"template":"","format":"standard","meta":{"amp_status":"","footnotes":""},"categories":[6,40242],"tags":[240692,235100,235104,194,217799,219851,235098,219853,22090,214884,216498,236448,239797,221718,235105,231330,231334,184213,235103,135894,235094,235096,235097,235095,240007,235015,244364,243267,244887,240691,241552,244425,240634,242407,235101,219855,215653,221717,219854,219852,217692,231333,231337,231332,231336,236858,221719,178207,220285,220287,220286,235102,235099,231331,231335],"class_list":["post-178271","post","type-post","status-publish","format-standard","has-post-thumbnail","hentry","category-br","category-saude-2","tag-6-mil-doses-de-vacinas-contra-covid-19-e-ampliara-imunizacao-para-idosos-de-65-a-69-anos","tag-adileia-pereira-de-jesus-cardoso","tag-adriana-vilella-avila-de-castro","tag-belo-horizonte","tag-casos-de-coronavirus-em-minas-gerais","tag-casos-de-covid-19-em-minas-gerais","tag-cece","tag-cidades-com-casos-de-coronavirus-em-minas-gerais","tag-confins","tag-coronavirus","tag-covid-19","tag-covid-19-minas-gerais-bate-novo-recorde-ao-registrar-mais-de-10-mil-casos-em-24h","tag-covid-19-minas-gerais-tem-recorde-de-mortes-e-de-casos-em-24h","tag-curados-do-coronavirus-em-minas-gerais","tag-distribuicao-da-vacina-em-minas-gerais","tag-governador-detalha-plano-de-contingencia-para-vacinacao-contra-a-covid-19-em-minas-gerais","tag-governador-detalha-plano-de-contingencia-para-vacinacao-contra-o-novo-coronavirus-em-minas-gerais","tag-governador-romeu-zema","tag-hem","tag-hospital-eduardo-de-menezes","tag-iniciada-a-maior-operacao-de-vacinacao-da-historia-de-minas-gerais","tag-maior-operacao-de-vacinacao-da-historia-de-minas-gerais","tag-maria-bom-sucesso-pereira","tag-minas-gerais-inicia-a-maior-operacao-de-vacinacao-da-sua-historia","tag-minas-gerais-recebe-542-550-novas-doses-de-vacinas-contra-covid-19","tag-minas-gerais-recebe-561-mil-doses-da-coronavac","tag-minas-gerais-recebe-hoje-mais-589-800-doses-de-vacinas-contra-covid-19","tag-minas-gerais-recebe-hoje-mais-701-200-doses-de-vacinas-contra-covid-19","tag-minas-gerais-recebe-mais-100-mil-doses-da-coronavac","tag-minas-gerais-recebe-mais-475","tag-minas-gerais-recebe-mais-de-1-milhao-de-doses-de-vacinas-contra-covid-19","tag-minas-gerais-recebe-novas-doses-para-ampliar-vacinacao-contra-a-covid-19","tag-minas-gerais-recebera-mais-475-600-doses-de-vacinas-contra-a-covid-19","tag-minas-gerais-recebera-mais-478-150-doses-de-vacinas-contra-covid-19","tag-moises-alves-senra","tag-mortes-por-coronavirus-em-minas-gerais","tag-novo-coronavirus","tag-numero-de-curados-do-coronavirus-em-minas-gerais","tag-numeros-do-coronavirus-em-minas-gerais","tag-obitos-por-coronavirus-em-minas-gerias","tag-pandemia-de-coronavirus","tag-plano-de-contingencia-para-vacinacao-contra-a-covid-19-em-minas-gerais","tag-plano-de-contingencia-para-vacinacao-contra-o-novo-coronavirus-em-minas-gerais","tag-plano-para-vacinacao-contra-a-covid-19-em-minas-gerais","tag-plano-para-vacinacao-contra-o-novo-coronavirus-em-minas-gerais","tag-primeira-pessoa-vacinada-contra-a-covid-19-em-minas-gerais-recebe-a-segunda-dose","tag-recuperados-do-coronavirus-em-minas-gerais","tag-romeu-zema","tag-secretaria-de-saude-atualiza-numeros-do-coronavirus-em-minas-gerais","tag-secretaria-de-saude-de-minas-gerais-atualiza-numeros-do-coronavirus","tag-ses-mg-atualiza-numeros-do-coronavirus","tag-teresa-gamarano-barros","tag-thiago-liberio-santana-medina","tag-vacinacao-contra-a-covid-19-em-minas-gerais","tag-vacinacao-contra-o-novo-coronavirus-em-minas-gerais"],"yoast_head":"<!-- This site is optimized with the Yoast SEO plugin v28.3 - https:\/\/yoast.com\/product\/yoast-seo-wordpress\/ -->\n<title>Minas Gerais recebe mais 100 mil doses da CoronaVac - Aconteceu no Vale<\/title>\n<meta name=\"robots\" content=\"index, follow, max-snippet:-1, max-image-preview:large, max-video-preview:-1\" \/>\n<link rel=\"canonical\" href=\"https:\/\/aconteceunovale.com.br\/portal\/?p=178271\" \/>\n<meta property=\"og:locale\" content=\"pt_BR\" \/>\n<meta property=\"og:type\" content=\"article\" \/>\n<meta property=\"og:title\" content=\"Minas Gerais recebe mais 100 mil doses da CoronaVac - Aconteceu no Vale\" \/>\n<meta property=\"og:description\" content=\"Na manh\u00e3 deste s\u00e1bado (8\/5\/2021), chegou a Minas Gerais a complementa\u00e7\u00e3o da 18\u00aa remessa de vacina contra covid-19 enviada pelo Minist\u00e9rio da Sa\u00fade. As 100.200 doses da CoronaVac desembarcaram no Aeroporto de Confins e s\u00e3o destinadas \u00e0 aplica\u00e7\u00e3o da segunda dose. A primeira parte dessa remessa chegou na \u00faltima quinta-feira (5\/5), com 396.500 unidades da [&hellip;]\" \/>\n<meta property=\"og:url\" content=\"https:\/\/aconteceunovale.com.br\/portal\/?p=178271\" \/>\n<meta property=\"og:site_name\" content=\"Aconteceu no Vale\" \/>\n<meta property=\"article:publisher\" content=\"https:\/\/www.facebook.com\/aconteceunovale\/\" \/>\n<meta property=\"article:published_time\" content=\"2021-05-08T15:27:21+00:00\" \/>\n<meta property=\"article:modified_time\" content=\"2021-05-08T15:28:35+00:00\" \/>\n<meta property=\"og:image\" content=\"https:\/\/aconteceunovale.com.br\/portal\/wp-content\/uploads\/2021\/05\/vacinas_mg.jpeg\" \/>\n\t<meta property=\"og:image:width\" content=\"678\" \/>\n\t<meta property=\"og:image:height\" content=\"444\" \/>\n\t<meta property=\"og:image:type\" content=\"image\/jpeg\" \/>\n<meta name=\"author\" content=\"Reda\u00e7\u00e3o Aconteceu no Vale\" \/>\n<meta name=\"twitter:card\" content=\"summary_large_image\" \/>\n<meta name=\"twitter:creator\" content=\"@noticiadosvales\" \/>\n<meta name=\"twitter:site\" content=\"@noticiadosvales\" \/>\n<meta name=\"twitter:label1\" content=\"Escrito por\" \/>\n\t<meta name=\"twitter:data1\" content=\"Reda\u00e7\u00e3o Aconteceu no Vale\" \/>\n\t<meta name=\"twitter:label2\" content=\"Est. tempo de leitura\" \/>\n\t<meta name=\"twitter:data2\" content=\"2 minutos\" \/>\n<script type=\"application\/ld+json\" class=\"yoast-schema-graph\">{\"@context\":\"https:\\\/\\\/schema.org\",\"@graph\":[{\"@type\":\"Article\",\"@id\":\"https:\\\/\\\/aconteceunovale.com.br\\\/portal\\\/?p=178271#article\",\"isPartOf\":{\"@id\":\"https:\\\/\\\/aconteceunovale.com.br\\\/portal\\\/?p=178271\"},\"author\":{\"name\":\"Reda\u00e7\u00e3o Aconteceu no Vale\",\"@id\":\"https:\\\/\\\/aconteceunovale.com.br\\\/portal\\\/#\\\/schema\\\/person\\\/7d2f26d1483f8a63de73da1ee0754d35\"},\"headline\":\"Minas Gerais recebe mais 100 mil doses da CoronaVac\",\"datePublished\":\"2021-05-08T15:27:21+00:00\",\"dateModified\":\"2021-05-08T15:28:35+00:00\",\"mainEntityOfPage\":{\"@id\":\"https:\\\/\\\/aconteceunovale.com.br\\\/portal\\\/?p=178271\"},\"wordCount\":467,\"commentCount\":0,\"image\":{\"@id\":\"https:\\\/\\\/aconteceunovale.com.br\\\/portal\\\/?p=178271#primaryimage\"},\"thumbnailUrl\":\"https:\\\/\\\/aconteceunovale.com.br\\\/portal\\\/wp-content\\\/uploads\\\/2021\\\/05\\\/vacinas_mg.jpeg\",\"keywords\":[\"6 mil doses de vacinas contra Covid-19 e ampliar\u00e1 imuniza\u00e7\u00e3o para idosos de 65 a 69 anos\",\"Adileia Pereira de Jesus Cardoso\",\"Adriana Vilella \u00c1vila de Castro\",\"Belo Horizonte\",\"Casos de coronav\u00edrus em Minas Gerais\",\"Casos de covid-19 em Minas Gerais\",\"Cec\u00e9\",\"Cidades com casos de coronav\u00edrus em Minas Gerais\",\"Confins\",\"Coronav\u00edrus\",\"COVID-19\",\"Covid-19: Minas Gerais bate novo recorde ao registrar mais de 10 mil casos em 24h\",\"Covid-19: Minas Gerais tem recorde de mortes e de casos em 24h\",\"Curados do coronav\u00edrus em Minas Gerais\",\"Distribui\u00e7\u00e3o da vacina em Minas Gerais\",\"Governador detalha Plano de Conting\u00eancia para Vacina\u00e7\u00e3o contra a Covid-19 em Minas Gerais\",\"Governador detalha Plano de Conting\u00eancia para Vacina\u00e7\u00e3o contra o novo coronav\u00edrus em Minas Gerais\",\"Governador Romeu Zema\",\"HEM\",\"Hospital Eduardo de Menezes\",\"Iniciada a maior opera\u00e7\u00e3o de vacina\u00e7\u00e3o da hist\u00f3ria de Minas Gerais\",\"Maior opera\u00e7\u00e3o de vacina\u00e7\u00e3o da hist\u00f3ria de Minas Gerais\",\"Maria Bom Sucesso Pereira\",\"Minas Gerais inicia a maior opera\u00e7\u00e3o de vacina\u00e7\u00e3o da sua hist\u00f3ria\",\"Minas Gerais recebe 542.550 novas doses de vacinas contra Covid-19\",\"Minas Gerais recebe 561 mil doses da CoronaVac\",\"Minas Gerais recebe hoje mais 589.800 doses de vacinas contra Covid-19\",\"Minas Gerais recebe hoje mais 701.200 doses de vacinas contra Covid-19\",\"Minas Gerais recebe mais 100 mil doses da CoronaVac\",\"Minas Gerais recebe mais 475\",\"Minas Gerais recebe mais de 1 milh\u00e3o de doses de vacinas contra Covid-19\",\"Minas Gerais recebe novas doses para ampliar vacina\u00e7\u00e3o contra a Covid-19\",\"Minas Gerais receber\u00e1 mais 475.600 doses de vacinas contra a Covid-19\",\"Minas Gerais receber\u00e1 mais 478.150 doses de vacinas contra Covid-19\",\"Mois\u00e9s Alves Senra\",\"Mortes por coronav\u00edrus em Minas Gerais\",\"Novo coronav\u00edrus\",\"N\u00famero de curados do coronav\u00edrus em Minas Gerais\",\"N\u00fameros do coronav\u00edrus em Minas Gerais\",\"\u00d3bitos por coronav\u00edrus em Minas Gerias\",\"Pandemia de coronav\u00edrus\",\"Plano de Conting\u00eancia para Vacina\u00e7\u00e3o contra a Covid-19 em Minas Gerais\",\"Plano de Conting\u00eancia para Vacina\u00e7\u00e3o contra o novo coronav\u00edrus em Minas Gerais\",\"Plano para Vacina\u00e7\u00e3o contra a Covid-19 em Minas Gerais\",\"Plano para Vacina\u00e7\u00e3o contra o novo coronav\u00edrus em Minas Gerais\",\"Primeira pessoa vacinada contra a Covid-19 em Minas Gerais recebe a segunda dose\",\"Recuperados do coronav\u00edrus em Minas Gerais\",\"Romeu Zema\",\"Secretaria de Sa\u00fade atualiza n\u00fameros do coronav\u00edrus em Minas Gerais\",\"Secretaria de Sa\u00fade de Minas Gerais atualiza n\u00fameros do coronav\u00edrus\",\"SES-MG atualiza n\u00fameros do coronav\u00edrus\",\"Teresa Gamarano Barros\",\"Thiago Lib\u00e9rio Santana Medina\",\"Vacina\u00e7\u00e3o contra a Covid-19 em Minas Gerais\",\"Vacina\u00e7\u00e3o contra o novo coronav\u00edrus em Minas Gerais\"],\"articleSection\":[\"Brasil\",\"Sa\u00fade\"],\"inLanguage\":\"pt-BR\",\"potentialAction\":[{\"@type\":\"CommentAction\",\"name\":\"Comment\",\"target\":[\"https:\\\/\\\/aconteceunovale.com.br\\\/portal\\\/?p=178271#respond\"]}]},{\"@type\":\"WebPage\",\"@id\":\"https:\\\/\\\/aconteceunovale.com.br\\\/portal\\\/?p=178271\",\"url\":\"https:\\\/\\\/aconteceunovale.com.br\\\/portal\\\/?p=178271\",\"name\":\"Minas Gerais recebe mais 100 mil doses da CoronaVac - Aconteceu no Vale\",\"isPartOf\":{\"@id\":\"https:\\\/\\\/aconteceunovale.com.br\\\/portal\\\/#website\"},\"primaryImageOfPage\":{\"@id\":\"https:\\\/\\\/aconteceunovale.com.br\\\/portal\\\/?p=178271#primaryimage\"},\"image\":{\"@id\":\"https:\\\/\\\/aconteceunovale.com.br\\\/portal\\\/?p=178271#primaryimage\"},\"thumbnailUrl\":\"https:\\\/\\\/aconteceunovale.com.br\\\/portal\\\/wp-content\\\/uploads\\\/2021\\\/05\\\/vacinas_mg.jpeg\",\"datePublished\":\"2021-05-08T15:27:21+00:00\",\"dateModified\":\"2021-05-08T15:28:35+00:00\",\"author\":{\"@id\":\"https:\\\/\\\/aconteceunovale.com.br\\\/portal\\\/#\\\/schema\\\/person\\\/7d2f26d1483f8a63de73da1ee0754d35\"},\"breadcrumb\":{\"@id\":\"https:\\\/\\\/aconteceunovale.com.br\\\/portal\\\/?p=178271#breadcrumb\"},\"inLanguage\":\"pt-BR\",\"potentialAction\":[{\"@type\":\"ReadAction\",\"target\":[\"https:\\\/\\\/aconteceunovale.com.br\\\/portal\\\/?p=178271\"]}]},{\"@type\":\"ImageObject\",\"inLanguage\":\"pt-BR\",\"@id\":\"https:\\\/\\\/aconteceunovale.com.br\\\/portal\\\/?p=178271#primaryimage\",\"url\":\"https:\\\/\\\/aconteceunovale.com.br\\\/portal\\\/wp-content\\\/uploads\\\/2021\\\/05\\\/vacinas_mg.jpeg\",\"contentUrl\":\"https:\\\/\\\/aconteceunovale.com.br\\\/portal\\\/wp-content\\\/uploads\\\/2021\\\/05\\\/vacinas_mg.jpeg\",\"width\":678,\"height\":444},{\"@type\":\"BreadcrumbList\",\"@id\":\"https:\\\/\\\/aconteceunovale.com.br\\\/portal\\\/?p=178271#breadcrumb\",\"itemListElement\":[{\"@type\":\"ListItem\",\"position\":1,\"name\":\"In\u00edcio\",\"item\":\"https:\\\/\\\/aconteceunovale.com.br\\\/portal\\\/\"},{\"@type\":\"ListItem\",\"position\":2,\"name\":\"Minas Gerais recebe mais 100 mil doses da CoronaVac\"}]},{\"@type\":\"WebSite\",\"@id\":\"https:\\\/\\\/aconteceunovale.com.br\\\/portal\\\/#website\",\"url\":\"https:\\\/\\\/aconteceunovale.com.br\\\/portal\\\/\",\"name\":\"Aconteceu no Vale\",\"description\":\"Portal de Not\u00edcias\",\"potentialAction\":[{\"@type\":\"SearchAction\",\"target\":{\"@type\":\"EntryPoint\",\"urlTemplate\":\"https:\\\/\\\/aconteceunovale.com.br\\\/portal\\\/?s={search_term_string}\"},\"query-input\":{\"@type\":\"PropertyValueSpecification\",\"valueRequired\":true,\"valueName\":\"search_term_string\"}}],\"inLanguage\":\"pt-BR\"},{\"@type\":\"Person\",\"@id\":\"https:\\\/\\\/aconteceunovale.com.br\\\/portal\\\/#\\\/schema\\\/person\\\/7d2f26d1483f8a63de73da1ee0754d35\",\"name\":\"Reda\u00e7\u00e3o Aconteceu no Vale\",\"description\":\"Equipe de reportagem do Aconteceu no Vale, portal de not\u00edcias do Vale do Jequitinhonha, em Minas Gerais. Cobrimos as 51 cidades do Vale desde 2013. Sugest\u00f5es de pauta e pedidos de corre\u00e7\u00e3o: contato@aconteceunovale.com.br\",\"url\":\"https:\\\/\\\/aconteceunovale.com.br\\\/portal\\\/?author=4\"}]}<\/script>\n<!-- \/ Yoast SEO plugin. -->","yoast_head_json":{"title":"Minas Gerais recebe mais 100 mil doses da CoronaVac - Aconteceu no Vale","robots":{"index":"index","follow":"follow","max-snippet":"max-snippet:-1","max-image-preview":"max-image-preview:large","max-video-preview":"max-video-preview:-1"},"canonical":"https:\/\/aconteceunovale.com.br\/portal\/?p=178271","og_locale":"pt_BR","og_type":"article","og_title":"Minas Gerais recebe mais 100 mil doses da CoronaVac - Aconteceu no Vale","og_description":"Na manh\u00e3 deste s\u00e1bado (8\/5\/2021), chegou a Minas Gerais a complementa\u00e7\u00e3o da 18\u00aa remessa de vacina contra covid-19 enviada pelo Minist\u00e9rio da Sa\u00fade. As 100.200 doses da CoronaVac desembarcaram no Aeroporto de Confins e s\u00e3o destinadas \u00e0 aplica\u00e7\u00e3o da segunda dose. A primeira parte dessa remessa chegou na \u00faltima quinta-feira (5\/5), com 396.500 unidades da [&hellip;]","og_url":"https:\/\/aconteceunovale.com.br\/portal\/?p=178271","og_site_name":"Aconteceu no Vale","article_publisher":"https:\/\/www.facebook.com\/aconteceunovale\/","article_published_time":"2021-05-08T15:27:21+00:00","article_modified_time":"2021-05-08T15:28:35+00:00","og_image":[{"width":678,"height":444,"url":"https:\/\/aconteceunovale.com.br\/portal\/wp-content\/uploads\/2021\/05\/vacinas_mg.jpeg","type":"image\/jpeg"}],"author":"Reda\u00e7\u00e3o Aconteceu no Vale","twitter_card":"summary_large_image","twitter_creator":"@noticiadosvales","twitter_site":"@noticiadosvales","twitter_misc":{"Escrito por":"Reda\u00e7\u00e3o Aconteceu no Vale","Est. tempo de leitura":"2 minutos"},"schema":{"@context":"https:\/\/schema.org","@graph":[{"@type":"Article","@id":"https:\/\/aconteceunovale.com.br\/portal\/?p=178271#article","isPartOf":{"@id":"https:\/\/aconteceunovale.com.br\/portal\/?p=178271"},"author":{"name":"Reda\u00e7\u00e3o Aconteceu no Vale","@id":"https:\/\/aconteceunovale.com.br\/portal\/#\/schema\/person\/7d2f26d1483f8a63de73da1ee0754d35"},"headline":"Minas Gerais recebe mais 100 mil doses da CoronaVac","datePublished":"2021-05-08T15:27:21+00:00","dateModified":"2021-05-08T15:28:35+00:00","mainEntityOfPage":{"@id":"https:\/\/aconteceunovale.com.br\/portal\/?p=178271"},"wordCount":467,"commentCount":0,"image":{"@id":"https:\/\/aconteceunovale.com.br\/portal\/?p=178271#primaryimage"},"thumbnailUrl":"https:\/\/aconteceunovale.com.br\/portal\/wp-content\/uploads\/2021\/05\/vacinas_mg.jpeg","keywords":["6 mil doses de vacinas contra Covid-19 e ampliar\u00e1 imuniza\u00e7\u00e3o para idosos de 65 a 69 anos","Adileia Pereira de Jesus Cardoso","Adriana Vilella \u00c1vila de Castro","Belo Horizonte","Casos de coronav\u00edrus em Minas Gerais","Casos de covid-19 em Minas Gerais","Cec\u00e9","Cidades com casos de coronav\u00edrus em Minas Gerais","Confins","Coronav\u00edrus","COVID-19","Covid-19: Minas Gerais bate novo recorde ao registrar mais de 10 mil casos em 24h","Covid-19: Minas Gerais tem recorde de mortes e de casos em 24h","Curados do coronav\u00edrus em Minas Gerais","Distribui\u00e7\u00e3o da vacina em Minas Gerais","Governador detalha Plano de Conting\u00eancia para Vacina\u00e7\u00e3o contra a Covid-19 em Minas Gerais","Governador detalha Plano de Conting\u00eancia para Vacina\u00e7\u00e3o contra o novo coronav\u00edrus em Minas Gerais","Governador Romeu Zema","HEM","Hospital Eduardo de Menezes","Iniciada a maior opera\u00e7\u00e3o de vacina\u00e7\u00e3o da hist\u00f3ria de Minas Gerais","Maior opera\u00e7\u00e3o de vacina\u00e7\u00e3o da hist\u00f3ria de Minas Gerais","Maria Bom Sucesso Pereira","Minas Gerais inicia a maior opera\u00e7\u00e3o de vacina\u00e7\u00e3o da sua hist\u00f3ria","Minas Gerais recebe 542.550 novas doses de vacinas contra Covid-19","Minas Gerais recebe 561 mil doses da CoronaVac","Minas Gerais recebe hoje mais 589.800 doses de vacinas contra Covid-19","Minas Gerais recebe hoje mais 701.200 doses de vacinas contra Covid-19","Minas Gerais recebe mais 100 mil doses da CoronaVac","Minas Gerais recebe mais 475","Minas Gerais recebe mais de 1 milh\u00e3o de doses de vacinas contra Covid-19","Minas Gerais recebe novas doses para ampliar vacina\u00e7\u00e3o contra a Covid-19","Minas Gerais receber\u00e1 mais 475.600 doses de vacinas contra a Covid-19","Minas Gerais receber\u00e1 mais 478.150 doses de vacinas contra Covid-19","Mois\u00e9s Alves Senra","Mortes por coronav\u00edrus em Minas Gerais","Novo coronav\u00edrus","N\u00famero de curados do coronav\u00edrus em Minas Gerais","N\u00fameros do coronav\u00edrus em Minas Gerais","\u00d3bitos por coronav\u00edrus em Minas Gerias","Pandemia de coronav\u00edrus","Plano de Conting\u00eancia para Vacina\u00e7\u00e3o contra a Covid-19 em Minas Gerais","Plano de Conting\u00eancia para Vacina\u00e7\u00e3o contra o novo coronav\u00edrus em Minas Gerais","Plano para Vacina\u00e7\u00e3o contra a Covid-19 em Minas Gerais","Plano para Vacina\u00e7\u00e3o contra o novo coronav\u00edrus em Minas Gerais","Primeira pessoa vacinada contra a Covid-19 em Minas Gerais recebe a segunda dose","Recuperados do coronav\u00edrus em Minas Gerais","Romeu Zema","Secretaria de Sa\u00fade atualiza n\u00fameros do coronav\u00edrus em Minas Gerais","Secretaria de Sa\u00fade de Minas Gerais atualiza n\u00fameros do coronav\u00edrus","SES-MG atualiza n\u00fameros do coronav\u00edrus","Teresa Gamarano Barros","Thiago Lib\u00e9rio Santana Medina","Vacina\u00e7\u00e3o contra a Covid-19 em Minas Gerais","Vacina\u00e7\u00e3o contra o novo coronav\u00edrus em Minas Gerais"],"articleSection":["Brasil","Sa\u00fade"],"inLanguage":"pt-BR","potentialAction":[{"@type":"CommentAction","name":"Comment","target":["https:\/\/aconteceunovale.com.br\/portal\/?p=178271#respond"]}]},{"@type":"WebPage","@id":"https:\/\/aconteceunovale.com.br\/portal\/?p=178271","url":"https:\/\/aconteceunovale.com.br\/portal\/?p=178271","name":"Minas Gerais recebe mais 100 mil doses da CoronaVac - Aconteceu no Vale","isPartOf":{"@id":"https:\/\/aconteceunovale.com.br\/portal\/#website"},"primaryImageOfPage":{"@id":"https:\/\/aconteceunovale.com.br\/portal\/?p=178271#primaryimage"},"image":{"@id":"https:\/\/aconteceunovale.com.br\/portal\/?p=178271#primaryimage"},"thumbnailUrl":"https:\/\/aconteceunovale.com.br\/portal\/wp-content\/uploads\/2021\/05\/vacinas_mg.jpeg","datePublished":"2021-05-08T15:27:21+00:00","dateModified":"2021-05-08T15:28:35+00:00","author":{"@id":"https:\/\/aconteceunovale.com.br\/portal\/#\/schema\/person\/7d2f26d1483f8a63de73da1ee0754d35"},"breadcrumb":{"@id":"https:\/\/aconteceunovale.com.br\/portal\/?p=178271#breadcrumb"},"inLanguage":"pt-BR","potentialAction":[{"@type":"ReadAction","target":["https:\/\/aconteceunovale.com.br\/portal\/?p=178271"]}]},{"@type":"ImageObject","inLanguage":"pt-BR","@id":"https:\/\/aconteceunovale.com.br\/portal\/?p=178271#primaryimage","url":"https:\/\/aconteceunovale.com.br\/portal\/wp-content\/uploads\/2021\/05\/vacinas_mg.jpeg","contentUrl":"https:\/\/aconteceunovale.com.br\/portal\/wp-content\/uploads\/2021\/05\/vacinas_mg.jpeg","width":678,"height":444},{"@type":"BreadcrumbList","@id":"https:\/\/aconteceunovale.com.br\/portal\/?p=178271#breadcrumb","itemListElement":[{"@type":"ListItem","position":1,"name":"In\u00edcio","item":"https:\/\/aconteceunovale.com.br\/portal\/"},{"@type":"ListItem","position":2,"name":"Minas Gerais recebe mais 100 mil doses da CoronaVac"}]},{"@type":"WebSite","@id":"https:\/\/aconteceunovale.com.br\/portal\/#website","url":"https:\/\/aconteceunovale.com.br\/portal\/","name":"Aconteceu no Vale","description":"Portal de Not\u00edcias","potentialAction":[{"@type":"SearchAction","target":{"@type":"EntryPoint","urlTemplate":"https:\/\/aconteceunovale.com.br\/portal\/?s={search_term_string}"},"query-input":{"@type":"PropertyValueSpecification","valueRequired":true,"valueName":"search_term_string"}}],"inLanguage":"pt-BR"},{"@type":"Person","@id":"https:\/\/aconteceunovale.com.br\/portal\/#\/schema\/person\/7d2f26d1483f8a63de73da1ee0754d35","name":"Reda\u00e7\u00e3o Aconteceu no Vale","description":"Equipe de reportagem do Aconteceu no Vale, portal de not\u00edcias do Vale do Jequitinhonha, em Minas Gerais. Cobrimos as 51 cidades do Vale desde 2013. Sugest\u00f5es de pauta e pedidos de corre\u00e7\u00e3o: contato@aconteceunovale.com.br","url":"https:\/\/aconteceunovale.com.br\/portal\/?author=4"}]}},"_links":{"self":[{"href":"https:\/\/aconteceunovale.com.br\/portal\/index.php?rest_route=\/wp\/v2\/posts\/178271","targetHints":{"allow":["GET"]}}],"collection":[{"href":"https:\/\/aconteceunovale.com.br\/portal\/index.php?rest_route=\/wp\/v2\/posts"}],"about":[{"href":"https:\/\/aconteceunovale.com.br\/portal\/index.php?rest_route=\/wp\/v2\/types\/post"}],"author":[{"embeddable":true,"href":"https:\/\/aconteceunovale.com.br\/portal\/index.php?rest_route=\/wp\/v2\/users\/4"}],"replies":[{"embeddable":true,"href":"https:\/\/aconteceunovale.com.br\/portal\/index.php?rest_route=%2Fwp%2Fv2%2Fcomments&post=178271"}],"version-history":[{"count":1,"href":"https:\/\/aconteceunovale.com.br\/portal\/index.php?rest_route=\/wp\/v2\/posts\/178271\/revisions"}],"predecessor-version":[{"id":178273,"href":"https:\/\/aconteceunovale.com.br\/portal\/index.php?rest_route=\/wp\/v2\/posts\/178271\/revisions\/178273"}],"wp:featuredmedia":[{"embeddable":true,"href":"https:\/\/aconteceunovale.com.br\/portal\/index.php?rest_route=\/wp\/v2\/media\/178272"}],"wp:attachment":[{"href":"https:\/\/aconteceunovale.com.br\/portal\/index.php?rest_route=%2Fwp%2Fv2%2Fmedia&parent=178271"}],"wp:term":[{"taxonomy":"category","embeddable":true,"href":"https:\/\/aconteceunovale.com.br\/portal\/index.php?rest_route=%2Fwp%2Fv2%2Fcategories&post=178271"},{"taxonomy":"post_tag","embeddable":true,"href":"https:\/\/aconteceunovale.com.br\/portal\/index.php?rest_route=%2Fwp%2Fv2%2Ftags&post=178271"}],"curies":[{"name":"wp","href":"https:\/\/api.w.org\/{rel}","templated":true}]}}