{"id":178266,"date":"2021-05-07T23:35:00","date_gmt":"2021-05-08T02:35:00","guid":{"rendered":"https:\/\/aconteceunovale.com.br\/portal\/?p=178266"},"modified":"2021-05-08T11:45:40","modified_gmt":"2021-05-08T14:45:40","slug":"dia-das-maes-sao-paulo-londrina-brasilia-fortaleza-e-belem-sao-destaques","status":"publish","type":"post","link":"https:\/\/aconteceunovale.com.br\/portal\/?p=178266","title":{"rendered":"Dia das M\u00e3es: S\u00e3o Paulo, Londrina, Bras\u00edlia, Fortaleza e Bel\u00e9m s\u00e3o destaques"},"content":{"rendered":"\n<h3 class=\"has-text-align-center wp-block-heading\"><em>Levantamento da Clickbus revela os destinos mais procurados para o Dia das M\u00e3es h\u00e1 4 anos<\/em><\/h3>\n\n\n\n<figure class=\"wp-block-gallery columns-1 is-cropped wp-block-gallery-1 is-layout-flex wp-block-gallery-is-layout-flex\"><ul class=\"blocks-gallery-grid\"><li class=\"blocks-gallery-item\"><figure><img loading=\"lazy\" decoding=\"async\" width=\"675\" height=\"450\" src=\"https:\/\/aconteceunovale.com.br\/portal\/wp-content\/uploads\/2021\/05\/dia_das_maes_viagem.jpg\" alt=\"\" data-id=\"178267\" data-full-url=\"https:\/\/aconteceunovale.com.br\/portal\/wp-content\/uploads\/2021\/05\/dia_das_maes_viagem.jpg\" data-link=\"https:\/\/aconteceunovale.com.br\/portal\/?attachment_id=178267\" class=\"wp-image-178267\" srcset=\"https:\/\/aconteceunovale.com.br\/portal\/wp-content\/uploads\/2021\/05\/dia_das_maes_viagem.jpg 675w, https:\/\/aconteceunovale.com.br\/portal\/wp-content\/uploads\/2021\/05\/dia_das_maes_viagem-300x200.jpg 300w, https:\/\/aconteceunovale.com.br\/portal\/wp-content\/uploads\/2021\/05\/dia_das_maes_viagem-630x420.jpg 630w\" sizes=\"auto, (max-width: 675px) 100vw, 675px\" \/><figcaption class=\"blocks-gallery-item__caption\"><em>Cr\u00e9ditos: Divulga\u00e7\u00e3o<\/em><\/figcaption><\/figure><\/li><\/ul><\/figure>\n\n\n\n<p class=\"wp-block-paragraph\">O Dia das M\u00e3es, comemorado este ano no dia 09 de maio, est\u00e1 chegando e muitos se preparam para rever pessoas queridas em diferentes regi\u00f5es do pa\u00eds. E, assim, mais um feriado tem sua programa\u00e7\u00e3o comprometida frente \u00e0 realidade da Covid-19, que j\u00e1 soma mais de 419 mil \u00f3bitos no pa\u00eds.<\/p>\n\n\n\n<p class=\"wp-block-paragraph\">Neste cen\u00e1rio, a busca por viagens tem sido reduzida por motivos de seguran\u00e7a e inibi\u00e7\u00e3o da transmiss\u00e3o do novo coronav\u00edrus e suas variantes. Mas <a href=\"https:\/\/todepassagem.clickbus.com.br\/noticias\/os-principais-destinos-do-dia-das-maes-em-2021\/\" target=\"_blank\" rel=\"noreferrer noopener\"><strong>um levantamento da Clickbus<\/strong><\/a> revela quais foram os destinos mais buscados para o Dia das M\u00e3es nos \u00faltimos quatro anos, regi\u00e3o por regi\u00e3o. A m\u00e9dia resultou no seguinte resultado, veja:<\/p>\n\n\n\n<p class=\"wp-block-paragraph\"><strong>H2: Destinos mais buscados no Dia das M\u00e3es no Sudeste<\/strong><br>S\u00e3o Paulo (SP)<br>Rio de Janeiro (RJ)<br>Belo Horizonte (MG)<br>Campinas (SP)<br>Ribeir\u00e3o Preto (SP)<\/p>\n\n\n\n<p class=\"wp-block-paragraph\"><strong>H2: Destinos mais buscados no Dia das M\u00e3es no Sul<\/strong><br>Curitiba (PR)<br>Florian\u00f3polis (SC)<br>Londrina (PR)<br>Maring\u00e1 (PR)<br>Porto Alegre (RS)<\/p>\n\n\n\n<p class=\"wp-block-paragraph\"><strong>H2: Destinos mais buscados no Dia das M\u00e3es no Centro Oeste<\/strong><br>Bras\u00edlia (DF)<br>Goi\u00e2nia (GO)<br>Campo Grande (MS)<br>Cuiab\u00e1 (MT)<br>Taguatinga (DF)<\/p>\n\n\n\n<p class=\"wp-block-paragraph\"><strong>H2: Destinos mais buscados no Dia das M\u00e3es no Nordeste<\/strong><br>Fortaleza (CE)<br>Salvador (BA)<br>Recife (PE)<br>Macei\u00f3 (AL)<br>Aracaju (SE)<\/p>\n\n\n\n<p class=\"wp-block-paragraph\"><strong>H2: Destinos mais buscados no Dia das M\u00e3es no Norte<\/strong><br>Bel\u00e9m (PA)<br>Porto Velho (RO)<br>Palmas (TO)<br>Marab\u00e1 (PA)<br>Arraias (TO)<\/p>\n\n\n\n<p class=\"wp-block-paragraph\">Mesmo com um n\u00famero bastante reduzido na procura e programa\u00e7\u00e3o para viagens, a tend\u00eancia \u00e9 que os destinos listados ainda se repitam este ano, e registramos a necessidade de refor\u00e7ar os cuidados em rela\u00e7\u00e3o \u00e0 doen\u00e7a.<\/p>\n\n\n\n<p class=\"wp-block-paragraph\"><strong>Sobre o estudo<\/strong><\/p>\n\n\n\n<p class=\"wp-block-paragraph\">A proje\u00e7\u00e3o de destinos mais procurados para o Dia das M\u00e3es \u00e9 de total responsabilidade da ClickBus e atende aos crit\u00e9rios de intelig\u00eancia da pr\u00f3pria empresa, considerando a inten\u00e7\u00e3o de viagem e busca por passagens registrado em sua plataforma.<\/p>\n","protected":false},"excerpt":{"rendered":"<p>Levantamento da Clickbus revela os destinos mais procurados para o Dia das M\u00e3es h\u00e1 4 anos O Dia das M\u00e3es, comemorado este ano no dia 09 de maio, est\u00e1 chegando e muitos se preparam para rever pessoas queridas em diferentes regi\u00f5es do pa\u00eds. E, assim, mais um feriado tem sua programa\u00e7\u00e3o comprometida frente \u00e0 realidade [&hellip;]<\/p>\n","protected":false},"author":4,"featured_media":178267,"comment_status":"open","ping_status":"closed","sticky":false,"template":"","format":"standard","meta":{"amp_status":"","footnotes":""},"categories":[6],"tags":[44110,4606,238467,244883,92696,244885,14684,25277,2382,244886,244884],"class_list":["post-178266","post","type-post","status-publish","format-standard","has-post-thumbnail","hentry","category-br","tag-belem","tag-brasilia","tag-clickbus","tag-destinos-mais-procurados-para-o-dia-das-maes","tag-dia-das-maes","tag-dia-das-maes-clickbus","tag-fortaleza","tag-londrina","tag-sao-paulo","tag-viagem-clickbus-dia-das-maes","tag-viagem-do-dia-das-maes"],"yoast_head":"<!-- This site is optimized with the Yoast SEO plugin v28.3 - https:\/\/yoast.com\/product\/yoast-seo-wordpress\/ -->\n<title>Dia das M\u00e3es: S\u00e3o Paulo, Londrina, Bras\u00edlia, Fortaleza e Bel\u00e9m s\u00e3o destaques - Aconteceu no Vale<\/title>\n<meta name=\"robots\" content=\"index, follow, max-snippet:-1, max-image-preview:large, max-video-preview:-1\" \/>\n<link rel=\"canonical\" href=\"https:\/\/aconteceunovale.com.br\/portal\/?p=178266\" \/>\n<meta property=\"og:locale\" content=\"pt_BR\" \/>\n<meta property=\"og:type\" content=\"article\" \/>\n<meta property=\"og:title\" content=\"Dia das M\u00e3es: S\u00e3o Paulo, Londrina, Bras\u00edlia, Fortaleza e Bel\u00e9m s\u00e3o destaques - Aconteceu no Vale\" \/>\n<meta property=\"og:description\" content=\"Levantamento da Clickbus revela os destinos mais procurados para o Dia das M\u00e3es h\u00e1 4 anos O Dia das M\u00e3es, comemorado este ano no dia 09 de maio, est\u00e1 chegando e muitos se preparam para rever pessoas queridas em diferentes regi\u00f5es do pa\u00eds. E, assim, mais um feriado tem sua programa\u00e7\u00e3o comprometida frente \u00e0 realidade [&hellip;]\" \/>\n<meta property=\"og:url\" content=\"https:\/\/aconteceunovale.com.br\/portal\/?p=178266\" \/>\n<meta property=\"og:site_name\" content=\"Aconteceu no Vale\" \/>\n<meta property=\"article:publisher\" content=\"https:\/\/www.facebook.com\/aconteceunovale\/\" \/>\n<meta property=\"article:published_time\" content=\"2021-05-08T02:35:00+00:00\" \/>\n<meta property=\"article:modified_time\" content=\"2021-05-08T14:45:40+00:00\" \/>\n<meta property=\"og:image\" content=\"https:\/\/aconteceunovale.com.br\/portal\/wp-content\/uploads\/2021\/05\/dia_das_maes_viagem.jpg\" \/>\n\t<meta property=\"og:image:width\" content=\"675\" \/>\n\t<meta property=\"og:image:height\" content=\"450\" \/>\n\t<meta property=\"og:image:type\" content=\"image\/jpeg\" \/>\n<meta name=\"author\" content=\"Reda\u00e7\u00e3o Aconteceu no Vale\" \/>\n<meta name=\"twitter:card\" content=\"summary_large_image\" \/>\n<meta name=\"twitter:creator\" content=\"@noticiadosvales\" \/>\n<meta name=\"twitter:site\" content=\"@noticiadosvales\" \/>\n<meta name=\"twitter:label1\" content=\"Escrito por\" \/>\n\t<meta name=\"twitter:data1\" content=\"Reda\u00e7\u00e3o Aconteceu no Vale\" \/>\n\t<meta name=\"twitter:label2\" content=\"Est. tempo de leitura\" \/>\n\t<meta name=\"twitter:data2\" content=\"2 minutos\" \/>\n<script type=\"application\/ld+json\" class=\"yoast-schema-graph\">{\"@context\":\"https:\\\/\\\/schema.org\",\"@graph\":[{\"@type\":\"Article\",\"@id\":\"https:\\\/\\\/aconteceunovale.com.br\\\/portal\\\/?p=178266#article\",\"isPartOf\":{\"@id\":\"https:\\\/\\\/aconteceunovale.com.br\\\/portal\\\/?p=178266\"},\"author\":{\"name\":\"Reda\u00e7\u00e3o Aconteceu no Vale\",\"@id\":\"https:\\\/\\\/aconteceunovale.com.br\\\/portal\\\/#\\\/schema\\\/person\\\/7d2f26d1483f8a63de73da1ee0754d35\"},\"headline\":\"Dia das M\u00e3es: S\u00e3o Paulo, Londrina, Bras\u00edlia, Fortaleza e Bel\u00e9m s\u00e3o destaques\",\"datePublished\":\"2021-05-08T02:35:00+00:00\",\"dateModified\":\"2021-05-08T14:45:40+00:00\",\"mainEntityOfPage\":{\"@id\":\"https:\\\/\\\/aconteceunovale.com.br\\\/portal\\\/?p=178266\"},\"wordCount\":360,\"commentCount\":0,\"image\":{\"@id\":\"https:\\\/\\\/aconteceunovale.com.br\\\/portal\\\/?p=178266#primaryimage\"},\"thumbnailUrl\":\"https:\\\/\\\/aconteceunovale.com.br\\\/portal\\\/wp-content\\\/uploads\\\/2021\\\/05\\\/dia_das_maes_viagem.jpg\",\"keywords\":[\"Bel\u00e9m\",\"Bras\u00edlia\",\"ClickBus\",\"Destinos mais procurados para o Dia das M\u00e3es\",\"Dia das M\u00e3es\",\"Dia das M\u00e3es Clickbus\",\"Fortaleza\",\"Londrina\",\"S\u00e3o Paulo\",\"Viagem Clickbus Dia das M\u00e3es\",\"Viagem do Dia das M\u00e3es\"],\"articleSection\":[\"Brasil\"],\"inLanguage\":\"pt-BR\",\"potentialAction\":[{\"@type\":\"CommentAction\",\"name\":\"Comment\",\"target\":[\"https:\\\/\\\/aconteceunovale.com.br\\\/portal\\\/?p=178266#respond\"]}]},{\"@type\":\"WebPage\",\"@id\":\"https:\\\/\\\/aconteceunovale.com.br\\\/portal\\\/?p=178266\",\"url\":\"https:\\\/\\\/aconteceunovale.com.br\\\/portal\\\/?p=178266\",\"name\":\"Dia das M\u00e3es: S\u00e3o Paulo, Londrina, Bras\u00edlia, Fortaleza e Bel\u00e9m s\u00e3o destaques - Aconteceu no Vale\",\"isPartOf\":{\"@id\":\"https:\\\/\\\/aconteceunovale.com.br\\\/portal\\\/#website\"},\"primaryImageOfPage\":{\"@id\":\"https:\\\/\\\/aconteceunovale.com.br\\\/portal\\\/?p=178266#primaryimage\"},\"image\":{\"@id\":\"https:\\\/\\\/aconteceunovale.com.br\\\/portal\\\/?p=178266#primaryimage\"},\"thumbnailUrl\":\"https:\\\/\\\/aconteceunovale.com.br\\\/portal\\\/wp-content\\\/uploads\\\/2021\\\/05\\\/dia_das_maes_viagem.jpg\",\"datePublished\":\"2021-05-08T02:35:00+00:00\",\"dateModified\":\"2021-05-08T14:45:40+00:00\",\"author\":{\"@id\":\"https:\\\/\\\/aconteceunovale.com.br\\\/portal\\\/#\\\/schema\\\/person\\\/7d2f26d1483f8a63de73da1ee0754d35\"},\"breadcrumb\":{\"@id\":\"https:\\\/\\\/aconteceunovale.com.br\\\/portal\\\/?p=178266#breadcrumb\"},\"inLanguage\":\"pt-BR\",\"potentialAction\":[{\"@type\":\"ReadAction\",\"target\":[\"https:\\\/\\\/aconteceunovale.com.br\\\/portal\\\/?p=178266\"]}]},{\"@type\":\"ImageObject\",\"inLanguage\":\"pt-BR\",\"@id\":\"https:\\\/\\\/aconteceunovale.com.br\\\/portal\\\/?p=178266#primaryimage\",\"url\":\"https:\\\/\\\/aconteceunovale.com.br\\\/portal\\\/wp-content\\\/uploads\\\/2021\\\/05\\\/dia_das_maes_viagem.jpg\",\"contentUrl\":\"https:\\\/\\\/aconteceunovale.com.br\\\/portal\\\/wp-content\\\/uploads\\\/2021\\\/05\\\/dia_das_maes_viagem.jpg\",\"width\":675,\"height\":450},{\"@type\":\"BreadcrumbList\",\"@id\":\"https:\\\/\\\/aconteceunovale.com.br\\\/portal\\\/?p=178266#breadcrumb\",\"itemListElement\":[{\"@type\":\"ListItem\",\"position\":1,\"name\":\"In\u00edcio\",\"item\":\"https:\\\/\\\/aconteceunovale.com.br\\\/portal\\\/\"},{\"@type\":\"ListItem\",\"position\":2,\"name\":\"Dia das M\u00e3es: S\u00e3o Paulo, Londrina, Bras\u00edlia, Fortaleza e Bel\u00e9m s\u00e3o destaques\"}]},{\"@type\":\"WebSite\",\"@id\":\"https:\\\/\\\/aconteceunovale.com.br\\\/portal\\\/#website\",\"url\":\"https:\\\/\\\/aconteceunovale.com.br\\\/portal\\\/\",\"name\":\"Aconteceu no Vale\",\"description\":\"Portal de Not\u00edcias\",\"potentialAction\":[{\"@type\":\"SearchAction\",\"target\":{\"@type\":\"EntryPoint\",\"urlTemplate\":\"https:\\\/\\\/aconteceunovale.com.br\\\/portal\\\/?s={search_term_string}\"},\"query-input\":{\"@type\":\"PropertyValueSpecification\",\"valueRequired\":true,\"valueName\":\"search_term_string\"}}],\"inLanguage\":\"pt-BR\"},{\"@type\":\"Person\",\"@id\":\"https:\\\/\\\/aconteceunovale.com.br\\\/portal\\\/#\\\/schema\\\/person\\\/7d2f26d1483f8a63de73da1ee0754d35\",\"name\":\"Reda\u00e7\u00e3o Aconteceu no Vale\",\"description\":\"Equipe de reportagem do Aconteceu no Vale, portal de not\u00edcias do Vale do Jequitinhonha, em Minas Gerais. Cobrimos as 51 cidades do Vale desde 2013. Sugest\u00f5es de pauta e pedidos de corre\u00e7\u00e3o: contato@aconteceunovale.com.br\",\"url\":\"https:\\\/\\\/aconteceunovale.com.br\\\/portal\\\/?author=4\"}]}<\/script>\n<!-- \/ Yoast SEO plugin. -->","yoast_head_json":{"title":"Dia das M\u00e3es: S\u00e3o Paulo, Londrina, Bras\u00edlia, Fortaleza e Bel\u00e9m s\u00e3o destaques - Aconteceu no Vale","robots":{"index":"index","follow":"follow","max-snippet":"max-snippet:-1","max-image-preview":"max-image-preview:large","max-video-preview":"max-video-preview:-1"},"canonical":"https:\/\/aconteceunovale.com.br\/portal\/?p=178266","og_locale":"pt_BR","og_type":"article","og_title":"Dia das M\u00e3es: S\u00e3o Paulo, Londrina, Bras\u00edlia, Fortaleza e Bel\u00e9m s\u00e3o destaques - Aconteceu no Vale","og_description":"Levantamento da Clickbus revela os destinos mais procurados para o Dia das M\u00e3es h\u00e1 4 anos O Dia das M\u00e3es, comemorado este ano no dia 09 de maio, est\u00e1 chegando e muitos se preparam para rever pessoas queridas em diferentes regi\u00f5es do pa\u00eds. E, assim, mais um feriado tem sua programa\u00e7\u00e3o comprometida frente \u00e0 realidade [&hellip;]","og_url":"https:\/\/aconteceunovale.com.br\/portal\/?p=178266","og_site_name":"Aconteceu no Vale","article_publisher":"https:\/\/www.facebook.com\/aconteceunovale\/","article_published_time":"2021-05-08T02:35:00+00:00","article_modified_time":"2021-05-08T14:45:40+00:00","og_image":[{"width":675,"height":450,"url":"https:\/\/aconteceunovale.com.br\/portal\/wp-content\/uploads\/2021\/05\/dia_das_maes_viagem.jpg","type":"image\/jpeg"}],"author":"Reda\u00e7\u00e3o Aconteceu no Vale","twitter_card":"summary_large_image","twitter_creator":"@noticiadosvales","twitter_site":"@noticiadosvales","twitter_misc":{"Escrito por":"Reda\u00e7\u00e3o Aconteceu no Vale","Est. tempo de leitura":"2 minutos"},"schema":{"@context":"https:\/\/schema.org","@graph":[{"@type":"Article","@id":"https:\/\/aconteceunovale.com.br\/portal\/?p=178266#article","isPartOf":{"@id":"https:\/\/aconteceunovale.com.br\/portal\/?p=178266"},"author":{"name":"Reda\u00e7\u00e3o Aconteceu no Vale","@id":"https:\/\/aconteceunovale.com.br\/portal\/#\/schema\/person\/7d2f26d1483f8a63de73da1ee0754d35"},"headline":"Dia das M\u00e3es: S\u00e3o Paulo, Londrina, Bras\u00edlia, Fortaleza e Bel\u00e9m s\u00e3o destaques","datePublished":"2021-05-08T02:35:00+00:00","dateModified":"2021-05-08T14:45:40+00:00","mainEntityOfPage":{"@id":"https:\/\/aconteceunovale.com.br\/portal\/?p=178266"},"wordCount":360,"commentCount":0,"image":{"@id":"https:\/\/aconteceunovale.com.br\/portal\/?p=178266#primaryimage"},"thumbnailUrl":"https:\/\/aconteceunovale.com.br\/portal\/wp-content\/uploads\/2021\/05\/dia_das_maes_viagem.jpg","keywords":["Bel\u00e9m","Bras\u00edlia","ClickBus","Destinos mais procurados para o Dia das M\u00e3es","Dia das M\u00e3es","Dia das M\u00e3es Clickbus","Fortaleza","Londrina","S\u00e3o Paulo","Viagem Clickbus Dia das M\u00e3es","Viagem do Dia das M\u00e3es"],"articleSection":["Brasil"],"inLanguage":"pt-BR","potentialAction":[{"@type":"CommentAction","name":"Comment","target":["https:\/\/aconteceunovale.com.br\/portal\/?p=178266#respond"]}]},{"@type":"WebPage","@id":"https:\/\/aconteceunovale.com.br\/portal\/?p=178266","url":"https:\/\/aconteceunovale.com.br\/portal\/?p=178266","name":"Dia das M\u00e3es: S\u00e3o Paulo, Londrina, Bras\u00edlia, Fortaleza e Bel\u00e9m s\u00e3o destaques - Aconteceu no Vale","isPartOf":{"@id":"https:\/\/aconteceunovale.com.br\/portal\/#website"},"primaryImageOfPage":{"@id":"https:\/\/aconteceunovale.com.br\/portal\/?p=178266#primaryimage"},"image":{"@id":"https:\/\/aconteceunovale.com.br\/portal\/?p=178266#primaryimage"},"thumbnailUrl":"https:\/\/aconteceunovale.com.br\/portal\/wp-content\/uploads\/2021\/05\/dia_das_maes_viagem.jpg","datePublished":"2021-05-08T02:35:00+00:00","dateModified":"2021-05-08T14:45:40+00:00","author":{"@id":"https:\/\/aconteceunovale.com.br\/portal\/#\/schema\/person\/7d2f26d1483f8a63de73da1ee0754d35"},"breadcrumb":{"@id":"https:\/\/aconteceunovale.com.br\/portal\/?p=178266#breadcrumb"},"inLanguage":"pt-BR","potentialAction":[{"@type":"ReadAction","target":["https:\/\/aconteceunovale.com.br\/portal\/?p=178266"]}]},{"@type":"ImageObject","inLanguage":"pt-BR","@id":"https:\/\/aconteceunovale.com.br\/portal\/?p=178266#primaryimage","url":"https:\/\/aconteceunovale.com.br\/portal\/wp-content\/uploads\/2021\/05\/dia_das_maes_viagem.jpg","contentUrl":"https:\/\/aconteceunovale.com.br\/portal\/wp-content\/uploads\/2021\/05\/dia_das_maes_viagem.jpg","width":675,"height":450},{"@type":"BreadcrumbList","@id":"https:\/\/aconteceunovale.com.br\/portal\/?p=178266#breadcrumb","itemListElement":[{"@type":"ListItem","position":1,"name":"In\u00edcio","item":"https:\/\/aconteceunovale.com.br\/portal\/"},{"@type":"ListItem","position":2,"name":"Dia das M\u00e3es: S\u00e3o Paulo, Londrina, Bras\u00edlia, Fortaleza e Bel\u00e9m s\u00e3o destaques"}]},{"@type":"WebSite","@id":"https:\/\/aconteceunovale.com.br\/portal\/#website","url":"https:\/\/aconteceunovale.com.br\/portal\/","name":"Aconteceu no Vale","description":"Portal de Not\u00edcias","potentialAction":[{"@type":"SearchAction","target":{"@type":"EntryPoint","urlTemplate":"https:\/\/aconteceunovale.com.br\/portal\/?s={search_term_string}"},"query-input":{"@type":"PropertyValueSpecification","valueRequired":true,"valueName":"search_term_string"}}],"inLanguage":"pt-BR"},{"@type":"Person","@id":"https:\/\/aconteceunovale.com.br\/portal\/#\/schema\/person\/7d2f26d1483f8a63de73da1ee0754d35","name":"Reda\u00e7\u00e3o Aconteceu no Vale","description":"Equipe de reportagem do Aconteceu no Vale, portal de not\u00edcias do Vale do Jequitinhonha, em Minas Gerais. Cobrimos as 51 cidades do Vale desde 2013. Sugest\u00f5es de pauta e pedidos de corre\u00e7\u00e3o: contato@aconteceunovale.com.br","url":"https:\/\/aconteceunovale.com.br\/portal\/?author=4"}]}},"_links":{"self":[{"href":"https:\/\/aconteceunovale.com.br\/portal\/index.php?rest_route=\/wp\/v2\/posts\/178266","targetHints":{"allow":["GET"]}}],"collection":[{"href":"https:\/\/aconteceunovale.com.br\/portal\/index.php?rest_route=\/wp\/v2\/posts"}],"about":[{"href":"https:\/\/aconteceunovale.com.br\/portal\/index.php?rest_route=\/wp\/v2\/types\/post"}],"author":[{"embeddable":true,"href":"https:\/\/aconteceunovale.com.br\/portal\/index.php?rest_route=\/wp\/v2\/users\/4"}],"replies":[{"embeddable":true,"href":"https:\/\/aconteceunovale.com.br\/portal\/index.php?rest_route=%2Fwp%2Fv2%2Fcomments&post=178266"}],"version-history":[{"count":2,"href":"https:\/\/aconteceunovale.com.br\/portal\/index.php?rest_route=\/wp\/v2\/posts\/178266\/revisions"}],"predecessor-version":[{"id":178270,"href":"https:\/\/aconteceunovale.com.br\/portal\/index.php?rest_route=\/wp\/v2\/posts\/178266\/revisions\/178270"}],"wp:featuredmedia":[{"embeddable":true,"href":"https:\/\/aconteceunovale.com.br\/portal\/index.php?rest_route=\/wp\/v2\/media\/178267"}],"wp:attachment":[{"href":"https:\/\/aconteceunovale.com.br\/portal\/index.php?rest_route=%2Fwp%2Fv2%2Fmedia&parent=178266"}],"wp:term":[{"taxonomy":"category","embeddable":true,"href":"https:\/\/aconteceunovale.com.br\/portal\/index.php?rest_route=%2Fwp%2Fv2%2Fcategories&post=178266"},{"taxonomy":"post_tag","embeddable":true,"href":"https:\/\/aconteceunovale.com.br\/portal\/index.php?rest_route=%2Fwp%2Fv2%2Ftags&post=178266"}],"curies":[{"name":"wp","href":"https:\/\/api.w.org\/{rel}","templated":true}]}}